{"id":40159,"date":"2019-10-03T03:39:53","date_gmt":"2019-10-03T03:39:53","guid":{"rendered":"http:\/\/quehacerpolitico.mx\/eu-impone-aranceles-por-7-5-mil-mdd-a-productos-europeos\/"},"modified":"2019-10-03T03:39:53","modified_gmt":"2019-10-03T03:39:53","slug":"eu-impone-aranceles-por-7-5-mil-mdd-a-productos-europeos","status":"publish","type":"post","link":"https:\/\/quehacerpolitico.mx\/?p=40159","title":{"rendered":"EU impone aranceles por 7.5 mil MDD a productos europeos"},"content":{"rendered":"<h1 class=\"news-title\">EU impone aranceles por 7.5 mil MDD a productos europeos<br \/>Por Redacci\u00f3n QP<\/h1>\n<p>La OEM autoriza a Washington para que imponga los grav\u00e1menes en represalia por subsidios europeos a la constructora aeron\u00e1utica AirBus<\/p>\n<p>La Organizaci\u00f3n Mundial del Comercio (OMC) autoriz\u00f3 este d\u00eda al gobierno de Estados Unidos imponer aranceles a productos de la Uni\u00f3n Europea (UE) por siete mil 500 millones de d\u00f3lares durante un a\u00f1o, en represalia por subsidios europeos a la constructora aeron\u00e1utica AirBus.<\/p>\n<p>En su p\u00e1gina web, la OMC dio a conocer este mi\u00e9rcoles las conclusiones de su arbitraje sobre la petici\u00f3n de Estados Unidos <strong>ante los da\u00f1os y perjuicios que sufri\u00f3 el fabricante aeroespacial estadunidense Boeing desde hace 15 a\u00f1os frente a la europea AirBus.<\/strong><\/p>\n<p>Las subvenciones que AirBus recibe por parte de los pa\u00edses miembros de la Union Europea\u00a0(UE) ya hab\u00edan sido calificadas como ilegales por parte de la Organizaci\u00f3n Mundial del Comercio.<\/p>\n<p>Por su parte, la Comisi\u00f3n Europea -\u00f3rgano ejecutivo de la UE- <strong>calific\u00f3 la medida como &#8220;miope y contraproducente&#8221; y advirti\u00f3 que responder\u00e1 si Estados Unidos impone los aranceles.<\/strong><\/p>\n<p>En un comunicado, la comisaria de Comercio, Cecilia Malmstr\u00f6m, se\u00f1al\u00f3 que si Washington decide imponer los aranceles, estar\u00e1 empujando a la UE a hacer lo mismo.<\/p>\n<p>Malmstr\u00f6m reiter\u00f3 la voluntad del bloque europeo de encontrar una soluci\u00f3n, de acuerdo con la radioemisora alemana Deutsche Welle.<\/p>\n<p>La UE ha demandado a la OMC la aprobaci\u00f3n para aplicar aranceles por 10 millones de d\u00f3lares a mercanc\u00edas estadunidenses. En abril pasado, present\u00f3 un listado de productos a los que podr\u00eda aplicar las tarifas: entre ellos, <strong>catsup, pescados congelados, frutas, videoconsolas, aviones y helic\u00f3pteros.<\/strong><\/p>\n<p>El organismo multilateral prev\u00e9 que tendr\u00e1 una respuesta al respecto en 2020.<\/p>\n<p>Con informaci\u00f3n de NTX\u00a0<\/p>\n","protected":false},"excerpt":{"rendered":"<p>EU impone aranceles por 7.5 mil MDD a productos europeos<br \/>\nPor Redacci\u00f3n QP<\/p>\n","protected":false},"author":2,"featured_media":40158,"comment_status":"open","ping_status":"open","sticky":false,"template":"","format":"standard","meta":{"_monsterinsights_skip_tracking":false,"_monsterinsights_sitenote_active":false,"_monsterinsights_sitenote_note":"","_monsterinsights_sitenote_category":0,"footnotes":""},"categories":[56],"tags":[],"class_list":["post-40159","post","type-post","status-publish","format-standard","has-post-thumbnail","hentry","category-economia"],"yoast_head":"<!-- This site is optimized with the Yoast SEO plugin v27.3 - https:\/\/yoast.com\/product\/yoast-seo-wordpress\/ -->\n<title>EU impone aranceles por 7.5 mil MDD a productos europeos -<\/title>\n<meta name=\"robots\" content=\"index, follow, max-snippet:-1, max-image-preview:large, max-video-preview:-1\" \/>\n<link rel=\"canonical\" href=\"https:\/\/quehacerpolitico.mx\/?p=40159\" \/>\n<meta property=\"og:locale\" content=\"es_MX\" \/>\n<meta property=\"og:type\" content=\"article\" \/>\n<meta property=\"og:title\" content=\"EU impone aranceles por 7.5 mil MDD a productos europeos -\" \/>\n<meta property=\"og:description\" content=\"EU impone aranceles por 7.5 mil MDD a productos europeos Por Redacci\u00f3n QP\" \/>\n<meta property=\"og:url\" content=\"https:\/\/quehacerpolitico.mx\/?p=40159\" \/>\n<meta property=\"article:published_time\" content=\"2019-10-03T03:39:53+00:00\" \/>\n<meta name=\"author\" content=\"Redacci\u00f3n QP\" \/>\n<meta name=\"twitter:card\" content=\"summary_large_image\" \/>\n<meta name=\"twitter:label1\" content=\"Escrito por\" \/>\n\t<meta name=\"twitter:data1\" content=\"Redacci\u00f3n QP\" \/>\n\t<meta name=\"twitter:label2\" content=\"Tiempo de lectura\" \/>\n\t<meta name=\"twitter:data2\" content=\"2 minutos\" \/>\n<script type=\"application\/ld+json\" class=\"yoast-schema-graph\">{\"@context\":\"https:\\\/\\\/schema.org\",\"@graph\":[{\"@type\":\"Article\",\"@id\":\"https:\\\/\\\/quehacerpolitico.mx\\\/?p=40159#article\",\"isPartOf\":{\"@id\":\"https:\\\/\\\/quehacerpolitico.mx\\\/?p=40159\"},\"author\":{\"name\":\"Redacci\u00f3n QP\",\"@id\":\"https:\\\/\\\/quehacerpolitico.mx\\\/#\\\/schema\\\/person\\\/496d8ad2d1d3f8036101dca7ee39e585\"},\"headline\":\"EU impone aranceles por 7.5 mil MDD a productos europeos\",\"datePublished\":\"2019-10-03T03:39:53+00:00\",\"mainEntityOfPage\":{\"@id\":\"https:\\\/\\\/quehacerpolitico.mx\\\/?p=40159\"},\"wordCount\":315,\"commentCount\":0,\"image\":{\"@id\":\"https:\\\/\\\/quehacerpolitico.mx\\\/?p=40159#primaryimage\"},\"thumbnailUrl\":\"\",\"articleSection\":[\"Econom\u00eda\"],\"inLanguage\":\"es\",\"potentialAction\":[{\"@type\":\"CommentAction\",\"name\":\"Comment\",\"target\":[\"https:\\\/\\\/quehacerpolitico.mx\\\/?p=40159#respond\"]}]},{\"@type\":\"WebPage\",\"@id\":\"https:\\\/\\\/quehacerpolitico.mx\\\/?p=40159\",\"url\":\"https:\\\/\\\/quehacerpolitico.mx\\\/?p=40159\",\"name\":\"EU impone aranceles por 7.5 mil MDD a productos europeos -\",\"isPartOf\":{\"@id\":\"https:\\\/\\\/quehacerpolitico.mx\\\/#website\"},\"primaryImageOfPage\":{\"@id\":\"https:\\\/\\\/quehacerpolitico.mx\\\/?p=40159#primaryimage\"},\"image\":{\"@id\":\"https:\\\/\\\/quehacerpolitico.mx\\\/?p=40159#primaryimage\"},\"thumbnailUrl\":\"\",\"datePublished\":\"2019-10-03T03:39:53+00:00\",\"author\":{\"@id\":\"https:\\\/\\\/quehacerpolitico.mx\\\/#\\\/schema\\\/person\\\/496d8ad2d1d3f8036101dca7ee39e585\"},\"breadcrumb\":{\"@id\":\"https:\\\/\\\/quehacerpolitico.mx\\\/?p=40159#breadcrumb\"},\"inLanguage\":\"es\",\"potentialAction\":[{\"@type\":\"ReadAction\",\"target\":[\"https:\\\/\\\/quehacerpolitico.mx\\\/?p=40159\"]}]},{\"@type\":\"ImageObject\",\"inLanguage\":\"es\",\"@id\":\"https:\\\/\\\/quehacerpolitico.mx\\\/?p=40159#primaryimage\",\"url\":\"\",\"contentUrl\":\"\"},{\"@type\":\"BreadcrumbList\",\"@id\":\"https:\\\/\\\/quehacerpolitico.mx\\\/?p=40159#breadcrumb\",\"itemListElement\":[{\"@type\":\"ListItem\",\"position\":1,\"name\":\"Inicio\",\"item\":\"https:\\\/\\\/quehacerpolitico.mx\\\/\"},{\"@type\":\"ListItem\",\"position\":2,\"name\":\"EU impone aranceles por 7.5 mil MDD a productos europeos\"}]},{\"@type\":\"WebSite\",\"@id\":\"https:\\\/\\\/quehacerpolitico.mx\\\/#website\",\"url\":\"https:\\\/\\\/quehacerpolitico.mx\\\/\",\"name\":\"\",\"description\":\"\",\"potentialAction\":[{\"@type\":\"SearchAction\",\"target\":{\"@type\":\"EntryPoint\",\"urlTemplate\":\"https:\\\/\\\/quehacerpolitico.mx\\\/?s={search_term_string}\"},\"query-input\":{\"@type\":\"PropertyValueSpecification\",\"valueRequired\":true,\"valueName\":\"search_term_string\"}}],\"inLanguage\":\"es\"},{\"@type\":\"Person\",\"@id\":\"https:\\\/\\\/quehacerpolitico.mx\\\/#\\\/schema\\\/person\\\/496d8ad2d1d3f8036101dca7ee39e585\",\"name\":\"Redacci\u00f3n QP\",\"image\":{\"@type\":\"ImageObject\",\"inLanguage\":\"es\",\"@id\":\"https:\\\/\\\/secure.gravatar.com\\\/avatar\\\/c7164ed6fdec453195284ad24a5ae5b6e1eed2b848477fa2a4787ba9adf39a41?s=96&d=mm&r=g\",\"url\":\"https:\\\/\\\/secure.gravatar.com\\\/avatar\\\/c7164ed6fdec453195284ad24a5ae5b6e1eed2b848477fa2a4787ba9adf39a41?s=96&d=mm&r=g\",\"contentUrl\":\"https:\\\/\\\/secure.gravatar.com\\\/avatar\\\/c7164ed6fdec453195284ad24a5ae5b6e1eed2b848477fa2a4787ba9adf39a41?s=96&d=mm&r=g\",\"caption\":\"Redacci\u00f3n QP\"},\"url\":\"https:\\\/\\\/quehacerpolitico.mx\\\/?author=2\"}]}<\/script>\n<!-- \/ Yoast SEO plugin. -->","yoast_head_json":{"title":"EU impone aranceles por 7.5 mil MDD a productos europeos -","robots":{"index":"index","follow":"follow","max-snippet":"max-snippet:-1","max-image-preview":"max-image-preview:large","max-video-preview":"max-video-preview:-1"},"canonical":"https:\/\/quehacerpolitico.mx\/?p=40159","og_locale":"es_MX","og_type":"article","og_title":"EU impone aranceles por 7.5 mil MDD a productos europeos -","og_description":"EU impone aranceles por 7.5 mil MDD a productos europeos Por Redacci\u00f3n QP","og_url":"https:\/\/quehacerpolitico.mx\/?p=40159","article_published_time":"2019-10-03T03:39:53+00:00","author":"Redacci\u00f3n QP","twitter_card":"summary_large_image","twitter_misc":{"Escrito por":"Redacci\u00f3n QP","Tiempo de lectura":"2 minutos"},"schema":{"@context":"https:\/\/schema.org","@graph":[{"@type":"Article","@id":"https:\/\/quehacerpolitico.mx\/?p=40159#article","isPartOf":{"@id":"https:\/\/quehacerpolitico.mx\/?p=40159"},"author":{"name":"Redacci\u00f3n QP","@id":"https:\/\/quehacerpolitico.mx\/#\/schema\/person\/496d8ad2d1d3f8036101dca7ee39e585"},"headline":"EU impone aranceles por 7.5 mil MDD a productos europeos","datePublished":"2019-10-03T03:39:53+00:00","mainEntityOfPage":{"@id":"https:\/\/quehacerpolitico.mx\/?p=40159"},"wordCount":315,"commentCount":0,"image":{"@id":"https:\/\/quehacerpolitico.mx\/?p=40159#primaryimage"},"thumbnailUrl":"","articleSection":["Econom\u00eda"],"inLanguage":"es","potentialAction":[{"@type":"CommentAction","name":"Comment","target":["https:\/\/quehacerpolitico.mx\/?p=40159#respond"]}]},{"@type":"WebPage","@id":"https:\/\/quehacerpolitico.mx\/?p=40159","url":"https:\/\/quehacerpolitico.mx\/?p=40159","name":"EU impone aranceles por 7.5 mil MDD a productos europeos -","isPartOf":{"@id":"https:\/\/quehacerpolitico.mx\/#website"},"primaryImageOfPage":{"@id":"https:\/\/quehacerpolitico.mx\/?p=40159#primaryimage"},"image":{"@id":"https:\/\/quehacerpolitico.mx\/?p=40159#primaryimage"},"thumbnailUrl":"","datePublished":"2019-10-03T03:39:53+00:00","author":{"@id":"https:\/\/quehacerpolitico.mx\/#\/schema\/person\/496d8ad2d1d3f8036101dca7ee39e585"},"breadcrumb":{"@id":"https:\/\/quehacerpolitico.mx\/?p=40159#breadcrumb"},"inLanguage":"es","potentialAction":[{"@type":"ReadAction","target":["https:\/\/quehacerpolitico.mx\/?p=40159"]}]},{"@type":"ImageObject","inLanguage":"es","@id":"https:\/\/quehacerpolitico.mx\/?p=40159#primaryimage","url":"","contentUrl":""},{"@type":"BreadcrumbList","@id":"https:\/\/quehacerpolitico.mx\/?p=40159#breadcrumb","itemListElement":[{"@type":"ListItem","position":1,"name":"Inicio","item":"https:\/\/quehacerpolitico.mx\/"},{"@type":"ListItem","position":2,"name":"EU impone aranceles por 7.5 mil MDD a productos europeos"}]},{"@type":"WebSite","@id":"https:\/\/quehacerpolitico.mx\/#website","url":"https:\/\/quehacerpolitico.mx\/","name":"","description":"","potentialAction":[{"@type":"SearchAction","target":{"@type":"EntryPoint","urlTemplate":"https:\/\/quehacerpolitico.mx\/?s={search_term_string}"},"query-input":{"@type":"PropertyValueSpecification","valueRequired":true,"valueName":"search_term_string"}}],"inLanguage":"es"},{"@type":"Person","@id":"https:\/\/quehacerpolitico.mx\/#\/schema\/person\/496d8ad2d1d3f8036101dca7ee39e585","name":"Redacci\u00f3n QP","image":{"@type":"ImageObject","inLanguage":"es","@id":"https:\/\/secure.gravatar.com\/avatar\/c7164ed6fdec453195284ad24a5ae5b6e1eed2b848477fa2a4787ba9adf39a41?s=96&d=mm&r=g","url":"https:\/\/secure.gravatar.com\/avatar\/c7164ed6fdec453195284ad24a5ae5b6e1eed2b848477fa2a4787ba9adf39a41?s=96&d=mm&r=g","contentUrl":"https:\/\/secure.gravatar.com\/avatar\/c7164ed6fdec453195284ad24a5ae5b6e1eed2b848477fa2a4787ba9adf39a41?s=96&d=mm&r=g","caption":"Redacci\u00f3n QP"},"url":"https:\/\/quehacerpolitico.mx\/?author=2"}]}},"featured_image_urls":{"full":"","thumbnail":"","medium":"","medium_large":"","large":"","1536x1536":"","2048x2048":"","covernews-featured":"","covernews-medium":""},"author_info":{"display_name":"Redacci\u00f3n QP","author_link":"https:\/\/quehacerpolitico.mx\/?author=2"},"category_info":"<a href=\"https:\/\/quehacerpolitico.mx\/?cat=56\" rel=\"category\">Econom\u00eda<\/a>","tag_info":"Econom\u00eda","comment_count":"0","_links":{"self":[{"href":"https:\/\/quehacerpolitico.mx\/index.php?rest_route=\/wp\/v2\/posts\/40159","targetHints":{"allow":["GET"]}}],"collection":[{"href":"https:\/\/quehacerpolitico.mx\/index.php?rest_route=\/wp\/v2\/posts"}],"about":[{"href":"https:\/\/quehacerpolitico.mx\/index.php?rest_route=\/wp\/v2\/types\/post"}],"author":[{"embeddable":true,"href":"https:\/\/quehacerpolitico.mx\/index.php?rest_route=\/wp\/v2\/users\/2"}],"replies":[{"embeddable":true,"href":"https:\/\/quehacerpolitico.mx\/index.php?rest_route=%2Fwp%2Fv2%2Fcomments&post=40159"}],"version-history":[{"count":0,"href":"https:\/\/quehacerpolitico.mx\/index.php?rest_route=\/wp\/v2\/posts\/40159\/revisions"}],"wp:featuredmedia":[{"embeddable":true,"href":"https:\/\/quehacerpolitico.mx\/index.php?rest_route=\/"}],"wp:attachment":[{"href":"https:\/\/quehacerpolitico.mx\/index.php?rest_route=%2Fwp%2Fv2%2Fmedia&parent=40159"}],"wp:term":[{"taxonomy":"category","embeddable":true,"href":"https:\/\/quehacerpolitico.mx\/index.php?rest_route=%2Fwp%2Fv2%2Fcategories&post=40159"},{"taxonomy":"post_tag","embeddable":true,"href":"https:\/\/quehacerpolitico.mx\/index.php?rest_route=%2Fwp%2Fv2%2Ftags&post=40159"}],"curies":[{"name":"wp","href":"https:\/\/api.w.org\/{rel}","templated":true}]}}