{"id":4010,"date":"2018-09-06T22:22:56","date_gmt":"2018-09-06T22:22:56","guid":{"rendered":"http:\/\/quehacerpolitico.mx\/amlo-expresa-su-apoyo-a-estudiantes-de-la-unam-no-permitire-actos-vandalicos-contra-universitarios\/"},"modified":"2018-09-06T22:22:56","modified_gmt":"2018-09-06T22:22:56","slug":"amlo-expresa-su-apoyo-a-estudiantes-de-la-unam-no-permitire-actos-vandalicos-contra-universitarios","status":"publish","type":"post","link":"https:\/\/quehacerpolitico.mx\/?p=4010","title":{"rendered":"AMLO expresa su apoyo a estudiantes de la UNAM: \u201cno permitir\u00e9 actos vand\u00e1licos contra universitarios\u201d"},"content":{"rendered":"<h3>La Junta de Coordinaci\u00f3n Pol\u00edtica (Jucopo) de la C\u00e1mara de Diputados aprob\u00f3, con el apoyo de los ocho grupos parlamentarios, un acuerdo con el que exhorta a la Procuradur\u00eda de Justicia Capitalina a agilizar las investigaciones que conduzcan a la sanci\u00f3n de los autores materiales e intelectuales de las agresiones contra estudiantes del CCH Azcapotzalco.<\/h3>\n<p><strong>El Presidente electo de M\u00e9xico<\/strong>, <strong>Andr\u00e9s Manuel L\u00f3pez Obrador<\/strong>, expres\u00f3 su apoyo a los j\u00f3venes estudiantes de la Universidad Nacional Aut\u00f3noma de M\u00e9xico (<strong>UNAM<\/strong>) que resultaros heridos luego de los actos violentos perpetrados por porros el pasado 3 de septiembre.<\/p>\n<p>En un mensaje desde su casa de transici\u00f3n, L\u00f3pez Obrador asegur\u00f3 que actualmente todav\u00eda hay infiltrados en las universidades. Reconoci\u00f3 que los estudiantes luchen por sus derechos, por la organizaci\u00f3n que han tenido y aplaudi\u00f3 que no hayan ca\u00eddo en provocaciones.<\/p>\n<p>\u201cMe solidarizo con los j\u00f3venes, estoy con ellos que se est\u00e1n manifestando de manera pac\u00edfica, que defienden sus derechos con muchas responsabilidad. No han ca\u00eddo en ninguna provocaci\u00f3n a pesar de que hay quienes tienen la mala costumbre de entrometerse en asuntos que no les corresponden\u201d, dijo el tabasque\u00f1o.<\/p>\n<p>\u201cTodo esto se va a terminar, grupos de intereses creados se meten, el nuevo Gobierno no permitir\u00e1 actos vand\u00e1licos contra estudiantes\u201d<\/p>\n<p>L\u00f3pez Obrador expres\u00f3 su confianza en las autoridades capitalinas e indic\u00f3 que es probable que el d\u00eda de ma\u00f1ana tenga una reuni\u00f3n con el Rector.<\/p>\n<p>Este d\u00eda, el Pleno de la <strong>C\u00e1mara de Diputados<\/strong>conden\u00f3 los actos de violencia contra estudiantes de la Universidad Nacional Aut\u00f3noma de M\u00e9xico (UNAM) el pasado 3 de septiembre en Ciudad Universitaria y exigi\u00f3 a las autoridades de la Ciudad de M\u00e9xico <strong>sancionar a los responsables<\/strong> y <strong>desarticular todos los grupos porriles<\/strong> que operan dentro de la m\u00e1xima casa de estudios del pa\u00eds.<\/p>\n<p>La Junta de Coordinaci\u00f3n Pol\u00edtica (Jucopo) de la C\u00e1mara de Diputados aprob\u00f3, con el apoyo de los ocho grupos parlamentarios, un acuerdo con el que exhorta a la Procuradur\u00eda de Justicia Capitalina a agilizar las investigaciones que conduzcan a la sanci\u00f3n de los autores materiales e intelectuales de las agresiones contra estudiantes del CCH Azcapotzalco.<\/p>\n<p>\u201cSe exhorta a la Procuradur\u00eda General de Justicia de la Ciudad de M\u00e9xico a que agilice las investigaciones que conduzcan a la sanci\u00f3n de los responsables materiales e intelectuales de estos hechos de violencia, otorgando todas las facilidades a las autoridades universitarias y, en su caso las v\u00edctimas, colaboren con la indagatoria\u201d, indic\u00f3 Mariana Dunyaska Garc\u00eda, Diputada panista Rojas y miembro de la Mesa Directiva.<\/p>\n<p>Marco Antonio G\u00f3mez Alcantar, Diputado por el Partido Verde Ecologista de M\u00e9xico (PVEM) se solidariz\u00f3 con las familias de los estudiantes que resultaron heridos y llam\u00f3 a las autoridades universitarias a que investiguen los hechos.<\/p>\n<p>En tanto, Frida Alejandra Esparza, Diputada por el Partido de la Revoluci\u00f3n Democr\u00e1tica (PRD) pidi\u00f3 generar un presupuesto el cual sea suficiente para las universidades, pues dijo muchas instituciones sufren crisis financieras.<\/p>\n<p>El pleno guard\u00f3 un minuto de silencio en honor a Miranda Mendoza, estudiante del Colegio de Ciencias y Humanidades Oriente, quien fue secuestrada y asesinada el pasado 20 de agosto.<\/p>\n","protected":false},"excerpt":{"rendered":"<p>AMLO expresa su apoyo a estudiantes de la UNAM: \u201cno permitir\u00e9 actos vand\u00e1licos contra universitarios\u201d<br \/>\nPor Redacci\u00f3n QP<\/p>\n","protected":false},"author":2,"featured_media":4009,"comment_status":"open","ping_status":"open","sticky":false,"template":"","format":"standard","meta":{"_monsterinsights_skip_tracking":false,"_monsterinsights_sitenote_active":false,"_monsterinsights_sitenote_note":"","_monsterinsights_sitenote_category":0,"footnotes":""},"categories":[2],"tags":[],"class_list":["post-4010","post","type-post","status-publish","format-standard","has-post-thumbnail","hentry","category-noticias"],"yoast_head":"<!-- This site is optimized with the Yoast SEO plugin v27.3 - https:\/\/yoast.com\/product\/yoast-seo-wordpress\/ -->\n<title>AMLO expresa su apoyo a estudiantes de la UNAM: \u201cno permitir\u00e9 actos vand\u00e1licos contra universitarios\u201d -<\/title>\n<meta name=\"robots\" content=\"index, follow, max-snippet:-1, max-image-preview:large, max-video-preview:-1\" \/>\n<link rel=\"canonical\" href=\"https:\/\/quehacerpolitico.mx\/?p=4010\" \/>\n<meta property=\"og:locale\" content=\"es_MX\" \/>\n<meta property=\"og:type\" content=\"article\" \/>\n<meta property=\"og:title\" content=\"AMLO expresa su apoyo a estudiantes de la UNAM: \u201cno permitir\u00e9 actos vand\u00e1licos contra universitarios\u201d -\" \/>\n<meta property=\"og:description\" content=\"AMLO expresa su apoyo a estudiantes de la UNAM: \u201cno permitir\u00e9 actos vand\u00e1licos contra universitarios\u201d Por Redacci\u00f3n QP\" \/>\n<meta property=\"og:url\" content=\"https:\/\/quehacerpolitico.mx\/?p=4010\" \/>\n<meta property=\"article:published_time\" content=\"2018-09-06T22:22:56+00:00\" \/>\n<meta name=\"author\" content=\"Redacci\u00f3n QP\" \/>\n<meta name=\"twitter:card\" content=\"summary_large_image\" \/>\n<meta name=\"twitter:label1\" content=\"Escrito por\" \/>\n\t<meta name=\"twitter:data1\" content=\"Redacci\u00f3n QP\" \/>\n\t<meta name=\"twitter:label2\" content=\"Tiempo de lectura\" \/>\n\t<meta name=\"twitter:data2\" content=\"3 minutos\" \/>\n<script type=\"application\/ld+json\" class=\"yoast-schema-graph\">{\"@context\":\"https:\\\/\\\/schema.org\",\"@graph\":[{\"@type\":\"Article\",\"@id\":\"https:\\\/\\\/quehacerpolitico.mx\\\/?p=4010#article\",\"isPartOf\":{\"@id\":\"https:\\\/\\\/quehacerpolitico.mx\\\/?p=4010\"},\"author\":{\"name\":\"Redacci\u00f3n QP\",\"@id\":\"https:\\\/\\\/quehacerpolitico.mx\\\/#\\\/schema\\\/person\\\/496d8ad2d1d3f8036101dca7ee39e585\"},\"headline\":\"AMLO expresa su apoyo a estudiantes de la UNAM: \u201cno permitir\u00e9 actos vand\u00e1licos contra universitarios\u201d\",\"datePublished\":\"2018-09-06T22:22:56+00:00\",\"mainEntityOfPage\":{\"@id\":\"https:\\\/\\\/quehacerpolitico.mx\\\/?p=4010\"},\"wordCount\":571,\"commentCount\":0,\"image\":{\"@id\":\"https:\\\/\\\/quehacerpolitico.mx\\\/?p=4010#primaryimage\"},\"thumbnailUrl\":\"\",\"articleSection\":[\"Noticias\"],\"inLanguage\":\"es\",\"potentialAction\":[{\"@type\":\"CommentAction\",\"name\":\"Comment\",\"target\":[\"https:\\\/\\\/quehacerpolitico.mx\\\/?p=4010#respond\"]}]},{\"@type\":\"WebPage\",\"@id\":\"https:\\\/\\\/quehacerpolitico.mx\\\/?p=4010\",\"url\":\"https:\\\/\\\/quehacerpolitico.mx\\\/?p=4010\",\"name\":\"AMLO expresa su apoyo a estudiantes de la UNAM: \u201cno permitir\u00e9 actos vand\u00e1licos contra universitarios\u201d -\",\"isPartOf\":{\"@id\":\"https:\\\/\\\/quehacerpolitico.mx\\\/#website\"},\"primaryImageOfPage\":{\"@id\":\"https:\\\/\\\/quehacerpolitico.mx\\\/?p=4010#primaryimage\"},\"image\":{\"@id\":\"https:\\\/\\\/quehacerpolitico.mx\\\/?p=4010#primaryimage\"},\"thumbnailUrl\":\"\",\"datePublished\":\"2018-09-06T22:22:56+00:00\",\"author\":{\"@id\":\"https:\\\/\\\/quehacerpolitico.mx\\\/#\\\/schema\\\/person\\\/496d8ad2d1d3f8036101dca7ee39e585\"},\"breadcrumb\":{\"@id\":\"https:\\\/\\\/quehacerpolitico.mx\\\/?p=4010#breadcrumb\"},\"inLanguage\":\"es\",\"potentialAction\":[{\"@type\":\"ReadAction\",\"target\":[\"https:\\\/\\\/quehacerpolitico.mx\\\/?p=4010\"]}]},{\"@type\":\"ImageObject\",\"inLanguage\":\"es\",\"@id\":\"https:\\\/\\\/quehacerpolitico.mx\\\/?p=4010#primaryimage\",\"url\":\"\",\"contentUrl\":\"\"},{\"@type\":\"BreadcrumbList\",\"@id\":\"https:\\\/\\\/quehacerpolitico.mx\\\/?p=4010#breadcrumb\",\"itemListElement\":[{\"@type\":\"ListItem\",\"position\":1,\"name\":\"Inicio\",\"item\":\"https:\\\/\\\/quehacerpolitico.mx\\\/\"},{\"@type\":\"ListItem\",\"position\":2,\"name\":\"AMLO expresa su apoyo a estudiantes de la UNAM: \u201cno permitir\u00e9 actos vand\u00e1licos contra universitarios\u201d\"}]},{\"@type\":\"WebSite\",\"@id\":\"https:\\\/\\\/quehacerpolitico.mx\\\/#website\",\"url\":\"https:\\\/\\\/quehacerpolitico.mx\\\/\",\"name\":\"\",\"description\":\"\",\"potentialAction\":[{\"@type\":\"SearchAction\",\"target\":{\"@type\":\"EntryPoint\",\"urlTemplate\":\"https:\\\/\\\/quehacerpolitico.mx\\\/?s={search_term_string}\"},\"query-input\":{\"@type\":\"PropertyValueSpecification\",\"valueRequired\":true,\"valueName\":\"search_term_string\"}}],\"inLanguage\":\"es\"},{\"@type\":\"Person\",\"@id\":\"https:\\\/\\\/quehacerpolitico.mx\\\/#\\\/schema\\\/person\\\/496d8ad2d1d3f8036101dca7ee39e585\",\"name\":\"Redacci\u00f3n QP\",\"image\":{\"@type\":\"ImageObject\",\"inLanguage\":\"es\",\"@id\":\"https:\\\/\\\/secure.gravatar.com\\\/avatar\\\/c7164ed6fdec453195284ad24a5ae5b6e1eed2b848477fa2a4787ba9adf39a41?s=96&d=mm&r=g\",\"url\":\"https:\\\/\\\/secure.gravatar.com\\\/avatar\\\/c7164ed6fdec453195284ad24a5ae5b6e1eed2b848477fa2a4787ba9adf39a41?s=96&d=mm&r=g\",\"contentUrl\":\"https:\\\/\\\/secure.gravatar.com\\\/avatar\\\/c7164ed6fdec453195284ad24a5ae5b6e1eed2b848477fa2a4787ba9adf39a41?s=96&d=mm&r=g\",\"caption\":\"Redacci\u00f3n QP\"},\"url\":\"https:\\\/\\\/quehacerpolitico.mx\\\/?author=2\"}]}<\/script>\n<!-- \/ Yoast SEO plugin. -->","yoast_head_json":{"title":"AMLO expresa su apoyo a estudiantes de la UNAM: \u201cno permitir\u00e9 actos vand\u00e1licos contra universitarios\u201d -","robots":{"index":"index","follow":"follow","max-snippet":"max-snippet:-1","max-image-preview":"max-image-preview:large","max-video-preview":"max-video-preview:-1"},"canonical":"https:\/\/quehacerpolitico.mx\/?p=4010","og_locale":"es_MX","og_type":"article","og_title":"AMLO expresa su apoyo a estudiantes de la UNAM: \u201cno permitir\u00e9 actos vand\u00e1licos contra universitarios\u201d -","og_description":"AMLO expresa su apoyo a estudiantes de la UNAM: \u201cno permitir\u00e9 actos vand\u00e1licos contra universitarios\u201d Por Redacci\u00f3n QP","og_url":"https:\/\/quehacerpolitico.mx\/?p=4010","article_published_time":"2018-09-06T22:22:56+00:00","author":"Redacci\u00f3n QP","twitter_card":"summary_large_image","twitter_misc":{"Escrito por":"Redacci\u00f3n QP","Tiempo de lectura":"3 minutos"},"schema":{"@context":"https:\/\/schema.org","@graph":[{"@type":"Article","@id":"https:\/\/quehacerpolitico.mx\/?p=4010#article","isPartOf":{"@id":"https:\/\/quehacerpolitico.mx\/?p=4010"},"author":{"name":"Redacci\u00f3n QP","@id":"https:\/\/quehacerpolitico.mx\/#\/schema\/person\/496d8ad2d1d3f8036101dca7ee39e585"},"headline":"AMLO expresa su apoyo a estudiantes de la UNAM: \u201cno permitir\u00e9 actos vand\u00e1licos contra universitarios\u201d","datePublished":"2018-09-06T22:22:56+00:00","mainEntityOfPage":{"@id":"https:\/\/quehacerpolitico.mx\/?p=4010"},"wordCount":571,"commentCount":0,"image":{"@id":"https:\/\/quehacerpolitico.mx\/?p=4010#primaryimage"},"thumbnailUrl":"","articleSection":["Noticias"],"inLanguage":"es","potentialAction":[{"@type":"CommentAction","name":"Comment","target":["https:\/\/quehacerpolitico.mx\/?p=4010#respond"]}]},{"@type":"WebPage","@id":"https:\/\/quehacerpolitico.mx\/?p=4010","url":"https:\/\/quehacerpolitico.mx\/?p=4010","name":"AMLO expresa su apoyo a estudiantes de la UNAM: \u201cno permitir\u00e9 actos vand\u00e1licos contra universitarios\u201d -","isPartOf":{"@id":"https:\/\/quehacerpolitico.mx\/#website"},"primaryImageOfPage":{"@id":"https:\/\/quehacerpolitico.mx\/?p=4010#primaryimage"},"image":{"@id":"https:\/\/quehacerpolitico.mx\/?p=4010#primaryimage"},"thumbnailUrl":"","datePublished":"2018-09-06T22:22:56+00:00","author":{"@id":"https:\/\/quehacerpolitico.mx\/#\/schema\/person\/496d8ad2d1d3f8036101dca7ee39e585"},"breadcrumb":{"@id":"https:\/\/quehacerpolitico.mx\/?p=4010#breadcrumb"},"inLanguage":"es","potentialAction":[{"@type":"ReadAction","target":["https:\/\/quehacerpolitico.mx\/?p=4010"]}]},{"@type":"ImageObject","inLanguage":"es","@id":"https:\/\/quehacerpolitico.mx\/?p=4010#primaryimage","url":"","contentUrl":""},{"@type":"BreadcrumbList","@id":"https:\/\/quehacerpolitico.mx\/?p=4010#breadcrumb","itemListElement":[{"@type":"ListItem","position":1,"name":"Inicio","item":"https:\/\/quehacerpolitico.mx\/"},{"@type":"ListItem","position":2,"name":"AMLO expresa su apoyo a estudiantes de la UNAM: \u201cno permitir\u00e9 actos vand\u00e1licos contra universitarios\u201d"}]},{"@type":"WebSite","@id":"https:\/\/quehacerpolitico.mx\/#website","url":"https:\/\/quehacerpolitico.mx\/","name":"","description":"","potentialAction":[{"@type":"SearchAction","target":{"@type":"EntryPoint","urlTemplate":"https:\/\/quehacerpolitico.mx\/?s={search_term_string}"},"query-input":{"@type":"PropertyValueSpecification","valueRequired":true,"valueName":"search_term_string"}}],"inLanguage":"es"},{"@type":"Person","@id":"https:\/\/quehacerpolitico.mx\/#\/schema\/person\/496d8ad2d1d3f8036101dca7ee39e585","name":"Redacci\u00f3n QP","image":{"@type":"ImageObject","inLanguage":"es","@id":"https:\/\/secure.gravatar.com\/avatar\/c7164ed6fdec453195284ad24a5ae5b6e1eed2b848477fa2a4787ba9adf39a41?s=96&d=mm&r=g","url":"https:\/\/secure.gravatar.com\/avatar\/c7164ed6fdec453195284ad24a5ae5b6e1eed2b848477fa2a4787ba9adf39a41?s=96&d=mm&r=g","contentUrl":"https:\/\/secure.gravatar.com\/avatar\/c7164ed6fdec453195284ad24a5ae5b6e1eed2b848477fa2a4787ba9adf39a41?s=96&d=mm&r=g","caption":"Redacci\u00f3n QP"},"url":"https:\/\/quehacerpolitico.mx\/?author=2"}]}},"featured_image_urls":{"full":"","thumbnail":"","medium":"","medium_large":"","large":"","1536x1536":"","2048x2048":"","covernews-featured":"","covernews-medium":""},"author_info":{"display_name":"Redacci\u00f3n QP","author_link":"https:\/\/quehacerpolitico.mx\/?author=2"},"category_info":"<a href=\"https:\/\/quehacerpolitico.mx\/?cat=2\" rel=\"category\">Noticias<\/a>","tag_info":"Noticias","comment_count":"0","_links":{"self":[{"href":"https:\/\/quehacerpolitico.mx\/index.php?rest_route=\/wp\/v2\/posts\/4010","targetHints":{"allow":["GET"]}}],"collection":[{"href":"https:\/\/quehacerpolitico.mx\/index.php?rest_route=\/wp\/v2\/posts"}],"about":[{"href":"https:\/\/quehacerpolitico.mx\/index.php?rest_route=\/wp\/v2\/types\/post"}],"author":[{"embeddable":true,"href":"https:\/\/quehacerpolitico.mx\/index.php?rest_route=\/wp\/v2\/users\/2"}],"replies":[{"embeddable":true,"href":"https:\/\/quehacerpolitico.mx\/index.php?rest_route=%2Fwp%2Fv2%2Fcomments&post=4010"}],"version-history":[{"count":0,"href":"https:\/\/quehacerpolitico.mx\/index.php?rest_route=\/wp\/v2\/posts\/4010\/revisions"}],"wp:featuredmedia":[{"embeddable":true,"href":"https:\/\/quehacerpolitico.mx\/index.php?rest_route=\/"}],"wp:attachment":[{"href":"https:\/\/quehacerpolitico.mx\/index.php?rest_route=%2Fwp%2Fv2%2Fmedia&parent=4010"}],"wp:term":[{"taxonomy":"category","embeddable":true,"href":"https:\/\/quehacerpolitico.mx\/index.php?rest_route=%2Fwp%2Fv2%2Fcategories&post=4010"},{"taxonomy":"post_tag","embeddable":true,"href":"https:\/\/quehacerpolitico.mx\/index.php?rest_route=%2Fwp%2Fv2%2Ftags&post=4010"}],"curies":[{"name":"wp","href":"https:\/\/api.w.org\/{rel}","templated":true}]}}