{"id":40033,"date":"2019-10-02T03:50:33","date_gmt":"2019-10-02T03:50:33","guid":{"rendered":"http:\/\/quehacerpolitico.mx\/historica-apertura-de-datos-de-perdones-fiscales\/"},"modified":"2019-10-02T03:50:33","modified_gmt":"2019-10-02T03:50:33","slug":"historica-apertura-de-datos-de-perdones-fiscales","status":"publish","type":"post","link":"https:\/\/quehacerpolitico.mx\/?p=40033","title":{"rendered":"Hist\u00f3rica apertura de datos de perdones fiscales"},"content":{"rendered":"<p>Hist\u00f3rica apertura de datos de perdones fiscales<br \/>Por Redacci\u00f3n QP<\/p>\n<p>*Suman alrededor de un bill\u00f3n de pesos cr\u00e9ditos condonados y cancelados<\/p>\n<p>(Ampliaci\u00f3n)<\/p>\n<p>M\u00e9xico, 1 Oct (Notimex).- En un hecho hist\u00f3rico, el Servicio de Administraci\u00f3n Tributaria (SAT) abri\u00f3 la informaci\u00f3n sobre los cr\u00e9ditos fiscales condonados y cancelados del 1 de enero de 2007 al 4 de mayo de 2015, tras cuatro a\u00f1os de litigio emprendido por la organizaci\u00f3n Fundar, Centro de An\u00e1lisis e Investigaci\u00f3n.<\/p>\n<p>De acuerdo con esta informaci\u00f3n divulgada p\u00fablicamente este martes, los cr\u00e9ditos condonados y cancelados suman un monto de 846 mil 400 millones de pesos a precios hist\u00f3ricos, o un bill\u00f3n 336 mil millones de pesos a precios de 2019, los cuales incluyen cantidades de 201 contribuyentes amparados en contra de revelar estos datos.<\/p>\n<p>La jefa del SAT, Margarita R\u00edos-Farjat, calific\u00f3 como un \u201cmomento hist\u00f3rico\u201d la entrega de esta informaci\u00f3n sobre las personas f\u00edsicas y empresas a las que se les perdonaron adeudos fiscales en el periodo citado, lo que muestra el compromiso de esta administraci\u00f3n con la transparencia.<\/p>\n<p>Por su parte, la directora ejecutiva de Fundar, Hayde\u00e9 P\u00e9rez Garrido, se\u00f1al\u00f3 que la informaci\u00f3n se refiere a los \u201cperdones fiscales\u201d realizados durante los gobiernos de Felipe Calder\u00f3n Hinojosa y Enrique Pe\u00f1a Nieto, y que muestra la concentraci\u00f3n de privilegios en pocas personas f\u00edsicas y morales.<\/p>\n<p>Precis\u00f3 que esta informaci\u00f3n, revelada tras una resoluci\u00f3n de la Suprema Corte de Justicia de la Naci\u00f3n (SCJN), las condonaciones fiscales de 2007 a 2015 involucran a siete mil 884 contribuyentes, nueve mil 941 cr\u00e9ditos condonados, por un precio hist\u00f3rico de 172 mil 300 millones de pesos o 247 mil 600 millones de pesos a precios de 2019.<\/p>\n<p>Con respecto a los cr\u00e9ditos cancelados, refiri\u00f3 que corresponden a nueve mil 132 contribuyentes, 21 mil 708 cr\u00e9ditos, por un total 572 ml 700 millones de pesos, u 814 mil 700 millones de pesos.<\/p>\n<p>En el caso de los 201 contribuyentes amparados, el monto de los cr\u00e9ditos es de 101 mil 400 millones en precios hist\u00f3ricos y 273 mil 700 millones de pesos, mencion\u00f3 la directora ejecutiva de Fundar.<\/p>\n<p>Entre las personas f\u00edsicas y morales con montos condonados y cancelados\u00a0se encuentran firmas especializadas en sectores como construcci\u00f3n como ICA; banca, como\u00a0Banorte, Scotiabank Inverlat,\u00a0Banamex, HSBC, Santader, Inbursa, Banco Azteca; armadoras como Volkswagen de M\u00e9xico, BMW, Toyota.<\/p>\n<p>En cuanto a firmas de\u00a0telecomunicaciones se ubican\u00a0Am\u00e9rica M\u00f3vil,\u00a0Grupo Televisa y\u00a0Grupo MVS; fabricantes de papel como Bio Pappel; de seguros como Qualitas, Zurich, Axa\u00a0y Metlife.<\/p>\n<p>A esta lista se suman\u00a0empresas como Grupo Gigante, Colgate, Herdez, Coppel, as\u00ed como inmobiliarias\u00a0y laboratorios.<\/p>\n<p>Tambi\u00e9n aparecen equipos de primera divisi\u00f3n del futbol mexicano y personalidades de la pol\u00edtica y del medio art\u00edstico.<\/p>\n<p>En el acto de presentaci\u00f3n\u00a0participaron el comisionado del INAI, Joel Salas Su\u00e1rez; el administrador general de recaudaci\u00f3n SAT, H\u00e9ctor V\u00e1zquez Luna, y la administradora general jur\u00eddica SAT, Mar\u00eda de los \u00c1ngeles Jasso Cisneros.<\/p>\n<p>Con informaci\u00f3n de NTX\u00a0<\/p>\n","protected":false},"excerpt":{"rendered":"<p>Hist\u00f3rica apertura de datos de perdones fiscales<br \/>\nPor Redacci\u00f3n QP<\/p>\n","protected":false},"author":2,"featured_media":40032,"comment_status":"open","ping_status":"open","sticky":false,"template":"","format":"standard","meta":{"_monsterinsights_skip_tracking":false,"_monsterinsights_sitenote_active":false,"_monsterinsights_sitenote_note":"","_monsterinsights_sitenote_category":0,"footnotes":""},"categories":[56],"tags":[],"class_list":["post-40033","post","type-post","status-publish","format-standard","has-post-thumbnail","hentry","category-economia"],"yoast_head":"<!-- This site is optimized with the Yoast SEO plugin v27.3 - https:\/\/yoast.com\/product\/yoast-seo-wordpress\/ -->\n<title>Hist\u00f3rica apertura de datos de perdones fiscales -<\/title>\n<meta name=\"robots\" content=\"index, follow, max-snippet:-1, max-image-preview:large, max-video-preview:-1\" \/>\n<link rel=\"canonical\" href=\"https:\/\/quehacerpolitico.mx\/?p=40033\" \/>\n<meta property=\"og:locale\" content=\"es_MX\" \/>\n<meta property=\"og:type\" content=\"article\" \/>\n<meta property=\"og:title\" content=\"Hist\u00f3rica apertura de datos de perdones fiscales -\" \/>\n<meta property=\"og:description\" content=\"Hist\u00f3rica apertura de datos de perdones fiscales Por Redacci\u00f3n QP\" \/>\n<meta property=\"og:url\" content=\"https:\/\/quehacerpolitico.mx\/?p=40033\" \/>\n<meta property=\"article:published_time\" content=\"2019-10-02T03:50:33+00:00\" \/>\n<meta name=\"author\" content=\"Redacci\u00f3n QP\" \/>\n<meta name=\"twitter:card\" content=\"summary_large_image\" \/>\n<meta name=\"twitter:label1\" content=\"Escrito por\" \/>\n\t<meta name=\"twitter:data1\" content=\"Redacci\u00f3n QP\" \/>\n\t<meta name=\"twitter:label2\" content=\"Tiempo de lectura\" \/>\n\t<meta name=\"twitter:data2\" content=\"3 minutos\" \/>\n<script type=\"application\/ld+json\" class=\"yoast-schema-graph\">{\"@context\":\"https:\\\/\\\/schema.org\",\"@graph\":[{\"@type\":\"Article\",\"@id\":\"https:\\\/\\\/quehacerpolitico.mx\\\/?p=40033#article\",\"isPartOf\":{\"@id\":\"https:\\\/\\\/quehacerpolitico.mx\\\/?p=40033\"},\"author\":{\"name\":\"Redacci\u00f3n QP\",\"@id\":\"https:\\\/\\\/quehacerpolitico.mx\\\/#\\\/schema\\\/person\\\/496d8ad2d1d3f8036101dca7ee39e585\"},\"headline\":\"Hist\u00f3rica apertura de datos de perdones fiscales\",\"datePublished\":\"2019-10-02T03:50:33+00:00\",\"mainEntityOfPage\":{\"@id\":\"https:\\\/\\\/quehacerpolitico.mx\\\/?p=40033\"},\"wordCount\":519,\"commentCount\":0,\"image\":{\"@id\":\"https:\\\/\\\/quehacerpolitico.mx\\\/?p=40033#primaryimage\"},\"thumbnailUrl\":\"\",\"articleSection\":[\"Econom\u00eda\"],\"inLanguage\":\"es\",\"potentialAction\":[{\"@type\":\"CommentAction\",\"name\":\"Comment\",\"target\":[\"https:\\\/\\\/quehacerpolitico.mx\\\/?p=40033#respond\"]}]},{\"@type\":\"WebPage\",\"@id\":\"https:\\\/\\\/quehacerpolitico.mx\\\/?p=40033\",\"url\":\"https:\\\/\\\/quehacerpolitico.mx\\\/?p=40033\",\"name\":\"Hist\u00f3rica apertura de datos de perdones fiscales -\",\"isPartOf\":{\"@id\":\"https:\\\/\\\/quehacerpolitico.mx\\\/#website\"},\"primaryImageOfPage\":{\"@id\":\"https:\\\/\\\/quehacerpolitico.mx\\\/?p=40033#primaryimage\"},\"image\":{\"@id\":\"https:\\\/\\\/quehacerpolitico.mx\\\/?p=40033#primaryimage\"},\"thumbnailUrl\":\"\",\"datePublished\":\"2019-10-02T03:50:33+00:00\",\"author\":{\"@id\":\"https:\\\/\\\/quehacerpolitico.mx\\\/#\\\/schema\\\/person\\\/496d8ad2d1d3f8036101dca7ee39e585\"},\"breadcrumb\":{\"@id\":\"https:\\\/\\\/quehacerpolitico.mx\\\/?p=40033#breadcrumb\"},\"inLanguage\":\"es\",\"potentialAction\":[{\"@type\":\"ReadAction\",\"target\":[\"https:\\\/\\\/quehacerpolitico.mx\\\/?p=40033\"]}]},{\"@type\":\"ImageObject\",\"inLanguage\":\"es\",\"@id\":\"https:\\\/\\\/quehacerpolitico.mx\\\/?p=40033#primaryimage\",\"url\":\"\",\"contentUrl\":\"\"},{\"@type\":\"BreadcrumbList\",\"@id\":\"https:\\\/\\\/quehacerpolitico.mx\\\/?p=40033#breadcrumb\",\"itemListElement\":[{\"@type\":\"ListItem\",\"position\":1,\"name\":\"Inicio\",\"item\":\"https:\\\/\\\/quehacerpolitico.mx\\\/\"},{\"@type\":\"ListItem\",\"position\":2,\"name\":\"Hist\u00f3rica apertura de datos de perdones fiscales\"}]},{\"@type\":\"WebSite\",\"@id\":\"https:\\\/\\\/quehacerpolitico.mx\\\/#website\",\"url\":\"https:\\\/\\\/quehacerpolitico.mx\\\/\",\"name\":\"\",\"description\":\"\",\"potentialAction\":[{\"@type\":\"SearchAction\",\"target\":{\"@type\":\"EntryPoint\",\"urlTemplate\":\"https:\\\/\\\/quehacerpolitico.mx\\\/?s={search_term_string}\"},\"query-input\":{\"@type\":\"PropertyValueSpecification\",\"valueRequired\":true,\"valueName\":\"search_term_string\"}}],\"inLanguage\":\"es\"},{\"@type\":\"Person\",\"@id\":\"https:\\\/\\\/quehacerpolitico.mx\\\/#\\\/schema\\\/person\\\/496d8ad2d1d3f8036101dca7ee39e585\",\"name\":\"Redacci\u00f3n QP\",\"image\":{\"@type\":\"ImageObject\",\"inLanguage\":\"es\",\"@id\":\"https:\\\/\\\/secure.gravatar.com\\\/avatar\\\/c7164ed6fdec453195284ad24a5ae5b6e1eed2b848477fa2a4787ba9adf39a41?s=96&d=mm&r=g\",\"url\":\"https:\\\/\\\/secure.gravatar.com\\\/avatar\\\/c7164ed6fdec453195284ad24a5ae5b6e1eed2b848477fa2a4787ba9adf39a41?s=96&d=mm&r=g\",\"contentUrl\":\"https:\\\/\\\/secure.gravatar.com\\\/avatar\\\/c7164ed6fdec453195284ad24a5ae5b6e1eed2b848477fa2a4787ba9adf39a41?s=96&d=mm&r=g\",\"caption\":\"Redacci\u00f3n QP\"},\"url\":\"https:\\\/\\\/quehacerpolitico.mx\\\/?author=2\"}]}<\/script>\n<!-- \/ Yoast SEO plugin. -->","yoast_head_json":{"title":"Hist\u00f3rica apertura de datos de perdones fiscales -","robots":{"index":"index","follow":"follow","max-snippet":"max-snippet:-1","max-image-preview":"max-image-preview:large","max-video-preview":"max-video-preview:-1"},"canonical":"https:\/\/quehacerpolitico.mx\/?p=40033","og_locale":"es_MX","og_type":"article","og_title":"Hist\u00f3rica apertura de datos de perdones fiscales -","og_description":"Hist\u00f3rica apertura de datos de perdones fiscales Por Redacci\u00f3n QP","og_url":"https:\/\/quehacerpolitico.mx\/?p=40033","article_published_time":"2019-10-02T03:50:33+00:00","author":"Redacci\u00f3n QP","twitter_card":"summary_large_image","twitter_misc":{"Escrito por":"Redacci\u00f3n QP","Tiempo de lectura":"3 minutos"},"schema":{"@context":"https:\/\/schema.org","@graph":[{"@type":"Article","@id":"https:\/\/quehacerpolitico.mx\/?p=40033#article","isPartOf":{"@id":"https:\/\/quehacerpolitico.mx\/?p=40033"},"author":{"name":"Redacci\u00f3n QP","@id":"https:\/\/quehacerpolitico.mx\/#\/schema\/person\/496d8ad2d1d3f8036101dca7ee39e585"},"headline":"Hist\u00f3rica apertura de datos de perdones fiscales","datePublished":"2019-10-02T03:50:33+00:00","mainEntityOfPage":{"@id":"https:\/\/quehacerpolitico.mx\/?p=40033"},"wordCount":519,"commentCount":0,"image":{"@id":"https:\/\/quehacerpolitico.mx\/?p=40033#primaryimage"},"thumbnailUrl":"","articleSection":["Econom\u00eda"],"inLanguage":"es","potentialAction":[{"@type":"CommentAction","name":"Comment","target":["https:\/\/quehacerpolitico.mx\/?p=40033#respond"]}]},{"@type":"WebPage","@id":"https:\/\/quehacerpolitico.mx\/?p=40033","url":"https:\/\/quehacerpolitico.mx\/?p=40033","name":"Hist\u00f3rica apertura de datos de perdones fiscales -","isPartOf":{"@id":"https:\/\/quehacerpolitico.mx\/#website"},"primaryImageOfPage":{"@id":"https:\/\/quehacerpolitico.mx\/?p=40033#primaryimage"},"image":{"@id":"https:\/\/quehacerpolitico.mx\/?p=40033#primaryimage"},"thumbnailUrl":"","datePublished":"2019-10-02T03:50:33+00:00","author":{"@id":"https:\/\/quehacerpolitico.mx\/#\/schema\/person\/496d8ad2d1d3f8036101dca7ee39e585"},"breadcrumb":{"@id":"https:\/\/quehacerpolitico.mx\/?p=40033#breadcrumb"},"inLanguage":"es","potentialAction":[{"@type":"ReadAction","target":["https:\/\/quehacerpolitico.mx\/?p=40033"]}]},{"@type":"ImageObject","inLanguage":"es","@id":"https:\/\/quehacerpolitico.mx\/?p=40033#primaryimage","url":"","contentUrl":""},{"@type":"BreadcrumbList","@id":"https:\/\/quehacerpolitico.mx\/?p=40033#breadcrumb","itemListElement":[{"@type":"ListItem","position":1,"name":"Inicio","item":"https:\/\/quehacerpolitico.mx\/"},{"@type":"ListItem","position":2,"name":"Hist\u00f3rica apertura de datos de perdones fiscales"}]},{"@type":"WebSite","@id":"https:\/\/quehacerpolitico.mx\/#website","url":"https:\/\/quehacerpolitico.mx\/","name":"","description":"","potentialAction":[{"@type":"SearchAction","target":{"@type":"EntryPoint","urlTemplate":"https:\/\/quehacerpolitico.mx\/?s={search_term_string}"},"query-input":{"@type":"PropertyValueSpecification","valueRequired":true,"valueName":"search_term_string"}}],"inLanguage":"es"},{"@type":"Person","@id":"https:\/\/quehacerpolitico.mx\/#\/schema\/person\/496d8ad2d1d3f8036101dca7ee39e585","name":"Redacci\u00f3n QP","image":{"@type":"ImageObject","inLanguage":"es","@id":"https:\/\/secure.gravatar.com\/avatar\/c7164ed6fdec453195284ad24a5ae5b6e1eed2b848477fa2a4787ba9adf39a41?s=96&d=mm&r=g","url":"https:\/\/secure.gravatar.com\/avatar\/c7164ed6fdec453195284ad24a5ae5b6e1eed2b848477fa2a4787ba9adf39a41?s=96&d=mm&r=g","contentUrl":"https:\/\/secure.gravatar.com\/avatar\/c7164ed6fdec453195284ad24a5ae5b6e1eed2b848477fa2a4787ba9adf39a41?s=96&d=mm&r=g","caption":"Redacci\u00f3n QP"},"url":"https:\/\/quehacerpolitico.mx\/?author=2"}]}},"featured_image_urls":{"full":"","thumbnail":"","medium":"","medium_large":"","large":"","1536x1536":"","2048x2048":"","covernews-featured":"","covernews-medium":""},"author_info":{"display_name":"Redacci\u00f3n QP","author_link":"https:\/\/quehacerpolitico.mx\/?author=2"},"category_info":"<a href=\"https:\/\/quehacerpolitico.mx\/?cat=56\" rel=\"category\">Econom\u00eda<\/a>","tag_info":"Econom\u00eda","comment_count":"0","_links":{"self":[{"href":"https:\/\/quehacerpolitico.mx\/index.php?rest_route=\/wp\/v2\/posts\/40033","targetHints":{"allow":["GET"]}}],"collection":[{"href":"https:\/\/quehacerpolitico.mx\/index.php?rest_route=\/wp\/v2\/posts"}],"about":[{"href":"https:\/\/quehacerpolitico.mx\/index.php?rest_route=\/wp\/v2\/types\/post"}],"author":[{"embeddable":true,"href":"https:\/\/quehacerpolitico.mx\/index.php?rest_route=\/wp\/v2\/users\/2"}],"replies":[{"embeddable":true,"href":"https:\/\/quehacerpolitico.mx\/index.php?rest_route=%2Fwp%2Fv2%2Fcomments&post=40033"}],"version-history":[{"count":0,"href":"https:\/\/quehacerpolitico.mx\/index.php?rest_route=\/wp\/v2\/posts\/40033\/revisions"}],"wp:featuredmedia":[{"embeddable":true,"href":"https:\/\/quehacerpolitico.mx\/index.php?rest_route=\/"}],"wp:attachment":[{"href":"https:\/\/quehacerpolitico.mx\/index.php?rest_route=%2Fwp%2Fv2%2Fmedia&parent=40033"}],"wp:term":[{"taxonomy":"category","embeddable":true,"href":"https:\/\/quehacerpolitico.mx\/index.php?rest_route=%2Fwp%2Fv2%2Fcategories&post=40033"},{"taxonomy":"post_tag","embeddable":true,"href":"https:\/\/quehacerpolitico.mx\/index.php?rest_route=%2Fwp%2Fv2%2Ftags&post=40033"}],"curies":[{"name":"wp","href":"https:\/\/api.w.org\/{rel}","templated":true}]}}