{"id":4000,"date":"2018-09-06T18:34:49","date_gmt":"2018-09-06T18:34:49","guid":{"rendered":"http:\/\/quehacerpolitico.mx\/mexico-arreglara-conflicto-acerero-antes-de-firmar-acuerdo-con-eu-guajardo\/"},"modified":"2018-09-06T18:34:49","modified_gmt":"2018-09-06T18:34:49","slug":"mexico-arreglara-conflicto-acerero-antes-de-firmar-acuerdo-con-eu-guajardo","status":"publish","type":"post","link":"https:\/\/quehacerpolitico.mx\/?p=4000","title":{"rendered":"M\u00e9xico arreglar\u00e1 conflicto acerero antes de firmar acuerdo con EU: Guajardo"},"content":{"rendered":"<p>M\u00e9xico no pretende firmar el nuevo acuerdo comercial con Rstados Unidos (EU), <b>si no se resuelve antes el tema de las agresiones arancelarias al acero y al aluminio<\/b>, explic\u00f3 el secretario de Econom\u00eda, Ildefonso Guajardo.<\/p>\n<div id=\"div-gpt-ad-1524682842930-0\" data-google-query-id=\"CKSZlc2Bp90CFUe6TwodmucEKw\">\n<div id=\"google_ads_iframe_\/40135427\/informador_mx_Video_Outstream_0__container__\">&#8220;La idea es que antes de que firme el acuerdo, ser\u00eda muy raro que firm\u00e1ramos un acuerdo de libre comercio cuando tengamos pendiente una batalla comercial. La idea es poner en la mesa un escenario de soluci\u00f3n de estas agresiones comerciales ante de la firma&#8221;, dijo el funcionario al t\u00e9rmino de su participaci\u00f3n en el foro de &#8220;The Economist&#8221;.<\/div>\n<\/div>\n<p>Desde junio de 2018, <b>la administraci\u00f3n estadounidense anunci\u00f3 medidas de protecci\u00f3n que consistieron en imponer un arancel de 25% al acero y 10% al aluminio<\/b> por considerar que las importaciones de dichos productos ponen en riesgo su seguridad nacional, algo conocido como la secci\u00f3n 232.<\/p>\n<p>Al respecto Guajardo afirm\u00f3 que si bien ya se impusieron represalias arancelarias contra productos agropecuarios como quesos, manzanas, whisky, carne de cerdo, entre otras m\u00e1s, todav\u00eda faltar\u00e1 solucionar el problema.<\/p>\n<p>El mi\u00e9rcoles pasado la C\u00e1mara Nacional de la Industria del Hierro y del Acero (Canacero) y la Asociaci\u00f3n Canadiense de Productores de Acero pidieron a EU <b>eliminar los aranceles al acero porque se generan afectaciones no solo a la industria sino a la competitividad y se da\u00f1an las cadenas de producci\u00f3n.<\/b><\/p>\n<p>Si bien, tambi\u00e9n hay un arancel para el aluminio, el presidente de la C\u00e1mara Nacional de la Industria del Aluminio de M\u00e9xico, Ram\u00f3n Beltr\u00e1n Arellano, dijo que <b>el gobierno estadounidense lanz\u00f3 una proclama de que si la industria de EU necesita aluminio de M\u00e9xico mediante una petici\u00f3n puede hacerlo sin pagar arancel.<\/b><\/p>\n<p>Agreg\u00f3 que siguen export\u00e1ndose de M\u00e9xico al mercado estadounidense productos por seis mil millones de d\u00f3lares como ventanas, perfiles, autopartes, escaleras, latas, envases met\u00e1licos, y electrodom\u00e9sticos de aluminio, entre otros m\u00e1s.<\/p>\n<p><b>Guajardo dijo que tambi\u00e9n se protegi\u00f3 al sector automotriz con un carta paralela que permitir\u00e1 mantener las exportaciones de veh\u00edculos a\u00fan y cuando EU imponga aranceles a los autos<\/b> por cuestiones de seguridad nacional.<\/p>\n<p>Sobre los acuerdos dijo que a\u00fan y cuando &#8220;habr\u00e1 una regla m\u00e1s estricta que implica m\u00e1s generaci\u00f3n de valor y empleos en Am\u00e9rica del Norte&#8221;, tambi\u00e9n ayudar\u00e1 a mantener un mill\u00f3n de empleos en el pa\u00eds.<\/p>\n<p>Con Informaci\u00f3n de AP<\/p>\n","protected":false},"excerpt":{"rendered":"<p>Adelanta que tambi\u00e9n se protegi\u00f3 al sector automotriz en las exportaciones de veh\u00edculos a\u00fan y cuando EU imponga aranceles a dicho sector<br \/>\nPor Redacci\u00f3n QP<\/p>\n","protected":false},"author":2,"featured_media":3999,"comment_status":"open","ping_status":"open","sticky":false,"template":"","format":"standard","meta":{"_monsterinsights_skip_tracking":false,"_monsterinsights_sitenote_active":false,"_monsterinsights_sitenote_note":"","_monsterinsights_sitenote_category":0,"footnotes":""},"categories":[56],"tags":[],"class_list":["post-4000","post","type-post","status-publish","format-standard","has-post-thumbnail","hentry","category-economia"],"yoast_head":"<!-- This site is optimized with the Yoast SEO plugin v27.3 - https:\/\/yoast.com\/product\/yoast-seo-wordpress\/ -->\n<title>M\u00e9xico arreglar\u00e1 conflicto acerero antes de firmar acuerdo con EU: Guajardo -<\/title>\n<meta name=\"robots\" content=\"index, follow, max-snippet:-1, max-image-preview:large, max-video-preview:-1\" \/>\n<link rel=\"canonical\" href=\"https:\/\/quehacerpolitico.mx\/?p=4000\" \/>\n<meta property=\"og:locale\" content=\"es_MX\" \/>\n<meta property=\"og:type\" content=\"article\" \/>\n<meta property=\"og:title\" content=\"M\u00e9xico arreglar\u00e1 conflicto acerero antes de firmar acuerdo con EU: Guajardo -\" \/>\n<meta property=\"og:description\" content=\"Adelanta que tambi\u00e9n se protegi\u00f3 al sector automotriz en las exportaciones de veh\u00edculos a\u00fan y cuando EU imponga aranceles a dicho sector Por Redacci\u00f3n QP\" \/>\n<meta property=\"og:url\" content=\"https:\/\/quehacerpolitico.mx\/?p=4000\" \/>\n<meta property=\"article:published_time\" content=\"2018-09-06T18:34:49+00:00\" \/>\n<meta name=\"author\" content=\"Redacci\u00f3n QP\" \/>\n<meta name=\"twitter:card\" content=\"summary_large_image\" \/>\n<meta name=\"twitter:label1\" content=\"Escrito por\" \/>\n\t<meta name=\"twitter:data1\" content=\"Redacci\u00f3n QP\" \/>\n\t<meta name=\"twitter:label2\" content=\"Tiempo de lectura\" \/>\n\t<meta name=\"twitter:data2\" content=\"2 minutos\" \/>\n<script type=\"application\/ld+json\" class=\"yoast-schema-graph\">{\"@context\":\"https:\\\/\\\/schema.org\",\"@graph\":[{\"@type\":\"Article\",\"@id\":\"https:\\\/\\\/quehacerpolitico.mx\\\/?p=4000#article\",\"isPartOf\":{\"@id\":\"https:\\\/\\\/quehacerpolitico.mx\\\/?p=4000\"},\"author\":{\"name\":\"Redacci\u00f3n QP\",\"@id\":\"https:\\\/\\\/quehacerpolitico.mx\\\/#\\\/schema\\\/person\\\/496d8ad2d1d3f8036101dca7ee39e585\"},\"headline\":\"M\u00e9xico arreglar\u00e1 conflicto acerero antes de firmar acuerdo con EU: Guajardo\",\"datePublished\":\"2018-09-06T18:34:49+00:00\",\"mainEntityOfPage\":{\"@id\":\"https:\\\/\\\/quehacerpolitico.mx\\\/?p=4000\"},\"wordCount\":427,\"commentCount\":0,\"image\":{\"@id\":\"https:\\\/\\\/quehacerpolitico.mx\\\/?p=4000#primaryimage\"},\"thumbnailUrl\":\"\",\"articleSection\":[\"Econom\u00eda\"],\"inLanguage\":\"es\",\"potentialAction\":[{\"@type\":\"CommentAction\",\"name\":\"Comment\",\"target\":[\"https:\\\/\\\/quehacerpolitico.mx\\\/?p=4000#respond\"]}]},{\"@type\":\"WebPage\",\"@id\":\"https:\\\/\\\/quehacerpolitico.mx\\\/?p=4000\",\"url\":\"https:\\\/\\\/quehacerpolitico.mx\\\/?p=4000\",\"name\":\"M\u00e9xico arreglar\u00e1 conflicto acerero antes de firmar acuerdo con EU: Guajardo -\",\"isPartOf\":{\"@id\":\"https:\\\/\\\/quehacerpolitico.mx\\\/#website\"},\"primaryImageOfPage\":{\"@id\":\"https:\\\/\\\/quehacerpolitico.mx\\\/?p=4000#primaryimage\"},\"image\":{\"@id\":\"https:\\\/\\\/quehacerpolitico.mx\\\/?p=4000#primaryimage\"},\"thumbnailUrl\":\"\",\"datePublished\":\"2018-09-06T18:34:49+00:00\",\"author\":{\"@id\":\"https:\\\/\\\/quehacerpolitico.mx\\\/#\\\/schema\\\/person\\\/496d8ad2d1d3f8036101dca7ee39e585\"},\"breadcrumb\":{\"@id\":\"https:\\\/\\\/quehacerpolitico.mx\\\/?p=4000#breadcrumb\"},\"inLanguage\":\"es\",\"potentialAction\":[{\"@type\":\"ReadAction\",\"target\":[\"https:\\\/\\\/quehacerpolitico.mx\\\/?p=4000\"]}]},{\"@type\":\"ImageObject\",\"inLanguage\":\"es\",\"@id\":\"https:\\\/\\\/quehacerpolitico.mx\\\/?p=4000#primaryimage\",\"url\":\"\",\"contentUrl\":\"\"},{\"@type\":\"BreadcrumbList\",\"@id\":\"https:\\\/\\\/quehacerpolitico.mx\\\/?p=4000#breadcrumb\",\"itemListElement\":[{\"@type\":\"ListItem\",\"position\":1,\"name\":\"Inicio\",\"item\":\"https:\\\/\\\/quehacerpolitico.mx\\\/\"},{\"@type\":\"ListItem\",\"position\":2,\"name\":\"M\u00e9xico arreglar\u00e1 conflicto acerero antes de firmar acuerdo con EU: Guajardo\"}]},{\"@type\":\"WebSite\",\"@id\":\"https:\\\/\\\/quehacerpolitico.mx\\\/#website\",\"url\":\"https:\\\/\\\/quehacerpolitico.mx\\\/\",\"name\":\"\",\"description\":\"\",\"potentialAction\":[{\"@type\":\"SearchAction\",\"target\":{\"@type\":\"EntryPoint\",\"urlTemplate\":\"https:\\\/\\\/quehacerpolitico.mx\\\/?s={search_term_string}\"},\"query-input\":{\"@type\":\"PropertyValueSpecification\",\"valueRequired\":true,\"valueName\":\"search_term_string\"}}],\"inLanguage\":\"es\"},{\"@type\":\"Person\",\"@id\":\"https:\\\/\\\/quehacerpolitico.mx\\\/#\\\/schema\\\/person\\\/496d8ad2d1d3f8036101dca7ee39e585\",\"name\":\"Redacci\u00f3n QP\",\"image\":{\"@type\":\"ImageObject\",\"inLanguage\":\"es\",\"@id\":\"https:\\\/\\\/secure.gravatar.com\\\/avatar\\\/c7164ed6fdec453195284ad24a5ae5b6e1eed2b848477fa2a4787ba9adf39a41?s=96&d=mm&r=g\",\"url\":\"https:\\\/\\\/secure.gravatar.com\\\/avatar\\\/c7164ed6fdec453195284ad24a5ae5b6e1eed2b848477fa2a4787ba9adf39a41?s=96&d=mm&r=g\",\"contentUrl\":\"https:\\\/\\\/secure.gravatar.com\\\/avatar\\\/c7164ed6fdec453195284ad24a5ae5b6e1eed2b848477fa2a4787ba9adf39a41?s=96&d=mm&r=g\",\"caption\":\"Redacci\u00f3n QP\"},\"url\":\"https:\\\/\\\/quehacerpolitico.mx\\\/?author=2\"}]}<\/script>\n<!-- \/ Yoast SEO plugin. -->","yoast_head_json":{"title":"M\u00e9xico arreglar\u00e1 conflicto acerero antes de firmar acuerdo con EU: Guajardo -","robots":{"index":"index","follow":"follow","max-snippet":"max-snippet:-1","max-image-preview":"max-image-preview:large","max-video-preview":"max-video-preview:-1"},"canonical":"https:\/\/quehacerpolitico.mx\/?p=4000","og_locale":"es_MX","og_type":"article","og_title":"M\u00e9xico arreglar\u00e1 conflicto acerero antes de firmar acuerdo con EU: Guajardo -","og_description":"Adelanta que tambi\u00e9n se protegi\u00f3 al sector automotriz en las exportaciones de veh\u00edculos a\u00fan y cuando EU imponga aranceles a dicho sector Por Redacci\u00f3n QP","og_url":"https:\/\/quehacerpolitico.mx\/?p=4000","article_published_time":"2018-09-06T18:34:49+00:00","author":"Redacci\u00f3n QP","twitter_card":"summary_large_image","twitter_misc":{"Escrito por":"Redacci\u00f3n QP","Tiempo de lectura":"2 minutos"},"schema":{"@context":"https:\/\/schema.org","@graph":[{"@type":"Article","@id":"https:\/\/quehacerpolitico.mx\/?p=4000#article","isPartOf":{"@id":"https:\/\/quehacerpolitico.mx\/?p=4000"},"author":{"name":"Redacci\u00f3n QP","@id":"https:\/\/quehacerpolitico.mx\/#\/schema\/person\/496d8ad2d1d3f8036101dca7ee39e585"},"headline":"M\u00e9xico arreglar\u00e1 conflicto acerero antes de firmar acuerdo con EU: Guajardo","datePublished":"2018-09-06T18:34:49+00:00","mainEntityOfPage":{"@id":"https:\/\/quehacerpolitico.mx\/?p=4000"},"wordCount":427,"commentCount":0,"image":{"@id":"https:\/\/quehacerpolitico.mx\/?p=4000#primaryimage"},"thumbnailUrl":"","articleSection":["Econom\u00eda"],"inLanguage":"es","potentialAction":[{"@type":"CommentAction","name":"Comment","target":["https:\/\/quehacerpolitico.mx\/?p=4000#respond"]}]},{"@type":"WebPage","@id":"https:\/\/quehacerpolitico.mx\/?p=4000","url":"https:\/\/quehacerpolitico.mx\/?p=4000","name":"M\u00e9xico arreglar\u00e1 conflicto acerero antes de firmar acuerdo con EU: Guajardo -","isPartOf":{"@id":"https:\/\/quehacerpolitico.mx\/#website"},"primaryImageOfPage":{"@id":"https:\/\/quehacerpolitico.mx\/?p=4000#primaryimage"},"image":{"@id":"https:\/\/quehacerpolitico.mx\/?p=4000#primaryimage"},"thumbnailUrl":"","datePublished":"2018-09-06T18:34:49+00:00","author":{"@id":"https:\/\/quehacerpolitico.mx\/#\/schema\/person\/496d8ad2d1d3f8036101dca7ee39e585"},"breadcrumb":{"@id":"https:\/\/quehacerpolitico.mx\/?p=4000#breadcrumb"},"inLanguage":"es","potentialAction":[{"@type":"ReadAction","target":["https:\/\/quehacerpolitico.mx\/?p=4000"]}]},{"@type":"ImageObject","inLanguage":"es","@id":"https:\/\/quehacerpolitico.mx\/?p=4000#primaryimage","url":"","contentUrl":""},{"@type":"BreadcrumbList","@id":"https:\/\/quehacerpolitico.mx\/?p=4000#breadcrumb","itemListElement":[{"@type":"ListItem","position":1,"name":"Inicio","item":"https:\/\/quehacerpolitico.mx\/"},{"@type":"ListItem","position":2,"name":"M\u00e9xico arreglar\u00e1 conflicto acerero antes de firmar acuerdo con EU: Guajardo"}]},{"@type":"WebSite","@id":"https:\/\/quehacerpolitico.mx\/#website","url":"https:\/\/quehacerpolitico.mx\/","name":"","description":"","potentialAction":[{"@type":"SearchAction","target":{"@type":"EntryPoint","urlTemplate":"https:\/\/quehacerpolitico.mx\/?s={search_term_string}"},"query-input":{"@type":"PropertyValueSpecification","valueRequired":true,"valueName":"search_term_string"}}],"inLanguage":"es"},{"@type":"Person","@id":"https:\/\/quehacerpolitico.mx\/#\/schema\/person\/496d8ad2d1d3f8036101dca7ee39e585","name":"Redacci\u00f3n QP","image":{"@type":"ImageObject","inLanguage":"es","@id":"https:\/\/secure.gravatar.com\/avatar\/c7164ed6fdec453195284ad24a5ae5b6e1eed2b848477fa2a4787ba9adf39a41?s=96&d=mm&r=g","url":"https:\/\/secure.gravatar.com\/avatar\/c7164ed6fdec453195284ad24a5ae5b6e1eed2b848477fa2a4787ba9adf39a41?s=96&d=mm&r=g","contentUrl":"https:\/\/secure.gravatar.com\/avatar\/c7164ed6fdec453195284ad24a5ae5b6e1eed2b848477fa2a4787ba9adf39a41?s=96&d=mm&r=g","caption":"Redacci\u00f3n QP"},"url":"https:\/\/quehacerpolitico.mx\/?author=2"}]}},"featured_image_urls":{"full":"","thumbnail":"","medium":"","medium_large":"","large":"","1536x1536":"","2048x2048":"","covernews-featured":"","covernews-medium":""},"author_info":{"display_name":"Redacci\u00f3n QP","author_link":"https:\/\/quehacerpolitico.mx\/?author=2"},"category_info":"<a href=\"https:\/\/quehacerpolitico.mx\/?cat=56\" rel=\"category\">Econom\u00eda<\/a>","tag_info":"Econom\u00eda","comment_count":"0","_links":{"self":[{"href":"https:\/\/quehacerpolitico.mx\/index.php?rest_route=\/wp\/v2\/posts\/4000","targetHints":{"allow":["GET"]}}],"collection":[{"href":"https:\/\/quehacerpolitico.mx\/index.php?rest_route=\/wp\/v2\/posts"}],"about":[{"href":"https:\/\/quehacerpolitico.mx\/index.php?rest_route=\/wp\/v2\/types\/post"}],"author":[{"embeddable":true,"href":"https:\/\/quehacerpolitico.mx\/index.php?rest_route=\/wp\/v2\/users\/2"}],"replies":[{"embeddable":true,"href":"https:\/\/quehacerpolitico.mx\/index.php?rest_route=%2Fwp%2Fv2%2Fcomments&post=4000"}],"version-history":[{"count":0,"href":"https:\/\/quehacerpolitico.mx\/index.php?rest_route=\/wp\/v2\/posts\/4000\/revisions"}],"wp:featuredmedia":[{"embeddable":true,"href":"https:\/\/quehacerpolitico.mx\/index.php?rest_route=\/"}],"wp:attachment":[{"href":"https:\/\/quehacerpolitico.mx\/index.php?rest_route=%2Fwp%2Fv2%2Fmedia&parent=4000"}],"wp:term":[{"taxonomy":"category","embeddable":true,"href":"https:\/\/quehacerpolitico.mx\/index.php?rest_route=%2Fwp%2Fv2%2Fcategories&post=4000"},{"taxonomy":"post_tag","embeddable":true,"href":"https:\/\/quehacerpolitico.mx\/index.php?rest_route=%2Fwp%2Fv2%2Ftags&post=4000"}],"curies":[{"name":"wp","href":"https:\/\/api.w.org\/{rel}","templated":true}]}}