{"id":39975,"date":"2019-10-01T15:35:02","date_gmt":"2019-10-01T15:35:02","guid":{"rendered":"http:\/\/quehacerpolitico.mx\/lopez-obrador-envia-terna-para-la-comision-reguladora-de-energia\/"},"modified":"2019-10-01T15:35:02","modified_gmt":"2019-10-01T15:35:02","slug":"lopez-obrador-envia-terna-para-la-comision-reguladora-de-energia","status":"publish","type":"post","link":"https:\/\/quehacerpolitico.mx\/?p=39975","title":{"rendered":"L\u00f3pez Obrador env\u00eda terna para la Comisi\u00f3n Reguladora de Energ\u00eda"},"content":{"rendered":"<h1 class=\"news-title\">L\u00f3pez Obrador env\u00eda terna para la Comisi\u00f3n Reguladora de Energ\u00eda<br \/>Por Redacci\u00f3n QP<\/h1>\n<p>El Mandatario propone a Alfonso L\u00f3pez Alvarado, Leopoldo Vicente Melchi Garc\u00eda y Mar\u00eda del Ros\u00edo Vargas Su\u00e1rez<\/p>\n<p>El Senado de la Rep\u00fablica recibi\u00f3 las propuestas para <strong>cubrir el cargo de presidente<\/strong> de la Comision Reguladora de Energ\u00eda\u00a0(CRE), que envi\u00f3 el Ejecutivo federal, Andr\u00e9s Manuel L\u00f3pez Obrador.<\/p>\n<p>Los nombres son: Alfonso L\u00f3pez Alvarado, Leopoldo Vicente Melchi Garc\u00eda y Mar\u00eda del Ros\u00edo Vargas Su\u00e1rez.<\/p>\n<p><strong>Alfonso L\u00f3pez Alvarado<\/strong> es ingeniero qu\u00edmico por la Universidad Michoacana de San Nicol\u00e1s de Hidalgo, cuenta con estudios de maestr\u00eda en Ingenier\u00eda Qu\u00edmica por la Universidad Nacional Aut\u00f3noma de M\u00e9xico (UNAM), as\u00ed como de maestr\u00eda en administraci\u00f3n por el Instituto Tecnol\u00f3gico Aut\u00f3nomo de M\u00e9xico.<\/p>\n<p>En tanto, <strong>Leopoldo Vicente Melchi Garc\u00eda <\/strong>es ingeniero qu\u00edmico por la Universidad Veracruzana y cuenta con diversos diplomados en administraci\u00f3n directiva D-2 por el Instituto Panamericano de Alta Direcci\u00f3n de Empresas, en instrumentos de pol\u00edtica ambiental y protecci\u00f3n ambiental por la Universidad Aut\u00f3noma Metropolitana (UAM), y en uso eficiente del agua y control de calidad por la UNAM.<\/p>\n<p><strong>Mar\u00eda del Ros\u00edo Vargas Su\u00e1rez<\/strong> es licenciada en Econom\u00eda por la UAM, doctora en ingenier\u00eda en energ\u00eda por la UNAM y maestra en econom\u00eda y pol\u00edtica internacional por el Centro de Investigaci\u00f3n y Docencia Econ\u00f3micas (CIDE). Actualmente realiza un posdoctorado en el Programa Universitario de Estudios de la UNAM.<\/p>\n<p>La presidencia de este organismo est\u00e1 <strong>ac\u00e9fala desde junio pasado<\/strong>, cuando Guillermo Garc\u00eda Alcocer renunci\u00f3 a este cargo.<\/p>\n<p>El Presidente L\u00f3pez Obrador tambi\u00e9n envi\u00f3 al Senado la propuestas para encabezar la <strong>Comisi\u00f3n Ejecutiva de Atenci\u00f3n a V\u00edctimas<\/strong>: Mara G\u00f3mez P\u00e9rez, Mar\u00eda de los \u00c1ngeles Haces Velasco y Melva Adriana Olvera Rodr\u00edguez.<\/p>\n<p>Con informaci\u00f3n de NTX\u00a0<\/p>\n","protected":false},"excerpt":{"rendered":"<p>L\u00f3pez Obrador env\u00eda terna para la Comisi\u00f3n Reguladora de Energ\u00eda<br \/>\nPor Redacci\u00f3n QP<\/p>\n","protected":false},"author":2,"featured_media":39974,"comment_status":"open","ping_status":"open","sticky":false,"template":"","format":"standard","meta":{"_monsterinsights_skip_tracking":false,"_monsterinsights_sitenote_active":false,"_monsterinsights_sitenote_note":"","_monsterinsights_sitenote_category":0,"footnotes":""},"categories":[2],"tags":[],"class_list":["post-39975","post","type-post","status-publish","format-standard","has-post-thumbnail","hentry","category-noticias"],"yoast_head":"<!-- This site is optimized with the Yoast SEO plugin v27.3 - https:\/\/yoast.com\/product\/yoast-seo-wordpress\/ -->\n<title>L\u00f3pez Obrador env\u00eda terna para la Comisi\u00f3n Reguladora de Energ\u00eda -<\/title>\n<meta name=\"robots\" content=\"index, follow, max-snippet:-1, max-image-preview:large, max-video-preview:-1\" \/>\n<link rel=\"canonical\" href=\"https:\/\/quehacerpolitico.mx\/?p=39975\" \/>\n<meta property=\"og:locale\" content=\"es_MX\" \/>\n<meta property=\"og:type\" content=\"article\" \/>\n<meta property=\"og:title\" content=\"L\u00f3pez Obrador env\u00eda terna para la Comisi\u00f3n Reguladora de Energ\u00eda -\" \/>\n<meta property=\"og:description\" content=\"L\u00f3pez Obrador env\u00eda terna para la Comisi\u00f3n Reguladora de Energ\u00eda Por Redacci\u00f3n QP\" \/>\n<meta property=\"og:url\" content=\"https:\/\/quehacerpolitico.mx\/?p=39975\" \/>\n<meta property=\"article:published_time\" content=\"2019-10-01T15:35:02+00:00\" \/>\n<meta name=\"author\" content=\"Redacci\u00f3n QP\" \/>\n<meta name=\"twitter:card\" content=\"summary_large_image\" \/>\n<meta name=\"twitter:label1\" content=\"Escrito por\" \/>\n\t<meta name=\"twitter:data1\" content=\"Redacci\u00f3n QP\" \/>\n\t<meta name=\"twitter:label2\" content=\"Tiempo de lectura\" \/>\n\t<meta name=\"twitter:data2\" content=\"2 minutos\" \/>\n<script type=\"application\/ld+json\" class=\"yoast-schema-graph\">{\"@context\":\"https:\\\/\\\/schema.org\",\"@graph\":[{\"@type\":\"Article\",\"@id\":\"https:\\\/\\\/quehacerpolitico.mx\\\/?p=39975#article\",\"isPartOf\":{\"@id\":\"https:\\\/\\\/quehacerpolitico.mx\\\/?p=39975\"},\"author\":{\"name\":\"Redacci\u00f3n QP\",\"@id\":\"https:\\\/\\\/quehacerpolitico.mx\\\/#\\\/schema\\\/person\\\/496d8ad2d1d3f8036101dca7ee39e585\"},\"headline\":\"L\u00f3pez Obrador env\u00eda terna para la Comisi\u00f3n Reguladora de Energ\u00eda\",\"datePublished\":\"2019-10-01T15:35:02+00:00\",\"mainEntityOfPage\":{\"@id\":\"https:\\\/\\\/quehacerpolitico.mx\\\/?p=39975\"},\"wordCount\":356,\"commentCount\":0,\"image\":{\"@id\":\"https:\\\/\\\/quehacerpolitico.mx\\\/?p=39975#primaryimage\"},\"thumbnailUrl\":\"\",\"articleSection\":[\"Noticias\"],\"inLanguage\":\"es\",\"potentialAction\":[{\"@type\":\"CommentAction\",\"name\":\"Comment\",\"target\":[\"https:\\\/\\\/quehacerpolitico.mx\\\/?p=39975#respond\"]}]},{\"@type\":\"WebPage\",\"@id\":\"https:\\\/\\\/quehacerpolitico.mx\\\/?p=39975\",\"url\":\"https:\\\/\\\/quehacerpolitico.mx\\\/?p=39975\",\"name\":\"L\u00f3pez Obrador env\u00eda terna para la Comisi\u00f3n Reguladora de Energ\u00eda -\",\"isPartOf\":{\"@id\":\"https:\\\/\\\/quehacerpolitico.mx\\\/#website\"},\"primaryImageOfPage\":{\"@id\":\"https:\\\/\\\/quehacerpolitico.mx\\\/?p=39975#primaryimage\"},\"image\":{\"@id\":\"https:\\\/\\\/quehacerpolitico.mx\\\/?p=39975#primaryimage\"},\"thumbnailUrl\":\"\",\"datePublished\":\"2019-10-01T15:35:02+00:00\",\"author\":{\"@id\":\"https:\\\/\\\/quehacerpolitico.mx\\\/#\\\/schema\\\/person\\\/496d8ad2d1d3f8036101dca7ee39e585\"},\"breadcrumb\":{\"@id\":\"https:\\\/\\\/quehacerpolitico.mx\\\/?p=39975#breadcrumb\"},\"inLanguage\":\"es\",\"potentialAction\":[{\"@type\":\"ReadAction\",\"target\":[\"https:\\\/\\\/quehacerpolitico.mx\\\/?p=39975\"]}]},{\"@type\":\"ImageObject\",\"inLanguage\":\"es\",\"@id\":\"https:\\\/\\\/quehacerpolitico.mx\\\/?p=39975#primaryimage\",\"url\":\"\",\"contentUrl\":\"\"},{\"@type\":\"BreadcrumbList\",\"@id\":\"https:\\\/\\\/quehacerpolitico.mx\\\/?p=39975#breadcrumb\",\"itemListElement\":[{\"@type\":\"ListItem\",\"position\":1,\"name\":\"Inicio\",\"item\":\"https:\\\/\\\/quehacerpolitico.mx\\\/\"},{\"@type\":\"ListItem\",\"position\":2,\"name\":\"L\u00f3pez Obrador env\u00eda terna para la Comisi\u00f3n Reguladora de Energ\u00eda\"}]},{\"@type\":\"WebSite\",\"@id\":\"https:\\\/\\\/quehacerpolitico.mx\\\/#website\",\"url\":\"https:\\\/\\\/quehacerpolitico.mx\\\/\",\"name\":\"\",\"description\":\"\",\"potentialAction\":[{\"@type\":\"SearchAction\",\"target\":{\"@type\":\"EntryPoint\",\"urlTemplate\":\"https:\\\/\\\/quehacerpolitico.mx\\\/?s={search_term_string}\"},\"query-input\":{\"@type\":\"PropertyValueSpecification\",\"valueRequired\":true,\"valueName\":\"search_term_string\"}}],\"inLanguage\":\"es\"},{\"@type\":\"Person\",\"@id\":\"https:\\\/\\\/quehacerpolitico.mx\\\/#\\\/schema\\\/person\\\/496d8ad2d1d3f8036101dca7ee39e585\",\"name\":\"Redacci\u00f3n QP\",\"image\":{\"@type\":\"ImageObject\",\"inLanguage\":\"es\",\"@id\":\"https:\\\/\\\/secure.gravatar.com\\\/avatar\\\/c7164ed6fdec453195284ad24a5ae5b6e1eed2b848477fa2a4787ba9adf39a41?s=96&d=mm&r=g\",\"url\":\"https:\\\/\\\/secure.gravatar.com\\\/avatar\\\/c7164ed6fdec453195284ad24a5ae5b6e1eed2b848477fa2a4787ba9adf39a41?s=96&d=mm&r=g\",\"contentUrl\":\"https:\\\/\\\/secure.gravatar.com\\\/avatar\\\/c7164ed6fdec453195284ad24a5ae5b6e1eed2b848477fa2a4787ba9adf39a41?s=96&d=mm&r=g\",\"caption\":\"Redacci\u00f3n QP\"},\"url\":\"https:\\\/\\\/quehacerpolitico.mx\\\/?author=2\"}]}<\/script>\n<!-- \/ Yoast SEO plugin. -->","yoast_head_json":{"title":"L\u00f3pez Obrador env\u00eda terna para la Comisi\u00f3n Reguladora de Energ\u00eda -","robots":{"index":"index","follow":"follow","max-snippet":"max-snippet:-1","max-image-preview":"max-image-preview:large","max-video-preview":"max-video-preview:-1"},"canonical":"https:\/\/quehacerpolitico.mx\/?p=39975","og_locale":"es_MX","og_type":"article","og_title":"L\u00f3pez Obrador env\u00eda terna para la Comisi\u00f3n Reguladora de Energ\u00eda -","og_description":"L\u00f3pez Obrador env\u00eda terna para la Comisi\u00f3n Reguladora de Energ\u00eda Por Redacci\u00f3n QP","og_url":"https:\/\/quehacerpolitico.mx\/?p=39975","article_published_time":"2019-10-01T15:35:02+00:00","author":"Redacci\u00f3n QP","twitter_card":"summary_large_image","twitter_misc":{"Escrito por":"Redacci\u00f3n QP","Tiempo de lectura":"2 minutos"},"schema":{"@context":"https:\/\/schema.org","@graph":[{"@type":"Article","@id":"https:\/\/quehacerpolitico.mx\/?p=39975#article","isPartOf":{"@id":"https:\/\/quehacerpolitico.mx\/?p=39975"},"author":{"name":"Redacci\u00f3n QP","@id":"https:\/\/quehacerpolitico.mx\/#\/schema\/person\/496d8ad2d1d3f8036101dca7ee39e585"},"headline":"L\u00f3pez Obrador env\u00eda terna para la Comisi\u00f3n Reguladora de Energ\u00eda","datePublished":"2019-10-01T15:35:02+00:00","mainEntityOfPage":{"@id":"https:\/\/quehacerpolitico.mx\/?p=39975"},"wordCount":356,"commentCount":0,"image":{"@id":"https:\/\/quehacerpolitico.mx\/?p=39975#primaryimage"},"thumbnailUrl":"","articleSection":["Noticias"],"inLanguage":"es","potentialAction":[{"@type":"CommentAction","name":"Comment","target":["https:\/\/quehacerpolitico.mx\/?p=39975#respond"]}]},{"@type":"WebPage","@id":"https:\/\/quehacerpolitico.mx\/?p=39975","url":"https:\/\/quehacerpolitico.mx\/?p=39975","name":"L\u00f3pez Obrador env\u00eda terna para la Comisi\u00f3n Reguladora de Energ\u00eda -","isPartOf":{"@id":"https:\/\/quehacerpolitico.mx\/#website"},"primaryImageOfPage":{"@id":"https:\/\/quehacerpolitico.mx\/?p=39975#primaryimage"},"image":{"@id":"https:\/\/quehacerpolitico.mx\/?p=39975#primaryimage"},"thumbnailUrl":"","datePublished":"2019-10-01T15:35:02+00:00","author":{"@id":"https:\/\/quehacerpolitico.mx\/#\/schema\/person\/496d8ad2d1d3f8036101dca7ee39e585"},"breadcrumb":{"@id":"https:\/\/quehacerpolitico.mx\/?p=39975#breadcrumb"},"inLanguage":"es","potentialAction":[{"@type":"ReadAction","target":["https:\/\/quehacerpolitico.mx\/?p=39975"]}]},{"@type":"ImageObject","inLanguage":"es","@id":"https:\/\/quehacerpolitico.mx\/?p=39975#primaryimage","url":"","contentUrl":""},{"@type":"BreadcrumbList","@id":"https:\/\/quehacerpolitico.mx\/?p=39975#breadcrumb","itemListElement":[{"@type":"ListItem","position":1,"name":"Inicio","item":"https:\/\/quehacerpolitico.mx\/"},{"@type":"ListItem","position":2,"name":"L\u00f3pez Obrador env\u00eda terna para la Comisi\u00f3n Reguladora de Energ\u00eda"}]},{"@type":"WebSite","@id":"https:\/\/quehacerpolitico.mx\/#website","url":"https:\/\/quehacerpolitico.mx\/","name":"","description":"","potentialAction":[{"@type":"SearchAction","target":{"@type":"EntryPoint","urlTemplate":"https:\/\/quehacerpolitico.mx\/?s={search_term_string}"},"query-input":{"@type":"PropertyValueSpecification","valueRequired":true,"valueName":"search_term_string"}}],"inLanguage":"es"},{"@type":"Person","@id":"https:\/\/quehacerpolitico.mx\/#\/schema\/person\/496d8ad2d1d3f8036101dca7ee39e585","name":"Redacci\u00f3n QP","image":{"@type":"ImageObject","inLanguage":"es","@id":"https:\/\/secure.gravatar.com\/avatar\/c7164ed6fdec453195284ad24a5ae5b6e1eed2b848477fa2a4787ba9adf39a41?s=96&d=mm&r=g","url":"https:\/\/secure.gravatar.com\/avatar\/c7164ed6fdec453195284ad24a5ae5b6e1eed2b848477fa2a4787ba9adf39a41?s=96&d=mm&r=g","contentUrl":"https:\/\/secure.gravatar.com\/avatar\/c7164ed6fdec453195284ad24a5ae5b6e1eed2b848477fa2a4787ba9adf39a41?s=96&d=mm&r=g","caption":"Redacci\u00f3n QP"},"url":"https:\/\/quehacerpolitico.mx\/?author=2"}]}},"featured_image_urls":{"full":"","thumbnail":"","medium":"","medium_large":"","large":"","1536x1536":"","2048x2048":"","covernews-featured":"","covernews-medium":""},"author_info":{"display_name":"Redacci\u00f3n QP","author_link":"https:\/\/quehacerpolitico.mx\/?author=2"},"category_info":"<a href=\"https:\/\/quehacerpolitico.mx\/?cat=2\" rel=\"category\">Noticias<\/a>","tag_info":"Noticias","comment_count":"0","_links":{"self":[{"href":"https:\/\/quehacerpolitico.mx\/index.php?rest_route=\/wp\/v2\/posts\/39975","targetHints":{"allow":["GET"]}}],"collection":[{"href":"https:\/\/quehacerpolitico.mx\/index.php?rest_route=\/wp\/v2\/posts"}],"about":[{"href":"https:\/\/quehacerpolitico.mx\/index.php?rest_route=\/wp\/v2\/types\/post"}],"author":[{"embeddable":true,"href":"https:\/\/quehacerpolitico.mx\/index.php?rest_route=\/wp\/v2\/users\/2"}],"replies":[{"embeddable":true,"href":"https:\/\/quehacerpolitico.mx\/index.php?rest_route=%2Fwp%2Fv2%2Fcomments&post=39975"}],"version-history":[{"count":0,"href":"https:\/\/quehacerpolitico.mx\/index.php?rest_route=\/wp\/v2\/posts\/39975\/revisions"}],"wp:featuredmedia":[{"embeddable":true,"href":"https:\/\/quehacerpolitico.mx\/index.php?rest_route=\/"}],"wp:attachment":[{"href":"https:\/\/quehacerpolitico.mx\/index.php?rest_route=%2Fwp%2Fv2%2Fmedia&parent=39975"}],"wp:term":[{"taxonomy":"category","embeddable":true,"href":"https:\/\/quehacerpolitico.mx\/index.php?rest_route=%2Fwp%2Fv2%2Fcategories&post=39975"},{"taxonomy":"post_tag","embeddable":true,"href":"https:\/\/quehacerpolitico.mx\/index.php?rest_route=%2Fwp%2Fv2%2Ftags&post=39975"}],"curies":[{"name":"wp","href":"https:\/\/api.w.org\/{rel}","templated":true}]}}