{"id":39941,"date":"2019-10-01T13:29:07","date_gmt":"2019-10-01T13:29:07","guid":{"rendered":"http:\/\/quehacerpolitico.mx\/voces-del-periodista-desde-filomeno-mata-8-mouris-salloum-george-economia-socialmente-productiva-cenicienta-2020\/"},"modified":"2019-10-01T13:29:07","modified_gmt":"2019-10-01T13:29:07","slug":"voces-del-periodista-desde-filomeno-mata-8-mouris-salloum-george-economia-socialmente-productiva-cenicienta-2020","status":"publish","type":"post","link":"https:\/\/quehacerpolitico.mx\/?p=39941","title":{"rendered":"Voces del Periodista Desde Filomeno Mata 8\/\/\/Mouris Salloum George\/\/\/Econom\u00eda socialmente productiva, Cenicienta 2020"},"content":{"rendered":"<h1 class=\"entry-title penci-entry-title penci-title-\">Econom\u00eda socialmente productiva, Cenicienta 2020<br \/>Por Mouris Salloum George<br \/>Director General del Club de Periodistas de M\u00e9xico AC<\/h1>\n<p>\u00bfQu\u00e9 bien le rinde al consumidor mexicano que existan 67 empresas semilleras que producen <strong>380 variedades de ma\u00edz h\u00edbrido<\/strong> y que, en regiones ind\u00edgenas del sureste, la vocaci\u00f3n de las tierras se incline por las variedades <strong><em>criollas<\/em><\/strong>, si la <strong>soberan\u00eda alimentaria <\/strong>s\u00f3lo se retrata en lontananza en los boletines oficiales?<\/p>\n<p>En ese paisaje predominan dos cuadros: Las <strong><em>trasnacionales de los transg\u00e9nicos <\/em><\/strong>siguen burlando normas prohibitivas y el mercado nacional sigue siendo <strong><em>el mayor importador del mundo de la gram\u00ednea<\/em><\/strong>, cuyo territorio seminal es Am\u00e9rica y especialmente M\u00e9xico.<\/p>\n<p>Contra los <strong><em>buenos prop\u00f3sitos<\/em><\/strong> conspiran dos hechos: El Presupuesto de Egresos de la Federaci\u00f3n sigue tratando a la sociedad rural como una <strong><em>Cenicienta <\/em><\/strong>ya pasadita de a\u00f1os y los programas de \u201cfomento\u201d de la secretar\u00eda del ramo, con visi\u00f3n gerencial, arropa de preferencia a la <strong>agricultura comercial <\/strong>que, obviamente, se basa en la multiplicaci\u00f3n de las ganancias.<\/p>\n<p><strong>En monta\u00f1as del sur, 3 toneladas; en los valles del norte hasta 20<\/strong><\/p>\n<p>El <strong>contraste<\/strong>: En el sur-sureste, el uso de semillas criollas en la producci\u00f3n de ma\u00edz apenas alcanza para cosechar <strong>tres toneladas<\/strong> por hect\u00e1rea; en los valles del noroeste, donde el productor dispone de cr\u00e9ditos oportunos, semillas h\u00edbridas, de riego y de tecnolog\u00eda de \u00faltima generaci\u00f3n, el rendimiento es de entre <strong>16 y 20 toneladas por hect\u00e1rea-ciclo<\/strong>.<\/p>\n<p>En el primer caso, todav\u00eda se habla de agricultura de <strong><em>subsistencia familiar<\/em><\/strong>; en el segundo, los excedentes se destinan a la fabricaci\u00f3n de harinas con efectos de gravamen en los precios al consumidor \u00faltimo, sin garantizar siquiera que los procesados tomen en cuenta <strong>la salud en su ingesta<\/strong>.<\/p>\n<p>Esa deprimente pel\u00edcula volvi\u00f3 a exhibirse, entre la cr\u00f3nica cultural y la realidad, entre los que <strong><em>cultivan esperanzas <\/em><\/strong>en la autosuficiencia alimentaria y el justo pero deso\u00eddo clamor de los excluidos en las pol\u00edticas p\u00fablicas, en ocasi\u00f3n del <strong>D\u00eda Nacional del Ma\u00edz<\/strong>, promovido ayer, entre otras, por la organizaci\u00f3n no gubernamental <strong><em>Sin ma\u00edz no hay pa\u00eds<\/em><\/strong>, que <em>tom\u00f3 <\/em>el z\u00f3calo metropolitano y las plazas p\u00fablicas de los estados para hacer escuchar su voz ante las representaciones de la <strong>4T<\/strong>.<\/p>\n<p><strong>Lo cierto es el compromiso de comprar m\u00e1s a granjeros gringos<\/strong><\/p>\n<p>Ya puede instituirse el d\u00eda del frijol, del arroz, de la papa, el chile o la cebolla y darse la biograf\u00eda de cada variedad alimenticia y sus propiedades nutricionales. Seguimos d\u00e1ndole vueltas a la noria y gastando divisas extranjeras para pagar las crecientes importaciones de esos productos.<\/p>\n<p>Los de la 4T intervinieron en algunas de esas movilizaciones, pero los de la Secretaria de Agricultura y Desarrollo Social callaron ante el anuncio de <strong>Donald Trump <\/strong>de que, en la firma del T-MEC<strong>, <\/strong>M\u00e9xico se ha comprometido a elevar sustancialmente las compras de agropecuarios a <strong>subsidiados granjeros estadunidenses<\/strong>.<\/p>\n<p>Hace falta, pues, pasar del <strong><em>folclor<\/em><\/strong> a la ejecuci\u00f3n de pol\u00edticas que impulsen, de veras, la <strong>econom\u00eda rural socialmente productiva<\/strong>. Sobre esta asignatura pendiente, no veremos se\u00f1ales en 2020, seg\u00fan la lectura del Presupuesto de Egresos.<\/p>\n","protected":false},"excerpt":{"rendered":"<p>Econom\u00eda socialmente productiva, Cenicienta 2020<br \/>\nPor Mouris Salloum George<br \/>\nDirector General del Club de Periodistas de M\u00e9xico AC<\/p>\n","protected":false},"author":2,"featured_media":39940,"comment_status":"open","ping_status":"open","sticky":false,"template":"","format":"standard","meta":{"_monsterinsights_skip_tracking":false,"_monsterinsights_sitenote_active":false,"_monsterinsights_sitenote_note":"","_monsterinsights_sitenote_category":0,"footnotes":""},"categories":[2],"tags":[],"class_list":["post-39941","post","type-post","status-publish","format-standard","has-post-thumbnail","hentry","category-noticias"],"yoast_head":"<!-- This site is optimized with the Yoast SEO plugin v27.3 - https:\/\/yoast.com\/product\/yoast-seo-wordpress\/ -->\n<title>Voces del Periodista Desde Filomeno Mata 8\/\/\/Mouris Salloum George\/\/\/Econom\u00eda socialmente productiva, Cenicienta 2020 -<\/title>\n<meta name=\"robots\" content=\"index, follow, max-snippet:-1, max-image-preview:large, max-video-preview:-1\" \/>\n<link rel=\"canonical\" href=\"https:\/\/quehacerpolitico.mx\/?p=39941\" \/>\n<meta property=\"og:locale\" content=\"es_MX\" \/>\n<meta property=\"og:type\" content=\"article\" \/>\n<meta property=\"og:title\" content=\"Voces del Periodista Desde Filomeno Mata 8\/\/\/Mouris Salloum George\/\/\/Econom\u00eda socialmente productiva, Cenicienta 2020 -\" \/>\n<meta property=\"og:description\" content=\"Econom\u00eda socialmente productiva, Cenicienta 2020 Por Mouris Salloum George Director General del Club de Periodistas de M\u00e9xico AC\" \/>\n<meta property=\"og:url\" content=\"https:\/\/quehacerpolitico.mx\/?p=39941\" \/>\n<meta property=\"article:published_time\" content=\"2019-10-01T13:29:07+00:00\" \/>\n<meta name=\"author\" content=\"Redacci\u00f3n QP\" \/>\n<meta name=\"twitter:card\" content=\"summary_large_image\" \/>\n<meta name=\"twitter:label1\" content=\"Escrito por\" \/>\n\t<meta name=\"twitter:data1\" content=\"Redacci\u00f3n QP\" \/>\n\t<meta name=\"twitter:label2\" content=\"Tiempo de lectura\" \/>\n\t<meta name=\"twitter:data2\" content=\"3 minutos\" \/>\n<script type=\"application\/ld+json\" class=\"yoast-schema-graph\">{\"@context\":\"https:\\\/\\\/schema.org\",\"@graph\":[{\"@type\":\"Article\",\"@id\":\"https:\\\/\\\/quehacerpolitico.mx\\\/?p=39941#article\",\"isPartOf\":{\"@id\":\"https:\\\/\\\/quehacerpolitico.mx\\\/?p=39941\"},\"author\":{\"name\":\"Redacci\u00f3n QP\",\"@id\":\"https:\\\/\\\/quehacerpolitico.mx\\\/#\\\/schema\\\/person\\\/496d8ad2d1d3f8036101dca7ee39e585\"},\"headline\":\"Voces del Periodista Desde Filomeno Mata 8\\\/\\\/\\\/Mouris Salloum George\\\/\\\/\\\/Econom\u00eda socialmente productiva, Cenicienta 2020\",\"datePublished\":\"2019-10-01T13:29:07+00:00\",\"mainEntityOfPage\":{\"@id\":\"https:\\\/\\\/quehacerpolitico.mx\\\/?p=39941\"},\"wordCount\":558,\"commentCount\":0,\"image\":{\"@id\":\"https:\\\/\\\/quehacerpolitico.mx\\\/?p=39941#primaryimage\"},\"thumbnailUrl\":\"\",\"articleSection\":[\"Noticias\"],\"inLanguage\":\"es\",\"potentialAction\":[{\"@type\":\"CommentAction\",\"name\":\"Comment\",\"target\":[\"https:\\\/\\\/quehacerpolitico.mx\\\/?p=39941#respond\"]}]},{\"@type\":\"WebPage\",\"@id\":\"https:\\\/\\\/quehacerpolitico.mx\\\/?p=39941\",\"url\":\"https:\\\/\\\/quehacerpolitico.mx\\\/?p=39941\",\"name\":\"Voces del Periodista Desde Filomeno Mata 8\\\/\\\/\\\/Mouris Salloum George\\\/\\\/\\\/Econom\u00eda socialmente productiva, Cenicienta 2020 -\",\"isPartOf\":{\"@id\":\"https:\\\/\\\/quehacerpolitico.mx\\\/#website\"},\"primaryImageOfPage\":{\"@id\":\"https:\\\/\\\/quehacerpolitico.mx\\\/?p=39941#primaryimage\"},\"image\":{\"@id\":\"https:\\\/\\\/quehacerpolitico.mx\\\/?p=39941#primaryimage\"},\"thumbnailUrl\":\"\",\"datePublished\":\"2019-10-01T13:29:07+00:00\",\"author\":{\"@id\":\"https:\\\/\\\/quehacerpolitico.mx\\\/#\\\/schema\\\/person\\\/496d8ad2d1d3f8036101dca7ee39e585\"},\"breadcrumb\":{\"@id\":\"https:\\\/\\\/quehacerpolitico.mx\\\/?p=39941#breadcrumb\"},\"inLanguage\":\"es\",\"potentialAction\":[{\"@type\":\"ReadAction\",\"target\":[\"https:\\\/\\\/quehacerpolitico.mx\\\/?p=39941\"]}]},{\"@type\":\"ImageObject\",\"inLanguage\":\"es\",\"@id\":\"https:\\\/\\\/quehacerpolitico.mx\\\/?p=39941#primaryimage\",\"url\":\"\",\"contentUrl\":\"\"},{\"@type\":\"BreadcrumbList\",\"@id\":\"https:\\\/\\\/quehacerpolitico.mx\\\/?p=39941#breadcrumb\",\"itemListElement\":[{\"@type\":\"ListItem\",\"position\":1,\"name\":\"Inicio\",\"item\":\"https:\\\/\\\/quehacerpolitico.mx\\\/\"},{\"@type\":\"ListItem\",\"position\":2,\"name\":\"Voces del Periodista Desde Filomeno Mata 8\\\/\\\/\\\/Mouris Salloum George\\\/\\\/\\\/Econom\u00eda socialmente productiva, Cenicienta 2020\"}]},{\"@type\":\"WebSite\",\"@id\":\"https:\\\/\\\/quehacerpolitico.mx\\\/#website\",\"url\":\"https:\\\/\\\/quehacerpolitico.mx\\\/\",\"name\":\"\",\"description\":\"\",\"potentialAction\":[{\"@type\":\"SearchAction\",\"target\":{\"@type\":\"EntryPoint\",\"urlTemplate\":\"https:\\\/\\\/quehacerpolitico.mx\\\/?s={search_term_string}\"},\"query-input\":{\"@type\":\"PropertyValueSpecification\",\"valueRequired\":true,\"valueName\":\"search_term_string\"}}],\"inLanguage\":\"es\"},{\"@type\":\"Person\",\"@id\":\"https:\\\/\\\/quehacerpolitico.mx\\\/#\\\/schema\\\/person\\\/496d8ad2d1d3f8036101dca7ee39e585\",\"name\":\"Redacci\u00f3n QP\",\"image\":{\"@type\":\"ImageObject\",\"inLanguage\":\"es\",\"@id\":\"https:\\\/\\\/secure.gravatar.com\\\/avatar\\\/c7164ed6fdec453195284ad24a5ae5b6e1eed2b848477fa2a4787ba9adf39a41?s=96&d=mm&r=g\",\"url\":\"https:\\\/\\\/secure.gravatar.com\\\/avatar\\\/c7164ed6fdec453195284ad24a5ae5b6e1eed2b848477fa2a4787ba9adf39a41?s=96&d=mm&r=g\",\"contentUrl\":\"https:\\\/\\\/secure.gravatar.com\\\/avatar\\\/c7164ed6fdec453195284ad24a5ae5b6e1eed2b848477fa2a4787ba9adf39a41?s=96&d=mm&r=g\",\"caption\":\"Redacci\u00f3n QP\"},\"url\":\"https:\\\/\\\/quehacerpolitico.mx\\\/?author=2\"}]}<\/script>\n<!-- \/ Yoast SEO plugin. -->","yoast_head_json":{"title":"Voces del Periodista Desde Filomeno Mata 8\/\/\/Mouris Salloum George\/\/\/Econom\u00eda socialmente productiva, Cenicienta 2020 -","robots":{"index":"index","follow":"follow","max-snippet":"max-snippet:-1","max-image-preview":"max-image-preview:large","max-video-preview":"max-video-preview:-1"},"canonical":"https:\/\/quehacerpolitico.mx\/?p=39941","og_locale":"es_MX","og_type":"article","og_title":"Voces del Periodista Desde Filomeno Mata 8\/\/\/Mouris Salloum George\/\/\/Econom\u00eda socialmente productiva, Cenicienta 2020 -","og_description":"Econom\u00eda socialmente productiva, Cenicienta 2020 Por Mouris Salloum George Director General del Club de Periodistas de M\u00e9xico AC","og_url":"https:\/\/quehacerpolitico.mx\/?p=39941","article_published_time":"2019-10-01T13:29:07+00:00","author":"Redacci\u00f3n QP","twitter_card":"summary_large_image","twitter_misc":{"Escrito por":"Redacci\u00f3n QP","Tiempo de lectura":"3 minutos"},"schema":{"@context":"https:\/\/schema.org","@graph":[{"@type":"Article","@id":"https:\/\/quehacerpolitico.mx\/?p=39941#article","isPartOf":{"@id":"https:\/\/quehacerpolitico.mx\/?p=39941"},"author":{"name":"Redacci\u00f3n QP","@id":"https:\/\/quehacerpolitico.mx\/#\/schema\/person\/496d8ad2d1d3f8036101dca7ee39e585"},"headline":"Voces del Periodista Desde Filomeno Mata 8\/\/\/Mouris Salloum George\/\/\/Econom\u00eda socialmente productiva, Cenicienta 2020","datePublished":"2019-10-01T13:29:07+00:00","mainEntityOfPage":{"@id":"https:\/\/quehacerpolitico.mx\/?p=39941"},"wordCount":558,"commentCount":0,"image":{"@id":"https:\/\/quehacerpolitico.mx\/?p=39941#primaryimage"},"thumbnailUrl":"","articleSection":["Noticias"],"inLanguage":"es","potentialAction":[{"@type":"CommentAction","name":"Comment","target":["https:\/\/quehacerpolitico.mx\/?p=39941#respond"]}]},{"@type":"WebPage","@id":"https:\/\/quehacerpolitico.mx\/?p=39941","url":"https:\/\/quehacerpolitico.mx\/?p=39941","name":"Voces del Periodista Desde Filomeno Mata 8\/\/\/Mouris Salloum George\/\/\/Econom\u00eda socialmente productiva, Cenicienta 2020 -","isPartOf":{"@id":"https:\/\/quehacerpolitico.mx\/#website"},"primaryImageOfPage":{"@id":"https:\/\/quehacerpolitico.mx\/?p=39941#primaryimage"},"image":{"@id":"https:\/\/quehacerpolitico.mx\/?p=39941#primaryimage"},"thumbnailUrl":"","datePublished":"2019-10-01T13:29:07+00:00","author":{"@id":"https:\/\/quehacerpolitico.mx\/#\/schema\/person\/496d8ad2d1d3f8036101dca7ee39e585"},"breadcrumb":{"@id":"https:\/\/quehacerpolitico.mx\/?p=39941#breadcrumb"},"inLanguage":"es","potentialAction":[{"@type":"ReadAction","target":["https:\/\/quehacerpolitico.mx\/?p=39941"]}]},{"@type":"ImageObject","inLanguage":"es","@id":"https:\/\/quehacerpolitico.mx\/?p=39941#primaryimage","url":"","contentUrl":""},{"@type":"BreadcrumbList","@id":"https:\/\/quehacerpolitico.mx\/?p=39941#breadcrumb","itemListElement":[{"@type":"ListItem","position":1,"name":"Inicio","item":"https:\/\/quehacerpolitico.mx\/"},{"@type":"ListItem","position":2,"name":"Voces del Periodista Desde Filomeno Mata 8\/\/\/Mouris Salloum George\/\/\/Econom\u00eda socialmente productiva, Cenicienta 2020"}]},{"@type":"WebSite","@id":"https:\/\/quehacerpolitico.mx\/#website","url":"https:\/\/quehacerpolitico.mx\/","name":"","description":"","potentialAction":[{"@type":"SearchAction","target":{"@type":"EntryPoint","urlTemplate":"https:\/\/quehacerpolitico.mx\/?s={search_term_string}"},"query-input":{"@type":"PropertyValueSpecification","valueRequired":true,"valueName":"search_term_string"}}],"inLanguage":"es"},{"@type":"Person","@id":"https:\/\/quehacerpolitico.mx\/#\/schema\/person\/496d8ad2d1d3f8036101dca7ee39e585","name":"Redacci\u00f3n QP","image":{"@type":"ImageObject","inLanguage":"es","@id":"https:\/\/secure.gravatar.com\/avatar\/c7164ed6fdec453195284ad24a5ae5b6e1eed2b848477fa2a4787ba9adf39a41?s=96&d=mm&r=g","url":"https:\/\/secure.gravatar.com\/avatar\/c7164ed6fdec453195284ad24a5ae5b6e1eed2b848477fa2a4787ba9adf39a41?s=96&d=mm&r=g","contentUrl":"https:\/\/secure.gravatar.com\/avatar\/c7164ed6fdec453195284ad24a5ae5b6e1eed2b848477fa2a4787ba9adf39a41?s=96&d=mm&r=g","caption":"Redacci\u00f3n QP"},"url":"https:\/\/quehacerpolitico.mx\/?author=2"}]}},"featured_image_urls":{"full":"","thumbnail":"","medium":"","medium_large":"","large":"","1536x1536":"","2048x2048":"","covernews-featured":"","covernews-medium":""},"author_info":{"display_name":"Redacci\u00f3n QP","author_link":"https:\/\/quehacerpolitico.mx\/?author=2"},"category_info":"<a href=\"https:\/\/quehacerpolitico.mx\/?cat=2\" rel=\"category\">Noticias<\/a>","tag_info":"Noticias","comment_count":"0","_links":{"self":[{"href":"https:\/\/quehacerpolitico.mx\/index.php?rest_route=\/wp\/v2\/posts\/39941","targetHints":{"allow":["GET"]}}],"collection":[{"href":"https:\/\/quehacerpolitico.mx\/index.php?rest_route=\/wp\/v2\/posts"}],"about":[{"href":"https:\/\/quehacerpolitico.mx\/index.php?rest_route=\/wp\/v2\/types\/post"}],"author":[{"embeddable":true,"href":"https:\/\/quehacerpolitico.mx\/index.php?rest_route=\/wp\/v2\/users\/2"}],"replies":[{"embeddable":true,"href":"https:\/\/quehacerpolitico.mx\/index.php?rest_route=%2Fwp%2Fv2%2Fcomments&post=39941"}],"version-history":[{"count":0,"href":"https:\/\/quehacerpolitico.mx\/index.php?rest_route=\/wp\/v2\/posts\/39941\/revisions"}],"wp:featuredmedia":[{"embeddable":true,"href":"https:\/\/quehacerpolitico.mx\/index.php?rest_route=\/"}],"wp:attachment":[{"href":"https:\/\/quehacerpolitico.mx\/index.php?rest_route=%2Fwp%2Fv2%2Fmedia&parent=39941"}],"wp:term":[{"taxonomy":"category","embeddable":true,"href":"https:\/\/quehacerpolitico.mx\/index.php?rest_route=%2Fwp%2Fv2%2Fcategories&post=39941"},{"taxonomy":"post_tag","embeddable":true,"href":"https:\/\/quehacerpolitico.mx\/index.php?rest_route=%2Fwp%2Fv2%2Ftags&post=39941"}],"curies":[{"name":"wp","href":"https:\/\/api.w.org\/{rel}","templated":true}]}}