{"id":3994,"date":"2018-09-06T18:12:40","date_gmt":"2018-09-06T18:12:40","guid":{"rendered":"http:\/\/quehacerpolitico.mx\/recibe-gobierno-de-huixquilucan-encabezado-por-enrique-vargas-del-villar-premio-por-finanzas-sanas\/"},"modified":"2018-09-06T18:12:40","modified_gmt":"2018-09-06T18:12:40","slug":"recibe-gobierno-de-huixquilucan-encabezado-por-enrique-vargas-del-villar-premio-por-finanzas-sanas","status":"publish","type":"post","link":"https:\/\/quehacerpolitico.mx\/?p=3994","title":{"rendered":"RECIBE GOBIERNO DE HUIXQUILUCAN ENCABEZADO POR ENRIQUE VARGAS DEL VILLAR PREMIO POR FINANZAS SANAS"},"content":{"rendered":"<p class=\"yiv5206525219MsoNormal\">Por aplicar pol\u00edticas de austeridad, contenci\u00f3n del gasto, reforzamiento del ingreso propio y reducci\u00f3n de la deuda p\u00fablica, entre otros aspectos, el gobierno de Huixquilucan, encabezado por Enrique Vargas del Villar, recibi\u00f3 el reconocimiento en la categor\u00eda de Finanzas Sanas, que le otorg\u00f3 la revista Alcaldes de M\u00e9xico durante la octava entrega de premios a las Mejores Pr\u00e1cticas de Gobiernos Locales.<\/p>\n<p class=\"yiv5206525219MsoNormal\">El edil de Huixquilucan, resalt\u00f3 que el premio otorgado, es producto del trabajo en equipo, en el que la suma de esfuerzos ha tenido resultados positivos que est\u00e1n a la vista de todos.<\/p>\n<p class=\"yiv5206525219MsoNormal\">Vargas del Villar destac\u00f3, que por segunda ocasi\u00f3n el municipio recibe un premio por buenas pr\u00e1cticas de gobiernos locales. &#8220;En esta ocasi\u00f3n fue por finanzas sanas, lo que me llena de orgullo, porque lo que se est\u00e1 haciendo en Huixquilucan trasciende al resto del pa\u00eds&#8221;.<\/p>\n<p class=\"yiv5206525219MsoNormal\">Record\u00f3 que por dos a\u00f1os consecutivos, la calificadora Fitch Ratings increment\u00f3 la evaluaci\u00f3n financiera del municipio, para quedar en A-; en tanto que la valoraci\u00f3n de HR Ratings pas\u00f3 de R BBB+ a HR A-, como resultado del adecuado comportamiento financiero en los \u00faltimos dos a\u00f1os.<\/p>\n<p class=\"yiv5206525219MsoNormal\">Enrique Vargas mencion\u00f3, que a lo largo de su administraci\u00f3n, ha cambiado la forma de manejar los recursos p\u00fablicos, muestra de ello es el pago de m\u00e1s de 500 millones a la deuda heredada, sin adquirir d\u00e9bito nuevo.<\/p>\n<p class=\"yiv5206525219MsoNormal\"><span id=\"yMail_cursorElementTracker_1536255542271\">Puntualiz\u00f3, que la totalidad de las obras p\u00fablicas entregadas, han sido pagadas al 100 por ciento, por lo que los huixquiluquenses pueden estar seguros, que la administraci\u00f3n municipal maneja responsablemente el presupuesto.<\/span><\/p>\n","protected":false},"excerpt":{"rendered":"<p>RECIBE GOBIERNO DE HUIXQUILUCAN ENCABEZADO POR ENRIQUE VARGAS DEL VILLAR PREMIO POR FINANZAS SANAS<br \/>\nPor Redacci\u00f3n QP<\/p>\n","protected":false},"author":2,"featured_media":3993,"comment_status":"open","ping_status":"open","sticky":false,"template":"","format":"standard","meta":{"_monsterinsights_skip_tracking":false,"_monsterinsights_sitenote_active":false,"_monsterinsights_sitenote_note":"","_monsterinsights_sitenote_category":0,"footnotes":""},"categories":[2],"tags":[],"class_list":["post-3994","post","type-post","status-publish","format-standard","has-post-thumbnail","hentry","category-noticias"],"yoast_head":"<!-- This site is optimized with the Yoast SEO plugin v27.3 - https:\/\/yoast.com\/product\/yoast-seo-wordpress\/ -->\n<title>RECIBE GOBIERNO DE HUIXQUILUCAN ENCABEZADO POR ENRIQUE VARGAS DEL VILLAR PREMIO POR FINANZAS SANAS -<\/title>\n<meta name=\"robots\" content=\"index, follow, max-snippet:-1, max-image-preview:large, max-video-preview:-1\" \/>\n<link rel=\"canonical\" href=\"https:\/\/quehacerpolitico.mx\/?p=3994\" \/>\n<meta property=\"og:locale\" content=\"es_MX\" \/>\n<meta property=\"og:type\" content=\"article\" \/>\n<meta property=\"og:title\" content=\"RECIBE GOBIERNO DE HUIXQUILUCAN ENCABEZADO POR ENRIQUE VARGAS DEL VILLAR PREMIO POR FINANZAS SANAS -\" \/>\n<meta property=\"og:description\" content=\"RECIBE GOBIERNO DE HUIXQUILUCAN ENCABEZADO POR ENRIQUE VARGAS DEL VILLAR PREMIO POR FINANZAS SANAS Por Redacci\u00f3n QP\" \/>\n<meta property=\"og:url\" content=\"https:\/\/quehacerpolitico.mx\/?p=3994\" \/>\n<meta property=\"article:published_time\" content=\"2018-09-06T18:12:40+00:00\" \/>\n<meta name=\"author\" content=\"Redacci\u00f3n QP\" \/>\n<meta name=\"twitter:card\" content=\"summary_large_image\" \/>\n<meta name=\"twitter:label1\" content=\"Escrito por\" \/>\n\t<meta name=\"twitter:data1\" content=\"Redacci\u00f3n QP\" \/>\n\t<meta name=\"twitter:label2\" content=\"Tiempo de lectura\" \/>\n\t<meta name=\"twitter:data2\" content=\"1 minuto\" \/>\n<script type=\"application\/ld+json\" class=\"yoast-schema-graph\">{\"@context\":\"https:\\\/\\\/schema.org\",\"@graph\":[{\"@type\":\"Article\",\"@id\":\"https:\\\/\\\/quehacerpolitico.mx\\\/?p=3994#article\",\"isPartOf\":{\"@id\":\"https:\\\/\\\/quehacerpolitico.mx\\\/?p=3994\"},\"author\":{\"name\":\"Redacci\u00f3n QP\",\"@id\":\"https:\\\/\\\/quehacerpolitico.mx\\\/#\\\/schema\\\/person\\\/496d8ad2d1d3f8036101dca7ee39e585\"},\"headline\":\"RECIBE GOBIERNO DE HUIXQUILUCAN ENCABEZADO POR ENRIQUE VARGAS DEL VILLAR PREMIO POR FINANZAS SANAS\",\"datePublished\":\"2018-09-06T18:12:40+00:00\",\"mainEntityOfPage\":{\"@id\":\"https:\\\/\\\/quehacerpolitico.mx\\\/?p=3994\"},\"wordCount\":289,\"commentCount\":0,\"image\":{\"@id\":\"https:\\\/\\\/quehacerpolitico.mx\\\/?p=3994#primaryimage\"},\"thumbnailUrl\":\"\",\"articleSection\":[\"Noticias\"],\"inLanguage\":\"es\",\"potentialAction\":[{\"@type\":\"CommentAction\",\"name\":\"Comment\",\"target\":[\"https:\\\/\\\/quehacerpolitico.mx\\\/?p=3994#respond\"]}]},{\"@type\":\"WebPage\",\"@id\":\"https:\\\/\\\/quehacerpolitico.mx\\\/?p=3994\",\"url\":\"https:\\\/\\\/quehacerpolitico.mx\\\/?p=3994\",\"name\":\"RECIBE GOBIERNO DE HUIXQUILUCAN ENCABEZADO POR ENRIQUE VARGAS DEL VILLAR PREMIO POR FINANZAS SANAS -\",\"isPartOf\":{\"@id\":\"https:\\\/\\\/quehacerpolitico.mx\\\/#website\"},\"primaryImageOfPage\":{\"@id\":\"https:\\\/\\\/quehacerpolitico.mx\\\/?p=3994#primaryimage\"},\"image\":{\"@id\":\"https:\\\/\\\/quehacerpolitico.mx\\\/?p=3994#primaryimage\"},\"thumbnailUrl\":\"\",\"datePublished\":\"2018-09-06T18:12:40+00:00\",\"author\":{\"@id\":\"https:\\\/\\\/quehacerpolitico.mx\\\/#\\\/schema\\\/person\\\/496d8ad2d1d3f8036101dca7ee39e585\"},\"breadcrumb\":{\"@id\":\"https:\\\/\\\/quehacerpolitico.mx\\\/?p=3994#breadcrumb\"},\"inLanguage\":\"es\",\"potentialAction\":[{\"@type\":\"ReadAction\",\"target\":[\"https:\\\/\\\/quehacerpolitico.mx\\\/?p=3994\"]}]},{\"@type\":\"ImageObject\",\"inLanguage\":\"es\",\"@id\":\"https:\\\/\\\/quehacerpolitico.mx\\\/?p=3994#primaryimage\",\"url\":\"\",\"contentUrl\":\"\"},{\"@type\":\"BreadcrumbList\",\"@id\":\"https:\\\/\\\/quehacerpolitico.mx\\\/?p=3994#breadcrumb\",\"itemListElement\":[{\"@type\":\"ListItem\",\"position\":1,\"name\":\"Inicio\",\"item\":\"https:\\\/\\\/quehacerpolitico.mx\\\/\"},{\"@type\":\"ListItem\",\"position\":2,\"name\":\"RECIBE GOBIERNO DE HUIXQUILUCAN ENCABEZADO POR ENRIQUE VARGAS DEL VILLAR PREMIO POR FINANZAS SANAS\"}]},{\"@type\":\"WebSite\",\"@id\":\"https:\\\/\\\/quehacerpolitico.mx\\\/#website\",\"url\":\"https:\\\/\\\/quehacerpolitico.mx\\\/\",\"name\":\"\",\"description\":\"\",\"potentialAction\":[{\"@type\":\"SearchAction\",\"target\":{\"@type\":\"EntryPoint\",\"urlTemplate\":\"https:\\\/\\\/quehacerpolitico.mx\\\/?s={search_term_string}\"},\"query-input\":{\"@type\":\"PropertyValueSpecification\",\"valueRequired\":true,\"valueName\":\"search_term_string\"}}],\"inLanguage\":\"es\"},{\"@type\":\"Person\",\"@id\":\"https:\\\/\\\/quehacerpolitico.mx\\\/#\\\/schema\\\/person\\\/496d8ad2d1d3f8036101dca7ee39e585\",\"name\":\"Redacci\u00f3n QP\",\"image\":{\"@type\":\"ImageObject\",\"inLanguage\":\"es\",\"@id\":\"https:\\\/\\\/secure.gravatar.com\\\/avatar\\\/c7164ed6fdec453195284ad24a5ae5b6e1eed2b848477fa2a4787ba9adf39a41?s=96&d=mm&r=g\",\"url\":\"https:\\\/\\\/secure.gravatar.com\\\/avatar\\\/c7164ed6fdec453195284ad24a5ae5b6e1eed2b848477fa2a4787ba9adf39a41?s=96&d=mm&r=g\",\"contentUrl\":\"https:\\\/\\\/secure.gravatar.com\\\/avatar\\\/c7164ed6fdec453195284ad24a5ae5b6e1eed2b848477fa2a4787ba9adf39a41?s=96&d=mm&r=g\",\"caption\":\"Redacci\u00f3n QP\"},\"url\":\"https:\\\/\\\/quehacerpolitico.mx\\\/?author=2\"}]}<\/script>\n<!-- \/ Yoast SEO plugin. -->","yoast_head_json":{"title":"RECIBE GOBIERNO DE HUIXQUILUCAN ENCABEZADO POR ENRIQUE VARGAS DEL VILLAR PREMIO POR FINANZAS SANAS -","robots":{"index":"index","follow":"follow","max-snippet":"max-snippet:-1","max-image-preview":"max-image-preview:large","max-video-preview":"max-video-preview:-1"},"canonical":"https:\/\/quehacerpolitico.mx\/?p=3994","og_locale":"es_MX","og_type":"article","og_title":"RECIBE GOBIERNO DE HUIXQUILUCAN ENCABEZADO POR ENRIQUE VARGAS DEL VILLAR PREMIO POR FINANZAS SANAS -","og_description":"RECIBE GOBIERNO DE HUIXQUILUCAN ENCABEZADO POR ENRIQUE VARGAS DEL VILLAR PREMIO POR FINANZAS SANAS Por Redacci\u00f3n QP","og_url":"https:\/\/quehacerpolitico.mx\/?p=3994","article_published_time":"2018-09-06T18:12:40+00:00","author":"Redacci\u00f3n QP","twitter_card":"summary_large_image","twitter_misc":{"Escrito por":"Redacci\u00f3n QP","Tiempo de lectura":"1 minuto"},"schema":{"@context":"https:\/\/schema.org","@graph":[{"@type":"Article","@id":"https:\/\/quehacerpolitico.mx\/?p=3994#article","isPartOf":{"@id":"https:\/\/quehacerpolitico.mx\/?p=3994"},"author":{"name":"Redacci\u00f3n QP","@id":"https:\/\/quehacerpolitico.mx\/#\/schema\/person\/496d8ad2d1d3f8036101dca7ee39e585"},"headline":"RECIBE GOBIERNO DE HUIXQUILUCAN ENCABEZADO POR ENRIQUE VARGAS DEL VILLAR PREMIO POR FINANZAS SANAS","datePublished":"2018-09-06T18:12:40+00:00","mainEntityOfPage":{"@id":"https:\/\/quehacerpolitico.mx\/?p=3994"},"wordCount":289,"commentCount":0,"image":{"@id":"https:\/\/quehacerpolitico.mx\/?p=3994#primaryimage"},"thumbnailUrl":"","articleSection":["Noticias"],"inLanguage":"es","potentialAction":[{"@type":"CommentAction","name":"Comment","target":["https:\/\/quehacerpolitico.mx\/?p=3994#respond"]}]},{"@type":"WebPage","@id":"https:\/\/quehacerpolitico.mx\/?p=3994","url":"https:\/\/quehacerpolitico.mx\/?p=3994","name":"RECIBE GOBIERNO DE HUIXQUILUCAN ENCABEZADO POR ENRIQUE VARGAS DEL VILLAR PREMIO POR FINANZAS SANAS -","isPartOf":{"@id":"https:\/\/quehacerpolitico.mx\/#website"},"primaryImageOfPage":{"@id":"https:\/\/quehacerpolitico.mx\/?p=3994#primaryimage"},"image":{"@id":"https:\/\/quehacerpolitico.mx\/?p=3994#primaryimage"},"thumbnailUrl":"","datePublished":"2018-09-06T18:12:40+00:00","author":{"@id":"https:\/\/quehacerpolitico.mx\/#\/schema\/person\/496d8ad2d1d3f8036101dca7ee39e585"},"breadcrumb":{"@id":"https:\/\/quehacerpolitico.mx\/?p=3994#breadcrumb"},"inLanguage":"es","potentialAction":[{"@type":"ReadAction","target":["https:\/\/quehacerpolitico.mx\/?p=3994"]}]},{"@type":"ImageObject","inLanguage":"es","@id":"https:\/\/quehacerpolitico.mx\/?p=3994#primaryimage","url":"","contentUrl":""},{"@type":"BreadcrumbList","@id":"https:\/\/quehacerpolitico.mx\/?p=3994#breadcrumb","itemListElement":[{"@type":"ListItem","position":1,"name":"Inicio","item":"https:\/\/quehacerpolitico.mx\/"},{"@type":"ListItem","position":2,"name":"RECIBE GOBIERNO DE HUIXQUILUCAN ENCABEZADO POR ENRIQUE VARGAS DEL VILLAR PREMIO POR FINANZAS SANAS"}]},{"@type":"WebSite","@id":"https:\/\/quehacerpolitico.mx\/#website","url":"https:\/\/quehacerpolitico.mx\/","name":"","description":"","potentialAction":[{"@type":"SearchAction","target":{"@type":"EntryPoint","urlTemplate":"https:\/\/quehacerpolitico.mx\/?s={search_term_string}"},"query-input":{"@type":"PropertyValueSpecification","valueRequired":true,"valueName":"search_term_string"}}],"inLanguage":"es"},{"@type":"Person","@id":"https:\/\/quehacerpolitico.mx\/#\/schema\/person\/496d8ad2d1d3f8036101dca7ee39e585","name":"Redacci\u00f3n QP","image":{"@type":"ImageObject","inLanguage":"es","@id":"https:\/\/secure.gravatar.com\/avatar\/c7164ed6fdec453195284ad24a5ae5b6e1eed2b848477fa2a4787ba9adf39a41?s=96&d=mm&r=g","url":"https:\/\/secure.gravatar.com\/avatar\/c7164ed6fdec453195284ad24a5ae5b6e1eed2b848477fa2a4787ba9adf39a41?s=96&d=mm&r=g","contentUrl":"https:\/\/secure.gravatar.com\/avatar\/c7164ed6fdec453195284ad24a5ae5b6e1eed2b848477fa2a4787ba9adf39a41?s=96&d=mm&r=g","caption":"Redacci\u00f3n QP"},"url":"https:\/\/quehacerpolitico.mx\/?author=2"}]}},"featured_image_urls":{"full":"","thumbnail":"","medium":"","medium_large":"","large":"","1536x1536":"","2048x2048":"","covernews-featured":"","covernews-medium":""},"author_info":{"display_name":"Redacci\u00f3n QP","author_link":"https:\/\/quehacerpolitico.mx\/?author=2"},"category_info":"<a href=\"https:\/\/quehacerpolitico.mx\/?cat=2\" rel=\"category\">Noticias<\/a>","tag_info":"Noticias","comment_count":"0","_links":{"self":[{"href":"https:\/\/quehacerpolitico.mx\/index.php?rest_route=\/wp\/v2\/posts\/3994","targetHints":{"allow":["GET"]}}],"collection":[{"href":"https:\/\/quehacerpolitico.mx\/index.php?rest_route=\/wp\/v2\/posts"}],"about":[{"href":"https:\/\/quehacerpolitico.mx\/index.php?rest_route=\/wp\/v2\/types\/post"}],"author":[{"embeddable":true,"href":"https:\/\/quehacerpolitico.mx\/index.php?rest_route=\/wp\/v2\/users\/2"}],"replies":[{"embeddable":true,"href":"https:\/\/quehacerpolitico.mx\/index.php?rest_route=%2Fwp%2Fv2%2Fcomments&post=3994"}],"version-history":[{"count":0,"href":"https:\/\/quehacerpolitico.mx\/index.php?rest_route=\/wp\/v2\/posts\/3994\/revisions"}],"wp:featuredmedia":[{"embeddable":true,"href":"https:\/\/quehacerpolitico.mx\/index.php?rest_route=\/"}],"wp:attachment":[{"href":"https:\/\/quehacerpolitico.mx\/index.php?rest_route=%2Fwp%2Fv2%2Fmedia&parent=3994"}],"wp:term":[{"taxonomy":"category","embeddable":true,"href":"https:\/\/quehacerpolitico.mx\/index.php?rest_route=%2Fwp%2Fv2%2Fcategories&post=3994"},{"taxonomy":"post_tag","embeddable":true,"href":"https:\/\/quehacerpolitico.mx\/index.php?rest_route=%2Fwp%2Fv2%2Ftags&post=3994"}],"curies":[{"name":"wp","href":"https:\/\/api.w.org\/{rel}","templated":true}]}}