{"id":39938,"date":"2019-10-01T13:19:31","date_gmt":"2019-10-01T13:19:31","guid":{"rendered":"http:\/\/quehacerpolitico.mx\/tormenta-tropical-narda-toca-tierra-en-sinaloa-y-avanza-hacia-sonora\/"},"modified":"2019-10-01T13:19:31","modified_gmt":"2019-10-01T13:19:31","slug":"tormenta-tropical-narda-toca-tierra-en-sinaloa-y-avanza-hacia-sonora","status":"publish","type":"post","link":"https:\/\/quehacerpolitico.mx\/?p=39938","title":{"rendered":"Tormenta tropical Narda toca tierra en Sinaloa y avanza hacia Sonora"},"content":{"rendered":"<p>Tormenta tropical Narda toca tierra en Sinaloa y avanza hacia Sonora<br \/>Por Redacci\u00f3n QP<\/p>\n<p>Tras su paso por Sinaloa, donde anoche las lluvias y vientos provocaron inundaciones, ca\u00edda de postes, \u00e1rboles y espectaculares, la tormenta tropical Narda avanza hacia las costas de Sonora, por lo que autoridades emitieron alerta amarilla para el sur, oeste y centro del estado.<\/p>\n<p>Este lunes por la noche, el centro de la tormenta tropical Narda toc\u00f3 tierra aproximadamente a 35 kil\u00f3metros al sur de Los Mochis, municipio de Ahome, y a 16 kil\u00f3metros nor-noreste de Topolobampo, los dos en Sinaloa, y se desplaza hacia Huatabampito, Sonora.<\/p>\n<p>Al avanzar frente a las costas de Sinaloa, el fen\u00f3meno meteorol\u00f3gico ocasion\u00f3 lluvias intensas a puntuales torrenciales en diversas zonas del estado, adem\u00e1s de rachas fuertes de viento y oleaje elevado. Esta ma\u00f1ana, Protecci\u00f3n Civil emiti\u00f3 la alerta amarilla por alejamiento de Narda.<\/p>\n<p>Al tocar tierra en Mazatl\u00e1n, Sinaloa, la tormenta tropical lleg\u00f3 con lluvias y vientos que derribaron \u00e1rboles, espectaculares y rompieron cristales, adem\u00e1s de provocar inundaciones en sus principales calles. Una imagen de la Virgen de Guadalupe, edificada en 1975, fue tirada por el viento y levantada por los pescadores.<\/p>\n<p>En Sinaloa, este martes se reanudan actividades en las escuelas de todos los niveles y sistemas educativos del estado. Autoridades se\u00f1alaron que la suspensi\u00f3n de clases es s\u00f3lo para Ahome. Los directores tienen la facultad de suspender labores en el resto de los municipios, en caso de afectaciones por Narda.<\/p>\n<p>En tanto, en Sonora, ante el pron\u00f3stico de viento y lluvia intensa por la tormenta tropical Narda, se suspendieron clases este martes en Guaymas, Empalme, Cajeme, Bacum, San Ignacio, R\u00edo Muerto, Benito Ju\u00e1rez, Navojoa, Etchojoa, Huatabampo, \u00c1lamos, Rosario y Quiriego.<\/p>\n<blockquote class=\"twitter-tweet\" data-width=\"550\" data-dnt=\"true\">\n<p lang=\"es\" dir=\"ltr\"><a href=\"https:\/\/twitter.com\/hashtag\/Aviso?src=hash&amp;ref_src=twsrc%5Etfw\">#Aviso<\/a> de potencial de <a href=\"https:\/\/twitter.com\/hashtag\/Tormentas?src=hash&amp;ref_src=twsrc%5Etfw\">#Tormentas<\/a> de las 06:00 horas, puedes consultarlo en <a href=\"https:\/\/t.co\/UHqy4ZOWPX\">https:\/\/t.co\/UHqy4ZOWPX<\/a> <a href=\"https:\/\/t.co\/v27iIBsswo\">pic.twitter.com\/v27iIBsswo<\/a><\/p>\n<p>&mdash; CONAGUA Clima (@conagua_clima) <a href=\"https:\/\/twitter.com\/conagua_clima\/status\/1178988062249873409?ref_src=twsrc%5Etfw\">October 1, 2019<\/a><\/p><\/blockquote>\n<p><script async src=\"https:\/\/platform.twitter.com\/widgets.js\" charset=\"utf-8\"><\/script><\/p>\n<p>Mientras, en el marco del Consejo Estatal de Protecci\u00f3n Civil de Baja California Sur, se inform\u00f3 que los puertos del estado, a excepci\u00f3n de Loreto, fueron cerrados a embarcaciones menores, como medida preventiva por los efectos de la tormenta tropical.<\/p>\n<blockquote class=\"twitter-tweet\" data-width=\"550\" data-dnt=\"true\">\n<p lang=\"es\" dir=\"ltr\"><a href=\"https:\/\/twitter.com\/hashtag\/Lluvias?src=hash&amp;ref_src=twsrc%5Etfw\">#Lluvias<\/a> intensas se pronostican para <a href=\"https:\/\/twitter.com\/hashtag\/Oaxaca?src=hash&amp;ref_src=twsrc%5Etfw\">#Oaxaca<\/a> y <a href=\"https:\/\/twitter.com\/hashtag\/Chiapas?src=hash&amp;ref_src=twsrc%5Etfw\">#Chiapas<\/a> <a href=\"https:\/\/t.co\/0voz1evwY9\">https:\/\/t.co\/0voz1evwY9<\/a> <a href=\"https:\/\/t.co\/r3gH9zhBrq\">pic.twitter.com\/r3gH9zhBrq<\/a><\/p>\n<p>&mdash; CONAGUA Clima (@conagua_clima) <a href=\"https:\/\/twitter.com\/conagua_clima\/status\/1179016937822507009?ref_src=twsrc%5Etfw\">October 1, 2019<\/a><\/p><\/blockquote>\n<p><script async src=\"https:\/\/platform.twitter.com\/widgets.js\" charset=\"utf-8\"><\/script><\/p>\n<p>Se indic\u00f3 que no se suspender\u00e1n clases ni abrir\u00e1n albergues, pues la Comisi\u00f3n Nacional del Agua (Conagua) sudcaliforniana se\u00f1al\u00f3 que no habr\u00e1 afectaciones mayores en el estado. Autoridades de Protecci\u00f3n Civil emitieron alerta verde para norte, centro y sur de la entidad.<\/p>\n<p>A su paso por estados del occidente del pa\u00eds, entre ellos, Oaxaca, Guerrero, Michoac\u00e1n, Colima, Jalisco y Nayarit, la tormenta Narda ocasion\u00f3 lluvias que dejaron desbordamientos de r\u00edos, inundaciones, deslaves, da\u00f1os a viviendas y carreteras, as\u00ed como dos muertos y un desaparecido.<\/p>\n<p>Con informaci\u00f3n de NTX\u00a0<\/p>\n","protected":false},"excerpt":{"rendered":"<p>Tormenta tropical Narda toca tierra en Sinaloa y avanza hacia Sonora<br \/>\nPor Redacci\u00f3n QP<\/p>\n","protected":false},"author":2,"featured_media":39937,"comment_status":"open","ping_status":"open","sticky":false,"template":"","format":"standard","meta":{"_monsterinsights_skip_tracking":false,"_monsterinsights_sitenote_active":false,"_monsterinsights_sitenote_note":"","_monsterinsights_sitenote_category":0,"footnotes":""},"categories":[2],"tags":[],"class_list":["post-39938","post","type-post","status-publish","format-standard","has-post-thumbnail","hentry","category-noticias"],"yoast_head":"<!-- This site is optimized with the Yoast SEO plugin v27.3 - https:\/\/yoast.com\/product\/yoast-seo-wordpress\/ -->\n<title>Tormenta tropical Narda toca tierra en Sinaloa y avanza hacia Sonora -<\/title>\n<meta name=\"robots\" content=\"index, follow, max-snippet:-1, max-image-preview:large, max-video-preview:-1\" \/>\n<link rel=\"canonical\" href=\"https:\/\/quehacerpolitico.mx\/?p=39938\" \/>\n<meta property=\"og:locale\" content=\"es_MX\" \/>\n<meta property=\"og:type\" content=\"article\" \/>\n<meta property=\"og:title\" content=\"Tormenta tropical Narda toca tierra en Sinaloa y avanza hacia Sonora -\" \/>\n<meta property=\"og:description\" content=\"Tormenta tropical Narda toca tierra en Sinaloa y avanza hacia Sonora Por Redacci\u00f3n QP\" \/>\n<meta property=\"og:url\" content=\"https:\/\/quehacerpolitico.mx\/?p=39938\" \/>\n<meta property=\"article:published_time\" content=\"2019-10-01T13:19:31+00:00\" \/>\n<meta name=\"author\" content=\"Redacci\u00f3n QP\" \/>\n<meta name=\"twitter:card\" content=\"summary_large_image\" \/>\n<meta name=\"twitter:label1\" content=\"Escrito por\" \/>\n\t<meta name=\"twitter:data1\" content=\"Redacci\u00f3n QP\" \/>\n\t<meta name=\"twitter:label2\" content=\"Tiempo de lectura\" \/>\n\t<meta name=\"twitter:data2\" content=\"2 minutos\" \/>\n<script type=\"application\/ld+json\" class=\"yoast-schema-graph\">{\"@context\":\"https:\\\/\\\/schema.org\",\"@graph\":[{\"@type\":\"Article\",\"@id\":\"https:\\\/\\\/quehacerpolitico.mx\\\/?p=39938#article\",\"isPartOf\":{\"@id\":\"https:\\\/\\\/quehacerpolitico.mx\\\/?p=39938\"},\"author\":{\"name\":\"Redacci\u00f3n QP\",\"@id\":\"https:\\\/\\\/quehacerpolitico.mx\\\/#\\\/schema\\\/person\\\/496d8ad2d1d3f8036101dca7ee39e585\"},\"headline\":\"Tormenta tropical Narda toca tierra en Sinaloa y avanza hacia Sonora\",\"datePublished\":\"2019-10-01T13:19:31+00:00\",\"mainEntityOfPage\":{\"@id\":\"https:\\\/\\\/quehacerpolitico.mx\\\/?p=39938\"},\"wordCount\":461,\"commentCount\":0,\"image\":{\"@id\":\"https:\\\/\\\/quehacerpolitico.mx\\\/?p=39938#primaryimage\"},\"thumbnailUrl\":\"\",\"articleSection\":[\"Noticias\"],\"inLanguage\":\"es\",\"potentialAction\":[{\"@type\":\"CommentAction\",\"name\":\"Comment\",\"target\":[\"https:\\\/\\\/quehacerpolitico.mx\\\/?p=39938#respond\"]}]},{\"@type\":\"WebPage\",\"@id\":\"https:\\\/\\\/quehacerpolitico.mx\\\/?p=39938\",\"url\":\"https:\\\/\\\/quehacerpolitico.mx\\\/?p=39938\",\"name\":\"Tormenta tropical Narda toca tierra en Sinaloa y avanza hacia Sonora -\",\"isPartOf\":{\"@id\":\"https:\\\/\\\/quehacerpolitico.mx\\\/#website\"},\"primaryImageOfPage\":{\"@id\":\"https:\\\/\\\/quehacerpolitico.mx\\\/?p=39938#primaryimage\"},\"image\":{\"@id\":\"https:\\\/\\\/quehacerpolitico.mx\\\/?p=39938#primaryimage\"},\"thumbnailUrl\":\"\",\"datePublished\":\"2019-10-01T13:19:31+00:00\",\"author\":{\"@id\":\"https:\\\/\\\/quehacerpolitico.mx\\\/#\\\/schema\\\/person\\\/496d8ad2d1d3f8036101dca7ee39e585\"},\"breadcrumb\":{\"@id\":\"https:\\\/\\\/quehacerpolitico.mx\\\/?p=39938#breadcrumb\"},\"inLanguage\":\"es\",\"potentialAction\":[{\"@type\":\"ReadAction\",\"target\":[\"https:\\\/\\\/quehacerpolitico.mx\\\/?p=39938\"]}]},{\"@type\":\"ImageObject\",\"inLanguage\":\"es\",\"@id\":\"https:\\\/\\\/quehacerpolitico.mx\\\/?p=39938#primaryimage\",\"url\":\"\",\"contentUrl\":\"\"},{\"@type\":\"BreadcrumbList\",\"@id\":\"https:\\\/\\\/quehacerpolitico.mx\\\/?p=39938#breadcrumb\",\"itemListElement\":[{\"@type\":\"ListItem\",\"position\":1,\"name\":\"Inicio\",\"item\":\"https:\\\/\\\/quehacerpolitico.mx\\\/\"},{\"@type\":\"ListItem\",\"position\":2,\"name\":\"Tormenta tropical Narda toca tierra en Sinaloa y avanza hacia Sonora\"}]},{\"@type\":\"WebSite\",\"@id\":\"https:\\\/\\\/quehacerpolitico.mx\\\/#website\",\"url\":\"https:\\\/\\\/quehacerpolitico.mx\\\/\",\"name\":\"\",\"description\":\"\",\"potentialAction\":[{\"@type\":\"SearchAction\",\"target\":{\"@type\":\"EntryPoint\",\"urlTemplate\":\"https:\\\/\\\/quehacerpolitico.mx\\\/?s={search_term_string}\"},\"query-input\":{\"@type\":\"PropertyValueSpecification\",\"valueRequired\":true,\"valueName\":\"search_term_string\"}}],\"inLanguage\":\"es\"},{\"@type\":\"Person\",\"@id\":\"https:\\\/\\\/quehacerpolitico.mx\\\/#\\\/schema\\\/person\\\/496d8ad2d1d3f8036101dca7ee39e585\",\"name\":\"Redacci\u00f3n QP\",\"image\":{\"@type\":\"ImageObject\",\"inLanguage\":\"es\",\"@id\":\"https:\\\/\\\/secure.gravatar.com\\\/avatar\\\/c7164ed6fdec453195284ad24a5ae5b6e1eed2b848477fa2a4787ba9adf39a41?s=96&d=mm&r=g\",\"url\":\"https:\\\/\\\/secure.gravatar.com\\\/avatar\\\/c7164ed6fdec453195284ad24a5ae5b6e1eed2b848477fa2a4787ba9adf39a41?s=96&d=mm&r=g\",\"contentUrl\":\"https:\\\/\\\/secure.gravatar.com\\\/avatar\\\/c7164ed6fdec453195284ad24a5ae5b6e1eed2b848477fa2a4787ba9adf39a41?s=96&d=mm&r=g\",\"caption\":\"Redacci\u00f3n QP\"},\"url\":\"https:\\\/\\\/quehacerpolitico.mx\\\/?author=2\"}]}<\/script>\n<!-- \/ Yoast SEO plugin. -->","yoast_head_json":{"title":"Tormenta tropical Narda toca tierra en Sinaloa y avanza hacia Sonora -","robots":{"index":"index","follow":"follow","max-snippet":"max-snippet:-1","max-image-preview":"max-image-preview:large","max-video-preview":"max-video-preview:-1"},"canonical":"https:\/\/quehacerpolitico.mx\/?p=39938","og_locale":"es_MX","og_type":"article","og_title":"Tormenta tropical Narda toca tierra en Sinaloa y avanza hacia Sonora -","og_description":"Tormenta tropical Narda toca tierra en Sinaloa y avanza hacia Sonora Por Redacci\u00f3n QP","og_url":"https:\/\/quehacerpolitico.mx\/?p=39938","article_published_time":"2019-10-01T13:19:31+00:00","author":"Redacci\u00f3n QP","twitter_card":"summary_large_image","twitter_misc":{"Escrito por":"Redacci\u00f3n QP","Tiempo de lectura":"2 minutos"},"schema":{"@context":"https:\/\/schema.org","@graph":[{"@type":"Article","@id":"https:\/\/quehacerpolitico.mx\/?p=39938#article","isPartOf":{"@id":"https:\/\/quehacerpolitico.mx\/?p=39938"},"author":{"name":"Redacci\u00f3n QP","@id":"https:\/\/quehacerpolitico.mx\/#\/schema\/person\/496d8ad2d1d3f8036101dca7ee39e585"},"headline":"Tormenta tropical Narda toca tierra en Sinaloa y avanza hacia Sonora","datePublished":"2019-10-01T13:19:31+00:00","mainEntityOfPage":{"@id":"https:\/\/quehacerpolitico.mx\/?p=39938"},"wordCount":461,"commentCount":0,"image":{"@id":"https:\/\/quehacerpolitico.mx\/?p=39938#primaryimage"},"thumbnailUrl":"","articleSection":["Noticias"],"inLanguage":"es","potentialAction":[{"@type":"CommentAction","name":"Comment","target":["https:\/\/quehacerpolitico.mx\/?p=39938#respond"]}]},{"@type":"WebPage","@id":"https:\/\/quehacerpolitico.mx\/?p=39938","url":"https:\/\/quehacerpolitico.mx\/?p=39938","name":"Tormenta tropical Narda toca tierra en Sinaloa y avanza hacia Sonora -","isPartOf":{"@id":"https:\/\/quehacerpolitico.mx\/#website"},"primaryImageOfPage":{"@id":"https:\/\/quehacerpolitico.mx\/?p=39938#primaryimage"},"image":{"@id":"https:\/\/quehacerpolitico.mx\/?p=39938#primaryimage"},"thumbnailUrl":"","datePublished":"2019-10-01T13:19:31+00:00","author":{"@id":"https:\/\/quehacerpolitico.mx\/#\/schema\/person\/496d8ad2d1d3f8036101dca7ee39e585"},"breadcrumb":{"@id":"https:\/\/quehacerpolitico.mx\/?p=39938#breadcrumb"},"inLanguage":"es","potentialAction":[{"@type":"ReadAction","target":["https:\/\/quehacerpolitico.mx\/?p=39938"]}]},{"@type":"ImageObject","inLanguage":"es","@id":"https:\/\/quehacerpolitico.mx\/?p=39938#primaryimage","url":"","contentUrl":""},{"@type":"BreadcrumbList","@id":"https:\/\/quehacerpolitico.mx\/?p=39938#breadcrumb","itemListElement":[{"@type":"ListItem","position":1,"name":"Inicio","item":"https:\/\/quehacerpolitico.mx\/"},{"@type":"ListItem","position":2,"name":"Tormenta tropical Narda toca tierra en Sinaloa y avanza hacia Sonora"}]},{"@type":"WebSite","@id":"https:\/\/quehacerpolitico.mx\/#website","url":"https:\/\/quehacerpolitico.mx\/","name":"","description":"","potentialAction":[{"@type":"SearchAction","target":{"@type":"EntryPoint","urlTemplate":"https:\/\/quehacerpolitico.mx\/?s={search_term_string}"},"query-input":{"@type":"PropertyValueSpecification","valueRequired":true,"valueName":"search_term_string"}}],"inLanguage":"es"},{"@type":"Person","@id":"https:\/\/quehacerpolitico.mx\/#\/schema\/person\/496d8ad2d1d3f8036101dca7ee39e585","name":"Redacci\u00f3n QP","image":{"@type":"ImageObject","inLanguage":"es","@id":"https:\/\/secure.gravatar.com\/avatar\/c7164ed6fdec453195284ad24a5ae5b6e1eed2b848477fa2a4787ba9adf39a41?s=96&d=mm&r=g","url":"https:\/\/secure.gravatar.com\/avatar\/c7164ed6fdec453195284ad24a5ae5b6e1eed2b848477fa2a4787ba9adf39a41?s=96&d=mm&r=g","contentUrl":"https:\/\/secure.gravatar.com\/avatar\/c7164ed6fdec453195284ad24a5ae5b6e1eed2b848477fa2a4787ba9adf39a41?s=96&d=mm&r=g","caption":"Redacci\u00f3n QP"},"url":"https:\/\/quehacerpolitico.mx\/?author=2"}]}},"featured_image_urls":{"full":"","thumbnail":"","medium":"","medium_large":"","large":"","1536x1536":"","2048x2048":"","covernews-featured":"","covernews-medium":""},"author_info":{"display_name":"Redacci\u00f3n QP","author_link":"https:\/\/quehacerpolitico.mx\/?author=2"},"category_info":"<a href=\"https:\/\/quehacerpolitico.mx\/?cat=2\" rel=\"category\">Noticias<\/a>","tag_info":"Noticias","comment_count":"0","_links":{"self":[{"href":"https:\/\/quehacerpolitico.mx\/index.php?rest_route=\/wp\/v2\/posts\/39938","targetHints":{"allow":["GET"]}}],"collection":[{"href":"https:\/\/quehacerpolitico.mx\/index.php?rest_route=\/wp\/v2\/posts"}],"about":[{"href":"https:\/\/quehacerpolitico.mx\/index.php?rest_route=\/wp\/v2\/types\/post"}],"author":[{"embeddable":true,"href":"https:\/\/quehacerpolitico.mx\/index.php?rest_route=\/wp\/v2\/users\/2"}],"replies":[{"embeddable":true,"href":"https:\/\/quehacerpolitico.mx\/index.php?rest_route=%2Fwp%2Fv2%2Fcomments&post=39938"}],"version-history":[{"count":0,"href":"https:\/\/quehacerpolitico.mx\/index.php?rest_route=\/wp\/v2\/posts\/39938\/revisions"}],"wp:featuredmedia":[{"embeddable":true,"href":"https:\/\/quehacerpolitico.mx\/index.php?rest_route=\/"}],"wp:attachment":[{"href":"https:\/\/quehacerpolitico.mx\/index.php?rest_route=%2Fwp%2Fv2%2Fmedia&parent=39938"}],"wp:term":[{"taxonomy":"category","embeddable":true,"href":"https:\/\/quehacerpolitico.mx\/index.php?rest_route=%2Fwp%2Fv2%2Fcategories&post=39938"},{"taxonomy":"post_tag","embeddable":true,"href":"https:\/\/quehacerpolitico.mx\/index.php?rest_route=%2Fwp%2Fv2%2Ftags&post=39938"}],"curies":[{"name":"wp","href":"https:\/\/api.w.org\/{rel}","templated":true}]}}