{"id":3992,"date":"2018-09-06T18:05:40","date_gmt":"2018-09-06T18:05:40","guid":{"rendered":"http:\/\/quehacerpolitico.mx\/caso-ayotzinapa-es-peor-que-matanza-del-68-poniatowska\/"},"modified":"2018-09-06T18:05:40","modified_gmt":"2018-09-06T18:05:40","slug":"caso-ayotzinapa-es-peor-que-matanza-del-68-poniatowska","status":"publish","type":"post","link":"https:\/\/quehacerpolitico.mx\/?p=3992","title":{"rendered":"Caso Ayotzinapa es &#8221;peor&#8221; que matanza del 68: Poniatowska"},"content":{"rendered":"<p><strong>El caso de los 43 estudiantes<\/strong> de Ayotzinapan\u00a0<strong>desaparecidos en el estado de Guerrero en 2014 es un caso &#8220;mucho peor&#8221; que la masacre de j\u00f3venes del 2 de octubre de 1968,<\/strong> por la falta de respuesta gubernamental, afirm\u00f3 la escritora mexicana Elena Poniatowska.<\/p>\n<div id=\"div-gpt-ad-1524682842930-0\" data-google-query-id=\"CIK4ws36pt0CFRJOAQodteUC9w\">\n<div id=\"google_ads_iframe_\/40135427\/informador_mx_Video_Outstream_0__container__\"><strong>&#8220;Es much\u00edsimo peor que el 68 porque fueron 43 j\u00f3venes normalistas que desaparecieron en una noche y no hubo despu\u00e9s ninguna respuesta del Gobierno;<\/strong>\u00a0en 1968, aunque vinieron despu\u00e9s los Juegos Ol\u00edmpicos y se trat\u00f3 de acallar, ha sido un grito de los j\u00f3venes que ha seguido&#8221;, dijo en una entrevista la autora y periodista.<\/div>\n<\/div>\n<p>Poniatowska (Par\u00eds, 1932), quien particip\u00f3 en el coloquio &#8220;Palinuro a 50 a\u00f1os del 68&#8221; en Guadalajara, <strong>consider\u00f3 que el movimiento estudiantil que surgi\u00f3 ese a\u00f1o marc\u00f3 un parteaguas en la sociedad mexicana.<\/strong><\/p>\n<p>&#8220;Es una fecha que ha marcado a todos los j\u00f3venes y a toda la gente que sabe de la historia de M\u00e9xico. Fue un aprendizaje tremendo, desde luego un cambio para la vida futura&#8221; del pa\u00eds, valor\u00f3.<\/p>\n<p>Luego de ese suceso &#8220;hay much\u00edsima m\u00e1s participaci\u00f3n de los j\u00f3venes, m\u00e1s reconocimiento de los j\u00f3venes, m\u00e1s respeto por los j\u00f3venes y m\u00e1s miedo, en el fondo, a la reacci\u00f3n de lo que pueden ser los j\u00f3venes; han ganado muchas batallas&#8221;, a\u00f1adi\u00f3.<\/p>\n<p><strong>La autora es un referente casi obligado cuando se quiere hablar del movimiento estudiantil del 68<\/strong>\u00a0conformado por j\u00f3venes de la Universidad Nacional Aut\u00f3noma de M\u00e9xico (UNAM) y el Instituto Polit\u00e9cnico Nacional (IPN), al que se le sumaron otras organizaciones de la sociedad mexicana.<\/p>\n<p>El 2 de octubre de ese a\u00f1o una multitudinaria manifestaci\u00f3n de j\u00f3venes fue tiroteada en la Plaza de las Tres Culturas, en el c\u00e9ntrico barrio de Tlatelolco de la capital mexicana, un hecho que Poniatowska document\u00f3 de manera exhaustiva con entrevistas en el libro &#8220;La noche de Tlatelolco&#8221; (1971).<\/p>\n<p>Para la escritora, ganadora del Premio Cervantes\u00a02013, <strong>el car\u00e1cter &#8220;ciudadano&#8221; de ese movimiento estudiantil, que este a\u00f1o conmemora el 50 aniversario, es lo que lo diferencia de la desaparici\u00f3n de los 43 j\u00f3venes de Ayotzinapa.<\/strong><\/p>\n<p>&#8220;Tambi\u00e9n fueron muchachos, normalistas, maestros que iban despu\u00e9s a ense\u00f1ar incluso en distintas comunidades, en sus idiomas, (&#8230;) (pero) el 68 es un movimiento sobre todo ciudadano&#8221;, recalc\u00f3.<\/p>\n<p>Seg\u00fan la versi\u00f3n oficial, en la noche del 26 de septiembre de 2014 polic\u00edas corruptos arrestaron a los j\u00f3venes en el municipio de Iguala y los entregaron a miembros del c\u00e1rtel Guerreros Unidos, que los asesinaron e incineraron en un vertedero.<\/p>\n<p>La autora de &#8220;La piel del cielo&#8221; (2001) <strong>consider\u00f3 que el Gobierno del presidente<\/strong>\u00a0Pe\u00f1a Nieto\u00a0<strong>no puede &#8220;irse en blanco&#8221; y debe responder a los padres y al &#8220;clamor p\u00fablico&#8221; para dar una respuesta<\/strong> m\u00e1s contundente <strong>acerca de qu\u00e9 sucedi\u00f3 con los 43 estudiantes.<\/strong><\/p>\n<p>Asegur\u00f3 que hasta ahora la actitud del presidente y su gabinete de seguridad ha dado a entender a los padres que le est\u00e1n &#8220;apostando al olvido&#8221; y que sin importar la instancia a la que acudan a pedir justicia &#8220;nunca van a tener nada, nunca les van a hacer caso&#8221;.<\/p>\n<p>&#8220;Eso tan directamente no lo van a decir, pero lo est\u00e1n demostrando con su conducta, que es una conducta de enorme indiferencia y en el fondo, una conducta de enorme crueldad&#8221;, asever\u00f3.<\/p>\n<p>Poniatowska, quien se ha declarado seguidora, mas &#8220;no incondicional&#8221; del presidente electo, Lopez Obrador,\u00a0<strong>confi\u00f3 en que el pr\u00f3ximo mandatario tendr\u00e1 un mayor &#8220;entendimiento&#8221; y &#8220;cercan\u00eda&#8221; con los padres de los estudiantes para tratar de resolver el caso.<\/strong><\/p>\n<p>&#8220;Yo no podr\u00eda definir o decirlo por anticipado, pero s\u00ed puedo decir que \u00e9l siempre se ha manifestado a trav\u00e9s de las causas sociales, siempre ha caminado al lado de los petroleros, de la gente m\u00e1s necesitada, y eso le da similitudes m\u00e1s que otros presidentes de la rep\u00fablica con j\u00f3venes que no tienen (nada), como son los de Ayotzinapa&#8221;, concluy\u00f3.\u00a0<\/p>\n","protected":false},"excerpt":{"rendered":"<p>La escritora se\u00f1ala que la gravedad del hecho ocurrido en Guerrero recae en la falta de respuesta gubernamental<br \/>\nPor Redacci\u00f3n QP<\/p>\n","protected":false},"author":2,"featured_media":3991,"comment_status":"open","ping_status":"open","sticky":false,"template":"","format":"standard","meta":{"_monsterinsights_skip_tracking":false,"_monsterinsights_sitenote_active":false,"_monsterinsights_sitenote_note":"","_monsterinsights_sitenote_category":0,"footnotes":""},"categories":[58],"tags":[],"class_list":["post-3992","post","type-post","status-publish","format-standard","has-post-thumbnail","hentry","category-cultura"],"yoast_head":"<!-- This site is optimized with the Yoast SEO plugin v27.3 - https:\/\/yoast.com\/product\/yoast-seo-wordpress\/ -->\n<title>Caso Ayotzinapa es &#039;&#039;peor&#039;&#039; que matanza del 68: Poniatowska -<\/title>\n<meta name=\"robots\" content=\"index, follow, max-snippet:-1, max-image-preview:large, max-video-preview:-1\" \/>\n<link rel=\"canonical\" href=\"https:\/\/quehacerpolitico.mx\/?p=3992\" \/>\n<meta property=\"og:locale\" content=\"es_MX\" \/>\n<meta property=\"og:type\" content=\"article\" \/>\n<meta property=\"og:title\" content=\"Caso Ayotzinapa es &#039;&#039;peor&#039;&#039; que matanza del 68: Poniatowska -\" \/>\n<meta property=\"og:description\" content=\"La escritora se\u00f1ala que la gravedad del hecho ocurrido en Guerrero recae en la falta de respuesta gubernamental Por Redacci\u00f3n QP\" \/>\n<meta property=\"og:url\" content=\"https:\/\/quehacerpolitico.mx\/?p=3992\" \/>\n<meta property=\"article:published_time\" content=\"2018-09-06T18:05:40+00:00\" \/>\n<meta name=\"author\" content=\"Redacci\u00f3n QP\" \/>\n<meta name=\"twitter:card\" content=\"summary_large_image\" \/>\n<meta name=\"twitter:label1\" content=\"Escrito por\" \/>\n\t<meta name=\"twitter:data1\" content=\"Redacci\u00f3n QP\" \/>\n\t<meta name=\"twitter:label2\" content=\"Tiempo de lectura\" \/>\n\t<meta name=\"twitter:data2\" content=\"3 minutos\" \/>\n<script type=\"application\/ld+json\" class=\"yoast-schema-graph\">{\"@context\":\"https:\\\/\\\/schema.org\",\"@graph\":[{\"@type\":\"Article\",\"@id\":\"https:\\\/\\\/quehacerpolitico.mx\\\/?p=3992#article\",\"isPartOf\":{\"@id\":\"https:\\\/\\\/quehacerpolitico.mx\\\/?p=3992\"},\"author\":{\"name\":\"Redacci\u00f3n QP\",\"@id\":\"https:\\\/\\\/quehacerpolitico.mx\\\/#\\\/schema\\\/person\\\/496d8ad2d1d3f8036101dca7ee39e585\"},\"headline\":\"Caso Ayotzinapa es &#8221;peor&#8221; que matanza del 68: Poniatowska\",\"datePublished\":\"2018-09-06T18:05:40+00:00\",\"mainEntityOfPage\":{\"@id\":\"https:\\\/\\\/quehacerpolitico.mx\\\/?p=3992\"},\"wordCount\":678,\"commentCount\":0,\"image\":{\"@id\":\"https:\\\/\\\/quehacerpolitico.mx\\\/?p=3992#primaryimage\"},\"thumbnailUrl\":\"\",\"articleSection\":[\"Cultura y Entretenimiento\"],\"inLanguage\":\"es\",\"potentialAction\":[{\"@type\":\"CommentAction\",\"name\":\"Comment\",\"target\":[\"https:\\\/\\\/quehacerpolitico.mx\\\/?p=3992#respond\"]}]},{\"@type\":\"WebPage\",\"@id\":\"https:\\\/\\\/quehacerpolitico.mx\\\/?p=3992\",\"url\":\"https:\\\/\\\/quehacerpolitico.mx\\\/?p=3992\",\"name\":\"Caso Ayotzinapa es ''peor'' que matanza del 68: Poniatowska -\",\"isPartOf\":{\"@id\":\"https:\\\/\\\/quehacerpolitico.mx\\\/#website\"},\"primaryImageOfPage\":{\"@id\":\"https:\\\/\\\/quehacerpolitico.mx\\\/?p=3992#primaryimage\"},\"image\":{\"@id\":\"https:\\\/\\\/quehacerpolitico.mx\\\/?p=3992#primaryimage\"},\"thumbnailUrl\":\"\",\"datePublished\":\"2018-09-06T18:05:40+00:00\",\"author\":{\"@id\":\"https:\\\/\\\/quehacerpolitico.mx\\\/#\\\/schema\\\/person\\\/496d8ad2d1d3f8036101dca7ee39e585\"},\"breadcrumb\":{\"@id\":\"https:\\\/\\\/quehacerpolitico.mx\\\/?p=3992#breadcrumb\"},\"inLanguage\":\"es\",\"potentialAction\":[{\"@type\":\"ReadAction\",\"target\":[\"https:\\\/\\\/quehacerpolitico.mx\\\/?p=3992\"]}]},{\"@type\":\"ImageObject\",\"inLanguage\":\"es\",\"@id\":\"https:\\\/\\\/quehacerpolitico.mx\\\/?p=3992#primaryimage\",\"url\":\"\",\"contentUrl\":\"\"},{\"@type\":\"BreadcrumbList\",\"@id\":\"https:\\\/\\\/quehacerpolitico.mx\\\/?p=3992#breadcrumb\",\"itemListElement\":[{\"@type\":\"ListItem\",\"position\":1,\"name\":\"Inicio\",\"item\":\"https:\\\/\\\/quehacerpolitico.mx\\\/\"},{\"@type\":\"ListItem\",\"position\":2,\"name\":\"Caso Ayotzinapa es &#8221;peor&#8221; que matanza del 68: Poniatowska\"}]},{\"@type\":\"WebSite\",\"@id\":\"https:\\\/\\\/quehacerpolitico.mx\\\/#website\",\"url\":\"https:\\\/\\\/quehacerpolitico.mx\\\/\",\"name\":\"\",\"description\":\"\",\"potentialAction\":[{\"@type\":\"SearchAction\",\"target\":{\"@type\":\"EntryPoint\",\"urlTemplate\":\"https:\\\/\\\/quehacerpolitico.mx\\\/?s={search_term_string}\"},\"query-input\":{\"@type\":\"PropertyValueSpecification\",\"valueRequired\":true,\"valueName\":\"search_term_string\"}}],\"inLanguage\":\"es\"},{\"@type\":\"Person\",\"@id\":\"https:\\\/\\\/quehacerpolitico.mx\\\/#\\\/schema\\\/person\\\/496d8ad2d1d3f8036101dca7ee39e585\",\"name\":\"Redacci\u00f3n QP\",\"image\":{\"@type\":\"ImageObject\",\"inLanguage\":\"es\",\"@id\":\"https:\\\/\\\/secure.gravatar.com\\\/avatar\\\/c7164ed6fdec453195284ad24a5ae5b6e1eed2b848477fa2a4787ba9adf39a41?s=96&d=mm&r=g\",\"url\":\"https:\\\/\\\/secure.gravatar.com\\\/avatar\\\/c7164ed6fdec453195284ad24a5ae5b6e1eed2b848477fa2a4787ba9adf39a41?s=96&d=mm&r=g\",\"contentUrl\":\"https:\\\/\\\/secure.gravatar.com\\\/avatar\\\/c7164ed6fdec453195284ad24a5ae5b6e1eed2b848477fa2a4787ba9adf39a41?s=96&d=mm&r=g\",\"caption\":\"Redacci\u00f3n QP\"},\"url\":\"https:\\\/\\\/quehacerpolitico.mx\\\/?author=2\"}]}<\/script>\n<!-- \/ Yoast SEO plugin. -->","yoast_head_json":{"title":"Caso Ayotzinapa es ''peor'' que matanza del 68: Poniatowska -","robots":{"index":"index","follow":"follow","max-snippet":"max-snippet:-1","max-image-preview":"max-image-preview:large","max-video-preview":"max-video-preview:-1"},"canonical":"https:\/\/quehacerpolitico.mx\/?p=3992","og_locale":"es_MX","og_type":"article","og_title":"Caso Ayotzinapa es ''peor'' que matanza del 68: Poniatowska -","og_description":"La escritora se\u00f1ala que la gravedad del hecho ocurrido en Guerrero recae en la falta de respuesta gubernamental Por Redacci\u00f3n QP","og_url":"https:\/\/quehacerpolitico.mx\/?p=3992","article_published_time":"2018-09-06T18:05:40+00:00","author":"Redacci\u00f3n QP","twitter_card":"summary_large_image","twitter_misc":{"Escrito por":"Redacci\u00f3n QP","Tiempo de lectura":"3 minutos"},"schema":{"@context":"https:\/\/schema.org","@graph":[{"@type":"Article","@id":"https:\/\/quehacerpolitico.mx\/?p=3992#article","isPartOf":{"@id":"https:\/\/quehacerpolitico.mx\/?p=3992"},"author":{"name":"Redacci\u00f3n QP","@id":"https:\/\/quehacerpolitico.mx\/#\/schema\/person\/496d8ad2d1d3f8036101dca7ee39e585"},"headline":"Caso Ayotzinapa es &#8221;peor&#8221; que matanza del 68: Poniatowska","datePublished":"2018-09-06T18:05:40+00:00","mainEntityOfPage":{"@id":"https:\/\/quehacerpolitico.mx\/?p=3992"},"wordCount":678,"commentCount":0,"image":{"@id":"https:\/\/quehacerpolitico.mx\/?p=3992#primaryimage"},"thumbnailUrl":"","articleSection":["Cultura y Entretenimiento"],"inLanguage":"es","potentialAction":[{"@type":"CommentAction","name":"Comment","target":["https:\/\/quehacerpolitico.mx\/?p=3992#respond"]}]},{"@type":"WebPage","@id":"https:\/\/quehacerpolitico.mx\/?p=3992","url":"https:\/\/quehacerpolitico.mx\/?p=3992","name":"Caso Ayotzinapa es ''peor'' que matanza del 68: Poniatowska -","isPartOf":{"@id":"https:\/\/quehacerpolitico.mx\/#website"},"primaryImageOfPage":{"@id":"https:\/\/quehacerpolitico.mx\/?p=3992#primaryimage"},"image":{"@id":"https:\/\/quehacerpolitico.mx\/?p=3992#primaryimage"},"thumbnailUrl":"","datePublished":"2018-09-06T18:05:40+00:00","author":{"@id":"https:\/\/quehacerpolitico.mx\/#\/schema\/person\/496d8ad2d1d3f8036101dca7ee39e585"},"breadcrumb":{"@id":"https:\/\/quehacerpolitico.mx\/?p=3992#breadcrumb"},"inLanguage":"es","potentialAction":[{"@type":"ReadAction","target":["https:\/\/quehacerpolitico.mx\/?p=3992"]}]},{"@type":"ImageObject","inLanguage":"es","@id":"https:\/\/quehacerpolitico.mx\/?p=3992#primaryimage","url":"","contentUrl":""},{"@type":"BreadcrumbList","@id":"https:\/\/quehacerpolitico.mx\/?p=3992#breadcrumb","itemListElement":[{"@type":"ListItem","position":1,"name":"Inicio","item":"https:\/\/quehacerpolitico.mx\/"},{"@type":"ListItem","position":2,"name":"Caso Ayotzinapa es &#8221;peor&#8221; que matanza del 68: Poniatowska"}]},{"@type":"WebSite","@id":"https:\/\/quehacerpolitico.mx\/#website","url":"https:\/\/quehacerpolitico.mx\/","name":"","description":"","potentialAction":[{"@type":"SearchAction","target":{"@type":"EntryPoint","urlTemplate":"https:\/\/quehacerpolitico.mx\/?s={search_term_string}"},"query-input":{"@type":"PropertyValueSpecification","valueRequired":true,"valueName":"search_term_string"}}],"inLanguage":"es"},{"@type":"Person","@id":"https:\/\/quehacerpolitico.mx\/#\/schema\/person\/496d8ad2d1d3f8036101dca7ee39e585","name":"Redacci\u00f3n QP","image":{"@type":"ImageObject","inLanguage":"es","@id":"https:\/\/secure.gravatar.com\/avatar\/c7164ed6fdec453195284ad24a5ae5b6e1eed2b848477fa2a4787ba9adf39a41?s=96&d=mm&r=g","url":"https:\/\/secure.gravatar.com\/avatar\/c7164ed6fdec453195284ad24a5ae5b6e1eed2b848477fa2a4787ba9adf39a41?s=96&d=mm&r=g","contentUrl":"https:\/\/secure.gravatar.com\/avatar\/c7164ed6fdec453195284ad24a5ae5b6e1eed2b848477fa2a4787ba9adf39a41?s=96&d=mm&r=g","caption":"Redacci\u00f3n QP"},"url":"https:\/\/quehacerpolitico.mx\/?author=2"}]}},"featured_image_urls":{"full":"","thumbnail":"","medium":"","medium_large":"","large":"","1536x1536":"","2048x2048":"","covernews-featured":"","covernews-medium":""},"author_info":{"display_name":"Redacci\u00f3n QP","author_link":"https:\/\/quehacerpolitico.mx\/?author=2"},"category_info":"<a href=\"https:\/\/quehacerpolitico.mx\/?cat=58\" rel=\"category\">Cultura y Entretenimiento<\/a>","tag_info":"Cultura y Entretenimiento","comment_count":"0","_links":{"self":[{"href":"https:\/\/quehacerpolitico.mx\/index.php?rest_route=\/wp\/v2\/posts\/3992","targetHints":{"allow":["GET"]}}],"collection":[{"href":"https:\/\/quehacerpolitico.mx\/index.php?rest_route=\/wp\/v2\/posts"}],"about":[{"href":"https:\/\/quehacerpolitico.mx\/index.php?rest_route=\/wp\/v2\/types\/post"}],"author":[{"embeddable":true,"href":"https:\/\/quehacerpolitico.mx\/index.php?rest_route=\/wp\/v2\/users\/2"}],"replies":[{"embeddable":true,"href":"https:\/\/quehacerpolitico.mx\/index.php?rest_route=%2Fwp%2Fv2%2Fcomments&post=3992"}],"version-history":[{"count":0,"href":"https:\/\/quehacerpolitico.mx\/index.php?rest_route=\/wp\/v2\/posts\/3992\/revisions"}],"wp:featuredmedia":[{"embeddable":true,"href":"https:\/\/quehacerpolitico.mx\/index.php?rest_route=\/"}],"wp:attachment":[{"href":"https:\/\/quehacerpolitico.mx\/index.php?rest_route=%2Fwp%2Fv2%2Fmedia&parent=3992"}],"wp:term":[{"taxonomy":"category","embeddable":true,"href":"https:\/\/quehacerpolitico.mx\/index.php?rest_route=%2Fwp%2Fv2%2Fcategories&post=3992"},{"taxonomy":"post_tag","embeddable":true,"href":"https:\/\/quehacerpolitico.mx\/index.php?rest_route=%2Fwp%2Fv2%2Ftags&post=3992"}],"curies":[{"name":"wp","href":"https:\/\/api.w.org\/{rel}","templated":true}]}}