{"id":39898,"date":"2019-10-01T02:29:10","date_gmt":"2019-10-01T02:29:10","guid":{"rendered":"http:\/\/quehacerpolitico.mx\/morena-impulsara-la-despenalizacion-del-aborto-en-todo-el-pais\/"},"modified":"2019-10-01T02:29:10","modified_gmt":"2019-10-01T02:29:10","slug":"morena-impulsara-la-despenalizacion-del-aborto-en-todo-el-pais","status":"publish","type":"post","link":"https:\/\/quehacerpolitico.mx\/?p=39898","title":{"rendered":"Morena impulsar\u00e1 la despenalizaci\u00f3n del aborto en todo el pa\u00eds"},"content":{"rendered":"<h1 class=\"news-title\">Morena impulsar\u00e1 la despenalizaci\u00f3n del aborto en todo el pa\u00eds<br \/>Por Redacci\u00f3n QP<\/h1>\n<p>Legisladores preparan una iniciativa de reformas al C\u00f3digo Penal Federal y la Ley General de Salud para garantizar este derecho<\/p>\n<p>Morena presentar\u00e1 una iniciativa de reformas al C\u00f3digo Penal Federal y la Ley General de Salud para despenalizar en todo el pa\u00eds la interrupci\u00f3n del embarazo antes de las 12 semanas de gestaci\u00f3n.<\/p>\n<p>Las enmiendas ser\u00e1n impulsadas junto con un exhorto, en art\u00edculos transitorios, para que las legislaturas estatales armonicen sus normas conforme a los cambios a nivel federal pues, se inform\u00f3, tras foros realizados en 20 entidades, en la llamada &#8220;gira de la decisi\u00f3n&#8221;, <strong>se detect\u00f3 que esas reformas son una necesidad en todo el pa\u00eds.<\/strong><\/p>\n<div class=\"teads_ad\">\n<div id=\"div-gpt-ad-1548262875188-0\" data-google-query-id=\"CMqW5O6A-uQCFQY7TwodWzYFCQ\">\n<div id=\"google_ads_iframe_\/1001694\/INF_intext_1_0__container__\">En la Ciudad de M\u00e9xico\u00a0de los 214 mil 165 casos de interrupci\u00f3n del embarazo que ha habido <strong>149 mil 74 eran de mujeres residentes en esta ciudad, pero 65 mil 91 proven\u00edan de otros estados.<\/strong><\/div>\n<div>\u00a0<\/div>\n<div>Eso <strong>&#8220;deja claro la necesidad de garantizar el acceso a servicios de salud que garanticen una interrupci\u00f3n del embarazo legal y segura&#8221;<\/strong>, dijo la diputada Roc\u00edo Villarauz Mart\u00ednez en la presentaci\u00f3n de la iniciativa y resultados de los foros.<\/div>\n<div>\u00a0<\/div>\n<\/div>\n<\/div>\n<p>De acuerdo a la propuesta, impulsada por el grupo parlamentario de Morena y que ser\u00e1 presentada esta semana al pleno, ser\u00e1 considerado aborto\u00a0cuando la interrupci\u00f3n sea posterior a las 12 semanas.<\/p>\n<p>Adem\u00e1s cada instituci\u00f3n de salud debe garantizar que, de entre su personal, <strong>al menos una persona dentro de todos los turnos est\u00e9 capacitada para practicar una interrupci\u00f3n del embarazo y no sea objetor de conciencia.<\/strong><\/p>\n<p>Otros cambios consisten en que, a quien haga abortar a una mujer sin su consentimiento se le aplicar\u00e1 una pena de tres a seis a\u00f1os de prisi\u00f3n y si media violencia f\u00edsica o moral de seis a ocho a\u00f1os de prisi\u00f3n.<\/p>\n<p>Al personal m\u00e9dico que provoque un aborto sin consentimiento adem\u00e1s de esas sanciones se le suspender\u00e1 de dos a cinco a\u00f1os en el ejercicio de su profesi\u00f3n.<\/p>\n<p>A la mujer que voluntariamente practique su aborto o consienta que otro le haga abortar despu\u00e9s de las 12 semanas de embarazo, se le impondr\u00e1n de tres a seis meses de prisi\u00f3n o de 100 a 300 d\u00edas de trabajo a favor de la comunidad y s\u00f3lo se castigar\u00e1 si el aborto se consum\u00f3, se plantea<\/p>\n<p>Esa misma pena se impondr\u00e1 a quien haga abortar a una mujer despu\u00e9s de las 12 semanas con consentimiento de \u00e9sta.<\/p>\n<p>En el evento, la titular del Instituto Nacional de las Mujeres, Nadine Gasman, destac\u00f3 la relevancia de la iniciativa ante cifras alarmantes, entre ellas las del Consejo Nacional de Poblaci\u00f3n (Conapo), seg\u00fan el cual <strong>en 2016 todos los d\u00edas 32 ni\u00f1as se convirtieron en madres.<\/strong><\/p>\n<p>Es decir, ese a\u00f1o 11 mil 808 ni\u00f1as menores de 10 a\u00f1os a 14 a\u00f1os tuvieron un aborto pues fueron embarazadas por violencia sexual y <strong>&#8220;como Estado tenemos la obligaci\u00f3n de garantizar los derechos sexuales y reproductivos&#8221;.<\/strong><\/p>\n<p>Con informaci\u00f3n de SUN<\/p>\n","protected":false},"excerpt":{"rendered":"<p>Morena impulsar\u00e1 la despenalizaci\u00f3n del aborto en todo el pa\u00eds<br \/>\nPor Redacci\u00f3n QP<\/p>\n","protected":false},"author":2,"featured_media":39897,"comment_status":"open","ping_status":"open","sticky":false,"template":"","format":"standard","meta":{"_monsterinsights_skip_tracking":false,"_monsterinsights_sitenote_active":false,"_monsterinsights_sitenote_note":"","_monsterinsights_sitenote_category":0,"footnotes":""},"categories":[2],"tags":[],"class_list":["post-39898","post","type-post","status-publish","format-standard","has-post-thumbnail","hentry","category-noticias"],"yoast_head":"<!-- This site is optimized with the Yoast SEO plugin v27.3 - https:\/\/yoast.com\/product\/yoast-seo-wordpress\/ -->\n<title>Morena impulsar\u00e1 la despenalizaci\u00f3n del aborto en todo el pa\u00eds -<\/title>\n<meta name=\"robots\" content=\"index, follow, max-snippet:-1, max-image-preview:large, max-video-preview:-1\" \/>\n<link rel=\"canonical\" href=\"https:\/\/quehacerpolitico.mx\/?p=39898\" \/>\n<meta property=\"og:locale\" content=\"es_MX\" \/>\n<meta property=\"og:type\" content=\"article\" \/>\n<meta property=\"og:title\" content=\"Morena impulsar\u00e1 la despenalizaci\u00f3n del aborto en todo el pa\u00eds -\" \/>\n<meta property=\"og:description\" content=\"Morena impulsar\u00e1 la despenalizaci\u00f3n del aborto en todo el pa\u00eds Por Redacci\u00f3n QP\" \/>\n<meta property=\"og:url\" content=\"https:\/\/quehacerpolitico.mx\/?p=39898\" \/>\n<meta property=\"article:published_time\" content=\"2019-10-01T02:29:10+00:00\" \/>\n<meta name=\"author\" content=\"Redacci\u00f3n QP\" \/>\n<meta name=\"twitter:card\" content=\"summary_large_image\" \/>\n<meta name=\"twitter:label1\" content=\"Escrito por\" \/>\n\t<meta name=\"twitter:data1\" content=\"Redacci\u00f3n QP\" \/>\n\t<meta name=\"twitter:label2\" content=\"Tiempo de lectura\" \/>\n\t<meta name=\"twitter:data2\" content=\"3 minutos\" \/>\n<script type=\"application\/ld+json\" class=\"yoast-schema-graph\">{\"@context\":\"https:\\\/\\\/schema.org\",\"@graph\":[{\"@type\":\"Article\",\"@id\":\"https:\\\/\\\/quehacerpolitico.mx\\\/?p=39898#article\",\"isPartOf\":{\"@id\":\"https:\\\/\\\/quehacerpolitico.mx\\\/?p=39898\"},\"author\":{\"name\":\"Redacci\u00f3n QP\",\"@id\":\"https:\\\/\\\/quehacerpolitico.mx\\\/#\\\/schema\\\/person\\\/496d8ad2d1d3f8036101dca7ee39e585\"},\"headline\":\"Morena impulsar\u00e1 la despenalizaci\u00f3n del aborto en todo el pa\u00eds\",\"datePublished\":\"2019-10-01T02:29:10+00:00\",\"mainEntityOfPage\":{\"@id\":\"https:\\\/\\\/quehacerpolitico.mx\\\/?p=39898\"},\"wordCount\":533,\"commentCount\":0,\"image\":{\"@id\":\"https:\\\/\\\/quehacerpolitico.mx\\\/?p=39898#primaryimage\"},\"thumbnailUrl\":\"\",\"articleSection\":[\"Noticias\"],\"inLanguage\":\"es\",\"potentialAction\":[{\"@type\":\"CommentAction\",\"name\":\"Comment\",\"target\":[\"https:\\\/\\\/quehacerpolitico.mx\\\/?p=39898#respond\"]}]},{\"@type\":\"WebPage\",\"@id\":\"https:\\\/\\\/quehacerpolitico.mx\\\/?p=39898\",\"url\":\"https:\\\/\\\/quehacerpolitico.mx\\\/?p=39898\",\"name\":\"Morena impulsar\u00e1 la despenalizaci\u00f3n del aborto en todo el pa\u00eds -\",\"isPartOf\":{\"@id\":\"https:\\\/\\\/quehacerpolitico.mx\\\/#website\"},\"primaryImageOfPage\":{\"@id\":\"https:\\\/\\\/quehacerpolitico.mx\\\/?p=39898#primaryimage\"},\"image\":{\"@id\":\"https:\\\/\\\/quehacerpolitico.mx\\\/?p=39898#primaryimage\"},\"thumbnailUrl\":\"\",\"datePublished\":\"2019-10-01T02:29:10+00:00\",\"author\":{\"@id\":\"https:\\\/\\\/quehacerpolitico.mx\\\/#\\\/schema\\\/person\\\/496d8ad2d1d3f8036101dca7ee39e585\"},\"breadcrumb\":{\"@id\":\"https:\\\/\\\/quehacerpolitico.mx\\\/?p=39898#breadcrumb\"},\"inLanguage\":\"es\",\"potentialAction\":[{\"@type\":\"ReadAction\",\"target\":[\"https:\\\/\\\/quehacerpolitico.mx\\\/?p=39898\"]}]},{\"@type\":\"ImageObject\",\"inLanguage\":\"es\",\"@id\":\"https:\\\/\\\/quehacerpolitico.mx\\\/?p=39898#primaryimage\",\"url\":\"\",\"contentUrl\":\"\"},{\"@type\":\"BreadcrumbList\",\"@id\":\"https:\\\/\\\/quehacerpolitico.mx\\\/?p=39898#breadcrumb\",\"itemListElement\":[{\"@type\":\"ListItem\",\"position\":1,\"name\":\"Inicio\",\"item\":\"https:\\\/\\\/quehacerpolitico.mx\\\/\"},{\"@type\":\"ListItem\",\"position\":2,\"name\":\"Morena impulsar\u00e1 la despenalizaci\u00f3n del aborto en todo el pa\u00eds\"}]},{\"@type\":\"WebSite\",\"@id\":\"https:\\\/\\\/quehacerpolitico.mx\\\/#website\",\"url\":\"https:\\\/\\\/quehacerpolitico.mx\\\/\",\"name\":\"\",\"description\":\"\",\"potentialAction\":[{\"@type\":\"SearchAction\",\"target\":{\"@type\":\"EntryPoint\",\"urlTemplate\":\"https:\\\/\\\/quehacerpolitico.mx\\\/?s={search_term_string}\"},\"query-input\":{\"@type\":\"PropertyValueSpecification\",\"valueRequired\":true,\"valueName\":\"search_term_string\"}}],\"inLanguage\":\"es\"},{\"@type\":\"Person\",\"@id\":\"https:\\\/\\\/quehacerpolitico.mx\\\/#\\\/schema\\\/person\\\/496d8ad2d1d3f8036101dca7ee39e585\",\"name\":\"Redacci\u00f3n QP\",\"image\":{\"@type\":\"ImageObject\",\"inLanguage\":\"es\",\"@id\":\"https:\\\/\\\/secure.gravatar.com\\\/avatar\\\/c7164ed6fdec453195284ad24a5ae5b6e1eed2b848477fa2a4787ba9adf39a41?s=96&d=mm&r=g\",\"url\":\"https:\\\/\\\/secure.gravatar.com\\\/avatar\\\/c7164ed6fdec453195284ad24a5ae5b6e1eed2b848477fa2a4787ba9adf39a41?s=96&d=mm&r=g\",\"contentUrl\":\"https:\\\/\\\/secure.gravatar.com\\\/avatar\\\/c7164ed6fdec453195284ad24a5ae5b6e1eed2b848477fa2a4787ba9adf39a41?s=96&d=mm&r=g\",\"caption\":\"Redacci\u00f3n QP\"},\"url\":\"https:\\\/\\\/quehacerpolitico.mx\\\/?author=2\"}]}<\/script>\n<!-- \/ Yoast SEO plugin. -->","yoast_head_json":{"title":"Morena impulsar\u00e1 la despenalizaci\u00f3n del aborto en todo el pa\u00eds -","robots":{"index":"index","follow":"follow","max-snippet":"max-snippet:-1","max-image-preview":"max-image-preview:large","max-video-preview":"max-video-preview:-1"},"canonical":"https:\/\/quehacerpolitico.mx\/?p=39898","og_locale":"es_MX","og_type":"article","og_title":"Morena impulsar\u00e1 la despenalizaci\u00f3n del aborto en todo el pa\u00eds -","og_description":"Morena impulsar\u00e1 la despenalizaci\u00f3n del aborto en todo el pa\u00eds Por Redacci\u00f3n QP","og_url":"https:\/\/quehacerpolitico.mx\/?p=39898","article_published_time":"2019-10-01T02:29:10+00:00","author":"Redacci\u00f3n QP","twitter_card":"summary_large_image","twitter_misc":{"Escrito por":"Redacci\u00f3n QP","Tiempo de lectura":"3 minutos"},"schema":{"@context":"https:\/\/schema.org","@graph":[{"@type":"Article","@id":"https:\/\/quehacerpolitico.mx\/?p=39898#article","isPartOf":{"@id":"https:\/\/quehacerpolitico.mx\/?p=39898"},"author":{"name":"Redacci\u00f3n QP","@id":"https:\/\/quehacerpolitico.mx\/#\/schema\/person\/496d8ad2d1d3f8036101dca7ee39e585"},"headline":"Morena impulsar\u00e1 la despenalizaci\u00f3n del aborto en todo el pa\u00eds","datePublished":"2019-10-01T02:29:10+00:00","mainEntityOfPage":{"@id":"https:\/\/quehacerpolitico.mx\/?p=39898"},"wordCount":533,"commentCount":0,"image":{"@id":"https:\/\/quehacerpolitico.mx\/?p=39898#primaryimage"},"thumbnailUrl":"","articleSection":["Noticias"],"inLanguage":"es","potentialAction":[{"@type":"CommentAction","name":"Comment","target":["https:\/\/quehacerpolitico.mx\/?p=39898#respond"]}]},{"@type":"WebPage","@id":"https:\/\/quehacerpolitico.mx\/?p=39898","url":"https:\/\/quehacerpolitico.mx\/?p=39898","name":"Morena impulsar\u00e1 la despenalizaci\u00f3n del aborto en todo el pa\u00eds -","isPartOf":{"@id":"https:\/\/quehacerpolitico.mx\/#website"},"primaryImageOfPage":{"@id":"https:\/\/quehacerpolitico.mx\/?p=39898#primaryimage"},"image":{"@id":"https:\/\/quehacerpolitico.mx\/?p=39898#primaryimage"},"thumbnailUrl":"","datePublished":"2019-10-01T02:29:10+00:00","author":{"@id":"https:\/\/quehacerpolitico.mx\/#\/schema\/person\/496d8ad2d1d3f8036101dca7ee39e585"},"breadcrumb":{"@id":"https:\/\/quehacerpolitico.mx\/?p=39898#breadcrumb"},"inLanguage":"es","potentialAction":[{"@type":"ReadAction","target":["https:\/\/quehacerpolitico.mx\/?p=39898"]}]},{"@type":"ImageObject","inLanguage":"es","@id":"https:\/\/quehacerpolitico.mx\/?p=39898#primaryimage","url":"","contentUrl":""},{"@type":"BreadcrumbList","@id":"https:\/\/quehacerpolitico.mx\/?p=39898#breadcrumb","itemListElement":[{"@type":"ListItem","position":1,"name":"Inicio","item":"https:\/\/quehacerpolitico.mx\/"},{"@type":"ListItem","position":2,"name":"Morena impulsar\u00e1 la despenalizaci\u00f3n del aborto en todo el pa\u00eds"}]},{"@type":"WebSite","@id":"https:\/\/quehacerpolitico.mx\/#website","url":"https:\/\/quehacerpolitico.mx\/","name":"","description":"","potentialAction":[{"@type":"SearchAction","target":{"@type":"EntryPoint","urlTemplate":"https:\/\/quehacerpolitico.mx\/?s={search_term_string}"},"query-input":{"@type":"PropertyValueSpecification","valueRequired":true,"valueName":"search_term_string"}}],"inLanguage":"es"},{"@type":"Person","@id":"https:\/\/quehacerpolitico.mx\/#\/schema\/person\/496d8ad2d1d3f8036101dca7ee39e585","name":"Redacci\u00f3n QP","image":{"@type":"ImageObject","inLanguage":"es","@id":"https:\/\/secure.gravatar.com\/avatar\/c7164ed6fdec453195284ad24a5ae5b6e1eed2b848477fa2a4787ba9adf39a41?s=96&d=mm&r=g","url":"https:\/\/secure.gravatar.com\/avatar\/c7164ed6fdec453195284ad24a5ae5b6e1eed2b848477fa2a4787ba9adf39a41?s=96&d=mm&r=g","contentUrl":"https:\/\/secure.gravatar.com\/avatar\/c7164ed6fdec453195284ad24a5ae5b6e1eed2b848477fa2a4787ba9adf39a41?s=96&d=mm&r=g","caption":"Redacci\u00f3n QP"},"url":"https:\/\/quehacerpolitico.mx\/?author=2"}]}},"featured_image_urls":{"full":"","thumbnail":"","medium":"","medium_large":"","large":"","1536x1536":"","2048x2048":"","covernews-featured":"","covernews-medium":""},"author_info":{"display_name":"Redacci\u00f3n QP","author_link":"https:\/\/quehacerpolitico.mx\/?author=2"},"category_info":"<a href=\"https:\/\/quehacerpolitico.mx\/?cat=2\" rel=\"category\">Noticias<\/a>","tag_info":"Noticias","comment_count":"0","_links":{"self":[{"href":"https:\/\/quehacerpolitico.mx\/index.php?rest_route=\/wp\/v2\/posts\/39898","targetHints":{"allow":["GET"]}}],"collection":[{"href":"https:\/\/quehacerpolitico.mx\/index.php?rest_route=\/wp\/v2\/posts"}],"about":[{"href":"https:\/\/quehacerpolitico.mx\/index.php?rest_route=\/wp\/v2\/types\/post"}],"author":[{"embeddable":true,"href":"https:\/\/quehacerpolitico.mx\/index.php?rest_route=\/wp\/v2\/users\/2"}],"replies":[{"embeddable":true,"href":"https:\/\/quehacerpolitico.mx\/index.php?rest_route=%2Fwp%2Fv2%2Fcomments&post=39898"}],"version-history":[{"count":0,"href":"https:\/\/quehacerpolitico.mx\/index.php?rest_route=\/wp\/v2\/posts\/39898\/revisions"}],"wp:featuredmedia":[{"embeddable":true,"href":"https:\/\/quehacerpolitico.mx\/index.php?rest_route=\/"}],"wp:attachment":[{"href":"https:\/\/quehacerpolitico.mx\/index.php?rest_route=%2Fwp%2Fv2%2Fmedia&parent=39898"}],"wp:term":[{"taxonomy":"category","embeddable":true,"href":"https:\/\/quehacerpolitico.mx\/index.php?rest_route=%2Fwp%2Fv2%2Fcategories&post=39898"},{"taxonomy":"post_tag","embeddable":true,"href":"https:\/\/quehacerpolitico.mx\/index.php?rest_route=%2Fwp%2Fv2%2Ftags&post=39898"}],"curies":[{"name":"wp","href":"https:\/\/api.w.org\/{rel}","templated":true}]}}