{"id":39892,"date":"2019-10-01T02:14:02","date_gmt":"2019-10-01T02:14:02","guid":{"rendered":"http:\/\/quehacerpolitico.mx\/sheinbaum-anuncia-un-cinturon-de-paz-para-marcha-del-2-de-octubre\/"},"modified":"2019-10-01T02:14:02","modified_gmt":"2019-10-01T02:14:02","slug":"sheinbaum-anuncia-un-cinturon-de-paz-para-marcha-del-2-de-octubre","status":"publish","type":"post","link":"https:\/\/quehacerpolitico.mx\/?p=39892","title":{"rendered":"Sheinbaum anuncia un &#8220;cintur\u00f3n de paz&#8221; para marcha del 2 de octubre"},"content":{"rendered":"<h1 class=\"news-title\">Sheinbaum anuncia un &#8220;cintur\u00f3n de paz&#8221; para marcha del 2 de octubre<br \/>Por Redacci\u00f3n QP<\/h1>\n<p>La jefa de Gobierno informa que civiles y polic\u00edas se encargar\u00e1n de evitar que haya actos vand\u00e1licos durante la manifestaci\u00f3n<\/p>\n<p>El Gobierno de la Ciudad de M\u00e9xico inform\u00f3 que desplegar\u00e1 un &#8220;cintur\u00f3n de paz&#8221; durante la marcha del 2 de octubre alrededor de los manifestantes, el cual estar\u00e1 integrado por civiles y polic\u00edas.<\/p>\n<blockquote>\n<p>&#8220;Nosotros no vamos a reprimir, pero tampoco se puede ser permisivo frente a estas agresiones&#8221;<\/p>\n<\/blockquote>\n<p>La jefa de Gobierno, Claudia Sheinbaum, asegur\u00f3 que el gobierno de la capital <strong>no reprime a los manifestantes, pero tampoco &#8220;tampoco podemos ser permisivos en muchos de estos actos que se han desarrollado&#8221;.<\/strong><\/p>\n<p>Detall\u00f3 que el llamado &#8220;cintur\u00f3n de paz&#8221; estar\u00e1 alrededor de los manifestantes y estar\u00e1 integrado por civiles y elementos policiacos. &#8220;Ya nos estamos preparando, les vamos a dar toda la informaci\u00f3n, se est\u00e1 en comunicaci\u00f3n con los organizadores&#8221;, dijo la mandataria local en conferencia de prensa.<\/p>\n<p>Agreg\u00f3 que <strong>la medida busca dejar excluidos a los grupos que pretendan generar violencia durante la manifestaci\u00f3n del pr\u00f3ximo mi\u00e9rcoles<\/strong>. Detall\u00f3 que la polic\u00eda capitalina tendr\u00e1 su propia actuaci\u00f3n, sin embargo &#8220;estamos pensando que seamos civiles quienes protejamos la marcha&#8221;.<\/p>\n<p>Sobre los actos vand\u00e1licos ocurridos durante la marcha del s\u00e1bado pasado, Sheinbaum\u00a0Pardo coment\u00f3: &#8220;muchos de ellos (agresores) son de grupos conservadores, que no les interesa realmente la democracia en la ciudad, las libertades, sino que al contrario, est\u00e1n esperando que nosotros respondamos con violencia, pero nosotros no vamos a responder con violencia&#8221;.<\/p>\n<p>La jefa de Gobierno indic\u00f3 que ya hay personas identificadas de la protesta del jueves pasado en donde tambi\u00e9n se registraron actos de violencia. &#8220;Por parte de la Procuradur\u00eda se est\u00e1 haciendo la investigaci\u00f3n y aqu\u00ed repito, nosotros no vamos a reprimir, pero tampoco se puede ser permisivo frente a estas agresiones&#8221;, indic\u00f3 la mandataria capitalina.<\/p>\n<p>Con informaci\u00f3n de SUN<\/p>\n","protected":false},"excerpt":{"rendered":"<p>Sheinbaum anuncia un &#8220;cintur\u00f3n de paz&#8221; para marcha del 2 de octubre<br \/>\nPor Redacci\u00f3n QP<\/p>\n","protected":false},"author":2,"featured_media":39891,"comment_status":"open","ping_status":"open","sticky":false,"template":"","format":"standard","meta":{"_monsterinsights_skip_tracking":false,"_monsterinsights_sitenote_active":false,"_monsterinsights_sitenote_note":"","_monsterinsights_sitenote_category":0,"footnotes":""},"categories":[55],"tags":[],"class_list":["post-39892","post","type-post","status-publish","format-standard","has-post-thumbnail","hentry","category-cdmx"],"yoast_head":"<!-- This site is optimized with the Yoast SEO plugin v27.3 - https:\/\/yoast.com\/product\/yoast-seo-wordpress\/ -->\n<title>Sheinbaum anuncia un &quot;cintur\u00f3n de paz&quot; para marcha del 2 de octubre -<\/title>\n<meta name=\"robots\" content=\"index, follow, max-snippet:-1, max-image-preview:large, max-video-preview:-1\" \/>\n<link rel=\"canonical\" href=\"https:\/\/quehacerpolitico.mx\/?p=39892\" \/>\n<meta property=\"og:locale\" content=\"es_MX\" \/>\n<meta property=\"og:type\" content=\"article\" \/>\n<meta property=\"og:title\" content=\"Sheinbaum anuncia un &quot;cintur\u00f3n de paz&quot; para marcha del 2 de octubre -\" \/>\n<meta property=\"og:description\" content=\"Sheinbaum anuncia un &quot;cintur\u00f3n de paz&quot; para marcha del 2 de octubre Por Redacci\u00f3n QP\" \/>\n<meta property=\"og:url\" content=\"https:\/\/quehacerpolitico.mx\/?p=39892\" \/>\n<meta property=\"article:published_time\" content=\"2019-10-01T02:14:02+00:00\" \/>\n<meta name=\"author\" content=\"Redacci\u00f3n QP\" \/>\n<meta name=\"twitter:card\" content=\"summary_large_image\" \/>\n<meta name=\"twitter:label1\" content=\"Escrito por\" \/>\n\t<meta name=\"twitter:data1\" content=\"Redacci\u00f3n QP\" \/>\n\t<meta name=\"twitter:label2\" content=\"Tiempo de lectura\" \/>\n\t<meta name=\"twitter:data2\" content=\"2 minutos\" \/>\n<script type=\"application\/ld+json\" class=\"yoast-schema-graph\">{\"@context\":\"https:\\\/\\\/schema.org\",\"@graph\":[{\"@type\":\"Article\",\"@id\":\"https:\\\/\\\/quehacerpolitico.mx\\\/?p=39892#article\",\"isPartOf\":{\"@id\":\"https:\\\/\\\/quehacerpolitico.mx\\\/?p=39892\"},\"author\":{\"name\":\"Redacci\u00f3n QP\",\"@id\":\"https:\\\/\\\/quehacerpolitico.mx\\\/#\\\/schema\\\/person\\\/496d8ad2d1d3f8036101dca7ee39e585\"},\"headline\":\"Sheinbaum anuncia un &#8220;cintur\u00f3n de paz&#8221; para marcha del 2 de octubre\",\"datePublished\":\"2019-10-01T02:14:02+00:00\",\"mainEntityOfPage\":{\"@id\":\"https:\\\/\\\/quehacerpolitico.mx\\\/?p=39892\"},\"wordCount\":348,\"commentCount\":0,\"image\":{\"@id\":\"https:\\\/\\\/quehacerpolitico.mx\\\/?p=39892#primaryimage\"},\"thumbnailUrl\":\"\",\"articleSection\":[\"CDMX\"],\"inLanguage\":\"es\",\"potentialAction\":[{\"@type\":\"CommentAction\",\"name\":\"Comment\",\"target\":[\"https:\\\/\\\/quehacerpolitico.mx\\\/?p=39892#respond\"]}]},{\"@type\":\"WebPage\",\"@id\":\"https:\\\/\\\/quehacerpolitico.mx\\\/?p=39892\",\"url\":\"https:\\\/\\\/quehacerpolitico.mx\\\/?p=39892\",\"name\":\"Sheinbaum anuncia un \\\"cintur\u00f3n de paz\\\" para marcha del 2 de octubre -\",\"isPartOf\":{\"@id\":\"https:\\\/\\\/quehacerpolitico.mx\\\/#website\"},\"primaryImageOfPage\":{\"@id\":\"https:\\\/\\\/quehacerpolitico.mx\\\/?p=39892#primaryimage\"},\"image\":{\"@id\":\"https:\\\/\\\/quehacerpolitico.mx\\\/?p=39892#primaryimage\"},\"thumbnailUrl\":\"\",\"datePublished\":\"2019-10-01T02:14:02+00:00\",\"author\":{\"@id\":\"https:\\\/\\\/quehacerpolitico.mx\\\/#\\\/schema\\\/person\\\/496d8ad2d1d3f8036101dca7ee39e585\"},\"breadcrumb\":{\"@id\":\"https:\\\/\\\/quehacerpolitico.mx\\\/?p=39892#breadcrumb\"},\"inLanguage\":\"es\",\"potentialAction\":[{\"@type\":\"ReadAction\",\"target\":[\"https:\\\/\\\/quehacerpolitico.mx\\\/?p=39892\"]}]},{\"@type\":\"ImageObject\",\"inLanguage\":\"es\",\"@id\":\"https:\\\/\\\/quehacerpolitico.mx\\\/?p=39892#primaryimage\",\"url\":\"\",\"contentUrl\":\"\"},{\"@type\":\"BreadcrumbList\",\"@id\":\"https:\\\/\\\/quehacerpolitico.mx\\\/?p=39892#breadcrumb\",\"itemListElement\":[{\"@type\":\"ListItem\",\"position\":1,\"name\":\"Inicio\",\"item\":\"https:\\\/\\\/quehacerpolitico.mx\\\/\"},{\"@type\":\"ListItem\",\"position\":2,\"name\":\"Sheinbaum anuncia un &#8220;cintur\u00f3n de paz&#8221; para marcha del 2 de octubre\"}]},{\"@type\":\"WebSite\",\"@id\":\"https:\\\/\\\/quehacerpolitico.mx\\\/#website\",\"url\":\"https:\\\/\\\/quehacerpolitico.mx\\\/\",\"name\":\"\",\"description\":\"\",\"potentialAction\":[{\"@type\":\"SearchAction\",\"target\":{\"@type\":\"EntryPoint\",\"urlTemplate\":\"https:\\\/\\\/quehacerpolitico.mx\\\/?s={search_term_string}\"},\"query-input\":{\"@type\":\"PropertyValueSpecification\",\"valueRequired\":true,\"valueName\":\"search_term_string\"}}],\"inLanguage\":\"es\"},{\"@type\":\"Person\",\"@id\":\"https:\\\/\\\/quehacerpolitico.mx\\\/#\\\/schema\\\/person\\\/496d8ad2d1d3f8036101dca7ee39e585\",\"name\":\"Redacci\u00f3n QP\",\"image\":{\"@type\":\"ImageObject\",\"inLanguage\":\"es\",\"@id\":\"https:\\\/\\\/secure.gravatar.com\\\/avatar\\\/c7164ed6fdec453195284ad24a5ae5b6e1eed2b848477fa2a4787ba9adf39a41?s=96&d=mm&r=g\",\"url\":\"https:\\\/\\\/secure.gravatar.com\\\/avatar\\\/c7164ed6fdec453195284ad24a5ae5b6e1eed2b848477fa2a4787ba9adf39a41?s=96&d=mm&r=g\",\"contentUrl\":\"https:\\\/\\\/secure.gravatar.com\\\/avatar\\\/c7164ed6fdec453195284ad24a5ae5b6e1eed2b848477fa2a4787ba9adf39a41?s=96&d=mm&r=g\",\"caption\":\"Redacci\u00f3n QP\"},\"url\":\"https:\\\/\\\/quehacerpolitico.mx\\\/?author=2\"}]}<\/script>\n<!-- \/ Yoast SEO plugin. -->","yoast_head_json":{"title":"Sheinbaum anuncia un \"cintur\u00f3n de paz\" para marcha del 2 de octubre -","robots":{"index":"index","follow":"follow","max-snippet":"max-snippet:-1","max-image-preview":"max-image-preview:large","max-video-preview":"max-video-preview:-1"},"canonical":"https:\/\/quehacerpolitico.mx\/?p=39892","og_locale":"es_MX","og_type":"article","og_title":"Sheinbaum anuncia un \"cintur\u00f3n de paz\" para marcha del 2 de octubre -","og_description":"Sheinbaum anuncia un \"cintur\u00f3n de paz\" para marcha del 2 de octubre Por Redacci\u00f3n QP","og_url":"https:\/\/quehacerpolitico.mx\/?p=39892","article_published_time":"2019-10-01T02:14:02+00:00","author":"Redacci\u00f3n QP","twitter_card":"summary_large_image","twitter_misc":{"Escrito por":"Redacci\u00f3n QP","Tiempo de lectura":"2 minutos"},"schema":{"@context":"https:\/\/schema.org","@graph":[{"@type":"Article","@id":"https:\/\/quehacerpolitico.mx\/?p=39892#article","isPartOf":{"@id":"https:\/\/quehacerpolitico.mx\/?p=39892"},"author":{"name":"Redacci\u00f3n QP","@id":"https:\/\/quehacerpolitico.mx\/#\/schema\/person\/496d8ad2d1d3f8036101dca7ee39e585"},"headline":"Sheinbaum anuncia un &#8220;cintur\u00f3n de paz&#8221; para marcha del 2 de octubre","datePublished":"2019-10-01T02:14:02+00:00","mainEntityOfPage":{"@id":"https:\/\/quehacerpolitico.mx\/?p=39892"},"wordCount":348,"commentCount":0,"image":{"@id":"https:\/\/quehacerpolitico.mx\/?p=39892#primaryimage"},"thumbnailUrl":"","articleSection":["CDMX"],"inLanguage":"es","potentialAction":[{"@type":"CommentAction","name":"Comment","target":["https:\/\/quehacerpolitico.mx\/?p=39892#respond"]}]},{"@type":"WebPage","@id":"https:\/\/quehacerpolitico.mx\/?p=39892","url":"https:\/\/quehacerpolitico.mx\/?p=39892","name":"Sheinbaum anuncia un \"cintur\u00f3n de paz\" para marcha del 2 de octubre -","isPartOf":{"@id":"https:\/\/quehacerpolitico.mx\/#website"},"primaryImageOfPage":{"@id":"https:\/\/quehacerpolitico.mx\/?p=39892#primaryimage"},"image":{"@id":"https:\/\/quehacerpolitico.mx\/?p=39892#primaryimage"},"thumbnailUrl":"","datePublished":"2019-10-01T02:14:02+00:00","author":{"@id":"https:\/\/quehacerpolitico.mx\/#\/schema\/person\/496d8ad2d1d3f8036101dca7ee39e585"},"breadcrumb":{"@id":"https:\/\/quehacerpolitico.mx\/?p=39892#breadcrumb"},"inLanguage":"es","potentialAction":[{"@type":"ReadAction","target":["https:\/\/quehacerpolitico.mx\/?p=39892"]}]},{"@type":"ImageObject","inLanguage":"es","@id":"https:\/\/quehacerpolitico.mx\/?p=39892#primaryimage","url":"","contentUrl":""},{"@type":"BreadcrumbList","@id":"https:\/\/quehacerpolitico.mx\/?p=39892#breadcrumb","itemListElement":[{"@type":"ListItem","position":1,"name":"Inicio","item":"https:\/\/quehacerpolitico.mx\/"},{"@type":"ListItem","position":2,"name":"Sheinbaum anuncia un &#8220;cintur\u00f3n de paz&#8221; para marcha del 2 de octubre"}]},{"@type":"WebSite","@id":"https:\/\/quehacerpolitico.mx\/#website","url":"https:\/\/quehacerpolitico.mx\/","name":"","description":"","potentialAction":[{"@type":"SearchAction","target":{"@type":"EntryPoint","urlTemplate":"https:\/\/quehacerpolitico.mx\/?s={search_term_string}"},"query-input":{"@type":"PropertyValueSpecification","valueRequired":true,"valueName":"search_term_string"}}],"inLanguage":"es"},{"@type":"Person","@id":"https:\/\/quehacerpolitico.mx\/#\/schema\/person\/496d8ad2d1d3f8036101dca7ee39e585","name":"Redacci\u00f3n QP","image":{"@type":"ImageObject","inLanguage":"es","@id":"https:\/\/secure.gravatar.com\/avatar\/c7164ed6fdec453195284ad24a5ae5b6e1eed2b848477fa2a4787ba9adf39a41?s=96&d=mm&r=g","url":"https:\/\/secure.gravatar.com\/avatar\/c7164ed6fdec453195284ad24a5ae5b6e1eed2b848477fa2a4787ba9adf39a41?s=96&d=mm&r=g","contentUrl":"https:\/\/secure.gravatar.com\/avatar\/c7164ed6fdec453195284ad24a5ae5b6e1eed2b848477fa2a4787ba9adf39a41?s=96&d=mm&r=g","caption":"Redacci\u00f3n QP"},"url":"https:\/\/quehacerpolitico.mx\/?author=2"}]}},"featured_image_urls":{"full":"","thumbnail":"","medium":"","medium_large":"","large":"","1536x1536":"","2048x2048":"","covernews-featured":"","covernews-medium":""},"author_info":{"display_name":"Redacci\u00f3n QP","author_link":"https:\/\/quehacerpolitico.mx\/?author=2"},"category_info":"<a href=\"https:\/\/quehacerpolitico.mx\/?cat=55\" rel=\"category\">CDMX<\/a>","tag_info":"CDMX","comment_count":"0","_links":{"self":[{"href":"https:\/\/quehacerpolitico.mx\/index.php?rest_route=\/wp\/v2\/posts\/39892","targetHints":{"allow":["GET"]}}],"collection":[{"href":"https:\/\/quehacerpolitico.mx\/index.php?rest_route=\/wp\/v2\/posts"}],"about":[{"href":"https:\/\/quehacerpolitico.mx\/index.php?rest_route=\/wp\/v2\/types\/post"}],"author":[{"embeddable":true,"href":"https:\/\/quehacerpolitico.mx\/index.php?rest_route=\/wp\/v2\/users\/2"}],"replies":[{"embeddable":true,"href":"https:\/\/quehacerpolitico.mx\/index.php?rest_route=%2Fwp%2Fv2%2Fcomments&post=39892"}],"version-history":[{"count":0,"href":"https:\/\/quehacerpolitico.mx\/index.php?rest_route=\/wp\/v2\/posts\/39892\/revisions"}],"wp:featuredmedia":[{"embeddable":true,"href":"https:\/\/quehacerpolitico.mx\/index.php?rest_route=\/"}],"wp:attachment":[{"href":"https:\/\/quehacerpolitico.mx\/index.php?rest_route=%2Fwp%2Fv2%2Fmedia&parent=39892"}],"wp:term":[{"taxonomy":"category","embeddable":true,"href":"https:\/\/quehacerpolitico.mx\/index.php?rest_route=%2Fwp%2Fv2%2Fcategories&post=39892"},{"taxonomy":"post_tag","embeddable":true,"href":"https:\/\/quehacerpolitico.mx\/index.php?rest_route=%2Fwp%2Fv2%2Ftags&post=39892"}],"curies":[{"name":"wp","href":"https:\/\/api.w.org\/{rel}","templated":true}]}}