{"id":39889,"date":"2019-10-01T01:38:42","date_gmt":"2019-10-01T01:38:42","guid":{"rendered":"http:\/\/quehacerpolitico.mx\/desde-el-curul-anuncian-feria-nacional-del-mole-en-san-pedro-atocpan-alcaldia-de-milpa-alta\/"},"modified":"2019-10-01T01:38:42","modified_gmt":"2019-10-01T01:38:42","slug":"desde-el-curul-anuncian-feria-nacional-del-mole-en-san-pedro-atocpan-alcaldia-de-milpa-alta","status":"publish","type":"post","link":"https:\/\/quehacerpolitico.mx\/?p=39889","title":{"rendered":"Desde el Curul\/\/\/Anuncian Feria Nacional del Mole en San Pedro Atocpan, alcald\u00eda de Milpa Alta"},"content":{"rendered":"<p><span class=\"s8\"><span class=\"bumpedFont15\">Anuncian Feria Nacional del Mole en San Pedro <\/span><\/span><span class=\"s8\"><span class=\"bumpedFont15\">Ato<\/span><\/span><span class=\"s8\"><span class=\"bumpedFont15\">c<\/span><\/span><span class=\"s8\"><span class=\"bumpedFont15\">pan<\/span><\/span><span class=\"s8\"><span class=\"bumpedFont15\">, alcald\u00eda <\/span><\/span><span class=\"s8\"><span class=\"bumpedFont15\">de <\/span><\/span><span class=\"s8\"><span class=\"bumpedFont15\">Milpa AltaPor Redacci\u00f3n QP<\/span><\/span><\/p>\n<div class=\"s12\"><span class=\"s10\">\u2022 <\/span><span class=\"s11\"><span class=\"bumpedFont15\">Participar\u00e1n 33 restauranteros y 17 stands que ofrecer\u00e1n una gran variedad de platillos elaborados con diferentes tipos de mole<\/span><\/span><\/div>\n<div class=\"s12\"><span class=\"s10\">\u2022 <\/span><span class=\"s11\"><span class=\"bumpedFont15\">Es necesario difundir estas actividades, sobre todo impulsar el trabajo que a\u00f1o con a\u00f1o los pobladores realizan\u201d: diputado Ernesto Alarc\u00f3n<\/span><\/span><\/div>\n<p class=\"s13\"><span class=\"s6\"><span class=\"bumpedFont15\">Del 5 al 27 de octubre se realizar\u00e1 la edici\u00f3n <\/span><\/span><span class=\"s6\"><span class=\"bumpedFont15\">43 <\/span><\/span><span class=\"s6\"><span class=\"bumpedFont15\">de la Feria Nacional del Mole en el pueblo m\u00e1gico de San Pedro <\/span><\/span><span class=\"s6\"><span class=\"bumpedFont15\">Ato<\/span><\/span><span class=\"s6\"><span class=\"bumpedFont15\">c<\/span><\/span><span class=\"s6\"><span class=\"bumpedFont15\">pan<\/span><\/span><span class=\"s6\"><span class=\"bumpedFont15\">, localizado en el kil\u00f3metro <\/span><\/span><span class=\"s6\"><span class=\"bumpedFont15\">17.5 de la carretera Xochimilco<\/span><\/span><span class=\"s6\"><span class=\"bumpedFont15\">\u2013Oaxtepec<\/span><\/span><span class=\"s6\"><span class=\"bumpedFont15\">,<\/span><\/span><span class=\"s6\"><span class=\"bumpedFont15\"> en la alcald\u00eda de Milpa Alta.<\/span><\/span><\/p>\n<p class=\"s13\"><span class=\"s6\"><span class=\"bumpedFont15\">En conferencia de prensa, el presidente de la Comisi\u00f3n de Abasto y Distribuci\u00f3n de Alimentos, el diputado Ernesto Alarc\u00f3n Jim\u00e9nez<\/span><\/span><span class=\"s6\"><span class=\"bumpedFont15\">,<\/span><\/span><span class=\"s6\"><span class=\"bumpedFont15\"> mencion\u00f3 la im<\/span><\/span><span class=\"s6\"><span class=\"bumpedFont15\">portancia de promover estas <\/span><\/span><span class=\"s6\"><span class=\"bumpedFont15\">actividades que detonan el desarrollo tur\u00edstico y econ\u00f3mico de la comunidad. \u00a0<\/span><\/span><\/p>\n<p class=\"s13\"><span class=\"s6\"><span class=\"bumpedFont15\">\u201cLa Feria Nacional del Mole es considera<\/span><\/span><span class=\"s6\"><span class=\"bumpedFont15\">da<\/span><\/span> <span class=\"s6\"><span class=\"bumpedFont15\">como <\/span><\/span><span class=\"s6\"><span class=\"bumpedFont15\">de los principales eventos de la Ciudad de M\u00e9xico, por lo<\/span><\/span><span class=\"s6\"><span class=\"bumpedFont15\">que<\/span><\/span> <span class=\"s6\"><span class=\"bumpedFont15\">es <\/span><\/span><span class=\"s6\"><span class=\"bumpedFont15\">necesario difundir estas actividades, sobre todo impulsar el trabajo que a\u00f1o con a\u00f1o los pobladores realizan para promover la e<\/span><\/span><span class=\"s6\"><span class=\"bumpedFont15\">conom\u00eda de la localidad\u201d, apunt\u00f3<\/span><\/span><span class=\"s6\"><span class=\"bumpedFont15\"> el legislador del grupo parlamentario del PRI. \u00a0 \u00a0<\/span><\/span><\/p>\n<p class=\"s13\"><span class=\"s6\"><span class=\"bumpedFont15\">Por otra parte, el diputado Armando Ton<\/span><\/span><span class=\"s6\"><span class=\"bumpedFont15\">a<\/span><\/span><span class=\"s6\"><span class=\"bumpedFont15\">tiuh Gonz\u00e1lez Case (PRI) mencion\u00f3 que el mole es uno de los platillos m\u00e1s representativos de M\u00e9xico a nivel internacional por la variedad de productos, condimentos.<\/span><\/span><\/p>\n<p class=\"s13\"><span class=\"s6\"><span class=\"bumpedFont15\">Sobre el tema, <\/span><\/span><span class=\"s6\"><span class=\"bumpedFont15\">Uriel Osorio<\/span><\/span><span class=\"s6\"><span class=\"bumpedFont15\">, integrante del Comit\u00e9 Organizador, coment\u00f3 que en esta ocasi\u00f3n participar\u00e1n 33 restauranteros y 17 stands que ofrecer\u00e1n una gran variedad de platillos elaborados con diferentes tipos de mole como el trad<\/span><\/span><span class=\"s6\"><span class=\"bumpedFont15\">icional almendrado, verde, pipi\u00e1<\/span><\/span><span class=\"s6\"><span class=\"bumpedFont15\">n, acompa\u00f1ados de pollo, arroz y un delicioso tamal de frijol. \u00a0<\/span><\/span><\/p>\n<p class=\"s13\"><span class=\"s6\"><span class=\"bumpedFont15\">Durante esta edici\u00f3n habr\u00e1 una gran variedad de eventos culturales, art\u00edsticos, bailes populares donde esperan la asistencia de m\u00e1s de 300 mil personas durante los d\u00edas que se desarrollar\u00e1 la feria<\/span><\/span><span class=\"s6\"><span class=\"bumpedFont15\">.<\/span><\/span><\/p>\n<p class=\"s13\"><span class=\"s6\"><span class=\"bumpedFont15\">Tambi\u00e9n indic\u00f3 que se contar\u00e1 con todas las medidas de seguridad p\u00fablica y privada para los turistas nacionales y extranjeros.<\/span><\/span><\/p>\n<blockquote class=\"twitter-tweet\" data-width=\"550\" data-dnt=\"true\">\n<p lang=\"es\" dir=\"ltr\"><a href=\"https:\/\/twitter.com\/hashtag\/EnConferencia?src=hash&amp;ref_src=twsrc%5Etfw\">#EnConferencia<\/a> | La Feria del Mole de la alcald\u00eda <a href=\"https:\/\/twitter.com\/GobMilpaAlta?ref_src=twsrc%5Etfw\">@GobMilpaAlta<\/a> es \u00fanica en su tipo en la <a href=\"https:\/\/twitter.com\/hashtag\/CDMX?src=hash&amp;ref_src=twsrc%5Etfw\">#CDMX<\/a> y en sus m\u00e1s de cuarenta ediciones ha logrado reconocimiento internacional, asegura el diputado <a href=\"https:\/\/twitter.com\/ErnestoAJ29?ref_src=twsrc%5Etfw\">@ErnestoAJ29<\/a> (PRI) al presentar la edici\u00f3n 43. &quot;M\u00e9xico es famoso por su mole&quot;. <a href=\"https:\/\/t.co\/uzi2kyNidj\">pic.twitter.com\/uzi2kyNidj<\/a><\/p>\n<p>&mdash; Congreso de la Ciudad de M\u00e9xico (@Congreso_CdMex) <a href=\"https:\/\/twitter.com\/Congreso_CdMex\/status\/1178746342752931841?ref_src=twsrc%5Etfw\">September 30, 2019<\/a><\/p><\/blockquote>\n<p><script async src=\"https:\/\/platform.twitter.com\/widgets.js\" charset=\"utf-8\"><\/script><\/p>\n","protected":false},"excerpt":{"rendered":"<p>Anuncian Feria Nacional del Mole en San Pedro Atocpan, alcald\u00eda de Milpa Alta<br \/>\nPor Redacci\u00f3n QP<\/p>\n","protected":false},"author":2,"featured_media":39888,"comment_status":"open","ping_status":"open","sticky":false,"template":"","format":"standard","meta":{"_monsterinsights_skip_tracking":false,"_monsterinsights_sitenote_active":false,"_monsterinsights_sitenote_note":"","_monsterinsights_sitenote_category":0,"footnotes":""},"categories":[55],"tags":[],"class_list":["post-39889","post","type-post","status-publish","format-standard","has-post-thumbnail","hentry","category-cdmx"],"yoast_head":"<!-- This site is optimized with the Yoast SEO plugin v27.3 - https:\/\/yoast.com\/product\/yoast-seo-wordpress\/ -->\n<title>Desde el Curul\/\/\/Anuncian Feria Nacional del Mole en San Pedro Atocpan, alcald\u00eda de Milpa Alta -<\/title>\n<meta name=\"robots\" content=\"index, follow, max-snippet:-1, max-image-preview:large, max-video-preview:-1\" \/>\n<link rel=\"canonical\" href=\"https:\/\/quehacerpolitico.mx\/?p=39889\" \/>\n<meta property=\"og:locale\" content=\"es_MX\" \/>\n<meta property=\"og:type\" content=\"article\" \/>\n<meta property=\"og:title\" content=\"Desde el Curul\/\/\/Anuncian Feria Nacional del Mole en San Pedro Atocpan, alcald\u00eda de Milpa Alta -\" \/>\n<meta property=\"og:description\" content=\"Anuncian Feria Nacional del Mole en San Pedro Atocpan, alcald\u00eda de Milpa Alta Por Redacci\u00f3n QP\" \/>\n<meta property=\"og:url\" content=\"https:\/\/quehacerpolitico.mx\/?p=39889\" \/>\n<meta property=\"article:published_time\" content=\"2019-10-01T01:38:42+00:00\" \/>\n<meta name=\"author\" content=\"Redacci\u00f3n QP\" \/>\n<meta name=\"twitter:card\" content=\"summary_large_image\" \/>\n<meta name=\"twitter:label1\" content=\"Escrito por\" \/>\n\t<meta name=\"twitter:data1\" content=\"Redacci\u00f3n QP\" \/>\n\t<meta name=\"twitter:label2\" content=\"Tiempo de lectura\" \/>\n\t<meta name=\"twitter:data2\" content=\"2 minutos\" \/>\n<script type=\"application\/ld+json\" class=\"yoast-schema-graph\">{\"@context\":\"https:\\\/\\\/schema.org\",\"@graph\":[{\"@type\":\"Article\",\"@id\":\"https:\\\/\\\/quehacerpolitico.mx\\\/?p=39889#article\",\"isPartOf\":{\"@id\":\"https:\\\/\\\/quehacerpolitico.mx\\\/?p=39889\"},\"author\":{\"name\":\"Redacci\u00f3n QP\",\"@id\":\"https:\\\/\\\/quehacerpolitico.mx\\\/#\\\/schema\\\/person\\\/496d8ad2d1d3f8036101dca7ee39e585\"},\"headline\":\"Desde el Curul\\\/\\\/\\\/Anuncian Feria Nacional del Mole en San Pedro Atocpan, alcald\u00eda de Milpa Alta\",\"datePublished\":\"2019-10-01T01:38:42+00:00\",\"mainEntityOfPage\":{\"@id\":\"https:\\\/\\\/quehacerpolitico.mx\\\/?p=39889\"},\"wordCount\":376,\"commentCount\":0,\"image\":{\"@id\":\"https:\\\/\\\/quehacerpolitico.mx\\\/?p=39889#primaryimage\"},\"thumbnailUrl\":\"\",\"articleSection\":[\"CDMX\"],\"inLanguage\":\"es\",\"potentialAction\":[{\"@type\":\"CommentAction\",\"name\":\"Comment\",\"target\":[\"https:\\\/\\\/quehacerpolitico.mx\\\/?p=39889#respond\"]}]},{\"@type\":\"WebPage\",\"@id\":\"https:\\\/\\\/quehacerpolitico.mx\\\/?p=39889\",\"url\":\"https:\\\/\\\/quehacerpolitico.mx\\\/?p=39889\",\"name\":\"Desde el Curul\\\/\\\/\\\/Anuncian Feria Nacional del Mole en San Pedro Atocpan, alcald\u00eda de Milpa Alta -\",\"isPartOf\":{\"@id\":\"https:\\\/\\\/quehacerpolitico.mx\\\/#website\"},\"primaryImageOfPage\":{\"@id\":\"https:\\\/\\\/quehacerpolitico.mx\\\/?p=39889#primaryimage\"},\"image\":{\"@id\":\"https:\\\/\\\/quehacerpolitico.mx\\\/?p=39889#primaryimage\"},\"thumbnailUrl\":\"\",\"datePublished\":\"2019-10-01T01:38:42+00:00\",\"author\":{\"@id\":\"https:\\\/\\\/quehacerpolitico.mx\\\/#\\\/schema\\\/person\\\/496d8ad2d1d3f8036101dca7ee39e585\"},\"breadcrumb\":{\"@id\":\"https:\\\/\\\/quehacerpolitico.mx\\\/?p=39889#breadcrumb\"},\"inLanguage\":\"es\",\"potentialAction\":[{\"@type\":\"ReadAction\",\"target\":[\"https:\\\/\\\/quehacerpolitico.mx\\\/?p=39889\"]}]},{\"@type\":\"ImageObject\",\"inLanguage\":\"es\",\"@id\":\"https:\\\/\\\/quehacerpolitico.mx\\\/?p=39889#primaryimage\",\"url\":\"\",\"contentUrl\":\"\"},{\"@type\":\"BreadcrumbList\",\"@id\":\"https:\\\/\\\/quehacerpolitico.mx\\\/?p=39889#breadcrumb\",\"itemListElement\":[{\"@type\":\"ListItem\",\"position\":1,\"name\":\"Inicio\",\"item\":\"https:\\\/\\\/quehacerpolitico.mx\\\/\"},{\"@type\":\"ListItem\",\"position\":2,\"name\":\"Desde el Curul\\\/\\\/\\\/Anuncian Feria Nacional del Mole en San Pedro Atocpan, alcald\u00eda de Milpa Alta\"}]},{\"@type\":\"WebSite\",\"@id\":\"https:\\\/\\\/quehacerpolitico.mx\\\/#website\",\"url\":\"https:\\\/\\\/quehacerpolitico.mx\\\/\",\"name\":\"\",\"description\":\"\",\"potentialAction\":[{\"@type\":\"SearchAction\",\"target\":{\"@type\":\"EntryPoint\",\"urlTemplate\":\"https:\\\/\\\/quehacerpolitico.mx\\\/?s={search_term_string}\"},\"query-input\":{\"@type\":\"PropertyValueSpecification\",\"valueRequired\":true,\"valueName\":\"search_term_string\"}}],\"inLanguage\":\"es\"},{\"@type\":\"Person\",\"@id\":\"https:\\\/\\\/quehacerpolitico.mx\\\/#\\\/schema\\\/person\\\/496d8ad2d1d3f8036101dca7ee39e585\",\"name\":\"Redacci\u00f3n QP\",\"image\":{\"@type\":\"ImageObject\",\"inLanguage\":\"es\",\"@id\":\"https:\\\/\\\/secure.gravatar.com\\\/avatar\\\/c7164ed6fdec453195284ad24a5ae5b6e1eed2b848477fa2a4787ba9adf39a41?s=96&d=mm&r=g\",\"url\":\"https:\\\/\\\/secure.gravatar.com\\\/avatar\\\/c7164ed6fdec453195284ad24a5ae5b6e1eed2b848477fa2a4787ba9adf39a41?s=96&d=mm&r=g\",\"contentUrl\":\"https:\\\/\\\/secure.gravatar.com\\\/avatar\\\/c7164ed6fdec453195284ad24a5ae5b6e1eed2b848477fa2a4787ba9adf39a41?s=96&d=mm&r=g\",\"caption\":\"Redacci\u00f3n QP\"},\"url\":\"https:\\\/\\\/quehacerpolitico.mx\\\/?author=2\"}]}<\/script>\n<!-- \/ Yoast SEO plugin. -->","yoast_head_json":{"title":"Desde el Curul\/\/\/Anuncian Feria Nacional del Mole en San Pedro Atocpan, alcald\u00eda de Milpa Alta -","robots":{"index":"index","follow":"follow","max-snippet":"max-snippet:-1","max-image-preview":"max-image-preview:large","max-video-preview":"max-video-preview:-1"},"canonical":"https:\/\/quehacerpolitico.mx\/?p=39889","og_locale":"es_MX","og_type":"article","og_title":"Desde el Curul\/\/\/Anuncian Feria Nacional del Mole en San Pedro Atocpan, alcald\u00eda de Milpa Alta -","og_description":"Anuncian Feria Nacional del Mole en San Pedro Atocpan, alcald\u00eda de Milpa Alta Por Redacci\u00f3n QP","og_url":"https:\/\/quehacerpolitico.mx\/?p=39889","article_published_time":"2019-10-01T01:38:42+00:00","author":"Redacci\u00f3n QP","twitter_card":"summary_large_image","twitter_misc":{"Escrito por":"Redacci\u00f3n QP","Tiempo de lectura":"2 minutos"},"schema":{"@context":"https:\/\/schema.org","@graph":[{"@type":"Article","@id":"https:\/\/quehacerpolitico.mx\/?p=39889#article","isPartOf":{"@id":"https:\/\/quehacerpolitico.mx\/?p=39889"},"author":{"name":"Redacci\u00f3n QP","@id":"https:\/\/quehacerpolitico.mx\/#\/schema\/person\/496d8ad2d1d3f8036101dca7ee39e585"},"headline":"Desde el Curul\/\/\/Anuncian Feria Nacional del Mole en San Pedro Atocpan, alcald\u00eda de Milpa Alta","datePublished":"2019-10-01T01:38:42+00:00","mainEntityOfPage":{"@id":"https:\/\/quehacerpolitico.mx\/?p=39889"},"wordCount":376,"commentCount":0,"image":{"@id":"https:\/\/quehacerpolitico.mx\/?p=39889#primaryimage"},"thumbnailUrl":"","articleSection":["CDMX"],"inLanguage":"es","potentialAction":[{"@type":"CommentAction","name":"Comment","target":["https:\/\/quehacerpolitico.mx\/?p=39889#respond"]}]},{"@type":"WebPage","@id":"https:\/\/quehacerpolitico.mx\/?p=39889","url":"https:\/\/quehacerpolitico.mx\/?p=39889","name":"Desde el Curul\/\/\/Anuncian Feria Nacional del Mole en San Pedro Atocpan, alcald\u00eda de Milpa Alta -","isPartOf":{"@id":"https:\/\/quehacerpolitico.mx\/#website"},"primaryImageOfPage":{"@id":"https:\/\/quehacerpolitico.mx\/?p=39889#primaryimage"},"image":{"@id":"https:\/\/quehacerpolitico.mx\/?p=39889#primaryimage"},"thumbnailUrl":"","datePublished":"2019-10-01T01:38:42+00:00","author":{"@id":"https:\/\/quehacerpolitico.mx\/#\/schema\/person\/496d8ad2d1d3f8036101dca7ee39e585"},"breadcrumb":{"@id":"https:\/\/quehacerpolitico.mx\/?p=39889#breadcrumb"},"inLanguage":"es","potentialAction":[{"@type":"ReadAction","target":["https:\/\/quehacerpolitico.mx\/?p=39889"]}]},{"@type":"ImageObject","inLanguage":"es","@id":"https:\/\/quehacerpolitico.mx\/?p=39889#primaryimage","url":"","contentUrl":""},{"@type":"BreadcrumbList","@id":"https:\/\/quehacerpolitico.mx\/?p=39889#breadcrumb","itemListElement":[{"@type":"ListItem","position":1,"name":"Inicio","item":"https:\/\/quehacerpolitico.mx\/"},{"@type":"ListItem","position":2,"name":"Desde el Curul\/\/\/Anuncian Feria Nacional del Mole en San Pedro Atocpan, alcald\u00eda de Milpa Alta"}]},{"@type":"WebSite","@id":"https:\/\/quehacerpolitico.mx\/#website","url":"https:\/\/quehacerpolitico.mx\/","name":"","description":"","potentialAction":[{"@type":"SearchAction","target":{"@type":"EntryPoint","urlTemplate":"https:\/\/quehacerpolitico.mx\/?s={search_term_string}"},"query-input":{"@type":"PropertyValueSpecification","valueRequired":true,"valueName":"search_term_string"}}],"inLanguage":"es"},{"@type":"Person","@id":"https:\/\/quehacerpolitico.mx\/#\/schema\/person\/496d8ad2d1d3f8036101dca7ee39e585","name":"Redacci\u00f3n QP","image":{"@type":"ImageObject","inLanguage":"es","@id":"https:\/\/secure.gravatar.com\/avatar\/c7164ed6fdec453195284ad24a5ae5b6e1eed2b848477fa2a4787ba9adf39a41?s=96&d=mm&r=g","url":"https:\/\/secure.gravatar.com\/avatar\/c7164ed6fdec453195284ad24a5ae5b6e1eed2b848477fa2a4787ba9adf39a41?s=96&d=mm&r=g","contentUrl":"https:\/\/secure.gravatar.com\/avatar\/c7164ed6fdec453195284ad24a5ae5b6e1eed2b848477fa2a4787ba9adf39a41?s=96&d=mm&r=g","caption":"Redacci\u00f3n QP"},"url":"https:\/\/quehacerpolitico.mx\/?author=2"}]}},"featured_image_urls":{"full":"","thumbnail":"","medium":"","medium_large":"","large":"","1536x1536":"","2048x2048":"","covernews-featured":"","covernews-medium":""},"author_info":{"display_name":"Redacci\u00f3n QP","author_link":"https:\/\/quehacerpolitico.mx\/?author=2"},"category_info":"<a href=\"https:\/\/quehacerpolitico.mx\/?cat=55\" rel=\"category\">CDMX<\/a>","tag_info":"CDMX","comment_count":"0","_links":{"self":[{"href":"https:\/\/quehacerpolitico.mx\/index.php?rest_route=\/wp\/v2\/posts\/39889","targetHints":{"allow":["GET"]}}],"collection":[{"href":"https:\/\/quehacerpolitico.mx\/index.php?rest_route=\/wp\/v2\/posts"}],"about":[{"href":"https:\/\/quehacerpolitico.mx\/index.php?rest_route=\/wp\/v2\/types\/post"}],"author":[{"embeddable":true,"href":"https:\/\/quehacerpolitico.mx\/index.php?rest_route=\/wp\/v2\/users\/2"}],"replies":[{"embeddable":true,"href":"https:\/\/quehacerpolitico.mx\/index.php?rest_route=%2Fwp%2Fv2%2Fcomments&post=39889"}],"version-history":[{"count":0,"href":"https:\/\/quehacerpolitico.mx\/index.php?rest_route=\/wp\/v2\/posts\/39889\/revisions"}],"wp:featuredmedia":[{"embeddable":true,"href":"https:\/\/quehacerpolitico.mx\/index.php?rest_route=\/"}],"wp:attachment":[{"href":"https:\/\/quehacerpolitico.mx\/index.php?rest_route=%2Fwp%2Fv2%2Fmedia&parent=39889"}],"wp:term":[{"taxonomy":"category","embeddable":true,"href":"https:\/\/quehacerpolitico.mx\/index.php?rest_route=%2Fwp%2Fv2%2Fcategories&post=39889"},{"taxonomy":"post_tag","embeddable":true,"href":"https:\/\/quehacerpolitico.mx\/index.php?rest_route=%2Fwp%2Fv2%2Ftags&post=39889"}],"curies":[{"name":"wp","href":"https:\/\/api.w.org\/{rel}","templated":true}]}}