{"id":3988,"date":"2018-09-06T17:50:41","date_gmt":"2018-09-06T17:50:41","guid":{"rendered":"http:\/\/quehacerpolitico.mx\/televisa-cancela-contrato-exclusivo-a-productores-de-antano-y-creadores-de-sus-grandes-exitos\/"},"modified":"2018-09-06T17:50:41","modified_gmt":"2018-09-06T17:50:41","slug":"televisa-cancela-contrato-exclusivo-a-productores-de-antano-y-creadores-de-sus-grandes-exitos","status":"publish","type":"post","link":"https:\/\/quehacerpolitico.mx\/?p=3988","title":{"rendered":"Televisa cancela contrato exclusivo a productores de anta\u00f1o y creadores de sus grandes \u00e9xitos"},"content":{"rendered":"<h3>Productores que han trabajado en <em>Televisa<\/em> desde los a\u00f1os 90, o antes, dicen adi\u00f3s a la empresa debido a que \u00e9sta no les renov\u00f3 su contrato de exclusividad. La noticia fue conocida gracias a los mensajes de apoyo de actores y actrices que trabajaron en sus producciones.<\/h3>\n<p>A finales de agosto se dio a conocer la noticia sobre el despido de dos productores y hermanos de <em>Televisa<\/em>, se trataba de MaPat L\u00f3pez de Zatarain y, su hermano, Marco Vinicio L\u00f3pez de Zatarain.<\/p>\n<p>A trav\u00e9s de redes sociales, actores que hab\u00edan trabajado con ambos lamentaron la notica sobre que la empresa no les renov\u00f3 el contrato exclusivo a MaPat L\u00f3pez \u2013quien se ha encargado de la producci\u00f3n de programas como \u201cMar\u00eda Bel\u00e9n\u201d (2001), \u201cLa sombra del pasado\u201d (1996), Al derecho y al derbez (1993), entre otras \u2013 as\u00ed como de Marco Vinicio, que trabaj\u00f3 al lado de su hermana.<\/p>\n<blockquote class=\"twitter-tweet\" data-width=\"550\" data-dnt=\"true\">\n<p lang=\"es\" dir=\"ltr\">Mapat y Marco Vinicio Lopez de Zatarain me entristece la noticia que ya no estaran trabajando donde siempre, mi respeto, admiracion y cari\u00f1o siempre para ustedes x apoyar mi carrera y gracias por ense\u00f1arnos tanto a tantos. Son unicos lo mejor que esta por venir\ud83d\ude18<\/p>\n<p>&mdash; Pepe Gamez (@ppgamez) <a href=\"https:\/\/twitter.com\/ppgamez\/status\/1035332798385545216?ref_src=twsrc%5Etfw\">August 31, 2018<\/a><\/p><\/blockquote>\n<p><script async src=\"https:\/\/platform.twitter.com\/widgets.js\" charset=\"utf-8\"><\/script><\/p>\n<blockquote class=\"twitter-tweet\" data-width=\"550\" data-dnt=\"true\">\n<p lang=\"es\" dir=\"ltr\">No tengo palabras para agradecer a Mapat y Marco Vinicio por darme la oportunidad de hacer dos proyectos a su lado, el regalo de conocerlos como productores y quedarmelos en el coraz\u00f3n como amigos, como  complices. <br \/>Esta empresa sin duda no ser\u00e1 la misma sin ustedes. \ud83d\udc94<\/p>\n<p>&mdash; Ariadne D\u00edaz \u2728 (@AriDiazz) <a href=\"https:\/\/twitter.com\/AriDiazz\/status\/1034861879129042944?ref_src=twsrc%5Etfw\">August 29, 2018<\/a><\/p><\/blockquote>\n<p><script async src=\"https:\/\/platform.twitter.com\/widgets.js\" charset=\"utf-8\"><\/script><\/p>\n<blockquote class=\"twitter-tweet\" data-width=\"550\" data-dnt=\"true\">\n<p lang=\"es\" dir=\"ltr\">No es posible.  Que le pasa a <a href=\"https:\/\/twitter.com\/Televisa?ref_src=twsrc%5Etfw\">@Televisa<\/a>.  <a href=\"https:\/\/twitter.com\/MapatOficial?ref_src=twsrc%5Etfw\">@MapatOficial<\/a> ha sido creadora de un \u00e9xito tras otro durante d\u00e9cadas. Incontables dir\u00eda yo.  <br \/>Gracias MAPAT por haber permitido que form\u00e1ramos parte de muchas de tus grandes Producciones.<\/p>\n<p>&mdash; Gerardo Murgu\u00eda \u00ae (@GerardoMurguia) <a href=\"https:\/\/twitter.com\/GerardoMurguia\/status\/1034870650983407617?ref_src=twsrc%5Etfw\">August 29, 2018<\/a><\/p><\/blockquote>\n<p><script async src=\"https:\/\/platform.twitter.com\/widgets.js\" charset=\"utf-8\"><\/script><\/p>\n<p>estos nombres son parte de una lista m\u00e1s amplia de trabajadores despedidos por parte de la empresa de Chapultepec, la cual ha decidido ya no renovar exclusividad a productores de anta\u00f1o que le dieron gran \u00e9xitos en la \u00e9poca de los 80, 90 y principios de los 2000.<\/p>\n<p><em>Televisa<\/em> tambi\u00e9n le dijo adi\u00f3s a Carlos Moreno Laguillo,\u00a0otro productor de telenovelas que laboraba en la empresa desde 1993 y que ha estado a cargo de productos como el melodrama \u201cNunca te olvidar\u00e9\u201d (1999).<\/p>\n<p>La actriz Leticia Calder\u00f3n escribi\u00f3 un mensaje para el productor el pasado 3 de septiembre. Ah\u00ed le dio las gracias por haber cre\u00eddo en ella como actriz.<\/p>\n<blockquote>\n<p>\u201cHoy comienza una nueva etapa para mi querido productor y amigo Carlos Moreno Laguillo, productor que crey\u00f3 en mi como actriz, pero sobre todo me entendi\u00f3 como mam\u00e1. Siempre agradecida contigo, con t\u00fa bella familia y con t\u00fa maravilloso equipo\u201c, escribi\u00f3. Despu\u00e9s el tuit fue eliminado.<\/p>\n<\/blockquote>\n<p>De acuerdo con medios nacionales, otros de los productores que saldr\u00e1n del cat\u00e1logo de exclusividades de <em>Televisa<\/em> son: Ignacio Sada Madero \u00a0\u201cLa Intrusa\u201d (2001);\u00a0Salvador Mej\u00eda \u2013uno de los productores m\u00e1s emblem\u00e1ticos de la empresa y que lider\u00f3 las exitosas producciones como \u201cEsmeralda\u201d (1997) y \u201cLa usurpadora\u201d (1998)\u2013, al igual que su esposa\u00a0Nathalie Lartilleux, encargada de \u201cCuidado con el \u00e1ngel\u201d (2008).<\/p>\n<p>La periodista de espect\u00e1culos, Ana Mar\u00eda Alvarado, dio a conocer que Rosy Ocampo \u2013quien \u00a0fue la vicepresidenta corporativa de contenidos de <em>Televisa<\/em> y productora ejecutiva de\u00a0telenovelas como \u201cLa fea m\u00e1s bella\u201d (2006), \u201cAmigos por siempre\u201d (2000), por mencionar algunas\u2013 tambi\u00e9n dice adi\u00f3s a la empresa en la estuvo laborando por m\u00e1s de 30 a\u00f1os.<\/p>\n<p>El productor Luis de Llano, director creativo desde los a\u00f1os 70 y que en 1992 fue vicepresidente de programaci\u00f3n musical de <em>Televisa<\/em>, tambi\u00e9n podr\u00eda estar fuera la empresa.<\/p>\n<p><strong><em>TELEVISA<\/em> Y <em>TV AZTECA<\/em> EN DECLIVE\u00a0<\/strong><\/p>\n<p>La televisi\u00f3n tradicional en M\u00e9xico, y las empresas que la controlan, han padecido en los \u00faltimos cinco a\u00f1os sus peores resultados tanto en ventas como en audiencia, ante la aparici\u00f3n de nuevas plataformas digitales que ofrecen no s\u00f3lo un contenidos innovador, sino que le dan al usuario alternativas para organizar sus propios horarios de consumo e incluso interactuar con ellos para mejorar o resolverles problemas en el servicios, coinciden especiales en telecomunicaciones y acad\u00e9micos que estudian el fen\u00f3meno de comunicaci\u00f3n de masas.<\/p>\n<p>Las grandes televisoras que lideran en M\u00e9xico, <em>Televisa<\/em> y <em>TV Azteca<\/em>, ahora son muy distintas a lo que fueron hace seis a\u00f1os. Los factores son muchos.<\/p>\n<p>A\u00f1o con a\u00f1o y trimestre con trimestre, los cambios realizado por ambas compa\u00f1\u00edas de televisi\u00f3n mexicanas no dieron los frutos esperados.<\/p>\n<p>En el segundo trimestre de 2015, cuando <em>Televisa<\/em> y <em>Tv Azteca <\/em>concentraban el 96.5 por ciento del mercado de la televisi\u00f3n abierta en M\u00e9xico, comenz\u00f3 su debacle con la ca\u00edda en las ventas de publicidad por contenidos poco atractivos para la audiencia.<\/p>\n<p>El reto fue entonces llegar a la poblaci\u00f3n que tiene la capacidad adquisitiva para pagar por informaci\u00f3n y contenidos, y no depender de la programaci\u00f3n lineal, aquella que tiene comerciales y horarios definidos.<\/p>\n<p>De manera paralela, el mayor agente de ese mercado, que es Netflix, report\u00f3 un crecimiento general de 157 por ciento.<\/p>\n<p>En M\u00e9xico, cada reporte trimestral de <em>Televisa<\/em>y <em>Tv Azteca<\/em> enviado a la BMV mostraba los mismos n\u00fameros y adem\u00e1s las mismas causas: bajas en televisi\u00f3n abierta, tambi\u00e9n en ingresos de los segmentos de Cable por la TV en streaming.<\/p>\n<p><em>Televisa<\/em> realiz\u00f3 diferentes planes estrat\u00e9gicos para recuperar su rating: sacaron a sus presentadores de noticias cl\u00e1sicos, como Joaqu\u00edn L\u00f3pez D\u00f3riga, Lolita Ayala y V\u00edctor Trujillo, y programas como el de \u201cEn Familia con Chabelo\u201d; renov\u00f3 en el \u00faltimo a\u00f1o \u2013y en varias ocasiones\u2013 su barra nocturna, en un af\u00e1n muy claro de integrar a la audiencia de j\u00f3venes, pero no le alcanz\u00f3 para recuperarse, ya que en los dem\u00e1s sectores y, particularmente, en uno los m\u00e1s importantes, el de la televisi\u00f3n restringida, registr\u00f3 una ca\u00edda de 1.1 por ciento o de 5 mil 445.2 millones en comparaci\u00f3n con los 5 mil 505.8 millones reportados en el tercer trimestre de 2016.<\/p>\n<p>Los indicadores financieros m\u00e1s recientes de<em>Televisi\u00f3n Azteca <\/em>muestran que al arrancar 2018 registr\u00f3 una ca\u00edda de 57.1 por ciento en la utilidad neta, al descender a 173 millones 604 mil pesos, cuando la utilidad que report\u00f3 un a\u00f1o antes fue de 404 millones 207 mil pesos.<\/p>\n<p>Con base en los estados financieros son notables los altibajos, pero hubo algo que se mantuvo constante y esos fueron sus ingresos por publicidad oficial.<\/p>\n","protected":false},"excerpt":{"rendered":"<p>Televisa cancela contrato exclusivo a productores de anta\u00f1o y creadores de sus grandes \u00e9xitos<br \/>\nPor Redacci\u00f3n QP<\/p>\n","protected":false},"author":2,"featured_media":3987,"comment_status":"open","ping_status":"open","sticky":false,"template":"","format":"standard","meta":{"_monsterinsights_skip_tracking":false,"_monsterinsights_sitenote_active":false,"_monsterinsights_sitenote_note":"","_monsterinsights_sitenote_category":0,"footnotes":""},"categories":[58],"tags":[],"class_list":["post-3988","post","type-post","status-publish","format-standard","has-post-thumbnail","hentry","category-cultura"],"yoast_head":"<!-- This site is optimized with the Yoast SEO plugin v27.3 - https:\/\/yoast.com\/product\/yoast-seo-wordpress\/ -->\n<title>Televisa cancela contrato exclusivo a productores de anta\u00f1o y creadores de sus grandes \u00e9xitos -<\/title>\n<meta name=\"robots\" content=\"index, follow, max-snippet:-1, max-image-preview:large, max-video-preview:-1\" \/>\n<link rel=\"canonical\" href=\"https:\/\/quehacerpolitico.mx\/?p=3988\" \/>\n<meta property=\"og:locale\" content=\"es_MX\" \/>\n<meta property=\"og:type\" content=\"article\" \/>\n<meta property=\"og:title\" content=\"Televisa cancela contrato exclusivo a productores de anta\u00f1o y creadores de sus grandes \u00e9xitos -\" \/>\n<meta property=\"og:description\" content=\"Televisa cancela contrato exclusivo a productores de anta\u00f1o y creadores de sus grandes \u00e9xitos Por Redacci\u00f3n QP\" \/>\n<meta property=\"og:url\" content=\"https:\/\/quehacerpolitico.mx\/?p=3988\" \/>\n<meta property=\"article:published_time\" content=\"2018-09-06T17:50:41+00:00\" \/>\n<meta name=\"author\" content=\"Redacci\u00f3n QP\" \/>\n<meta name=\"twitter:card\" content=\"summary_large_image\" \/>\n<meta name=\"twitter:label1\" content=\"Escrito por\" \/>\n\t<meta name=\"twitter:data1\" content=\"Redacci\u00f3n QP\" \/>\n\t<meta name=\"twitter:label2\" content=\"Tiempo de lectura\" \/>\n\t<meta name=\"twitter:data2\" content=\"5 minutos\" \/>\n<script type=\"application\/ld+json\" class=\"yoast-schema-graph\">{\"@context\":\"https:\\\/\\\/schema.org\",\"@graph\":[{\"@type\":\"Article\",\"@id\":\"https:\\\/\\\/quehacerpolitico.mx\\\/?p=3988#article\",\"isPartOf\":{\"@id\":\"https:\\\/\\\/quehacerpolitico.mx\\\/?p=3988\"},\"author\":{\"name\":\"Redacci\u00f3n QP\",\"@id\":\"https:\\\/\\\/quehacerpolitico.mx\\\/#\\\/schema\\\/person\\\/496d8ad2d1d3f8036101dca7ee39e585\"},\"headline\":\"Televisa cancela contrato exclusivo a productores de anta\u00f1o y creadores de sus grandes \u00e9xitos\",\"datePublished\":\"2018-09-06T17:50:41+00:00\",\"mainEntityOfPage\":{\"@id\":\"https:\\\/\\\/quehacerpolitico.mx\\\/?p=3988\"},\"wordCount\":973,\"commentCount\":0,\"image\":{\"@id\":\"https:\\\/\\\/quehacerpolitico.mx\\\/?p=3988#primaryimage\"},\"thumbnailUrl\":\"\",\"articleSection\":[\"Cultura y Entretenimiento\"],\"inLanguage\":\"es\",\"potentialAction\":[{\"@type\":\"CommentAction\",\"name\":\"Comment\",\"target\":[\"https:\\\/\\\/quehacerpolitico.mx\\\/?p=3988#respond\"]}]},{\"@type\":\"WebPage\",\"@id\":\"https:\\\/\\\/quehacerpolitico.mx\\\/?p=3988\",\"url\":\"https:\\\/\\\/quehacerpolitico.mx\\\/?p=3988\",\"name\":\"Televisa cancela contrato exclusivo a productores de anta\u00f1o y creadores de sus grandes \u00e9xitos -\",\"isPartOf\":{\"@id\":\"https:\\\/\\\/quehacerpolitico.mx\\\/#website\"},\"primaryImageOfPage\":{\"@id\":\"https:\\\/\\\/quehacerpolitico.mx\\\/?p=3988#primaryimage\"},\"image\":{\"@id\":\"https:\\\/\\\/quehacerpolitico.mx\\\/?p=3988#primaryimage\"},\"thumbnailUrl\":\"\",\"datePublished\":\"2018-09-06T17:50:41+00:00\",\"author\":{\"@id\":\"https:\\\/\\\/quehacerpolitico.mx\\\/#\\\/schema\\\/person\\\/496d8ad2d1d3f8036101dca7ee39e585\"},\"breadcrumb\":{\"@id\":\"https:\\\/\\\/quehacerpolitico.mx\\\/?p=3988#breadcrumb\"},\"inLanguage\":\"es\",\"potentialAction\":[{\"@type\":\"ReadAction\",\"target\":[\"https:\\\/\\\/quehacerpolitico.mx\\\/?p=3988\"]}]},{\"@type\":\"ImageObject\",\"inLanguage\":\"es\",\"@id\":\"https:\\\/\\\/quehacerpolitico.mx\\\/?p=3988#primaryimage\",\"url\":\"\",\"contentUrl\":\"\"},{\"@type\":\"BreadcrumbList\",\"@id\":\"https:\\\/\\\/quehacerpolitico.mx\\\/?p=3988#breadcrumb\",\"itemListElement\":[{\"@type\":\"ListItem\",\"position\":1,\"name\":\"Inicio\",\"item\":\"https:\\\/\\\/quehacerpolitico.mx\\\/\"},{\"@type\":\"ListItem\",\"position\":2,\"name\":\"Televisa cancela contrato exclusivo a productores de anta\u00f1o y creadores de sus grandes \u00e9xitos\"}]},{\"@type\":\"WebSite\",\"@id\":\"https:\\\/\\\/quehacerpolitico.mx\\\/#website\",\"url\":\"https:\\\/\\\/quehacerpolitico.mx\\\/\",\"name\":\"\",\"description\":\"\",\"potentialAction\":[{\"@type\":\"SearchAction\",\"target\":{\"@type\":\"EntryPoint\",\"urlTemplate\":\"https:\\\/\\\/quehacerpolitico.mx\\\/?s={search_term_string}\"},\"query-input\":{\"@type\":\"PropertyValueSpecification\",\"valueRequired\":true,\"valueName\":\"search_term_string\"}}],\"inLanguage\":\"es\"},{\"@type\":\"Person\",\"@id\":\"https:\\\/\\\/quehacerpolitico.mx\\\/#\\\/schema\\\/person\\\/496d8ad2d1d3f8036101dca7ee39e585\",\"name\":\"Redacci\u00f3n QP\",\"image\":{\"@type\":\"ImageObject\",\"inLanguage\":\"es\",\"@id\":\"https:\\\/\\\/secure.gravatar.com\\\/avatar\\\/c7164ed6fdec453195284ad24a5ae5b6e1eed2b848477fa2a4787ba9adf39a41?s=96&d=mm&r=g\",\"url\":\"https:\\\/\\\/secure.gravatar.com\\\/avatar\\\/c7164ed6fdec453195284ad24a5ae5b6e1eed2b848477fa2a4787ba9adf39a41?s=96&d=mm&r=g\",\"contentUrl\":\"https:\\\/\\\/secure.gravatar.com\\\/avatar\\\/c7164ed6fdec453195284ad24a5ae5b6e1eed2b848477fa2a4787ba9adf39a41?s=96&d=mm&r=g\",\"caption\":\"Redacci\u00f3n QP\"},\"url\":\"https:\\\/\\\/quehacerpolitico.mx\\\/?author=2\"}]}<\/script>\n<!-- \/ Yoast SEO plugin. -->","yoast_head_json":{"title":"Televisa cancela contrato exclusivo a productores de anta\u00f1o y creadores de sus grandes \u00e9xitos -","robots":{"index":"index","follow":"follow","max-snippet":"max-snippet:-1","max-image-preview":"max-image-preview:large","max-video-preview":"max-video-preview:-1"},"canonical":"https:\/\/quehacerpolitico.mx\/?p=3988","og_locale":"es_MX","og_type":"article","og_title":"Televisa cancela contrato exclusivo a productores de anta\u00f1o y creadores de sus grandes \u00e9xitos -","og_description":"Televisa cancela contrato exclusivo a productores de anta\u00f1o y creadores de sus grandes \u00e9xitos Por Redacci\u00f3n QP","og_url":"https:\/\/quehacerpolitico.mx\/?p=3988","article_published_time":"2018-09-06T17:50:41+00:00","author":"Redacci\u00f3n QP","twitter_card":"summary_large_image","twitter_misc":{"Escrito por":"Redacci\u00f3n QP","Tiempo de lectura":"5 minutos"},"schema":{"@context":"https:\/\/schema.org","@graph":[{"@type":"Article","@id":"https:\/\/quehacerpolitico.mx\/?p=3988#article","isPartOf":{"@id":"https:\/\/quehacerpolitico.mx\/?p=3988"},"author":{"name":"Redacci\u00f3n QP","@id":"https:\/\/quehacerpolitico.mx\/#\/schema\/person\/496d8ad2d1d3f8036101dca7ee39e585"},"headline":"Televisa cancela contrato exclusivo a productores de anta\u00f1o y creadores de sus grandes \u00e9xitos","datePublished":"2018-09-06T17:50:41+00:00","mainEntityOfPage":{"@id":"https:\/\/quehacerpolitico.mx\/?p=3988"},"wordCount":973,"commentCount":0,"image":{"@id":"https:\/\/quehacerpolitico.mx\/?p=3988#primaryimage"},"thumbnailUrl":"","articleSection":["Cultura y Entretenimiento"],"inLanguage":"es","potentialAction":[{"@type":"CommentAction","name":"Comment","target":["https:\/\/quehacerpolitico.mx\/?p=3988#respond"]}]},{"@type":"WebPage","@id":"https:\/\/quehacerpolitico.mx\/?p=3988","url":"https:\/\/quehacerpolitico.mx\/?p=3988","name":"Televisa cancela contrato exclusivo a productores de anta\u00f1o y creadores de sus grandes \u00e9xitos -","isPartOf":{"@id":"https:\/\/quehacerpolitico.mx\/#website"},"primaryImageOfPage":{"@id":"https:\/\/quehacerpolitico.mx\/?p=3988#primaryimage"},"image":{"@id":"https:\/\/quehacerpolitico.mx\/?p=3988#primaryimage"},"thumbnailUrl":"","datePublished":"2018-09-06T17:50:41+00:00","author":{"@id":"https:\/\/quehacerpolitico.mx\/#\/schema\/person\/496d8ad2d1d3f8036101dca7ee39e585"},"breadcrumb":{"@id":"https:\/\/quehacerpolitico.mx\/?p=3988#breadcrumb"},"inLanguage":"es","potentialAction":[{"@type":"ReadAction","target":["https:\/\/quehacerpolitico.mx\/?p=3988"]}]},{"@type":"ImageObject","inLanguage":"es","@id":"https:\/\/quehacerpolitico.mx\/?p=3988#primaryimage","url":"","contentUrl":""},{"@type":"BreadcrumbList","@id":"https:\/\/quehacerpolitico.mx\/?p=3988#breadcrumb","itemListElement":[{"@type":"ListItem","position":1,"name":"Inicio","item":"https:\/\/quehacerpolitico.mx\/"},{"@type":"ListItem","position":2,"name":"Televisa cancela contrato exclusivo a productores de anta\u00f1o y creadores de sus grandes \u00e9xitos"}]},{"@type":"WebSite","@id":"https:\/\/quehacerpolitico.mx\/#website","url":"https:\/\/quehacerpolitico.mx\/","name":"","description":"","potentialAction":[{"@type":"SearchAction","target":{"@type":"EntryPoint","urlTemplate":"https:\/\/quehacerpolitico.mx\/?s={search_term_string}"},"query-input":{"@type":"PropertyValueSpecification","valueRequired":true,"valueName":"search_term_string"}}],"inLanguage":"es"},{"@type":"Person","@id":"https:\/\/quehacerpolitico.mx\/#\/schema\/person\/496d8ad2d1d3f8036101dca7ee39e585","name":"Redacci\u00f3n QP","image":{"@type":"ImageObject","inLanguage":"es","@id":"https:\/\/secure.gravatar.com\/avatar\/c7164ed6fdec453195284ad24a5ae5b6e1eed2b848477fa2a4787ba9adf39a41?s=96&d=mm&r=g","url":"https:\/\/secure.gravatar.com\/avatar\/c7164ed6fdec453195284ad24a5ae5b6e1eed2b848477fa2a4787ba9adf39a41?s=96&d=mm&r=g","contentUrl":"https:\/\/secure.gravatar.com\/avatar\/c7164ed6fdec453195284ad24a5ae5b6e1eed2b848477fa2a4787ba9adf39a41?s=96&d=mm&r=g","caption":"Redacci\u00f3n QP"},"url":"https:\/\/quehacerpolitico.mx\/?author=2"}]}},"featured_image_urls":{"full":"","thumbnail":"","medium":"","medium_large":"","large":"","1536x1536":"","2048x2048":"","covernews-featured":"","covernews-medium":""},"author_info":{"display_name":"Redacci\u00f3n QP","author_link":"https:\/\/quehacerpolitico.mx\/?author=2"},"category_info":"<a href=\"https:\/\/quehacerpolitico.mx\/?cat=58\" rel=\"category\">Cultura y Entretenimiento<\/a>","tag_info":"Cultura y Entretenimiento","comment_count":"0","_links":{"self":[{"href":"https:\/\/quehacerpolitico.mx\/index.php?rest_route=\/wp\/v2\/posts\/3988","targetHints":{"allow":["GET"]}}],"collection":[{"href":"https:\/\/quehacerpolitico.mx\/index.php?rest_route=\/wp\/v2\/posts"}],"about":[{"href":"https:\/\/quehacerpolitico.mx\/index.php?rest_route=\/wp\/v2\/types\/post"}],"author":[{"embeddable":true,"href":"https:\/\/quehacerpolitico.mx\/index.php?rest_route=\/wp\/v2\/users\/2"}],"replies":[{"embeddable":true,"href":"https:\/\/quehacerpolitico.mx\/index.php?rest_route=%2Fwp%2Fv2%2Fcomments&post=3988"}],"version-history":[{"count":0,"href":"https:\/\/quehacerpolitico.mx\/index.php?rest_route=\/wp\/v2\/posts\/3988\/revisions"}],"wp:featuredmedia":[{"embeddable":true,"href":"https:\/\/quehacerpolitico.mx\/index.php?rest_route=\/"}],"wp:attachment":[{"href":"https:\/\/quehacerpolitico.mx\/index.php?rest_route=%2Fwp%2Fv2%2Fmedia&parent=3988"}],"wp:term":[{"taxonomy":"category","embeddable":true,"href":"https:\/\/quehacerpolitico.mx\/index.php?rest_route=%2Fwp%2Fv2%2Fcategories&post=3988"},{"taxonomy":"post_tag","embeddable":true,"href":"https:\/\/quehacerpolitico.mx\/index.php?rest_route=%2Fwp%2Fv2%2Ftags&post=3988"}],"curies":[{"name":"wp","href":"https:\/\/api.w.org\/{rel}","templated":true}]}}