{"id":39846,"date":"2019-09-30T16:55:22","date_gmt":"2019-09-30T16:55:22","guid":{"rendered":"http:\/\/quehacerpolitico.mx\/gobierno-analiza-aumento-al-salario-minimo-afirma-lopez-obrador\/"},"modified":"2019-09-30T16:55:22","modified_gmt":"2019-09-30T16:55:22","slug":"gobierno-analiza-aumento-al-salario-minimo-afirma-lopez-obrador","status":"publish","type":"post","link":"https:\/\/quehacerpolitico.mx\/?p=39846","title":{"rendered":"&#8220;Gobierno analiza aumento al salario m\u00ednimo&#8221;, afirma L\u00f3pez Obrador"},"content":{"rendered":"<h1 class=\"news-title\">&#8220;Gobierno analiza aumento al salario m\u00ednimo&#8221;, afirma L\u00f3pez Obrador<br \/>Por Redacci\u00f3n QP<\/h1>\n<p>Pues el aumento de 16% que se realiz\u00f3 al inicio de su gobierno ha sido insuficiente ante la p\u00e9rdida del poder adquisitivo<\/p>\n<p>El Presidente Andres Manuel L\u00f3pez Obrador\u00a0asegur\u00f3 que su gobierno analiza con responsabilidad, un aumento al salario m\u00ednimo por encina de la inflaci\u00f3n, <strong>pues el aumento de 16% que se realiz\u00f3 al inicio de su gobierno ha sido insuficiente<\/strong> ante la p\u00e9rdida del poder adquisitivo.<\/p>\n<p>&#8220;<strong>Estamos haciendo un an\u00e1lisis sobre esto, queremos que mejore<\/strong>, porque a\u00fan con el aumento de que hubo este a\u00f1o de 16% no ha sido suficiente porque es mucho el rezago y lo que se perdi\u00f3 del poder adquisitivo del salario en el periodo neoliberal y esto lo comparten los empresarios&#8221;.<\/p>\n<h3>\u00a0<\/h3>\n<p>Record\u00f3 que <strong>el aumento al salario m\u00ednimo de este a\u00f1o fue de com\u00fan acuerdo con el sector obrero y el sector empresarial<\/strong>.<\/p>\n<p>&#8220;Se acaba de hacer un estudio del CCE, en donde se reconoce que los salarios en Mexico est\u00e1n por abajo de los salarios en China, \u00f3sea de las mismas empresas. Ayer (domingo) en la noche de Chihuahua un empresario Terrazas, de la construcci\u00f3n, fue a decirme que ellos como empresa han tomado la decisi\u00f3n de aumentar el salario de los trabajadores&#8221;.<\/p>\n<p><strong>Se\u00f1al\u00f3 que aumentar el salario m\u00ednimo, a diferencia de lo que piensan los tecn\u00f3cratas, ayuda a fortalecer el mercado interno<\/strong>, porque si los salarios no alcanzan la gente compra apenas lo indispensable, con una mejora hay m\u00e1s ventas, m\u00e1s consumo, y m\u00e1s crecimiento econ\u00f3mico.<\/p>\n<p>&#8220;Claro todo esto tiene que resolverse con responsabilidad porque no se puede recuperar todo lo que se perdi\u00f3 durante el periodo neoliberal, de un a\u00f1o para otro, pero si llegar al acuerdo que aumente el salario en t\u00e9rminos reales y que nunca como en el periodo neoliberal que el aumento era por debajo de la inflaci\u00f3n, eso no, \u00bfcu\u00e1nto va a aumentar el salario? Siempre por encima de la inflaci\u00f3n&#8221;, dijo.<\/p>\n<blockquote class=\"twitter-tweet\" data-width=\"550\" data-dnt=\"true\">\n<p lang=\"es\" dir=\"ltr\">Si no hay corrupci\u00f3n, ni gastos superfluos, rinde el presupuesto. Conferencia matutina. <a href=\"https:\/\/t.co\/DYi3VBghZP\">https:\/\/t.co\/DYi3VBghZP<\/a><\/p>\n<p>&mdash; Andr\u00e9s Manuel (@lopezobrador_) <a href=\"https:\/\/twitter.com\/lopezobrador_\/status\/1178641418761326594?ref_src=twsrc%5Etfw\">September 30, 2019<\/a><\/p><\/blockquote>\n<p><script async src=\"https:\/\/platform.twitter.com\/widgets.js\" charset=\"utf-8\"><\/script><\/p>\n<p>Con informaci\u00f3n de SUN<\/p>\n","protected":false},"excerpt":{"rendered":"<p>&#8220;Gobierno analiza aumento al salario m\u00ednimo&#8221;, afirma L\u00f3pez Obrador<br \/>\nPor Redacci\u00f3n QP<\/p>\n","protected":false},"author":2,"featured_media":39845,"comment_status":"open","ping_status":"open","sticky":false,"template":"","format":"standard","meta":{"_monsterinsights_skip_tracking":false,"_monsterinsights_sitenote_active":false,"_monsterinsights_sitenote_note":"","_monsterinsights_sitenote_category":0,"footnotes":""},"categories":[56],"tags":[],"class_list":["post-39846","post","type-post","status-publish","format-standard","has-post-thumbnail","hentry","category-economia"],"yoast_head":"<!-- This site is optimized with the Yoast SEO plugin v27.3 - https:\/\/yoast.com\/product\/yoast-seo-wordpress\/ -->\n<title>&quot;Gobierno analiza aumento al salario m\u00ednimo&quot;, afirma L\u00f3pez Obrador -<\/title>\n<meta name=\"robots\" content=\"index, follow, max-snippet:-1, max-image-preview:large, max-video-preview:-1\" \/>\n<link rel=\"canonical\" href=\"https:\/\/quehacerpolitico.mx\/?p=39846\" \/>\n<meta property=\"og:locale\" content=\"es_MX\" \/>\n<meta property=\"og:type\" content=\"article\" \/>\n<meta property=\"og:title\" content=\"&quot;Gobierno analiza aumento al salario m\u00ednimo&quot;, afirma L\u00f3pez Obrador -\" \/>\n<meta property=\"og:description\" content=\"&quot;Gobierno analiza aumento al salario m\u00ednimo&quot;, afirma L\u00f3pez Obrador Por Redacci\u00f3n QP\" \/>\n<meta property=\"og:url\" content=\"https:\/\/quehacerpolitico.mx\/?p=39846\" \/>\n<meta property=\"article:published_time\" content=\"2019-09-30T16:55:22+00:00\" \/>\n<meta name=\"author\" content=\"Redacci\u00f3n QP\" \/>\n<meta name=\"twitter:card\" content=\"summary_large_image\" \/>\n<meta name=\"twitter:label1\" content=\"Escrito por\" \/>\n\t<meta name=\"twitter:data1\" content=\"Redacci\u00f3n QP\" \/>\n\t<meta name=\"twitter:label2\" content=\"Tiempo de lectura\" \/>\n\t<meta name=\"twitter:data2\" content=\"2 minutos\" \/>\n<script type=\"application\/ld+json\" class=\"yoast-schema-graph\">{\"@context\":\"https:\\\/\\\/schema.org\",\"@graph\":[{\"@type\":\"Article\",\"@id\":\"https:\\\/\\\/quehacerpolitico.mx\\\/?p=39846#article\",\"isPartOf\":{\"@id\":\"https:\\\/\\\/quehacerpolitico.mx\\\/?p=39846\"},\"author\":{\"name\":\"Redacci\u00f3n QP\",\"@id\":\"https:\\\/\\\/quehacerpolitico.mx\\\/#\\\/schema\\\/person\\\/496d8ad2d1d3f8036101dca7ee39e585\"},\"headline\":\"&#8220;Gobierno analiza aumento al salario m\u00ednimo&#8221;, afirma L\u00f3pez Obrador\",\"datePublished\":\"2019-09-30T16:55:22+00:00\",\"mainEntityOfPage\":{\"@id\":\"https:\\\/\\\/quehacerpolitico.mx\\\/?p=39846\"},\"wordCount\":374,\"commentCount\":0,\"image\":{\"@id\":\"https:\\\/\\\/quehacerpolitico.mx\\\/?p=39846#primaryimage\"},\"thumbnailUrl\":\"\",\"articleSection\":[\"Econom\u00eda\"],\"inLanguage\":\"es\",\"potentialAction\":[{\"@type\":\"CommentAction\",\"name\":\"Comment\",\"target\":[\"https:\\\/\\\/quehacerpolitico.mx\\\/?p=39846#respond\"]}]},{\"@type\":\"WebPage\",\"@id\":\"https:\\\/\\\/quehacerpolitico.mx\\\/?p=39846\",\"url\":\"https:\\\/\\\/quehacerpolitico.mx\\\/?p=39846\",\"name\":\"\\\"Gobierno analiza aumento al salario m\u00ednimo\\\", afirma L\u00f3pez Obrador -\",\"isPartOf\":{\"@id\":\"https:\\\/\\\/quehacerpolitico.mx\\\/#website\"},\"primaryImageOfPage\":{\"@id\":\"https:\\\/\\\/quehacerpolitico.mx\\\/?p=39846#primaryimage\"},\"image\":{\"@id\":\"https:\\\/\\\/quehacerpolitico.mx\\\/?p=39846#primaryimage\"},\"thumbnailUrl\":\"\",\"datePublished\":\"2019-09-30T16:55:22+00:00\",\"author\":{\"@id\":\"https:\\\/\\\/quehacerpolitico.mx\\\/#\\\/schema\\\/person\\\/496d8ad2d1d3f8036101dca7ee39e585\"},\"breadcrumb\":{\"@id\":\"https:\\\/\\\/quehacerpolitico.mx\\\/?p=39846#breadcrumb\"},\"inLanguage\":\"es\",\"potentialAction\":[{\"@type\":\"ReadAction\",\"target\":[\"https:\\\/\\\/quehacerpolitico.mx\\\/?p=39846\"]}]},{\"@type\":\"ImageObject\",\"inLanguage\":\"es\",\"@id\":\"https:\\\/\\\/quehacerpolitico.mx\\\/?p=39846#primaryimage\",\"url\":\"\",\"contentUrl\":\"\"},{\"@type\":\"BreadcrumbList\",\"@id\":\"https:\\\/\\\/quehacerpolitico.mx\\\/?p=39846#breadcrumb\",\"itemListElement\":[{\"@type\":\"ListItem\",\"position\":1,\"name\":\"Inicio\",\"item\":\"https:\\\/\\\/quehacerpolitico.mx\\\/\"},{\"@type\":\"ListItem\",\"position\":2,\"name\":\"&#8220;Gobierno analiza aumento al salario m\u00ednimo&#8221;, afirma L\u00f3pez Obrador\"}]},{\"@type\":\"WebSite\",\"@id\":\"https:\\\/\\\/quehacerpolitico.mx\\\/#website\",\"url\":\"https:\\\/\\\/quehacerpolitico.mx\\\/\",\"name\":\"\",\"description\":\"\",\"potentialAction\":[{\"@type\":\"SearchAction\",\"target\":{\"@type\":\"EntryPoint\",\"urlTemplate\":\"https:\\\/\\\/quehacerpolitico.mx\\\/?s={search_term_string}\"},\"query-input\":{\"@type\":\"PropertyValueSpecification\",\"valueRequired\":true,\"valueName\":\"search_term_string\"}}],\"inLanguage\":\"es\"},{\"@type\":\"Person\",\"@id\":\"https:\\\/\\\/quehacerpolitico.mx\\\/#\\\/schema\\\/person\\\/496d8ad2d1d3f8036101dca7ee39e585\",\"name\":\"Redacci\u00f3n QP\",\"image\":{\"@type\":\"ImageObject\",\"inLanguage\":\"es\",\"@id\":\"https:\\\/\\\/secure.gravatar.com\\\/avatar\\\/c7164ed6fdec453195284ad24a5ae5b6e1eed2b848477fa2a4787ba9adf39a41?s=96&d=mm&r=g\",\"url\":\"https:\\\/\\\/secure.gravatar.com\\\/avatar\\\/c7164ed6fdec453195284ad24a5ae5b6e1eed2b848477fa2a4787ba9adf39a41?s=96&d=mm&r=g\",\"contentUrl\":\"https:\\\/\\\/secure.gravatar.com\\\/avatar\\\/c7164ed6fdec453195284ad24a5ae5b6e1eed2b848477fa2a4787ba9adf39a41?s=96&d=mm&r=g\",\"caption\":\"Redacci\u00f3n QP\"},\"url\":\"https:\\\/\\\/quehacerpolitico.mx\\\/?author=2\"}]}<\/script>\n<!-- \/ Yoast SEO plugin. -->","yoast_head_json":{"title":"\"Gobierno analiza aumento al salario m\u00ednimo\", afirma L\u00f3pez Obrador -","robots":{"index":"index","follow":"follow","max-snippet":"max-snippet:-1","max-image-preview":"max-image-preview:large","max-video-preview":"max-video-preview:-1"},"canonical":"https:\/\/quehacerpolitico.mx\/?p=39846","og_locale":"es_MX","og_type":"article","og_title":"\"Gobierno analiza aumento al salario m\u00ednimo\", afirma L\u00f3pez Obrador -","og_description":"\"Gobierno analiza aumento al salario m\u00ednimo\", afirma L\u00f3pez Obrador Por Redacci\u00f3n QP","og_url":"https:\/\/quehacerpolitico.mx\/?p=39846","article_published_time":"2019-09-30T16:55:22+00:00","author":"Redacci\u00f3n QP","twitter_card":"summary_large_image","twitter_misc":{"Escrito por":"Redacci\u00f3n QP","Tiempo de lectura":"2 minutos"},"schema":{"@context":"https:\/\/schema.org","@graph":[{"@type":"Article","@id":"https:\/\/quehacerpolitico.mx\/?p=39846#article","isPartOf":{"@id":"https:\/\/quehacerpolitico.mx\/?p=39846"},"author":{"name":"Redacci\u00f3n QP","@id":"https:\/\/quehacerpolitico.mx\/#\/schema\/person\/496d8ad2d1d3f8036101dca7ee39e585"},"headline":"&#8220;Gobierno analiza aumento al salario m\u00ednimo&#8221;, afirma L\u00f3pez Obrador","datePublished":"2019-09-30T16:55:22+00:00","mainEntityOfPage":{"@id":"https:\/\/quehacerpolitico.mx\/?p=39846"},"wordCount":374,"commentCount":0,"image":{"@id":"https:\/\/quehacerpolitico.mx\/?p=39846#primaryimage"},"thumbnailUrl":"","articleSection":["Econom\u00eda"],"inLanguage":"es","potentialAction":[{"@type":"CommentAction","name":"Comment","target":["https:\/\/quehacerpolitico.mx\/?p=39846#respond"]}]},{"@type":"WebPage","@id":"https:\/\/quehacerpolitico.mx\/?p=39846","url":"https:\/\/quehacerpolitico.mx\/?p=39846","name":"\"Gobierno analiza aumento al salario m\u00ednimo\", afirma L\u00f3pez Obrador -","isPartOf":{"@id":"https:\/\/quehacerpolitico.mx\/#website"},"primaryImageOfPage":{"@id":"https:\/\/quehacerpolitico.mx\/?p=39846#primaryimage"},"image":{"@id":"https:\/\/quehacerpolitico.mx\/?p=39846#primaryimage"},"thumbnailUrl":"","datePublished":"2019-09-30T16:55:22+00:00","author":{"@id":"https:\/\/quehacerpolitico.mx\/#\/schema\/person\/496d8ad2d1d3f8036101dca7ee39e585"},"breadcrumb":{"@id":"https:\/\/quehacerpolitico.mx\/?p=39846#breadcrumb"},"inLanguage":"es","potentialAction":[{"@type":"ReadAction","target":["https:\/\/quehacerpolitico.mx\/?p=39846"]}]},{"@type":"ImageObject","inLanguage":"es","@id":"https:\/\/quehacerpolitico.mx\/?p=39846#primaryimage","url":"","contentUrl":""},{"@type":"BreadcrumbList","@id":"https:\/\/quehacerpolitico.mx\/?p=39846#breadcrumb","itemListElement":[{"@type":"ListItem","position":1,"name":"Inicio","item":"https:\/\/quehacerpolitico.mx\/"},{"@type":"ListItem","position":2,"name":"&#8220;Gobierno analiza aumento al salario m\u00ednimo&#8221;, afirma L\u00f3pez Obrador"}]},{"@type":"WebSite","@id":"https:\/\/quehacerpolitico.mx\/#website","url":"https:\/\/quehacerpolitico.mx\/","name":"","description":"","potentialAction":[{"@type":"SearchAction","target":{"@type":"EntryPoint","urlTemplate":"https:\/\/quehacerpolitico.mx\/?s={search_term_string}"},"query-input":{"@type":"PropertyValueSpecification","valueRequired":true,"valueName":"search_term_string"}}],"inLanguage":"es"},{"@type":"Person","@id":"https:\/\/quehacerpolitico.mx\/#\/schema\/person\/496d8ad2d1d3f8036101dca7ee39e585","name":"Redacci\u00f3n QP","image":{"@type":"ImageObject","inLanguage":"es","@id":"https:\/\/secure.gravatar.com\/avatar\/c7164ed6fdec453195284ad24a5ae5b6e1eed2b848477fa2a4787ba9adf39a41?s=96&d=mm&r=g","url":"https:\/\/secure.gravatar.com\/avatar\/c7164ed6fdec453195284ad24a5ae5b6e1eed2b848477fa2a4787ba9adf39a41?s=96&d=mm&r=g","contentUrl":"https:\/\/secure.gravatar.com\/avatar\/c7164ed6fdec453195284ad24a5ae5b6e1eed2b848477fa2a4787ba9adf39a41?s=96&d=mm&r=g","caption":"Redacci\u00f3n QP"},"url":"https:\/\/quehacerpolitico.mx\/?author=2"}]}},"featured_image_urls":{"full":"","thumbnail":"","medium":"","medium_large":"","large":"","1536x1536":"","2048x2048":"","covernews-featured":"","covernews-medium":""},"author_info":{"display_name":"Redacci\u00f3n QP","author_link":"https:\/\/quehacerpolitico.mx\/?author=2"},"category_info":"<a href=\"https:\/\/quehacerpolitico.mx\/?cat=56\" rel=\"category\">Econom\u00eda<\/a>","tag_info":"Econom\u00eda","comment_count":"0","_links":{"self":[{"href":"https:\/\/quehacerpolitico.mx\/index.php?rest_route=\/wp\/v2\/posts\/39846","targetHints":{"allow":["GET"]}}],"collection":[{"href":"https:\/\/quehacerpolitico.mx\/index.php?rest_route=\/wp\/v2\/posts"}],"about":[{"href":"https:\/\/quehacerpolitico.mx\/index.php?rest_route=\/wp\/v2\/types\/post"}],"author":[{"embeddable":true,"href":"https:\/\/quehacerpolitico.mx\/index.php?rest_route=\/wp\/v2\/users\/2"}],"replies":[{"embeddable":true,"href":"https:\/\/quehacerpolitico.mx\/index.php?rest_route=%2Fwp%2Fv2%2Fcomments&post=39846"}],"version-history":[{"count":0,"href":"https:\/\/quehacerpolitico.mx\/index.php?rest_route=\/wp\/v2\/posts\/39846\/revisions"}],"wp:featuredmedia":[{"embeddable":true,"href":"https:\/\/quehacerpolitico.mx\/index.php?rest_route=\/"}],"wp:attachment":[{"href":"https:\/\/quehacerpolitico.mx\/index.php?rest_route=%2Fwp%2Fv2%2Fmedia&parent=39846"}],"wp:term":[{"taxonomy":"category","embeddable":true,"href":"https:\/\/quehacerpolitico.mx\/index.php?rest_route=%2Fwp%2Fv2%2Fcategories&post=39846"},{"taxonomy":"post_tag","embeddable":true,"href":"https:\/\/quehacerpolitico.mx\/index.php?rest_route=%2Fwp%2Fv2%2Ftags&post=39846"}],"curies":[{"name":"wp","href":"https:\/\/api.w.org\/{rel}","templated":true}]}}