{"id":39837,"date":"2019-09-30T15:39:13","date_gmt":"2019-09-30T15:39:13","guid":{"rendered":"http:\/\/quehacerpolitico.mx\/deja-narda-inundaciones-un-muerto-y-un-desaparecido-en-seis-estados\/"},"modified":"2019-09-30T15:39:13","modified_gmt":"2019-09-30T15:39:13","slug":"deja-narda-inundaciones-un-muerto-y-un-desaparecido-en-seis-estados","status":"publish","type":"post","link":"https:\/\/quehacerpolitico.mx\/?p=39837","title":{"rendered":"Deja Narda inundaciones, un muerto y un desaparecido en seis estados"},"content":{"rendered":"<p>Deja Narda inundaciones, un muerto y un desaparecido en seis estados<br \/>Por Redacci\u00f3n QP<\/p>\n<p>A su paso por estados del Pac\u00edfico mexicano, la depresi\u00f3n tropical Narda ha dejado una persona muerta, una desaparecida, da\u00f1os en viviendas y carreteras, desborde de r\u00edos, inundaciones y deslaves a causa de las lluvias, por lo que se suspendieron clases e instalaron albergues para atender a los afectados.<\/p>\n<p>Las entidades que registraron estragos por las precipitaciones que trajo consigo la tormenta tropical Narda, que se degrad\u00f3 ya, fueron Oaxaca, Guerrero, Michoac\u00e1n, Colima, Jalisco y Nayarit, donde los tres \u00f3rdenes de gobierno aplicaron acciones para mitigar los efectos del meteoro.<\/p>\n<blockquote class=\"twitter-tweet\" data-width=\"550\" data-dnt=\"true\">\n<p lang=\"es\" dir=\"ltr\">Con motivo de fuertes lluvias provocadas por la Tormenta Tropical <a href=\"https:\/\/twitter.com\/hashtag\/Narda?src=hash&amp;ref_src=twsrc%5Etfw\">#Narda<\/a>, tropas de la 44\/a. Zona Militar aplicaron <a href=\"https:\/\/twitter.com\/hashtag\/PlanDNIIIE?src=hash&amp;ref_src=twsrc%5Etfw\">#PlanDNIIIE<\/a>, a trav\u00e9s de remoci\u00f3n de escombros y \u00e1rboles ca\u00eddos en el deslave ocurrido en el tramo carretero La Galera-San Lucas, San Pedro Pochutla, Oax. <a href=\"https:\/\/t.co\/suB7jw6BX9\">pic.twitter.com\/suB7jw6BX9<\/a><\/p>\n<p>&mdash; @SEDENAmx (@SEDENAmx) <a href=\"https:\/\/twitter.com\/SEDENAmx\/status\/1178645322102448129?ref_src=twsrc%5Etfw\">September 30, 2019<\/a><\/p><\/blockquote>\n<p><script async src=\"https:\/\/platform.twitter.com\/widgets.js\" charset=\"utf-8\"><\/script><\/p>\n<p>En Oaxaca, se reportaron viviendas da\u00f1adas, un hombre muerto por arrastre en el r\u00edo San Pedro Mixtepec, un cerro desgajado, un deslave, seis derrumbes, un hospital inundado y ocho r\u00edos desbordados, por lo que se implement\u00f3 el Plan DN-III-E del Ej\u00e9rcito y se habilitaron refugios, entre ellos, en Santiago Juxtlahuaca. Autoridades pidieron declaratoria de emergencia para 22 municipios por lluvias.<\/p>\n<p>En Guerrero, se registr\u00f3 una persona desparecida en Tixtla, 11 rescatadas, 47 inundaciones, cinco deslaves de cerros, 23 derrumbes carreteros, 10 deslizamientos de rocas, viviendas da\u00f1adas y arrastre de veh\u00edculos, por lo que se aplic\u00f3 el Plan DN-III-E y se suspendieron las clases. Asimismo, aumento del caudal de los r\u00edos de Coyuca de Ben\u00edtez y San Jer\u00f3nimo, entre otros.<\/p>\n<blockquote class=\"twitter-tweet\" data-width=\"550\" data-dnt=\"true\">\n<p lang=\"es\" dir=\"ltr\">Contin\u00faan aplicando <a href=\"https:\/\/twitter.com\/hashtag\/PlanDNIIIE?src=hash&amp;ref_src=twsrc%5Etfw\">#PlanDNIIIE<\/a> tropas del <a href=\"https:\/\/twitter.com\/hashtag\/Ej%C3%A9rcitoyFAM?src=hash&amp;ref_src=twsrc%5Etfw\">#Ej\u00e9rcitoyFAM<\/a> de la 20\/a. Zona Militar en el municipio de Tecom\u00e1n, <a href=\"https:\/\/twitter.com\/hashtag\/Colima?src=hash&amp;ref_src=twsrc%5Etfw\">#Colima<\/a>, a trav\u00e9s de evacuaci\u00f3n de personas y retiro de escombros. <a href=\"https:\/\/t.co\/sSXPJFTrsd\">pic.twitter.com\/sSXPJFTrsd<\/a><\/p>\n<p>&mdash; @SEDENAmx (@SEDENAmx) <a href=\"https:\/\/twitter.com\/SEDENAmx\/status\/1178474228368232449?ref_src=twsrc%5Etfw\">September 30, 2019<\/a><\/p><\/blockquote>\n<p><script async src=\"https:\/\/platform.twitter.com\/widgets.js\" charset=\"utf-8\"><\/script><\/p>\n<p>En el estado de Colima no habr\u00e1 clases este lunes en el turno matutino de todos los niveles. Hacia la medianoche, 194 personas hab\u00edan sido recibidas en los seis refugios temporales habilitados, mientras que en Jalisco fueron evacuadas 450 personas, se dispusieron nueve refugios y se suspendieron las clases en 29 municipios de la costa.<\/p>\n<p>Por su parte, en Michoac\u00e1n, la depresi\u00f3n tropical Narda dej\u00f3 afectaciones en el municipio de L\u00e1zaro C\u00e1rdenas, entre ellas, el desbordamiento de un arroyo, por lo que Protecci\u00f3n Civil inform\u00f3 que se abri\u00f3 un albergue para las personas desalojadas en las cercan\u00edas del afluente.<\/p>\n<blockquote class=\"twitter-tweet\" data-width=\"550\" data-dnt=\"true\">\n<p lang=\"es\" dir=\"ltr\"><a href=\"https:\/\/twitter.com\/hashtag\/Comunicado?src=hash&amp;ref_src=twsrc%5Etfw\">#Comunicado<\/a>. Ej\u00e9rcito y Fuerza A\u00e9rea Mexicanos, aplican el Plan DN-III-E en Cd. M\u00e9x. y diversos estados del Pac\u00edfico, por el paso de la tormenta tropical \u201cNarda\u201d. <a href=\"https:\/\/t.co\/Se4QVoukgU\">https:\/\/t.co\/Se4QVoukgU<\/a> <a href=\"https:\/\/t.co\/nP5NYIhIch\">pic.twitter.com\/nP5NYIhIch<\/a><\/p>\n<p>&mdash; @SEDENAmx (@SEDENAmx) <a href=\"https:\/\/twitter.com\/SEDENAmx\/status\/1178495928786915329?ref_src=twsrc%5Etfw\">September 30, 2019<\/a><\/p><\/blockquote>\n<p><script async src=\"https:\/\/platform.twitter.com\/widgets.js\" charset=\"utf-8\"><\/script><\/p>\n<p>En Nayarit, tampoco habr\u00e1 clases este lunes en todos los niveles educativos de los municipios de Bah\u00eda de Banderas, San Blas, Compostela, Santiago Ixcuintla, Tecuala, Tepic, Tuxpan y Xalisco, ante el pron\u00f3stico de precipitaciones.<\/p>\n<p>En tanto, el gobierno de Sinaloa determin\u00f3 cancelar las actividades escolares en siete municipios del estado, ante las lluvias que se presentan por los efectos de Narda.<\/p>\n<p>De acuerdo al reporte del Servicio Meteorol\u00f3gico Nacional (SMN), este d\u00eda la depresi\u00f3n tropical Narda ocasionar\u00e1 lluvias intensas con descargas el\u00e9ctricas en Nayarit, Sinaloa, Jalisco, Colima, Michoac\u00e1n, Sonora, Chihuahua y Durango, as\u00ed como rachas viento y oleaje elevado en costas de Baja California Sur, Sonora, Sinaloa y Nayarit.<\/p>\n","protected":false},"excerpt":{"rendered":"<p>Deja Narda inundaciones, un muerto y un desaparecido en seis estados<br \/>\nPor Redacci\u00f3n QP<\/p>\n","protected":false},"author":2,"featured_media":39836,"comment_status":"open","ping_status":"open","sticky":false,"template":"","format":"standard","meta":{"_monsterinsights_skip_tracking":false,"_monsterinsights_sitenote_active":false,"_monsterinsights_sitenote_note":"","_monsterinsights_sitenote_category":0,"footnotes":""},"categories":[2],"tags":[],"class_list":["post-39837","post","type-post","status-publish","format-standard","has-post-thumbnail","hentry","category-noticias"],"yoast_head":"<!-- This site is optimized with the Yoast SEO plugin v27.3 - https:\/\/yoast.com\/product\/yoast-seo-wordpress\/ -->\n<title>Deja Narda inundaciones, un muerto y un desaparecido en seis estados -<\/title>\n<meta name=\"robots\" content=\"index, follow, max-snippet:-1, max-image-preview:large, max-video-preview:-1\" \/>\n<link rel=\"canonical\" href=\"https:\/\/quehacerpolitico.mx\/?p=39837\" \/>\n<meta property=\"og:locale\" content=\"es_MX\" \/>\n<meta property=\"og:type\" content=\"article\" \/>\n<meta property=\"og:title\" content=\"Deja Narda inundaciones, un muerto y un desaparecido en seis estados -\" \/>\n<meta property=\"og:description\" content=\"Deja Narda inundaciones, un muerto y un desaparecido en seis estados Por Redacci\u00f3n QP\" \/>\n<meta property=\"og:url\" content=\"https:\/\/quehacerpolitico.mx\/?p=39837\" \/>\n<meta property=\"article:published_time\" content=\"2019-09-30T15:39:13+00:00\" \/>\n<meta name=\"author\" content=\"Redacci\u00f3n QP\" \/>\n<meta name=\"twitter:card\" content=\"summary_large_image\" \/>\n<meta name=\"twitter:label1\" content=\"Escrito por\" \/>\n\t<meta name=\"twitter:data1\" content=\"Redacci\u00f3n QP\" \/>\n\t<meta name=\"twitter:label2\" content=\"Tiempo de lectura\" \/>\n\t<meta name=\"twitter:data2\" content=\"2 minutos\" \/>\n<script type=\"application\/ld+json\" class=\"yoast-schema-graph\">{\"@context\":\"https:\\\/\\\/schema.org\",\"@graph\":[{\"@type\":\"Article\",\"@id\":\"https:\\\/\\\/quehacerpolitico.mx\\\/?p=39837#article\",\"isPartOf\":{\"@id\":\"https:\\\/\\\/quehacerpolitico.mx\\\/?p=39837\"},\"author\":{\"name\":\"Redacci\u00f3n QP\",\"@id\":\"https:\\\/\\\/quehacerpolitico.mx\\\/#\\\/schema\\\/person\\\/496d8ad2d1d3f8036101dca7ee39e585\"},\"headline\":\"Deja Narda inundaciones, un muerto y un desaparecido en seis estados\",\"datePublished\":\"2019-09-30T15:39:13+00:00\",\"mainEntityOfPage\":{\"@id\":\"https:\\\/\\\/quehacerpolitico.mx\\\/?p=39837\"},\"wordCount\":480,\"commentCount\":0,\"image\":{\"@id\":\"https:\\\/\\\/quehacerpolitico.mx\\\/?p=39837#primaryimage\"},\"thumbnailUrl\":\"\",\"articleSection\":[\"Noticias\"],\"inLanguage\":\"es\",\"potentialAction\":[{\"@type\":\"CommentAction\",\"name\":\"Comment\",\"target\":[\"https:\\\/\\\/quehacerpolitico.mx\\\/?p=39837#respond\"]}]},{\"@type\":\"WebPage\",\"@id\":\"https:\\\/\\\/quehacerpolitico.mx\\\/?p=39837\",\"url\":\"https:\\\/\\\/quehacerpolitico.mx\\\/?p=39837\",\"name\":\"Deja Narda inundaciones, un muerto y un desaparecido en seis estados -\",\"isPartOf\":{\"@id\":\"https:\\\/\\\/quehacerpolitico.mx\\\/#website\"},\"primaryImageOfPage\":{\"@id\":\"https:\\\/\\\/quehacerpolitico.mx\\\/?p=39837#primaryimage\"},\"image\":{\"@id\":\"https:\\\/\\\/quehacerpolitico.mx\\\/?p=39837#primaryimage\"},\"thumbnailUrl\":\"\",\"datePublished\":\"2019-09-30T15:39:13+00:00\",\"author\":{\"@id\":\"https:\\\/\\\/quehacerpolitico.mx\\\/#\\\/schema\\\/person\\\/496d8ad2d1d3f8036101dca7ee39e585\"},\"breadcrumb\":{\"@id\":\"https:\\\/\\\/quehacerpolitico.mx\\\/?p=39837#breadcrumb\"},\"inLanguage\":\"es\",\"potentialAction\":[{\"@type\":\"ReadAction\",\"target\":[\"https:\\\/\\\/quehacerpolitico.mx\\\/?p=39837\"]}]},{\"@type\":\"ImageObject\",\"inLanguage\":\"es\",\"@id\":\"https:\\\/\\\/quehacerpolitico.mx\\\/?p=39837#primaryimage\",\"url\":\"\",\"contentUrl\":\"\"},{\"@type\":\"BreadcrumbList\",\"@id\":\"https:\\\/\\\/quehacerpolitico.mx\\\/?p=39837#breadcrumb\",\"itemListElement\":[{\"@type\":\"ListItem\",\"position\":1,\"name\":\"Inicio\",\"item\":\"https:\\\/\\\/quehacerpolitico.mx\\\/\"},{\"@type\":\"ListItem\",\"position\":2,\"name\":\"Deja Narda inundaciones, un muerto y un desaparecido en seis estados\"}]},{\"@type\":\"WebSite\",\"@id\":\"https:\\\/\\\/quehacerpolitico.mx\\\/#website\",\"url\":\"https:\\\/\\\/quehacerpolitico.mx\\\/\",\"name\":\"\",\"description\":\"\",\"potentialAction\":[{\"@type\":\"SearchAction\",\"target\":{\"@type\":\"EntryPoint\",\"urlTemplate\":\"https:\\\/\\\/quehacerpolitico.mx\\\/?s={search_term_string}\"},\"query-input\":{\"@type\":\"PropertyValueSpecification\",\"valueRequired\":true,\"valueName\":\"search_term_string\"}}],\"inLanguage\":\"es\"},{\"@type\":\"Person\",\"@id\":\"https:\\\/\\\/quehacerpolitico.mx\\\/#\\\/schema\\\/person\\\/496d8ad2d1d3f8036101dca7ee39e585\",\"name\":\"Redacci\u00f3n QP\",\"image\":{\"@type\":\"ImageObject\",\"inLanguage\":\"es\",\"@id\":\"https:\\\/\\\/secure.gravatar.com\\\/avatar\\\/c7164ed6fdec453195284ad24a5ae5b6e1eed2b848477fa2a4787ba9adf39a41?s=96&d=mm&r=g\",\"url\":\"https:\\\/\\\/secure.gravatar.com\\\/avatar\\\/c7164ed6fdec453195284ad24a5ae5b6e1eed2b848477fa2a4787ba9adf39a41?s=96&d=mm&r=g\",\"contentUrl\":\"https:\\\/\\\/secure.gravatar.com\\\/avatar\\\/c7164ed6fdec453195284ad24a5ae5b6e1eed2b848477fa2a4787ba9adf39a41?s=96&d=mm&r=g\",\"caption\":\"Redacci\u00f3n QP\"},\"url\":\"https:\\\/\\\/quehacerpolitico.mx\\\/?author=2\"}]}<\/script>\n<!-- \/ Yoast SEO plugin. -->","yoast_head_json":{"title":"Deja Narda inundaciones, un muerto y un desaparecido en seis estados -","robots":{"index":"index","follow":"follow","max-snippet":"max-snippet:-1","max-image-preview":"max-image-preview:large","max-video-preview":"max-video-preview:-1"},"canonical":"https:\/\/quehacerpolitico.mx\/?p=39837","og_locale":"es_MX","og_type":"article","og_title":"Deja Narda inundaciones, un muerto y un desaparecido en seis estados -","og_description":"Deja Narda inundaciones, un muerto y un desaparecido en seis estados Por Redacci\u00f3n QP","og_url":"https:\/\/quehacerpolitico.mx\/?p=39837","article_published_time":"2019-09-30T15:39:13+00:00","author":"Redacci\u00f3n QP","twitter_card":"summary_large_image","twitter_misc":{"Escrito por":"Redacci\u00f3n QP","Tiempo de lectura":"2 minutos"},"schema":{"@context":"https:\/\/schema.org","@graph":[{"@type":"Article","@id":"https:\/\/quehacerpolitico.mx\/?p=39837#article","isPartOf":{"@id":"https:\/\/quehacerpolitico.mx\/?p=39837"},"author":{"name":"Redacci\u00f3n QP","@id":"https:\/\/quehacerpolitico.mx\/#\/schema\/person\/496d8ad2d1d3f8036101dca7ee39e585"},"headline":"Deja Narda inundaciones, un muerto y un desaparecido en seis estados","datePublished":"2019-09-30T15:39:13+00:00","mainEntityOfPage":{"@id":"https:\/\/quehacerpolitico.mx\/?p=39837"},"wordCount":480,"commentCount":0,"image":{"@id":"https:\/\/quehacerpolitico.mx\/?p=39837#primaryimage"},"thumbnailUrl":"","articleSection":["Noticias"],"inLanguage":"es","potentialAction":[{"@type":"CommentAction","name":"Comment","target":["https:\/\/quehacerpolitico.mx\/?p=39837#respond"]}]},{"@type":"WebPage","@id":"https:\/\/quehacerpolitico.mx\/?p=39837","url":"https:\/\/quehacerpolitico.mx\/?p=39837","name":"Deja Narda inundaciones, un muerto y un desaparecido en seis estados -","isPartOf":{"@id":"https:\/\/quehacerpolitico.mx\/#website"},"primaryImageOfPage":{"@id":"https:\/\/quehacerpolitico.mx\/?p=39837#primaryimage"},"image":{"@id":"https:\/\/quehacerpolitico.mx\/?p=39837#primaryimage"},"thumbnailUrl":"","datePublished":"2019-09-30T15:39:13+00:00","author":{"@id":"https:\/\/quehacerpolitico.mx\/#\/schema\/person\/496d8ad2d1d3f8036101dca7ee39e585"},"breadcrumb":{"@id":"https:\/\/quehacerpolitico.mx\/?p=39837#breadcrumb"},"inLanguage":"es","potentialAction":[{"@type":"ReadAction","target":["https:\/\/quehacerpolitico.mx\/?p=39837"]}]},{"@type":"ImageObject","inLanguage":"es","@id":"https:\/\/quehacerpolitico.mx\/?p=39837#primaryimage","url":"","contentUrl":""},{"@type":"BreadcrumbList","@id":"https:\/\/quehacerpolitico.mx\/?p=39837#breadcrumb","itemListElement":[{"@type":"ListItem","position":1,"name":"Inicio","item":"https:\/\/quehacerpolitico.mx\/"},{"@type":"ListItem","position":2,"name":"Deja Narda inundaciones, un muerto y un desaparecido en seis estados"}]},{"@type":"WebSite","@id":"https:\/\/quehacerpolitico.mx\/#website","url":"https:\/\/quehacerpolitico.mx\/","name":"","description":"","potentialAction":[{"@type":"SearchAction","target":{"@type":"EntryPoint","urlTemplate":"https:\/\/quehacerpolitico.mx\/?s={search_term_string}"},"query-input":{"@type":"PropertyValueSpecification","valueRequired":true,"valueName":"search_term_string"}}],"inLanguage":"es"},{"@type":"Person","@id":"https:\/\/quehacerpolitico.mx\/#\/schema\/person\/496d8ad2d1d3f8036101dca7ee39e585","name":"Redacci\u00f3n QP","image":{"@type":"ImageObject","inLanguage":"es","@id":"https:\/\/secure.gravatar.com\/avatar\/c7164ed6fdec453195284ad24a5ae5b6e1eed2b848477fa2a4787ba9adf39a41?s=96&d=mm&r=g","url":"https:\/\/secure.gravatar.com\/avatar\/c7164ed6fdec453195284ad24a5ae5b6e1eed2b848477fa2a4787ba9adf39a41?s=96&d=mm&r=g","contentUrl":"https:\/\/secure.gravatar.com\/avatar\/c7164ed6fdec453195284ad24a5ae5b6e1eed2b848477fa2a4787ba9adf39a41?s=96&d=mm&r=g","caption":"Redacci\u00f3n QP"},"url":"https:\/\/quehacerpolitico.mx\/?author=2"}]}},"featured_image_urls":{"full":"","thumbnail":"","medium":"","medium_large":"","large":"","1536x1536":"","2048x2048":"","covernews-featured":"","covernews-medium":""},"author_info":{"display_name":"Redacci\u00f3n QP","author_link":"https:\/\/quehacerpolitico.mx\/?author=2"},"category_info":"<a href=\"https:\/\/quehacerpolitico.mx\/?cat=2\" rel=\"category\">Noticias<\/a>","tag_info":"Noticias","comment_count":"0","_links":{"self":[{"href":"https:\/\/quehacerpolitico.mx\/index.php?rest_route=\/wp\/v2\/posts\/39837","targetHints":{"allow":["GET"]}}],"collection":[{"href":"https:\/\/quehacerpolitico.mx\/index.php?rest_route=\/wp\/v2\/posts"}],"about":[{"href":"https:\/\/quehacerpolitico.mx\/index.php?rest_route=\/wp\/v2\/types\/post"}],"author":[{"embeddable":true,"href":"https:\/\/quehacerpolitico.mx\/index.php?rest_route=\/wp\/v2\/users\/2"}],"replies":[{"embeddable":true,"href":"https:\/\/quehacerpolitico.mx\/index.php?rest_route=%2Fwp%2Fv2%2Fcomments&post=39837"}],"version-history":[{"count":0,"href":"https:\/\/quehacerpolitico.mx\/index.php?rest_route=\/wp\/v2\/posts\/39837\/revisions"}],"wp:featuredmedia":[{"embeddable":true,"href":"https:\/\/quehacerpolitico.mx\/index.php?rest_route=\/"}],"wp:attachment":[{"href":"https:\/\/quehacerpolitico.mx\/index.php?rest_route=%2Fwp%2Fv2%2Fmedia&parent=39837"}],"wp:term":[{"taxonomy":"category","embeddable":true,"href":"https:\/\/quehacerpolitico.mx\/index.php?rest_route=%2Fwp%2Fv2%2Fcategories&post=39837"},{"taxonomy":"post_tag","embeddable":true,"href":"https:\/\/quehacerpolitico.mx\/index.php?rest_route=%2Fwp%2Fv2%2Ftags&post=39837"}],"curies":[{"name":"wp","href":"https:\/\/api.w.org\/{rel}","templated":true}]}}