{"id":39831,"date":"2019-09-30T15:02:35","date_gmt":"2019-09-30T15:02:35","guid":{"rendered":"http:\/\/quehacerpolitico.mx\/mantiene-amlo-dialogo-sobre-derrame-en-rios-bacanuchi-y-sonora\/"},"modified":"2019-09-30T15:02:35","modified_gmt":"2019-09-30T15:02:35","slug":"mantiene-amlo-dialogo-sobre-derrame-en-rios-bacanuchi-y-sonora","status":"publish","type":"post","link":"https:\/\/quehacerpolitico.mx\/?p=39831","title":{"rendered":"Mantiene AMLO di\u00e1logo sobre derrame en r\u00edos Bacanuchi y Sonora"},"content":{"rendered":"<p>Mantiene AMLO di\u00e1logo sobre derrame en r\u00edos Bacanuchi y Sonora<br \/>Por Redacci\u00f3n QP<\/p>\n<p>El presidente Andr\u00e9s Manuel L\u00f3pez Obrador dijo que mediante el di\u00e1logo y la conciliaci\u00f3n se busca llegar a un acuerdo entre las partes en el caso del derrame de \u00e1cido sulf\u00farico de Grupo M\u00e9xico en los r\u00edos Bacanuchi y Sonora.<\/p>\n<p>\u201cCuando el di\u00e1logo y la conciliaci\u00f3n se agotan, vamos a ejercer la autoridad\u201d, a\u00f1adi\u00f3 el primer mandatario al instruir una vez m\u00e1s al secretario de Medio Ambiente, V\u00edctor Manuel Toledo, para que se traslade y atienda de manera especial ese asunto.<\/p>\n<p>\u201cLo m\u00e1s importante es la salud de las personas, de los mexicanos. Nada de contaminaci\u00f3n que afecte la salud, aunque tambi\u00e9n se debe cuidar las fuentes de trabajo porque podr\u00eda cancelarse una mina, pero se debe ver el efecto porque significa trabajo y derrama econ\u00f3mica para los pueblos\u201d, acot\u00f3.<\/p>\n<p>L\u00f3pez Obrador resalt\u00f3 que la diferencia que hay entre el suyo y los gobiernos anteriores es que ahora se act\u00faa con absoluta libertad: \u201cno estamos al servicio de ning\u00fan grupo de inter\u00e9s creado, entonces con la autoridad, como verdaderos jueces tenemos que gobernar y hacer justicia\u201d.<\/p>\n<p>En rueda de prensa en Palacio Nacional, aclar\u00f3 que la libertad con la que trabaja su gobierno debe tomar en cuenta a todos los involucrados \u201cpara no afectar, por eso la mejor v\u00eda -para solucionar un conflicto- es el di\u00e1logo y el acuerdo. Cuando estos se agotan, vamos a ejercer la autoridad porque encontramos &#8230; que hay mucho encono\u201d.<\/p>\n<p>El primer mandatario expuso que en anteriores gobiernos este tipo de situaciones se inclinaban a favor de una de las partes \u201cy ahora lo que queremos es atender a todos, escuchar a todos, que haya justicia\u201d, aunque observ\u00f3 que si bien llevar\u00e1 tiempo, \u201cen este caso vamos a actuar\u201d.<\/p>\n<p>En este marco, reiter\u00f3 que a veces la justicia tarda pero llega, de ah\u00ed el llamado a todos los mexicanos para que apoyen a esta administraci\u00f3n \u201ca levantar al elefante echado que nos dejaron, pararlo y que camine. Lleva su tiempo levantar al elefante reum\u00e1tico y ma\u00f1oso\u201d, remarc\u00f3.<\/p>\n<blockquote class=\"twitter-tweet\" data-width=\"550\" data-dnt=\"true\">\n<p lang=\"es\" dir=\"ltr\">Si no hay corrupci\u00f3n, ni gastos superfluos, rinde el presupuesto. Conferencia matutina. <a href=\"https:\/\/t.co\/DYi3VBghZP\">https:\/\/t.co\/DYi3VBghZP<\/a><\/p>\n<p>&mdash; Andr\u00e9s Manuel (@lopezobrador_) <a href=\"https:\/\/twitter.com\/lopezobrador_\/status\/1178641418761326594?ref_src=twsrc%5Etfw\">September 30, 2019<\/a><\/p><\/blockquote>\n<p><script async src=\"https:\/\/platform.twitter.com\/widgets.js\" charset=\"utf-8\"><\/script><\/p>\n<p>Con informaci\u00f3n de NTX\u00a0<\/p>\n","protected":false},"excerpt":{"rendered":"<p>Mantiene AMLO di\u00e1logo sobre derrame en r\u00edos Bacanuchi y Sonora<br \/>\nPor Redacci\u00f3n QP<\/p>\n","protected":false},"author":2,"featured_media":39830,"comment_status":"open","ping_status":"open","sticky":false,"template":"","format":"standard","meta":{"_monsterinsights_skip_tracking":false,"_monsterinsights_sitenote_active":false,"_monsterinsights_sitenote_note":"","_monsterinsights_sitenote_category":0,"footnotes":""},"categories":[2],"tags":[],"class_list":["post-39831","post","type-post","status-publish","format-standard","has-post-thumbnail","hentry","category-noticias"],"yoast_head":"<!-- This site is optimized with the Yoast SEO plugin v27.3 - https:\/\/yoast.com\/product\/yoast-seo-wordpress\/ -->\n<title>Mantiene AMLO di\u00e1logo sobre derrame en r\u00edos Bacanuchi y Sonora -<\/title>\n<meta name=\"robots\" content=\"index, follow, max-snippet:-1, max-image-preview:large, max-video-preview:-1\" \/>\n<link rel=\"canonical\" href=\"https:\/\/quehacerpolitico.mx\/?p=39831\" \/>\n<meta property=\"og:locale\" content=\"es_MX\" \/>\n<meta property=\"og:type\" content=\"article\" \/>\n<meta property=\"og:title\" content=\"Mantiene AMLO di\u00e1logo sobre derrame en r\u00edos Bacanuchi y Sonora -\" \/>\n<meta property=\"og:description\" content=\"Mantiene AMLO di\u00e1logo sobre derrame en r\u00edos Bacanuchi y Sonora Por Redacci\u00f3n QP\" \/>\n<meta property=\"og:url\" content=\"https:\/\/quehacerpolitico.mx\/?p=39831\" \/>\n<meta property=\"article:published_time\" content=\"2019-09-30T15:02:35+00:00\" \/>\n<meta name=\"author\" content=\"Redacci\u00f3n QP\" \/>\n<meta name=\"twitter:card\" content=\"summary_large_image\" \/>\n<meta name=\"twitter:label1\" content=\"Escrito por\" \/>\n\t<meta name=\"twitter:data1\" content=\"Redacci\u00f3n QP\" \/>\n\t<meta name=\"twitter:label2\" content=\"Tiempo de lectura\" \/>\n\t<meta name=\"twitter:data2\" content=\"2 minutos\" \/>\n<script type=\"application\/ld+json\" class=\"yoast-schema-graph\">{\"@context\":\"https:\\\/\\\/schema.org\",\"@graph\":[{\"@type\":\"Article\",\"@id\":\"https:\\\/\\\/quehacerpolitico.mx\\\/?p=39831#article\",\"isPartOf\":{\"@id\":\"https:\\\/\\\/quehacerpolitico.mx\\\/?p=39831\"},\"author\":{\"name\":\"Redacci\u00f3n QP\",\"@id\":\"https:\\\/\\\/quehacerpolitico.mx\\\/#\\\/schema\\\/person\\\/496d8ad2d1d3f8036101dca7ee39e585\"},\"headline\":\"Mantiene AMLO di\u00e1logo sobre derrame en r\u00edos Bacanuchi y Sonora\",\"datePublished\":\"2019-09-30T15:02:35+00:00\",\"mainEntityOfPage\":{\"@id\":\"https:\\\/\\\/quehacerpolitico.mx\\\/?p=39831\"},\"wordCount\":395,\"commentCount\":0,\"image\":{\"@id\":\"https:\\\/\\\/quehacerpolitico.mx\\\/?p=39831#primaryimage\"},\"thumbnailUrl\":\"\",\"articleSection\":[\"Noticias\"],\"inLanguage\":\"es\",\"potentialAction\":[{\"@type\":\"CommentAction\",\"name\":\"Comment\",\"target\":[\"https:\\\/\\\/quehacerpolitico.mx\\\/?p=39831#respond\"]}]},{\"@type\":\"WebPage\",\"@id\":\"https:\\\/\\\/quehacerpolitico.mx\\\/?p=39831\",\"url\":\"https:\\\/\\\/quehacerpolitico.mx\\\/?p=39831\",\"name\":\"Mantiene AMLO di\u00e1logo sobre derrame en r\u00edos Bacanuchi y Sonora -\",\"isPartOf\":{\"@id\":\"https:\\\/\\\/quehacerpolitico.mx\\\/#website\"},\"primaryImageOfPage\":{\"@id\":\"https:\\\/\\\/quehacerpolitico.mx\\\/?p=39831#primaryimage\"},\"image\":{\"@id\":\"https:\\\/\\\/quehacerpolitico.mx\\\/?p=39831#primaryimage\"},\"thumbnailUrl\":\"\",\"datePublished\":\"2019-09-30T15:02:35+00:00\",\"author\":{\"@id\":\"https:\\\/\\\/quehacerpolitico.mx\\\/#\\\/schema\\\/person\\\/496d8ad2d1d3f8036101dca7ee39e585\"},\"breadcrumb\":{\"@id\":\"https:\\\/\\\/quehacerpolitico.mx\\\/?p=39831#breadcrumb\"},\"inLanguage\":\"es\",\"potentialAction\":[{\"@type\":\"ReadAction\",\"target\":[\"https:\\\/\\\/quehacerpolitico.mx\\\/?p=39831\"]}]},{\"@type\":\"ImageObject\",\"inLanguage\":\"es\",\"@id\":\"https:\\\/\\\/quehacerpolitico.mx\\\/?p=39831#primaryimage\",\"url\":\"\",\"contentUrl\":\"\"},{\"@type\":\"BreadcrumbList\",\"@id\":\"https:\\\/\\\/quehacerpolitico.mx\\\/?p=39831#breadcrumb\",\"itemListElement\":[{\"@type\":\"ListItem\",\"position\":1,\"name\":\"Inicio\",\"item\":\"https:\\\/\\\/quehacerpolitico.mx\\\/\"},{\"@type\":\"ListItem\",\"position\":2,\"name\":\"Mantiene AMLO di\u00e1logo sobre derrame en r\u00edos Bacanuchi y Sonora\"}]},{\"@type\":\"WebSite\",\"@id\":\"https:\\\/\\\/quehacerpolitico.mx\\\/#website\",\"url\":\"https:\\\/\\\/quehacerpolitico.mx\\\/\",\"name\":\"\",\"description\":\"\",\"potentialAction\":[{\"@type\":\"SearchAction\",\"target\":{\"@type\":\"EntryPoint\",\"urlTemplate\":\"https:\\\/\\\/quehacerpolitico.mx\\\/?s={search_term_string}\"},\"query-input\":{\"@type\":\"PropertyValueSpecification\",\"valueRequired\":true,\"valueName\":\"search_term_string\"}}],\"inLanguage\":\"es\"},{\"@type\":\"Person\",\"@id\":\"https:\\\/\\\/quehacerpolitico.mx\\\/#\\\/schema\\\/person\\\/496d8ad2d1d3f8036101dca7ee39e585\",\"name\":\"Redacci\u00f3n QP\",\"image\":{\"@type\":\"ImageObject\",\"inLanguage\":\"es\",\"@id\":\"https:\\\/\\\/secure.gravatar.com\\\/avatar\\\/c7164ed6fdec453195284ad24a5ae5b6e1eed2b848477fa2a4787ba9adf39a41?s=96&d=mm&r=g\",\"url\":\"https:\\\/\\\/secure.gravatar.com\\\/avatar\\\/c7164ed6fdec453195284ad24a5ae5b6e1eed2b848477fa2a4787ba9adf39a41?s=96&d=mm&r=g\",\"contentUrl\":\"https:\\\/\\\/secure.gravatar.com\\\/avatar\\\/c7164ed6fdec453195284ad24a5ae5b6e1eed2b848477fa2a4787ba9adf39a41?s=96&d=mm&r=g\",\"caption\":\"Redacci\u00f3n QP\"},\"url\":\"https:\\\/\\\/quehacerpolitico.mx\\\/?author=2\"}]}<\/script>\n<!-- \/ Yoast SEO plugin. -->","yoast_head_json":{"title":"Mantiene AMLO di\u00e1logo sobre derrame en r\u00edos Bacanuchi y Sonora -","robots":{"index":"index","follow":"follow","max-snippet":"max-snippet:-1","max-image-preview":"max-image-preview:large","max-video-preview":"max-video-preview:-1"},"canonical":"https:\/\/quehacerpolitico.mx\/?p=39831","og_locale":"es_MX","og_type":"article","og_title":"Mantiene AMLO di\u00e1logo sobre derrame en r\u00edos Bacanuchi y Sonora -","og_description":"Mantiene AMLO di\u00e1logo sobre derrame en r\u00edos Bacanuchi y Sonora Por Redacci\u00f3n QP","og_url":"https:\/\/quehacerpolitico.mx\/?p=39831","article_published_time":"2019-09-30T15:02:35+00:00","author":"Redacci\u00f3n QP","twitter_card":"summary_large_image","twitter_misc":{"Escrito por":"Redacci\u00f3n QP","Tiempo de lectura":"2 minutos"},"schema":{"@context":"https:\/\/schema.org","@graph":[{"@type":"Article","@id":"https:\/\/quehacerpolitico.mx\/?p=39831#article","isPartOf":{"@id":"https:\/\/quehacerpolitico.mx\/?p=39831"},"author":{"name":"Redacci\u00f3n QP","@id":"https:\/\/quehacerpolitico.mx\/#\/schema\/person\/496d8ad2d1d3f8036101dca7ee39e585"},"headline":"Mantiene AMLO di\u00e1logo sobre derrame en r\u00edos Bacanuchi y Sonora","datePublished":"2019-09-30T15:02:35+00:00","mainEntityOfPage":{"@id":"https:\/\/quehacerpolitico.mx\/?p=39831"},"wordCount":395,"commentCount":0,"image":{"@id":"https:\/\/quehacerpolitico.mx\/?p=39831#primaryimage"},"thumbnailUrl":"","articleSection":["Noticias"],"inLanguage":"es","potentialAction":[{"@type":"CommentAction","name":"Comment","target":["https:\/\/quehacerpolitico.mx\/?p=39831#respond"]}]},{"@type":"WebPage","@id":"https:\/\/quehacerpolitico.mx\/?p=39831","url":"https:\/\/quehacerpolitico.mx\/?p=39831","name":"Mantiene AMLO di\u00e1logo sobre derrame en r\u00edos Bacanuchi y Sonora -","isPartOf":{"@id":"https:\/\/quehacerpolitico.mx\/#website"},"primaryImageOfPage":{"@id":"https:\/\/quehacerpolitico.mx\/?p=39831#primaryimage"},"image":{"@id":"https:\/\/quehacerpolitico.mx\/?p=39831#primaryimage"},"thumbnailUrl":"","datePublished":"2019-09-30T15:02:35+00:00","author":{"@id":"https:\/\/quehacerpolitico.mx\/#\/schema\/person\/496d8ad2d1d3f8036101dca7ee39e585"},"breadcrumb":{"@id":"https:\/\/quehacerpolitico.mx\/?p=39831#breadcrumb"},"inLanguage":"es","potentialAction":[{"@type":"ReadAction","target":["https:\/\/quehacerpolitico.mx\/?p=39831"]}]},{"@type":"ImageObject","inLanguage":"es","@id":"https:\/\/quehacerpolitico.mx\/?p=39831#primaryimage","url":"","contentUrl":""},{"@type":"BreadcrumbList","@id":"https:\/\/quehacerpolitico.mx\/?p=39831#breadcrumb","itemListElement":[{"@type":"ListItem","position":1,"name":"Inicio","item":"https:\/\/quehacerpolitico.mx\/"},{"@type":"ListItem","position":2,"name":"Mantiene AMLO di\u00e1logo sobre derrame en r\u00edos Bacanuchi y Sonora"}]},{"@type":"WebSite","@id":"https:\/\/quehacerpolitico.mx\/#website","url":"https:\/\/quehacerpolitico.mx\/","name":"","description":"","potentialAction":[{"@type":"SearchAction","target":{"@type":"EntryPoint","urlTemplate":"https:\/\/quehacerpolitico.mx\/?s={search_term_string}"},"query-input":{"@type":"PropertyValueSpecification","valueRequired":true,"valueName":"search_term_string"}}],"inLanguage":"es"},{"@type":"Person","@id":"https:\/\/quehacerpolitico.mx\/#\/schema\/person\/496d8ad2d1d3f8036101dca7ee39e585","name":"Redacci\u00f3n QP","image":{"@type":"ImageObject","inLanguage":"es","@id":"https:\/\/secure.gravatar.com\/avatar\/c7164ed6fdec453195284ad24a5ae5b6e1eed2b848477fa2a4787ba9adf39a41?s=96&d=mm&r=g","url":"https:\/\/secure.gravatar.com\/avatar\/c7164ed6fdec453195284ad24a5ae5b6e1eed2b848477fa2a4787ba9adf39a41?s=96&d=mm&r=g","contentUrl":"https:\/\/secure.gravatar.com\/avatar\/c7164ed6fdec453195284ad24a5ae5b6e1eed2b848477fa2a4787ba9adf39a41?s=96&d=mm&r=g","caption":"Redacci\u00f3n QP"},"url":"https:\/\/quehacerpolitico.mx\/?author=2"}]}},"featured_image_urls":{"full":"","thumbnail":"","medium":"","medium_large":"","large":"","1536x1536":"","2048x2048":"","covernews-featured":"","covernews-medium":""},"author_info":{"display_name":"Redacci\u00f3n QP","author_link":"https:\/\/quehacerpolitico.mx\/?author=2"},"category_info":"<a href=\"https:\/\/quehacerpolitico.mx\/?cat=2\" rel=\"category\">Noticias<\/a>","tag_info":"Noticias","comment_count":"0","_links":{"self":[{"href":"https:\/\/quehacerpolitico.mx\/index.php?rest_route=\/wp\/v2\/posts\/39831","targetHints":{"allow":["GET"]}}],"collection":[{"href":"https:\/\/quehacerpolitico.mx\/index.php?rest_route=\/wp\/v2\/posts"}],"about":[{"href":"https:\/\/quehacerpolitico.mx\/index.php?rest_route=\/wp\/v2\/types\/post"}],"author":[{"embeddable":true,"href":"https:\/\/quehacerpolitico.mx\/index.php?rest_route=\/wp\/v2\/users\/2"}],"replies":[{"embeddable":true,"href":"https:\/\/quehacerpolitico.mx\/index.php?rest_route=%2Fwp%2Fv2%2Fcomments&post=39831"}],"version-history":[{"count":0,"href":"https:\/\/quehacerpolitico.mx\/index.php?rest_route=\/wp\/v2\/posts\/39831\/revisions"}],"wp:featuredmedia":[{"embeddable":true,"href":"https:\/\/quehacerpolitico.mx\/index.php?rest_route=\/"}],"wp:attachment":[{"href":"https:\/\/quehacerpolitico.mx\/index.php?rest_route=%2Fwp%2Fv2%2Fmedia&parent=39831"}],"wp:term":[{"taxonomy":"category","embeddable":true,"href":"https:\/\/quehacerpolitico.mx\/index.php?rest_route=%2Fwp%2Fv2%2Fcategories&post=39831"},{"taxonomy":"post_tag","embeddable":true,"href":"https:\/\/quehacerpolitico.mx\/index.php?rest_route=%2Fwp%2Fv2%2Ftags&post=39831"}],"curies":[{"name":"wp","href":"https:\/\/api.w.org\/{rel}","templated":true}]}}