{"id":39819,"date":"2019-09-30T03:26:09","date_gmt":"2019-09-30T03:26:09","guid":{"rendered":"http:\/\/quehacerpolitico.mx\/habra-homenaje-a-jose-jose-en-mexico-pero-primero-en-miami-asegura-su-hija-sarita\/"},"modified":"2019-09-30T03:26:09","modified_gmt":"2019-09-30T03:26:09","slug":"habra-homenaje-a-jose-jose-en-mexico-pero-primero-en-miami-asegura-su-hija-sarita","status":"publish","type":"post","link":"https:\/\/quehacerpolitico.mx\/?p=39819","title":{"rendered":"HABR\u00c1 HOMENAJE A JOS\u00c9 JOS\u00c9 EN M\u00c9XICO, PERO PRIMERO EN MIAMI, ASEGURA SU HIJA SARITA"},"content":{"rendered":"<h1 class=\"amp-wp-title\">HABR\u00c1 HOMENAJE A JOS\u00c9 JOS\u00c9 EN M\u00c9XICO, PERO PRIMERO EN MIAMI, ASEGURA SU HIJA SARITA<\/h1>\n<p>Por Redacci\u00f3n QP<\/p>\n<p>Jos\u00e9 Joel y Marysol no han podido contactar a Sarita para conocer d\u00f3nde se llevar\u00e1n a cabo los servicios funerarios de su padre<\/p>\n<p><strong>Sara Sosa<\/strong>, hija menor del cantante <strong>Jos\u00e9 Jos\u00e9<\/strong>, quien falleci\u00f3 la v\u00edspera a los 71 a\u00f1os de edad, asegur\u00f3 que tiene planes de hacer un <strong>homenaje en M\u00e9xico<\/strong> a su padre, <strong>pero primero en Miami, Florida<\/strong>, que \u201cfue su segunda casa\u201d.<\/p>\n<p><iframe loading=\"lazy\" title=\"Muere Jos\u00e9 Jos\u00e9  | Sarita habla de la muerte de Jos\u00e9 Jos\u00e9 - Las Noticias\" width=\"640\" height=\"360\" src=\"https:\/\/www.youtube.com\/embed\/aB6zoRiErxw?feature=oembed\" frameborder=\"0\" allow=\"accelerometer; autoplay; clipboard-write; encrypted-media; gyroscope; picture-in-picture; web-share\" referrerpolicy=\"strict-origin-when-cross-origin\" allowfullscreen><\/iframe><\/p>\n<blockquote>\n<p>Es muy temprano todav\u00eda (para) saber qu\u00e9 se va a hacer, por supuesto (se har\u00e1 un homenaje) en M\u00e9xico, es su pueblo y es algo que se tiene que hacer. Estoy haciendo todo lo posible para organizar algo lo mejor que pueda. Estoy tratando de organizar algo tambi\u00e9n aqu\u00ed\u201d, indic\u00f3 en una entrevista para <strong>Univisi\u00f3n<\/strong>.<\/p>\n<\/blockquote>\n<p>Asimismo, neg\u00f3 que el c\u00e1ncer de p\u00e1ncreas fuera la causa de muerte de <strong>\u201cEl Pr\u00edncipe de la Canci\u00f3n<\/strong>; \u201cno fue el c\u00e1ncer porque aun llegando ac\u00e1 \u00e9l no ten\u00eda c\u00e1ncer; como te dije \u00e9l ten\u00eda una condici\u00f3n f\u00edsica y aun mejorando hab\u00eda momentos dif\u00edciles para \u00e9l\u201d.<\/p>\n<p>La hija menor del int\u00e9rprete de \u201c<strong>La nave del olvido<\/strong>\u201c, \u201cNo me digas que te vas\u201d y \u201cMe vas a echar de menos\u201d se\u00f1al\u00f3 que ella fue quien le llam\u00f3 a Jos\u00e9 Joel para informarle del fallecimiento de su padre, \u201ccomo a los cinco o 10 minutos de lo que pas\u00f3, tuve que controlarme y le habl\u00e9 a mi hermano.<\/p>\n<p>Agreg\u00f3 que ese momento fue dif\u00edcil, \u201cobviamente les dije que aparte de las diferencias y circunstancias que se han dado, tenemos que unirnos en este momento. Es algo que tengo que hablar con ellos, pero tenemos que poner el nombre de nuestro padre en alto\u201d.<\/p>\n<p>En la entrevista que dio para <strong>Carolina Rosario<\/strong>, mencion\u00f3 que hubo muchas razones personales, adem\u00e1s de la enfermedad, por las que decidi\u00f3 llevarse a Jos\u00e9 Jos\u00e9 a Estados Unidos hace m\u00e1s de un a\u00f1o.<\/p>\n<blockquote>\n<p>Hay muchas razones, obviamente es algo muy personal, pero fue algo que decidimos los dos, la gente puede decir lo que quiera, es algo muy personal\u201d, se\u00f1al\u00f3.<\/p>\n<\/blockquote>\n<p><strong>Sarita<\/strong> se\u00f1al\u00f3 que el cantante con casi 50 a\u00f1os de trayectoria art\u00edstica permaneci\u00f3 alejado de los reflectores porque \u201c\u00e9l quer\u00eda que fuera una sorpresa, quer\u00eda recuperarse al 100 y que sus fans lo vieran bien, aunque ten\u00eda un poco de temor regresar despu\u00e9s de mucho caos.<\/p>\n<p>Aunque tras la muerte de Jos\u00e9 Jos\u00e9, Sarita ofreci\u00f3 esta entrevista, sus medios hermanos, Jos\u00e9 Joel y Marysol, no han podido contactarla para conocer donde se llevar\u00e1n a cabo los servicios funerarios de su padre.<\/p>\n<p>Con informaci\u00f3n de NTX\u00a0<\/p>\n","protected":false},"excerpt":{"rendered":"<p>HABR\u00c1 HOMENAJE A JOS\u00c9 JOS\u00c9 EN M\u00c9XICO, PERO PRIMERO EN MIAMI, ASEGURA SU HIJA SARITA<br \/>\nPor Redacci\u00f3n QP<\/p>\n","protected":false},"author":2,"featured_media":39818,"comment_status":"open","ping_status":"open","sticky":false,"template":"","format":"standard","meta":{"_monsterinsights_skip_tracking":false,"_monsterinsights_sitenote_active":false,"_monsterinsights_sitenote_note":"","_monsterinsights_sitenote_category":0,"footnotes":""},"categories":[58],"tags":[],"class_list":["post-39819","post","type-post","status-publish","format-standard","has-post-thumbnail","hentry","category-cultura"],"yoast_head":"<!-- This site is optimized with the Yoast SEO plugin v27.3 - https:\/\/yoast.com\/product\/yoast-seo-wordpress\/ -->\n<title>HABR\u00c1 HOMENAJE A JOS\u00c9 JOS\u00c9 EN M\u00c9XICO, PERO PRIMERO EN MIAMI, ASEGURA SU HIJA SARITA -<\/title>\n<meta name=\"robots\" content=\"index, follow, max-snippet:-1, max-image-preview:large, max-video-preview:-1\" \/>\n<link rel=\"canonical\" href=\"https:\/\/quehacerpolitico.mx\/?p=39819\" \/>\n<meta property=\"og:locale\" content=\"es_MX\" \/>\n<meta property=\"og:type\" content=\"article\" \/>\n<meta property=\"og:title\" content=\"HABR\u00c1 HOMENAJE A JOS\u00c9 JOS\u00c9 EN M\u00c9XICO, PERO PRIMERO EN MIAMI, ASEGURA SU HIJA SARITA -\" \/>\n<meta property=\"og:description\" content=\"HABR\u00c1 HOMENAJE A JOS\u00c9 JOS\u00c9 EN M\u00c9XICO, PERO PRIMERO EN MIAMI, ASEGURA SU HIJA SARITA Por Redacci\u00f3n QP\" \/>\n<meta property=\"og:url\" content=\"https:\/\/quehacerpolitico.mx\/?p=39819\" \/>\n<meta property=\"article:published_time\" content=\"2019-09-30T03:26:09+00:00\" \/>\n<meta name=\"author\" content=\"Redacci\u00f3n QP\" \/>\n<meta name=\"twitter:card\" content=\"summary_large_image\" \/>\n<meta name=\"twitter:label1\" content=\"Escrito por\" \/>\n\t<meta name=\"twitter:data1\" content=\"Redacci\u00f3n QP\" \/>\n\t<meta name=\"twitter:label2\" content=\"Tiempo de lectura\" \/>\n\t<meta name=\"twitter:data2\" content=\"2 minutos\" \/>\n<script type=\"application\/ld+json\" class=\"yoast-schema-graph\">{\"@context\":\"https:\\\/\\\/schema.org\",\"@graph\":[{\"@type\":\"Article\",\"@id\":\"https:\\\/\\\/quehacerpolitico.mx\\\/?p=39819#article\",\"isPartOf\":{\"@id\":\"https:\\\/\\\/quehacerpolitico.mx\\\/?p=39819\"},\"author\":{\"name\":\"Redacci\u00f3n QP\",\"@id\":\"https:\\\/\\\/quehacerpolitico.mx\\\/#\\\/schema\\\/person\\\/496d8ad2d1d3f8036101dca7ee39e585\"},\"headline\":\"HABR\u00c1 HOMENAJE A JOS\u00c9 JOS\u00c9 EN M\u00c9XICO, PERO PRIMERO EN MIAMI, ASEGURA SU HIJA SARITA\",\"datePublished\":\"2019-09-30T03:26:09+00:00\",\"mainEntityOfPage\":{\"@id\":\"https:\\\/\\\/quehacerpolitico.mx\\\/?p=39819\"},\"wordCount\":490,\"commentCount\":0,\"image\":{\"@id\":\"https:\\\/\\\/quehacerpolitico.mx\\\/?p=39819#primaryimage\"},\"thumbnailUrl\":\"\",\"articleSection\":[\"Cultura y Entretenimiento\"],\"inLanguage\":\"es\",\"potentialAction\":[{\"@type\":\"CommentAction\",\"name\":\"Comment\",\"target\":[\"https:\\\/\\\/quehacerpolitico.mx\\\/?p=39819#respond\"]}]},{\"@type\":\"WebPage\",\"@id\":\"https:\\\/\\\/quehacerpolitico.mx\\\/?p=39819\",\"url\":\"https:\\\/\\\/quehacerpolitico.mx\\\/?p=39819\",\"name\":\"HABR\u00c1 HOMENAJE A JOS\u00c9 JOS\u00c9 EN M\u00c9XICO, PERO PRIMERO EN MIAMI, ASEGURA SU HIJA SARITA -\",\"isPartOf\":{\"@id\":\"https:\\\/\\\/quehacerpolitico.mx\\\/#website\"},\"primaryImageOfPage\":{\"@id\":\"https:\\\/\\\/quehacerpolitico.mx\\\/?p=39819#primaryimage\"},\"image\":{\"@id\":\"https:\\\/\\\/quehacerpolitico.mx\\\/?p=39819#primaryimage\"},\"thumbnailUrl\":\"\",\"datePublished\":\"2019-09-30T03:26:09+00:00\",\"author\":{\"@id\":\"https:\\\/\\\/quehacerpolitico.mx\\\/#\\\/schema\\\/person\\\/496d8ad2d1d3f8036101dca7ee39e585\"},\"breadcrumb\":{\"@id\":\"https:\\\/\\\/quehacerpolitico.mx\\\/?p=39819#breadcrumb\"},\"inLanguage\":\"es\",\"potentialAction\":[{\"@type\":\"ReadAction\",\"target\":[\"https:\\\/\\\/quehacerpolitico.mx\\\/?p=39819\"]}]},{\"@type\":\"ImageObject\",\"inLanguage\":\"es\",\"@id\":\"https:\\\/\\\/quehacerpolitico.mx\\\/?p=39819#primaryimage\",\"url\":\"\",\"contentUrl\":\"\"},{\"@type\":\"BreadcrumbList\",\"@id\":\"https:\\\/\\\/quehacerpolitico.mx\\\/?p=39819#breadcrumb\",\"itemListElement\":[{\"@type\":\"ListItem\",\"position\":1,\"name\":\"Inicio\",\"item\":\"https:\\\/\\\/quehacerpolitico.mx\\\/\"},{\"@type\":\"ListItem\",\"position\":2,\"name\":\"HABR\u00c1 HOMENAJE A JOS\u00c9 JOS\u00c9 EN M\u00c9XICO, PERO PRIMERO EN MIAMI, ASEGURA SU HIJA SARITA\"}]},{\"@type\":\"WebSite\",\"@id\":\"https:\\\/\\\/quehacerpolitico.mx\\\/#website\",\"url\":\"https:\\\/\\\/quehacerpolitico.mx\\\/\",\"name\":\"\",\"description\":\"\",\"potentialAction\":[{\"@type\":\"SearchAction\",\"target\":{\"@type\":\"EntryPoint\",\"urlTemplate\":\"https:\\\/\\\/quehacerpolitico.mx\\\/?s={search_term_string}\"},\"query-input\":{\"@type\":\"PropertyValueSpecification\",\"valueRequired\":true,\"valueName\":\"search_term_string\"}}],\"inLanguage\":\"es\"},{\"@type\":\"Person\",\"@id\":\"https:\\\/\\\/quehacerpolitico.mx\\\/#\\\/schema\\\/person\\\/496d8ad2d1d3f8036101dca7ee39e585\",\"name\":\"Redacci\u00f3n QP\",\"image\":{\"@type\":\"ImageObject\",\"inLanguage\":\"es\",\"@id\":\"https:\\\/\\\/secure.gravatar.com\\\/avatar\\\/c7164ed6fdec453195284ad24a5ae5b6e1eed2b848477fa2a4787ba9adf39a41?s=96&d=mm&r=g\",\"url\":\"https:\\\/\\\/secure.gravatar.com\\\/avatar\\\/c7164ed6fdec453195284ad24a5ae5b6e1eed2b848477fa2a4787ba9adf39a41?s=96&d=mm&r=g\",\"contentUrl\":\"https:\\\/\\\/secure.gravatar.com\\\/avatar\\\/c7164ed6fdec453195284ad24a5ae5b6e1eed2b848477fa2a4787ba9adf39a41?s=96&d=mm&r=g\",\"caption\":\"Redacci\u00f3n QP\"},\"url\":\"https:\\\/\\\/quehacerpolitico.mx\\\/?author=2\"}]}<\/script>\n<!-- \/ Yoast SEO plugin. -->","yoast_head_json":{"title":"HABR\u00c1 HOMENAJE A JOS\u00c9 JOS\u00c9 EN M\u00c9XICO, PERO PRIMERO EN MIAMI, ASEGURA SU HIJA SARITA -","robots":{"index":"index","follow":"follow","max-snippet":"max-snippet:-1","max-image-preview":"max-image-preview:large","max-video-preview":"max-video-preview:-1"},"canonical":"https:\/\/quehacerpolitico.mx\/?p=39819","og_locale":"es_MX","og_type":"article","og_title":"HABR\u00c1 HOMENAJE A JOS\u00c9 JOS\u00c9 EN M\u00c9XICO, PERO PRIMERO EN MIAMI, ASEGURA SU HIJA SARITA -","og_description":"HABR\u00c1 HOMENAJE A JOS\u00c9 JOS\u00c9 EN M\u00c9XICO, PERO PRIMERO EN MIAMI, ASEGURA SU HIJA SARITA Por Redacci\u00f3n QP","og_url":"https:\/\/quehacerpolitico.mx\/?p=39819","article_published_time":"2019-09-30T03:26:09+00:00","author":"Redacci\u00f3n QP","twitter_card":"summary_large_image","twitter_misc":{"Escrito por":"Redacci\u00f3n QP","Tiempo de lectura":"2 minutos"},"schema":{"@context":"https:\/\/schema.org","@graph":[{"@type":"Article","@id":"https:\/\/quehacerpolitico.mx\/?p=39819#article","isPartOf":{"@id":"https:\/\/quehacerpolitico.mx\/?p=39819"},"author":{"name":"Redacci\u00f3n QP","@id":"https:\/\/quehacerpolitico.mx\/#\/schema\/person\/496d8ad2d1d3f8036101dca7ee39e585"},"headline":"HABR\u00c1 HOMENAJE A JOS\u00c9 JOS\u00c9 EN M\u00c9XICO, PERO PRIMERO EN MIAMI, ASEGURA SU HIJA SARITA","datePublished":"2019-09-30T03:26:09+00:00","mainEntityOfPage":{"@id":"https:\/\/quehacerpolitico.mx\/?p=39819"},"wordCount":490,"commentCount":0,"image":{"@id":"https:\/\/quehacerpolitico.mx\/?p=39819#primaryimage"},"thumbnailUrl":"","articleSection":["Cultura y Entretenimiento"],"inLanguage":"es","potentialAction":[{"@type":"CommentAction","name":"Comment","target":["https:\/\/quehacerpolitico.mx\/?p=39819#respond"]}]},{"@type":"WebPage","@id":"https:\/\/quehacerpolitico.mx\/?p=39819","url":"https:\/\/quehacerpolitico.mx\/?p=39819","name":"HABR\u00c1 HOMENAJE A JOS\u00c9 JOS\u00c9 EN M\u00c9XICO, PERO PRIMERO EN MIAMI, ASEGURA SU HIJA SARITA -","isPartOf":{"@id":"https:\/\/quehacerpolitico.mx\/#website"},"primaryImageOfPage":{"@id":"https:\/\/quehacerpolitico.mx\/?p=39819#primaryimage"},"image":{"@id":"https:\/\/quehacerpolitico.mx\/?p=39819#primaryimage"},"thumbnailUrl":"","datePublished":"2019-09-30T03:26:09+00:00","author":{"@id":"https:\/\/quehacerpolitico.mx\/#\/schema\/person\/496d8ad2d1d3f8036101dca7ee39e585"},"breadcrumb":{"@id":"https:\/\/quehacerpolitico.mx\/?p=39819#breadcrumb"},"inLanguage":"es","potentialAction":[{"@type":"ReadAction","target":["https:\/\/quehacerpolitico.mx\/?p=39819"]}]},{"@type":"ImageObject","inLanguage":"es","@id":"https:\/\/quehacerpolitico.mx\/?p=39819#primaryimage","url":"","contentUrl":""},{"@type":"BreadcrumbList","@id":"https:\/\/quehacerpolitico.mx\/?p=39819#breadcrumb","itemListElement":[{"@type":"ListItem","position":1,"name":"Inicio","item":"https:\/\/quehacerpolitico.mx\/"},{"@type":"ListItem","position":2,"name":"HABR\u00c1 HOMENAJE A JOS\u00c9 JOS\u00c9 EN M\u00c9XICO, PERO PRIMERO EN MIAMI, ASEGURA SU HIJA SARITA"}]},{"@type":"WebSite","@id":"https:\/\/quehacerpolitico.mx\/#website","url":"https:\/\/quehacerpolitico.mx\/","name":"","description":"","potentialAction":[{"@type":"SearchAction","target":{"@type":"EntryPoint","urlTemplate":"https:\/\/quehacerpolitico.mx\/?s={search_term_string}"},"query-input":{"@type":"PropertyValueSpecification","valueRequired":true,"valueName":"search_term_string"}}],"inLanguage":"es"},{"@type":"Person","@id":"https:\/\/quehacerpolitico.mx\/#\/schema\/person\/496d8ad2d1d3f8036101dca7ee39e585","name":"Redacci\u00f3n QP","image":{"@type":"ImageObject","inLanguage":"es","@id":"https:\/\/secure.gravatar.com\/avatar\/c7164ed6fdec453195284ad24a5ae5b6e1eed2b848477fa2a4787ba9adf39a41?s=96&d=mm&r=g","url":"https:\/\/secure.gravatar.com\/avatar\/c7164ed6fdec453195284ad24a5ae5b6e1eed2b848477fa2a4787ba9adf39a41?s=96&d=mm&r=g","contentUrl":"https:\/\/secure.gravatar.com\/avatar\/c7164ed6fdec453195284ad24a5ae5b6e1eed2b848477fa2a4787ba9adf39a41?s=96&d=mm&r=g","caption":"Redacci\u00f3n QP"},"url":"https:\/\/quehacerpolitico.mx\/?author=2"}]}},"featured_image_urls":{"full":"","thumbnail":"","medium":"","medium_large":"","large":"","1536x1536":"","2048x2048":"","covernews-featured":"","covernews-medium":""},"author_info":{"display_name":"Redacci\u00f3n QP","author_link":"https:\/\/quehacerpolitico.mx\/?author=2"},"category_info":"<a href=\"https:\/\/quehacerpolitico.mx\/?cat=58\" rel=\"category\">Cultura y Entretenimiento<\/a>","tag_info":"Cultura y Entretenimiento","comment_count":"0","_links":{"self":[{"href":"https:\/\/quehacerpolitico.mx\/index.php?rest_route=\/wp\/v2\/posts\/39819","targetHints":{"allow":["GET"]}}],"collection":[{"href":"https:\/\/quehacerpolitico.mx\/index.php?rest_route=\/wp\/v2\/posts"}],"about":[{"href":"https:\/\/quehacerpolitico.mx\/index.php?rest_route=\/wp\/v2\/types\/post"}],"author":[{"embeddable":true,"href":"https:\/\/quehacerpolitico.mx\/index.php?rest_route=\/wp\/v2\/users\/2"}],"replies":[{"embeddable":true,"href":"https:\/\/quehacerpolitico.mx\/index.php?rest_route=%2Fwp%2Fv2%2Fcomments&post=39819"}],"version-history":[{"count":0,"href":"https:\/\/quehacerpolitico.mx\/index.php?rest_route=\/wp\/v2\/posts\/39819\/revisions"}],"wp:featuredmedia":[{"embeddable":true,"href":"https:\/\/quehacerpolitico.mx\/index.php?rest_route=\/"}],"wp:attachment":[{"href":"https:\/\/quehacerpolitico.mx\/index.php?rest_route=%2Fwp%2Fv2%2Fmedia&parent=39819"}],"wp:term":[{"taxonomy":"category","embeddable":true,"href":"https:\/\/quehacerpolitico.mx\/index.php?rest_route=%2Fwp%2Fv2%2Fcategories&post=39819"},{"taxonomy":"post_tag","embeddable":true,"href":"https:\/\/quehacerpolitico.mx\/index.php?rest_route=%2Fwp%2Fv2%2Ftags&post=39819"}],"curies":[{"name":"wp","href":"https:\/\/api.w.org\/{rel}","templated":true}]}}