{"id":39719,"date":"2019-09-28T18:11:45","date_gmt":"2019-09-28T18:11:45","guid":{"rendered":"http:\/\/quehacerpolitico.mx\/enoja-a-usuarios-de-redes-anuncio-de-ponencia-de-calderon-en-universidad\/"},"modified":"2019-09-28T18:11:45","modified_gmt":"2019-09-28T18:11:45","slug":"enoja-a-usuarios-de-redes-anuncio-de-ponencia-de-calderon-en-universidad","status":"publish","type":"post","link":"https:\/\/quehacerpolitico.mx\/?p=39719","title":{"rendered":"Enoja a usuarios de redes anuncio de ponencia de Calder\u00f3n en Universidad"},"content":{"rendered":"<h1 class=\"news-title\">Enoja a usuarios de redes anuncio de ponencia de Calder\u00f3n en Universidad<br \/>Por Redacci\u00f3n QP<\/h1>\n<p>El ex presidente participar\u00e1 en la 31 edici\u00f3n del Simposio Internacional de Derecho &#8220;En Juicio&#8221; en el\u00a0Tecnol\u00f3gico de Monterrey<\/p>\n<p>Luego de que se anunciara la participaci\u00f3n del ex presidente Felipe Calder\u00f3n en la 31 edici\u00f3n del Simposio Internacional de Derecho &#8220;En Juicio&#8221;, <strong>organizado por alumnos de la carrera de Derecho del Tecnol\u00f3gico de Monterrey<\/strong>, usuarios de Twitter expresaron su indignaci\u00f3n.<\/p>\n<p>En la cuenta de los organizadores del evento @EnJuicioTec, presentaron la imagen del ex presidente Calder\u00f3n Hinojosa con el mensaje &#8220;Ponencia Magistral&#8221;, por lo que ha generado m\u00e1s de 700 comentarios, la mayor\u00eda negativos.<\/p>\n<blockquote class=\"twitter-tweet\" data-width=\"550\" data-dnt=\"true\">\n<p lang=\"es\" dir=\"ltr\">En esta edici\u00f3n nos acompa\u00f1ar\u00e1 el Licenciado Felipe de Jes\u00fas Calder\u00f3n Hinojosa, Ex Presidente de M\u00e9xico.<\/p>\n<p>\u00a1No te pierdas su conferencia en nuestra Trig\u00e9simo Primera Edici\u00f3n de En Juicio!<a href=\"https:\/\/twitter.com\/hashtag\/enjuicio31?src=hash&amp;ref_src=twsrc%5Etfw\">#enjuicio31<\/a> <a href=\"https:\/\/t.co\/O7fraJBXRo\">pic.twitter.com\/O7fraJBXRo<\/a><\/p>\n<p>&mdash; SID | Simposio Internacional de Derecho (@sid_tec) <a href=\"https:\/\/twitter.com\/sid_tec\/status\/1177011155824447488?ref_src=twsrc%5Etfw\">September 26, 2019<\/a><\/p><\/blockquote>\n<p><script async src=\"https:\/\/platform.twitter.com\/widgets.js\" charset=\"utf-8\"><\/script><\/p>\n<p>El usuario Reynaldo (@AurelianoBndia) escribi\u00f3: &#8220;Estudi\u00e9 derecho en campus Monterrey. Contrario a sus funcionarios, un sector de su alumnado nunca dej\u00f3 de cuestionar las ejecuciones extrajudiciales de Jorge y Javier a manos del Ej\u00e9rcito mexicano durante el gobierno de FCH. Que la sociedad de alumnos le d\u00e9 foro es trist\u00edsimo&#8221;.<\/p>\n<p>Lo anterior, debido al caso de la ejecuci\u00f3n extrajudicial de los alumnos del Tec de Monterrey, Jorge Mercado y Javier Arredondo, por un grupo de militares ocurrido el 19 de marzo en 2010, al confundirlos con presuntos delincuentes.<\/p>\n<p>Uno de los primeros mensajes criticando la participaci\u00f3n de Felipe Calder\u00f3n en el Simposio fue el del tuitero royroym (@2bleroy), quien public\u00f3: &#8220;Bravo! Qu\u00e9 armas llevamos? Cu\u00e1l es la cuota m\u00ednima de muertes para poder ser speaker? Nos vestimos de rojo?&#8221;.<\/p>\n<p>Por su parte, Luis Alberto Torres (@1027Sodomy) se\u00f1al\u00f3: &#8220;Ponencia de como criminalizar, masacrar, envilecer a estudiantes asesinados en instalaciones del Tec por militares en su sexenio de sangre y muerte&#8221;.<\/p>\n<p><strong>Muchos otros usuarios de Twitter centraron sus mensajes en contra del Tec de Monterrey por la invitaci\u00f3n al ex presidente<\/strong>, como lo expres\u00f3 Minino Rockstaroff (@MRockstaroff) : &#8220;Ponencia magistral del que en cuyo sexenio asesinaron a sangre fr\u00eda a dos de sus estudiantes. Qu\u00e9 pena por el Tec&#8221;.<\/p>\n<p>A su vez, @OtxoaPatxi dijo: &#8220;Es el Tec, donde el nivel de ense\u00f1anza, conciencia y valores vale 5 pesos&#8230;&#8221;, al reprochar el anuncio de la participaci\u00f3n de Calder\u00f3n.<\/p>\n<p>Con informaci\u00f3n de NTX\u00a0<\/p>\n","protected":false},"excerpt":{"rendered":"<p>Enoja a usuarios de redes anuncio de ponencia de Calder\u00f3n en Universidad<br \/>\nPor Redacci\u00f3n QP<\/p>\n","protected":false},"author":2,"featured_media":39718,"comment_status":"open","ping_status":"open","sticky":false,"template":"","format":"standard","meta":{"_monsterinsights_skip_tracking":false,"_monsterinsights_sitenote_active":false,"_monsterinsights_sitenote_note":"","_monsterinsights_sitenote_category":0,"footnotes":""},"categories":[2],"tags":[],"class_list":["post-39719","post","type-post","status-publish","format-standard","has-post-thumbnail","hentry","category-noticias"],"yoast_head":"<!-- This site is optimized with the Yoast SEO plugin v27.3 - https:\/\/yoast.com\/product\/yoast-seo-wordpress\/ -->\n<title>Enoja a usuarios de redes anuncio de ponencia de Calder\u00f3n en Universidad -<\/title>\n<meta name=\"robots\" content=\"index, follow, max-snippet:-1, max-image-preview:large, max-video-preview:-1\" \/>\n<link rel=\"canonical\" href=\"https:\/\/quehacerpolitico.mx\/?p=39719\" \/>\n<meta property=\"og:locale\" content=\"es_MX\" \/>\n<meta property=\"og:type\" content=\"article\" \/>\n<meta property=\"og:title\" content=\"Enoja a usuarios de redes anuncio de ponencia de Calder\u00f3n en Universidad -\" \/>\n<meta property=\"og:description\" content=\"Enoja a usuarios de redes anuncio de ponencia de Calder\u00f3n en Universidad Por Redacci\u00f3n QP\" \/>\n<meta property=\"og:url\" content=\"https:\/\/quehacerpolitico.mx\/?p=39719\" \/>\n<meta property=\"article:published_time\" content=\"2019-09-28T18:11:45+00:00\" \/>\n<meta name=\"author\" content=\"Redacci\u00f3n QP\" \/>\n<meta name=\"twitter:card\" content=\"summary_large_image\" \/>\n<meta name=\"twitter:label1\" content=\"Escrito por\" \/>\n\t<meta name=\"twitter:data1\" content=\"Redacci\u00f3n QP\" \/>\n\t<meta name=\"twitter:label2\" content=\"Tiempo de lectura\" \/>\n\t<meta name=\"twitter:data2\" content=\"2 minutos\" \/>\n<script type=\"application\/ld+json\" class=\"yoast-schema-graph\">{\"@context\":\"https:\\\/\\\/schema.org\",\"@graph\":[{\"@type\":\"Article\",\"@id\":\"https:\\\/\\\/quehacerpolitico.mx\\\/?p=39719#article\",\"isPartOf\":{\"@id\":\"https:\\\/\\\/quehacerpolitico.mx\\\/?p=39719\"},\"author\":{\"name\":\"Redacci\u00f3n QP\",\"@id\":\"https:\\\/\\\/quehacerpolitico.mx\\\/#\\\/schema\\\/person\\\/496d8ad2d1d3f8036101dca7ee39e585\"},\"headline\":\"Enoja a usuarios de redes anuncio de ponencia de Calder\u00f3n en Universidad\",\"datePublished\":\"2019-09-28T18:11:45+00:00\",\"mainEntityOfPage\":{\"@id\":\"https:\\\/\\\/quehacerpolitico.mx\\\/?p=39719\"},\"wordCount\":386,\"commentCount\":0,\"image\":{\"@id\":\"https:\\\/\\\/quehacerpolitico.mx\\\/?p=39719#primaryimage\"},\"thumbnailUrl\":\"\",\"articleSection\":[\"Noticias\"],\"inLanguage\":\"es\",\"potentialAction\":[{\"@type\":\"CommentAction\",\"name\":\"Comment\",\"target\":[\"https:\\\/\\\/quehacerpolitico.mx\\\/?p=39719#respond\"]}]},{\"@type\":\"WebPage\",\"@id\":\"https:\\\/\\\/quehacerpolitico.mx\\\/?p=39719\",\"url\":\"https:\\\/\\\/quehacerpolitico.mx\\\/?p=39719\",\"name\":\"Enoja a usuarios de redes anuncio de ponencia de Calder\u00f3n en Universidad -\",\"isPartOf\":{\"@id\":\"https:\\\/\\\/quehacerpolitico.mx\\\/#website\"},\"primaryImageOfPage\":{\"@id\":\"https:\\\/\\\/quehacerpolitico.mx\\\/?p=39719#primaryimage\"},\"image\":{\"@id\":\"https:\\\/\\\/quehacerpolitico.mx\\\/?p=39719#primaryimage\"},\"thumbnailUrl\":\"\",\"datePublished\":\"2019-09-28T18:11:45+00:00\",\"author\":{\"@id\":\"https:\\\/\\\/quehacerpolitico.mx\\\/#\\\/schema\\\/person\\\/496d8ad2d1d3f8036101dca7ee39e585\"},\"breadcrumb\":{\"@id\":\"https:\\\/\\\/quehacerpolitico.mx\\\/?p=39719#breadcrumb\"},\"inLanguage\":\"es\",\"potentialAction\":[{\"@type\":\"ReadAction\",\"target\":[\"https:\\\/\\\/quehacerpolitico.mx\\\/?p=39719\"]}]},{\"@type\":\"ImageObject\",\"inLanguage\":\"es\",\"@id\":\"https:\\\/\\\/quehacerpolitico.mx\\\/?p=39719#primaryimage\",\"url\":\"\",\"contentUrl\":\"\"},{\"@type\":\"BreadcrumbList\",\"@id\":\"https:\\\/\\\/quehacerpolitico.mx\\\/?p=39719#breadcrumb\",\"itemListElement\":[{\"@type\":\"ListItem\",\"position\":1,\"name\":\"Inicio\",\"item\":\"https:\\\/\\\/quehacerpolitico.mx\\\/\"},{\"@type\":\"ListItem\",\"position\":2,\"name\":\"Enoja a usuarios de redes anuncio de ponencia de Calder\u00f3n en Universidad\"}]},{\"@type\":\"WebSite\",\"@id\":\"https:\\\/\\\/quehacerpolitico.mx\\\/#website\",\"url\":\"https:\\\/\\\/quehacerpolitico.mx\\\/\",\"name\":\"\",\"description\":\"\",\"potentialAction\":[{\"@type\":\"SearchAction\",\"target\":{\"@type\":\"EntryPoint\",\"urlTemplate\":\"https:\\\/\\\/quehacerpolitico.mx\\\/?s={search_term_string}\"},\"query-input\":{\"@type\":\"PropertyValueSpecification\",\"valueRequired\":true,\"valueName\":\"search_term_string\"}}],\"inLanguage\":\"es\"},{\"@type\":\"Person\",\"@id\":\"https:\\\/\\\/quehacerpolitico.mx\\\/#\\\/schema\\\/person\\\/496d8ad2d1d3f8036101dca7ee39e585\",\"name\":\"Redacci\u00f3n QP\",\"image\":{\"@type\":\"ImageObject\",\"inLanguage\":\"es\",\"@id\":\"https:\\\/\\\/secure.gravatar.com\\\/avatar\\\/c7164ed6fdec453195284ad24a5ae5b6e1eed2b848477fa2a4787ba9adf39a41?s=96&d=mm&r=g\",\"url\":\"https:\\\/\\\/secure.gravatar.com\\\/avatar\\\/c7164ed6fdec453195284ad24a5ae5b6e1eed2b848477fa2a4787ba9adf39a41?s=96&d=mm&r=g\",\"contentUrl\":\"https:\\\/\\\/secure.gravatar.com\\\/avatar\\\/c7164ed6fdec453195284ad24a5ae5b6e1eed2b848477fa2a4787ba9adf39a41?s=96&d=mm&r=g\",\"caption\":\"Redacci\u00f3n QP\"},\"url\":\"https:\\\/\\\/quehacerpolitico.mx\\\/?author=2\"}]}<\/script>\n<!-- \/ Yoast SEO plugin. -->","yoast_head_json":{"title":"Enoja a usuarios de redes anuncio de ponencia de Calder\u00f3n en Universidad -","robots":{"index":"index","follow":"follow","max-snippet":"max-snippet:-1","max-image-preview":"max-image-preview:large","max-video-preview":"max-video-preview:-1"},"canonical":"https:\/\/quehacerpolitico.mx\/?p=39719","og_locale":"es_MX","og_type":"article","og_title":"Enoja a usuarios de redes anuncio de ponencia de Calder\u00f3n en Universidad -","og_description":"Enoja a usuarios de redes anuncio de ponencia de Calder\u00f3n en Universidad Por Redacci\u00f3n QP","og_url":"https:\/\/quehacerpolitico.mx\/?p=39719","article_published_time":"2019-09-28T18:11:45+00:00","author":"Redacci\u00f3n QP","twitter_card":"summary_large_image","twitter_misc":{"Escrito por":"Redacci\u00f3n QP","Tiempo de lectura":"2 minutos"},"schema":{"@context":"https:\/\/schema.org","@graph":[{"@type":"Article","@id":"https:\/\/quehacerpolitico.mx\/?p=39719#article","isPartOf":{"@id":"https:\/\/quehacerpolitico.mx\/?p=39719"},"author":{"name":"Redacci\u00f3n QP","@id":"https:\/\/quehacerpolitico.mx\/#\/schema\/person\/496d8ad2d1d3f8036101dca7ee39e585"},"headline":"Enoja a usuarios de redes anuncio de ponencia de Calder\u00f3n en Universidad","datePublished":"2019-09-28T18:11:45+00:00","mainEntityOfPage":{"@id":"https:\/\/quehacerpolitico.mx\/?p=39719"},"wordCount":386,"commentCount":0,"image":{"@id":"https:\/\/quehacerpolitico.mx\/?p=39719#primaryimage"},"thumbnailUrl":"","articleSection":["Noticias"],"inLanguage":"es","potentialAction":[{"@type":"CommentAction","name":"Comment","target":["https:\/\/quehacerpolitico.mx\/?p=39719#respond"]}]},{"@type":"WebPage","@id":"https:\/\/quehacerpolitico.mx\/?p=39719","url":"https:\/\/quehacerpolitico.mx\/?p=39719","name":"Enoja a usuarios de redes anuncio de ponencia de Calder\u00f3n en Universidad -","isPartOf":{"@id":"https:\/\/quehacerpolitico.mx\/#website"},"primaryImageOfPage":{"@id":"https:\/\/quehacerpolitico.mx\/?p=39719#primaryimage"},"image":{"@id":"https:\/\/quehacerpolitico.mx\/?p=39719#primaryimage"},"thumbnailUrl":"","datePublished":"2019-09-28T18:11:45+00:00","author":{"@id":"https:\/\/quehacerpolitico.mx\/#\/schema\/person\/496d8ad2d1d3f8036101dca7ee39e585"},"breadcrumb":{"@id":"https:\/\/quehacerpolitico.mx\/?p=39719#breadcrumb"},"inLanguage":"es","potentialAction":[{"@type":"ReadAction","target":["https:\/\/quehacerpolitico.mx\/?p=39719"]}]},{"@type":"ImageObject","inLanguage":"es","@id":"https:\/\/quehacerpolitico.mx\/?p=39719#primaryimage","url":"","contentUrl":""},{"@type":"BreadcrumbList","@id":"https:\/\/quehacerpolitico.mx\/?p=39719#breadcrumb","itemListElement":[{"@type":"ListItem","position":1,"name":"Inicio","item":"https:\/\/quehacerpolitico.mx\/"},{"@type":"ListItem","position":2,"name":"Enoja a usuarios de redes anuncio de ponencia de Calder\u00f3n en Universidad"}]},{"@type":"WebSite","@id":"https:\/\/quehacerpolitico.mx\/#website","url":"https:\/\/quehacerpolitico.mx\/","name":"","description":"","potentialAction":[{"@type":"SearchAction","target":{"@type":"EntryPoint","urlTemplate":"https:\/\/quehacerpolitico.mx\/?s={search_term_string}"},"query-input":{"@type":"PropertyValueSpecification","valueRequired":true,"valueName":"search_term_string"}}],"inLanguage":"es"},{"@type":"Person","@id":"https:\/\/quehacerpolitico.mx\/#\/schema\/person\/496d8ad2d1d3f8036101dca7ee39e585","name":"Redacci\u00f3n QP","image":{"@type":"ImageObject","inLanguage":"es","@id":"https:\/\/secure.gravatar.com\/avatar\/c7164ed6fdec453195284ad24a5ae5b6e1eed2b848477fa2a4787ba9adf39a41?s=96&d=mm&r=g","url":"https:\/\/secure.gravatar.com\/avatar\/c7164ed6fdec453195284ad24a5ae5b6e1eed2b848477fa2a4787ba9adf39a41?s=96&d=mm&r=g","contentUrl":"https:\/\/secure.gravatar.com\/avatar\/c7164ed6fdec453195284ad24a5ae5b6e1eed2b848477fa2a4787ba9adf39a41?s=96&d=mm&r=g","caption":"Redacci\u00f3n QP"},"url":"https:\/\/quehacerpolitico.mx\/?author=2"}]}},"featured_image_urls":{"full":"","thumbnail":"","medium":"","medium_large":"","large":"","1536x1536":"","2048x2048":"","covernews-featured":"","covernews-medium":""},"author_info":{"display_name":"Redacci\u00f3n QP","author_link":"https:\/\/quehacerpolitico.mx\/?author=2"},"category_info":"<a href=\"https:\/\/quehacerpolitico.mx\/?cat=2\" rel=\"category\">Noticias<\/a>","tag_info":"Noticias","comment_count":"0","_links":{"self":[{"href":"https:\/\/quehacerpolitico.mx\/index.php?rest_route=\/wp\/v2\/posts\/39719","targetHints":{"allow":["GET"]}}],"collection":[{"href":"https:\/\/quehacerpolitico.mx\/index.php?rest_route=\/wp\/v2\/posts"}],"about":[{"href":"https:\/\/quehacerpolitico.mx\/index.php?rest_route=\/wp\/v2\/types\/post"}],"author":[{"embeddable":true,"href":"https:\/\/quehacerpolitico.mx\/index.php?rest_route=\/wp\/v2\/users\/2"}],"replies":[{"embeddable":true,"href":"https:\/\/quehacerpolitico.mx\/index.php?rest_route=%2Fwp%2Fv2%2Fcomments&post=39719"}],"version-history":[{"count":0,"href":"https:\/\/quehacerpolitico.mx\/index.php?rest_route=\/wp\/v2\/posts\/39719\/revisions"}],"wp:featuredmedia":[{"embeddable":true,"href":"https:\/\/quehacerpolitico.mx\/index.php?rest_route=\/"}],"wp:attachment":[{"href":"https:\/\/quehacerpolitico.mx\/index.php?rest_route=%2Fwp%2Fv2%2Fmedia&parent=39719"}],"wp:term":[{"taxonomy":"category","embeddable":true,"href":"https:\/\/quehacerpolitico.mx\/index.php?rest_route=%2Fwp%2Fv2%2Fcategories&post=39719"},{"taxonomy":"post_tag","embeddable":true,"href":"https:\/\/quehacerpolitico.mx\/index.php?rest_route=%2Fwp%2Fv2%2Ftags&post=39719"}],"curies":[{"name":"wp","href":"https:\/\/api.w.org\/{rel}","templated":true}]}}