{"id":39707,"date":"2019-09-28T17:23:58","date_gmt":"2019-09-28T17:23:58","guid":{"rendered":"http:\/\/quehacerpolitico.mx\/invitan-a-celebrar-primer-dia-del-maiz-en-zocalo-capitalino\/"},"modified":"2019-09-28T17:23:58","modified_gmt":"2019-09-28T17:23:58","slug":"invitan-a-celebrar-primer-dia-del-maiz-en-zocalo-capitalino","status":"publish","type":"post","link":"https:\/\/quehacerpolitico.mx\/?p=39707","title":{"rendered":"Invitan a celebrar primer D\u00eda del Ma\u00edz en Z\u00f3calo capitalino"},"content":{"rendered":"<p>Invitan a celebrar primer D\u00eda del Ma\u00edz en Z\u00f3calo capitalino<br \/>Por Redacci\u00f3n QP<\/p>\n<p>Entre milpas y mazorcas en la tribuna del Senado, la legisladora Jesusa Rodr\u00edguez, de Morena, invit\u00f3 a los mexicanos a celebrar por primera vez el D\u00eda Nacional del Ma\u00edz, que se conmemora a partir de este a\u00f1o el 29 de septiembre.<\/p>\n<p>En un video difundido en redes sociales, la senadora envi\u00f3 una invitaci\u00f3n a toda la poblaci\u00f3n para celebrar este d\u00eda en la Plaza de la Constituci\u00f3n; \u201cind\u00edgenas campesinos, todo el pueblo est\u00e1 invitado. All\u00e1 nos encontraremos las personas de ma\u00edz para celebrar la vida y amar a nuestro pa\u00eds\u201d.<\/p>\n<p>Para esta conmemoraci\u00f3n se prepara un variado programa, que incluir\u00e1 una obra del muralista mexicano Ariosto Otelo, con la que rinde homenaje a este cultivo que tienen miles de a\u00f1os de historia.<\/p>\n<p>Adem\u00e1s, en la plancha del Z\u00f3calo capitalino se llevar\u00e1 a cabo el conversatorio \u201cEl ma\u00edz en los tiempos de la 4T\u201d, en el que participar\u00e1n la senadora Jesusa Rodr\u00edguez; el coordinador de Comunicaci\u00f3n Social de la Presidencia, Jes\u00fas Ram\u00edrez; la coordinadora de Semillas de Vida, Malin J\u00f6nsson, y la directora del Conacyt, Mar\u00eda Elena \u00c1lvarez.<\/p>\n<p>As\u00ed como la investigadora en salud alimentaria Paulina Maga\u00f1a y el subsecretario de Autosuficiencia Alimentaria, V\u00edctor Su\u00e1rez Carrera, de la Secretar\u00eda de Agricultura y Desarrollo Rural (Sader).<\/p>\n<p>Adem\u00e1s, se realizar\u00e1 el evento \u201cJusticia para el ma\u00edz justicia para el pa\u00eds\u201d, en el que estar\u00e1n presentes: la senadora Ana Lilia Rivera y los coordinadores de la Jornada del Campo, Armando Bartra, y de Memoria Hist\u00f3rica y Cultural de M\u00e9xico, Eduardo Villegas, entre otros.<\/p>\n<p>El pasado 26 de septiembre, el Senado aprob\u00f3 por unanimidad la Ley Federal para el Fomento y Protecci\u00f3n del Ma\u00edz Nativo, la cual establece el 29 de septiembre como el D\u00eda Nacional del Ma\u00edz.<\/p>\n<p>La iniciativa, que dar\u00e1 paso a la creaci\u00f3n del Consejo Nacional del Ma\u00edz para la planeaci\u00f3n y realizaci\u00f3n de los programas a favor del ma\u00edz, fue una propuesta de la morenista Jesusa Rodr\u00edguez.<\/p>\n<p>Con informaci\u00f3n de NTX\u00a0<\/p>\n","protected":false},"excerpt":{"rendered":"<p>Invitan a celebrar primer D\u00eda del Ma\u00edz en Z\u00f3calo capitalino<br \/>\nPor Redacci\u00f3n QP<\/p>\n","protected":false},"author":2,"featured_media":39706,"comment_status":"open","ping_status":"open","sticky":false,"template":"","format":"standard","meta":{"_monsterinsights_skip_tracking":false,"_monsterinsights_sitenote_active":false,"_monsterinsights_sitenote_note":"","_monsterinsights_sitenote_category":0,"footnotes":""},"categories":[2],"tags":[],"class_list":["post-39707","post","type-post","status-publish","format-standard","has-post-thumbnail","hentry","category-noticias"],"yoast_head":"<!-- This site is optimized with the Yoast SEO plugin v27.3 - https:\/\/yoast.com\/product\/yoast-seo-wordpress\/ -->\n<title>Invitan a celebrar primer D\u00eda del Ma\u00edz en Z\u00f3calo capitalino -<\/title>\n<meta name=\"robots\" content=\"index, follow, max-snippet:-1, max-image-preview:large, max-video-preview:-1\" \/>\n<link rel=\"canonical\" href=\"https:\/\/quehacerpolitico.mx\/?p=39707\" \/>\n<meta property=\"og:locale\" content=\"es_MX\" \/>\n<meta property=\"og:type\" content=\"article\" \/>\n<meta property=\"og:title\" content=\"Invitan a celebrar primer D\u00eda del Ma\u00edz en Z\u00f3calo capitalino -\" \/>\n<meta property=\"og:description\" content=\"Invitan a celebrar primer D\u00eda del Ma\u00edz en Z\u00f3calo capitalino Por Redacci\u00f3n QP\" \/>\n<meta property=\"og:url\" content=\"https:\/\/quehacerpolitico.mx\/?p=39707\" \/>\n<meta property=\"article:published_time\" content=\"2019-09-28T17:23:58+00:00\" \/>\n<meta name=\"author\" content=\"Redacci\u00f3n QP\" \/>\n<meta name=\"twitter:card\" content=\"summary_large_image\" \/>\n<meta name=\"twitter:label1\" content=\"Escrito por\" \/>\n\t<meta name=\"twitter:data1\" content=\"Redacci\u00f3n QP\" \/>\n\t<meta name=\"twitter:label2\" content=\"Tiempo de lectura\" \/>\n\t<meta name=\"twitter:data2\" content=\"2 minutos\" \/>\n<script type=\"application\/ld+json\" class=\"yoast-schema-graph\">{\"@context\":\"https:\\\/\\\/schema.org\",\"@graph\":[{\"@type\":\"Article\",\"@id\":\"https:\\\/\\\/quehacerpolitico.mx\\\/?p=39707#article\",\"isPartOf\":{\"@id\":\"https:\\\/\\\/quehacerpolitico.mx\\\/?p=39707\"},\"author\":{\"name\":\"Redacci\u00f3n QP\",\"@id\":\"https:\\\/\\\/quehacerpolitico.mx\\\/#\\\/schema\\\/person\\\/496d8ad2d1d3f8036101dca7ee39e585\"},\"headline\":\"Invitan a celebrar primer D\u00eda del Ma\u00edz en Z\u00f3calo capitalino\",\"datePublished\":\"2019-09-28T17:23:58+00:00\",\"mainEntityOfPage\":{\"@id\":\"https:\\\/\\\/quehacerpolitico.mx\\\/?p=39707\"},\"wordCount\":390,\"commentCount\":0,\"image\":{\"@id\":\"https:\\\/\\\/quehacerpolitico.mx\\\/?p=39707#primaryimage\"},\"thumbnailUrl\":\"\",\"articleSection\":[\"Noticias\"],\"inLanguage\":\"es\",\"potentialAction\":[{\"@type\":\"CommentAction\",\"name\":\"Comment\",\"target\":[\"https:\\\/\\\/quehacerpolitico.mx\\\/?p=39707#respond\"]}]},{\"@type\":\"WebPage\",\"@id\":\"https:\\\/\\\/quehacerpolitico.mx\\\/?p=39707\",\"url\":\"https:\\\/\\\/quehacerpolitico.mx\\\/?p=39707\",\"name\":\"Invitan a celebrar primer D\u00eda del Ma\u00edz en Z\u00f3calo capitalino -\",\"isPartOf\":{\"@id\":\"https:\\\/\\\/quehacerpolitico.mx\\\/#website\"},\"primaryImageOfPage\":{\"@id\":\"https:\\\/\\\/quehacerpolitico.mx\\\/?p=39707#primaryimage\"},\"image\":{\"@id\":\"https:\\\/\\\/quehacerpolitico.mx\\\/?p=39707#primaryimage\"},\"thumbnailUrl\":\"\",\"datePublished\":\"2019-09-28T17:23:58+00:00\",\"author\":{\"@id\":\"https:\\\/\\\/quehacerpolitico.mx\\\/#\\\/schema\\\/person\\\/496d8ad2d1d3f8036101dca7ee39e585\"},\"breadcrumb\":{\"@id\":\"https:\\\/\\\/quehacerpolitico.mx\\\/?p=39707#breadcrumb\"},\"inLanguage\":\"es\",\"potentialAction\":[{\"@type\":\"ReadAction\",\"target\":[\"https:\\\/\\\/quehacerpolitico.mx\\\/?p=39707\"]}]},{\"@type\":\"ImageObject\",\"inLanguage\":\"es\",\"@id\":\"https:\\\/\\\/quehacerpolitico.mx\\\/?p=39707#primaryimage\",\"url\":\"\",\"contentUrl\":\"\"},{\"@type\":\"BreadcrumbList\",\"@id\":\"https:\\\/\\\/quehacerpolitico.mx\\\/?p=39707#breadcrumb\",\"itemListElement\":[{\"@type\":\"ListItem\",\"position\":1,\"name\":\"Inicio\",\"item\":\"https:\\\/\\\/quehacerpolitico.mx\\\/\"},{\"@type\":\"ListItem\",\"position\":2,\"name\":\"Invitan a celebrar primer D\u00eda del Ma\u00edz en Z\u00f3calo capitalino\"}]},{\"@type\":\"WebSite\",\"@id\":\"https:\\\/\\\/quehacerpolitico.mx\\\/#website\",\"url\":\"https:\\\/\\\/quehacerpolitico.mx\\\/\",\"name\":\"\",\"description\":\"\",\"potentialAction\":[{\"@type\":\"SearchAction\",\"target\":{\"@type\":\"EntryPoint\",\"urlTemplate\":\"https:\\\/\\\/quehacerpolitico.mx\\\/?s={search_term_string}\"},\"query-input\":{\"@type\":\"PropertyValueSpecification\",\"valueRequired\":true,\"valueName\":\"search_term_string\"}}],\"inLanguage\":\"es\"},{\"@type\":\"Person\",\"@id\":\"https:\\\/\\\/quehacerpolitico.mx\\\/#\\\/schema\\\/person\\\/496d8ad2d1d3f8036101dca7ee39e585\",\"name\":\"Redacci\u00f3n QP\",\"image\":{\"@type\":\"ImageObject\",\"inLanguage\":\"es\",\"@id\":\"https:\\\/\\\/secure.gravatar.com\\\/avatar\\\/c7164ed6fdec453195284ad24a5ae5b6e1eed2b848477fa2a4787ba9adf39a41?s=96&d=mm&r=g\",\"url\":\"https:\\\/\\\/secure.gravatar.com\\\/avatar\\\/c7164ed6fdec453195284ad24a5ae5b6e1eed2b848477fa2a4787ba9adf39a41?s=96&d=mm&r=g\",\"contentUrl\":\"https:\\\/\\\/secure.gravatar.com\\\/avatar\\\/c7164ed6fdec453195284ad24a5ae5b6e1eed2b848477fa2a4787ba9adf39a41?s=96&d=mm&r=g\",\"caption\":\"Redacci\u00f3n QP\"},\"url\":\"https:\\\/\\\/quehacerpolitico.mx\\\/?author=2\"}]}<\/script>\n<!-- \/ Yoast SEO plugin. -->","yoast_head_json":{"title":"Invitan a celebrar primer D\u00eda del Ma\u00edz en Z\u00f3calo capitalino -","robots":{"index":"index","follow":"follow","max-snippet":"max-snippet:-1","max-image-preview":"max-image-preview:large","max-video-preview":"max-video-preview:-1"},"canonical":"https:\/\/quehacerpolitico.mx\/?p=39707","og_locale":"es_MX","og_type":"article","og_title":"Invitan a celebrar primer D\u00eda del Ma\u00edz en Z\u00f3calo capitalino -","og_description":"Invitan a celebrar primer D\u00eda del Ma\u00edz en Z\u00f3calo capitalino Por Redacci\u00f3n QP","og_url":"https:\/\/quehacerpolitico.mx\/?p=39707","article_published_time":"2019-09-28T17:23:58+00:00","author":"Redacci\u00f3n QP","twitter_card":"summary_large_image","twitter_misc":{"Escrito por":"Redacci\u00f3n QP","Tiempo de lectura":"2 minutos"},"schema":{"@context":"https:\/\/schema.org","@graph":[{"@type":"Article","@id":"https:\/\/quehacerpolitico.mx\/?p=39707#article","isPartOf":{"@id":"https:\/\/quehacerpolitico.mx\/?p=39707"},"author":{"name":"Redacci\u00f3n QP","@id":"https:\/\/quehacerpolitico.mx\/#\/schema\/person\/496d8ad2d1d3f8036101dca7ee39e585"},"headline":"Invitan a celebrar primer D\u00eda del Ma\u00edz en Z\u00f3calo capitalino","datePublished":"2019-09-28T17:23:58+00:00","mainEntityOfPage":{"@id":"https:\/\/quehacerpolitico.mx\/?p=39707"},"wordCount":390,"commentCount":0,"image":{"@id":"https:\/\/quehacerpolitico.mx\/?p=39707#primaryimage"},"thumbnailUrl":"","articleSection":["Noticias"],"inLanguage":"es","potentialAction":[{"@type":"CommentAction","name":"Comment","target":["https:\/\/quehacerpolitico.mx\/?p=39707#respond"]}]},{"@type":"WebPage","@id":"https:\/\/quehacerpolitico.mx\/?p=39707","url":"https:\/\/quehacerpolitico.mx\/?p=39707","name":"Invitan a celebrar primer D\u00eda del Ma\u00edz en Z\u00f3calo capitalino -","isPartOf":{"@id":"https:\/\/quehacerpolitico.mx\/#website"},"primaryImageOfPage":{"@id":"https:\/\/quehacerpolitico.mx\/?p=39707#primaryimage"},"image":{"@id":"https:\/\/quehacerpolitico.mx\/?p=39707#primaryimage"},"thumbnailUrl":"","datePublished":"2019-09-28T17:23:58+00:00","author":{"@id":"https:\/\/quehacerpolitico.mx\/#\/schema\/person\/496d8ad2d1d3f8036101dca7ee39e585"},"breadcrumb":{"@id":"https:\/\/quehacerpolitico.mx\/?p=39707#breadcrumb"},"inLanguage":"es","potentialAction":[{"@type":"ReadAction","target":["https:\/\/quehacerpolitico.mx\/?p=39707"]}]},{"@type":"ImageObject","inLanguage":"es","@id":"https:\/\/quehacerpolitico.mx\/?p=39707#primaryimage","url":"","contentUrl":""},{"@type":"BreadcrumbList","@id":"https:\/\/quehacerpolitico.mx\/?p=39707#breadcrumb","itemListElement":[{"@type":"ListItem","position":1,"name":"Inicio","item":"https:\/\/quehacerpolitico.mx\/"},{"@type":"ListItem","position":2,"name":"Invitan a celebrar primer D\u00eda del Ma\u00edz en Z\u00f3calo capitalino"}]},{"@type":"WebSite","@id":"https:\/\/quehacerpolitico.mx\/#website","url":"https:\/\/quehacerpolitico.mx\/","name":"","description":"","potentialAction":[{"@type":"SearchAction","target":{"@type":"EntryPoint","urlTemplate":"https:\/\/quehacerpolitico.mx\/?s={search_term_string}"},"query-input":{"@type":"PropertyValueSpecification","valueRequired":true,"valueName":"search_term_string"}}],"inLanguage":"es"},{"@type":"Person","@id":"https:\/\/quehacerpolitico.mx\/#\/schema\/person\/496d8ad2d1d3f8036101dca7ee39e585","name":"Redacci\u00f3n QP","image":{"@type":"ImageObject","inLanguage":"es","@id":"https:\/\/secure.gravatar.com\/avatar\/c7164ed6fdec453195284ad24a5ae5b6e1eed2b848477fa2a4787ba9adf39a41?s=96&d=mm&r=g","url":"https:\/\/secure.gravatar.com\/avatar\/c7164ed6fdec453195284ad24a5ae5b6e1eed2b848477fa2a4787ba9adf39a41?s=96&d=mm&r=g","contentUrl":"https:\/\/secure.gravatar.com\/avatar\/c7164ed6fdec453195284ad24a5ae5b6e1eed2b848477fa2a4787ba9adf39a41?s=96&d=mm&r=g","caption":"Redacci\u00f3n QP"},"url":"https:\/\/quehacerpolitico.mx\/?author=2"}]}},"featured_image_urls":{"full":"","thumbnail":"","medium":"","medium_large":"","large":"","1536x1536":"","2048x2048":"","covernews-featured":"","covernews-medium":""},"author_info":{"display_name":"Redacci\u00f3n QP","author_link":"https:\/\/quehacerpolitico.mx\/?author=2"},"category_info":"<a href=\"https:\/\/quehacerpolitico.mx\/?cat=2\" rel=\"category\">Noticias<\/a>","tag_info":"Noticias","comment_count":"0","_links":{"self":[{"href":"https:\/\/quehacerpolitico.mx\/index.php?rest_route=\/wp\/v2\/posts\/39707","targetHints":{"allow":["GET"]}}],"collection":[{"href":"https:\/\/quehacerpolitico.mx\/index.php?rest_route=\/wp\/v2\/posts"}],"about":[{"href":"https:\/\/quehacerpolitico.mx\/index.php?rest_route=\/wp\/v2\/types\/post"}],"author":[{"embeddable":true,"href":"https:\/\/quehacerpolitico.mx\/index.php?rest_route=\/wp\/v2\/users\/2"}],"replies":[{"embeddable":true,"href":"https:\/\/quehacerpolitico.mx\/index.php?rest_route=%2Fwp%2Fv2%2Fcomments&post=39707"}],"version-history":[{"count":0,"href":"https:\/\/quehacerpolitico.mx\/index.php?rest_route=\/wp\/v2\/posts\/39707\/revisions"}],"wp:featuredmedia":[{"embeddable":true,"href":"https:\/\/quehacerpolitico.mx\/index.php?rest_route=\/"}],"wp:attachment":[{"href":"https:\/\/quehacerpolitico.mx\/index.php?rest_route=%2Fwp%2Fv2%2Fmedia&parent=39707"}],"wp:term":[{"taxonomy":"category","embeddable":true,"href":"https:\/\/quehacerpolitico.mx\/index.php?rest_route=%2Fwp%2Fv2%2Fcategories&post=39707"},{"taxonomy":"post_tag","embeddable":true,"href":"https:\/\/quehacerpolitico.mx\/index.php?rest_route=%2Fwp%2Fv2%2Ftags&post=39707"}],"curies":[{"name":"wp","href":"https:\/\/api.w.org\/{rel}","templated":true}]}}