{"id":39699,"date":"2019-09-28T16:58:03","date_gmt":"2019-09-28T16:58:03","guid":{"rendered":"http:\/\/quehacerpolitico.mx\/internacionales-carolina-alonso-romei-leclerc-partira-desde-la-pole-en-el-gp-de-rusia\/"},"modified":"2019-09-28T16:58:03","modified_gmt":"2019-09-28T16:58:03","slug":"leclerc-partira-desde-la-pole-en-el-gp-de-rusia","status":"publish","type":"post","link":"https:\/\/quehacerpolitico.mx\/?p=39699","title":{"rendered":"Leclerc partir\u00e1 desde la &#8221;pole&#8221; en el GP de Rusia"},"content":{"rendered":"<h1 class=\"news-title\">Leclerc partir\u00e1 desde la &#8221;pole&#8221; en el GP de Rusia<br \/>\nPor Redacci\u00f3n QP<\/h1>\n<p>El monegasco consigue la punta de la parrilla de salida para la carrera de este domingo en la ciudad ol\u00edmpica de Sochi<\/p>\n<p>El monegasco <strong>Charles Leclerc<\/strong> comandar\u00e1 con su Ferrari\u00a0la parrilla de salida del Gran Premio de Rusia\u00a0de F\u00f3rmula Uno tras lograr este s\u00e1bado la &#8221;pole&#8221; con un tiempo de 1:31.628.<\/p>\n<p>Con una \u00faltima vuelta extraordinaria, siendo el \u00fanico piloto en 1:31.6, Charles Leclerc rubric\u00f3 el mejor tiempo en la sesi\u00f3n de calificaci\u00f3n y se gan\u00f3 por pleno derecho encabezar la carrera de este domingo en la ciudad ol\u00edmpica de Sochi.<\/p>\n<p><strong>El brit\u00e1nico Lewis Hamilton, l\u00edder del Campeonato del Mundo, saldr\u00e1 segundo<\/strong>(+0.402).<\/p>\n<p>El alem\u00e1n <strong>Sebastian Vettel dej\u00f3 el otro Ferrarien la tercera plaza,<\/strong> a 425 mil\u00e9simas de su compa\u00f1ero en su mejor giro.<\/p>\n<p>Aunque el holand\u00e9s <strong>Max Verstappen<\/strong> (Red Bull) firm\u00f3 el cuarto mejor tiempo, deber\u00e1 ceder cinco posiciones en la parrilla de salida ya que sustituy\u00f3 la unidad de combusti\u00f3n interna de su motor Honda.<\/p>\n<p>En consecuencia, el finland\u00e9s Valtteri Bottas (Mercedes)\u00a0saldr\u00e1 cuarto y el espa\u00f1ol Carlos Sainz (McLaren) ser\u00e1 quinto al inicio de la carrera.<\/p>\n<p>El madrile\u00f1o gan\u00f3 su particular batalla en el &#8221;otro&#8221; Mundial ante el alem\u00e1n Nico Hulkenberg (Renault), el brit\u00e1nico Lando Norris (McLaren), el franc\u00e9s Romain Grosjean (Haas) y el australiano Daniel Ricciardo (Renault).<\/p>\n<p>Por su parte, el franc\u00e9s Pierre Gasly (Toro Rosso), <strong>el mexicano Sergio P\u00e9rez (RacingPoint), el italiano Antonio Giovinazzi (Alfa Romeo), el dan\u00e9s Kevin Magnussen (Haas) y el canadiense Lance Stroll (Racing Point) fueron eliminados en la Q2.<\/strong><\/p>\n<p>No pasaron el primer corte el finland\u00e9s Kimi Raikkonen (Alfa Romeo), el brit\u00e1nico George Russell (Williams), el polaco Robert Kubica (Williams), el tailand\u00e9s Alexander Albon (Red Bull) -sufri\u00f3 un accidente en la Q1- y el ruso Daniil Kvyat (Toro Rosso).<\/p>\n<h4>Resultados de la sesi\u00f3n de clasificaci\u00f3n del Gran Premio de Rusia<\/h4>\n<div>\n<figure class=\"image\"><img decoding=\"async\" title=\"\" src=\"https:\/\/www.informador.mx\/export\/sites\/elinformador\/img\/2019\/09\/28\/efjcqjgwoae7rbu.jpg_145627673.jpg\" alt=\"\" hspace=\"5\" vspace=\"5\" data-height=\"383\" data-size=\"w:680,h:383\" data-width=\"680\" \/><figcaption>TWITTER \/ @F1<\/figcaption><\/figure>\n<\/div>\n","protected":false},"excerpt":{"rendered":"<p>Leclerc partir\u00e1 desde la &#8221;pole&#8221; en el GP de Rusia<br \/>\nPor Redacci\u00f3n QP<\/p>\n","protected":false},"author":2,"featured_media":39698,"comment_status":"open","ping_status":"open","sticky":false,"template":"","format":"standard","meta":{"_monsterinsights_skip_tracking":false,"_monsterinsights_sitenote_active":false,"_monsterinsights_sitenote_note":"","_monsterinsights_sitenote_category":0,"footnotes":""},"categories":[54],"tags":[],"class_list":["post-39699","post","type-post","status-publish","format-standard","has-post-thumbnail","hentry","category-deportes"],"yoast_head":"<!-- This site is optimized with the Yoast SEO plugin v27.3 - https:\/\/yoast.com\/product\/yoast-seo-wordpress\/ -->\n<title>Leclerc partir\u00e1 desde la &#039;&#039;pole&#039;&#039; en el GP de Rusia -<\/title>\n<meta name=\"robots\" content=\"index, follow, max-snippet:-1, max-image-preview:large, max-video-preview:-1\" \/>\n<link rel=\"canonical\" href=\"https:\/\/quehacerpolitico.mx\/?p=39699\" \/>\n<meta property=\"og:locale\" content=\"es_MX\" \/>\n<meta property=\"og:type\" content=\"article\" \/>\n<meta property=\"og:title\" content=\"Leclerc partir\u00e1 desde la &#039;&#039;pole&#039;&#039; en el GP de Rusia -\" \/>\n<meta property=\"og:description\" content=\"Leclerc partir\u00e1 desde la &#039;&#039;pole&#039;&#039; en el GP de Rusia Por Redacci\u00f3n QP\" \/>\n<meta property=\"og:url\" content=\"https:\/\/quehacerpolitico.mx\/?p=39699\" \/>\n<meta property=\"article:published_time\" content=\"2019-09-28T16:58:03+00:00\" \/>\n<meta name=\"author\" content=\"Redacci\u00f3n QP\" \/>\n<meta name=\"twitter:card\" content=\"summary_large_image\" \/>\n<meta name=\"twitter:label1\" content=\"Escrito por\" \/>\n\t<meta name=\"twitter:data1\" content=\"Redacci\u00f3n QP\" \/>\n\t<meta name=\"twitter:label2\" content=\"Tiempo de lectura\" \/>\n\t<meta name=\"twitter:data2\" content=\"2 minutos\" \/>\n<script type=\"application\/ld+json\" class=\"yoast-schema-graph\">{\"@context\":\"https:\\\/\\\/schema.org\",\"@graph\":[{\"@type\":\"Article\",\"@id\":\"https:\\\/\\\/quehacerpolitico.mx\\\/?p=39699#article\",\"isPartOf\":{\"@id\":\"https:\\\/\\\/quehacerpolitico.mx\\\/?p=39699\"},\"author\":{\"name\":\"Redacci\u00f3n QP\",\"@id\":\"https:\\\/\\\/quehacerpolitico.mx\\\/#\\\/schema\\\/person\\\/496d8ad2d1d3f8036101dca7ee39e585\"},\"headline\":\"Leclerc partir\u00e1 desde la &#8221;pole&#8221; en el GP de Rusia\",\"datePublished\":\"2019-09-28T16:58:03+00:00\",\"mainEntityOfPage\":{\"@id\":\"https:\\\/\\\/quehacerpolitico.mx\\\/?p=39699\"},\"wordCount\":351,\"commentCount\":0,\"image\":{\"@id\":\"https:\\\/\\\/quehacerpolitico.mx\\\/?p=39699#primaryimage\"},\"thumbnailUrl\":\"\",\"articleSection\":[\"Deportes\"],\"inLanguage\":\"es\",\"potentialAction\":[{\"@type\":\"CommentAction\",\"name\":\"Comment\",\"target\":[\"https:\\\/\\\/quehacerpolitico.mx\\\/?p=39699#respond\"]}]},{\"@type\":\"WebPage\",\"@id\":\"https:\\\/\\\/quehacerpolitico.mx\\\/?p=39699\",\"url\":\"https:\\\/\\\/quehacerpolitico.mx\\\/?p=39699\",\"name\":\"Leclerc partir\u00e1 desde la ''pole'' en el GP de Rusia -\",\"isPartOf\":{\"@id\":\"https:\\\/\\\/quehacerpolitico.mx\\\/#website\"},\"primaryImageOfPage\":{\"@id\":\"https:\\\/\\\/quehacerpolitico.mx\\\/?p=39699#primaryimage\"},\"image\":{\"@id\":\"https:\\\/\\\/quehacerpolitico.mx\\\/?p=39699#primaryimage\"},\"thumbnailUrl\":\"\",\"datePublished\":\"2019-09-28T16:58:03+00:00\",\"author\":{\"@id\":\"https:\\\/\\\/quehacerpolitico.mx\\\/#\\\/schema\\\/person\\\/496d8ad2d1d3f8036101dca7ee39e585\"},\"breadcrumb\":{\"@id\":\"https:\\\/\\\/quehacerpolitico.mx\\\/?p=39699#breadcrumb\"},\"inLanguage\":\"es\",\"potentialAction\":[{\"@type\":\"ReadAction\",\"target\":[\"https:\\\/\\\/quehacerpolitico.mx\\\/?p=39699\"]}]},{\"@type\":\"ImageObject\",\"inLanguage\":\"es\",\"@id\":\"https:\\\/\\\/quehacerpolitico.mx\\\/?p=39699#primaryimage\",\"url\":\"\",\"contentUrl\":\"\"},{\"@type\":\"BreadcrumbList\",\"@id\":\"https:\\\/\\\/quehacerpolitico.mx\\\/?p=39699#breadcrumb\",\"itemListElement\":[{\"@type\":\"ListItem\",\"position\":1,\"name\":\"Inicio\",\"item\":\"https:\\\/\\\/quehacerpolitico.mx\\\/\"},{\"@type\":\"ListItem\",\"position\":2,\"name\":\"Leclerc partir\u00e1 desde la &#8221;pole&#8221; en el GP de Rusia\"}]},{\"@type\":\"WebSite\",\"@id\":\"https:\\\/\\\/quehacerpolitico.mx\\\/#website\",\"url\":\"https:\\\/\\\/quehacerpolitico.mx\\\/\",\"name\":\"\",\"description\":\"\",\"potentialAction\":[{\"@type\":\"SearchAction\",\"target\":{\"@type\":\"EntryPoint\",\"urlTemplate\":\"https:\\\/\\\/quehacerpolitico.mx\\\/?s={search_term_string}\"},\"query-input\":{\"@type\":\"PropertyValueSpecification\",\"valueRequired\":true,\"valueName\":\"search_term_string\"}}],\"inLanguage\":\"es\"},{\"@type\":\"Person\",\"@id\":\"https:\\\/\\\/quehacerpolitico.mx\\\/#\\\/schema\\\/person\\\/496d8ad2d1d3f8036101dca7ee39e585\",\"name\":\"Redacci\u00f3n QP\",\"image\":{\"@type\":\"ImageObject\",\"inLanguage\":\"es\",\"@id\":\"https:\\\/\\\/secure.gravatar.com\\\/avatar\\\/c7164ed6fdec453195284ad24a5ae5b6e1eed2b848477fa2a4787ba9adf39a41?s=96&d=mm&r=g\",\"url\":\"https:\\\/\\\/secure.gravatar.com\\\/avatar\\\/c7164ed6fdec453195284ad24a5ae5b6e1eed2b848477fa2a4787ba9adf39a41?s=96&d=mm&r=g\",\"contentUrl\":\"https:\\\/\\\/secure.gravatar.com\\\/avatar\\\/c7164ed6fdec453195284ad24a5ae5b6e1eed2b848477fa2a4787ba9adf39a41?s=96&d=mm&r=g\",\"caption\":\"Redacci\u00f3n QP\"},\"url\":\"https:\\\/\\\/quehacerpolitico.mx\\\/?author=2\"}]}<\/script>\n<!-- \/ Yoast SEO plugin. -->","yoast_head_json":{"title":"Leclerc partir\u00e1 desde la ''pole'' en el GP de Rusia -","robots":{"index":"index","follow":"follow","max-snippet":"max-snippet:-1","max-image-preview":"max-image-preview:large","max-video-preview":"max-video-preview:-1"},"canonical":"https:\/\/quehacerpolitico.mx\/?p=39699","og_locale":"es_MX","og_type":"article","og_title":"Leclerc partir\u00e1 desde la ''pole'' en el GP de Rusia -","og_description":"Leclerc partir\u00e1 desde la ''pole'' en el GP de Rusia Por Redacci\u00f3n QP","og_url":"https:\/\/quehacerpolitico.mx\/?p=39699","article_published_time":"2019-09-28T16:58:03+00:00","author":"Redacci\u00f3n QP","twitter_card":"summary_large_image","twitter_misc":{"Escrito por":"Redacci\u00f3n QP","Tiempo de lectura":"2 minutos"},"schema":{"@context":"https:\/\/schema.org","@graph":[{"@type":"Article","@id":"https:\/\/quehacerpolitico.mx\/?p=39699#article","isPartOf":{"@id":"https:\/\/quehacerpolitico.mx\/?p=39699"},"author":{"name":"Redacci\u00f3n QP","@id":"https:\/\/quehacerpolitico.mx\/#\/schema\/person\/496d8ad2d1d3f8036101dca7ee39e585"},"headline":"Leclerc partir\u00e1 desde la &#8221;pole&#8221; en el GP de Rusia","datePublished":"2019-09-28T16:58:03+00:00","mainEntityOfPage":{"@id":"https:\/\/quehacerpolitico.mx\/?p=39699"},"wordCount":351,"commentCount":0,"image":{"@id":"https:\/\/quehacerpolitico.mx\/?p=39699#primaryimage"},"thumbnailUrl":"","articleSection":["Deportes"],"inLanguage":"es","potentialAction":[{"@type":"CommentAction","name":"Comment","target":["https:\/\/quehacerpolitico.mx\/?p=39699#respond"]}]},{"@type":"WebPage","@id":"https:\/\/quehacerpolitico.mx\/?p=39699","url":"https:\/\/quehacerpolitico.mx\/?p=39699","name":"Leclerc partir\u00e1 desde la ''pole'' en el GP de Rusia -","isPartOf":{"@id":"https:\/\/quehacerpolitico.mx\/#website"},"primaryImageOfPage":{"@id":"https:\/\/quehacerpolitico.mx\/?p=39699#primaryimage"},"image":{"@id":"https:\/\/quehacerpolitico.mx\/?p=39699#primaryimage"},"thumbnailUrl":"","datePublished":"2019-09-28T16:58:03+00:00","author":{"@id":"https:\/\/quehacerpolitico.mx\/#\/schema\/person\/496d8ad2d1d3f8036101dca7ee39e585"},"breadcrumb":{"@id":"https:\/\/quehacerpolitico.mx\/?p=39699#breadcrumb"},"inLanguage":"es","potentialAction":[{"@type":"ReadAction","target":["https:\/\/quehacerpolitico.mx\/?p=39699"]}]},{"@type":"ImageObject","inLanguage":"es","@id":"https:\/\/quehacerpolitico.mx\/?p=39699#primaryimage","url":"","contentUrl":""},{"@type":"BreadcrumbList","@id":"https:\/\/quehacerpolitico.mx\/?p=39699#breadcrumb","itemListElement":[{"@type":"ListItem","position":1,"name":"Inicio","item":"https:\/\/quehacerpolitico.mx\/"},{"@type":"ListItem","position":2,"name":"Leclerc partir\u00e1 desde la &#8221;pole&#8221; en el GP de Rusia"}]},{"@type":"WebSite","@id":"https:\/\/quehacerpolitico.mx\/#website","url":"https:\/\/quehacerpolitico.mx\/","name":"","description":"","potentialAction":[{"@type":"SearchAction","target":{"@type":"EntryPoint","urlTemplate":"https:\/\/quehacerpolitico.mx\/?s={search_term_string}"},"query-input":{"@type":"PropertyValueSpecification","valueRequired":true,"valueName":"search_term_string"}}],"inLanguage":"es"},{"@type":"Person","@id":"https:\/\/quehacerpolitico.mx\/#\/schema\/person\/496d8ad2d1d3f8036101dca7ee39e585","name":"Redacci\u00f3n QP","image":{"@type":"ImageObject","inLanguage":"es","@id":"https:\/\/secure.gravatar.com\/avatar\/c7164ed6fdec453195284ad24a5ae5b6e1eed2b848477fa2a4787ba9adf39a41?s=96&d=mm&r=g","url":"https:\/\/secure.gravatar.com\/avatar\/c7164ed6fdec453195284ad24a5ae5b6e1eed2b848477fa2a4787ba9adf39a41?s=96&d=mm&r=g","contentUrl":"https:\/\/secure.gravatar.com\/avatar\/c7164ed6fdec453195284ad24a5ae5b6e1eed2b848477fa2a4787ba9adf39a41?s=96&d=mm&r=g","caption":"Redacci\u00f3n QP"},"url":"https:\/\/quehacerpolitico.mx\/?author=2"}]}},"featured_image_urls":{"full":"","thumbnail":"","medium":"","medium_large":"","large":"","1536x1536":"","2048x2048":"","covernews-featured":"","covernews-medium":""},"author_info":{"display_name":"Redacci\u00f3n QP","author_link":"https:\/\/quehacerpolitico.mx\/?author=2"},"category_info":"<a href=\"https:\/\/quehacerpolitico.mx\/?cat=54\" rel=\"category\">Deportes<\/a>","tag_info":"Deportes","comment_count":"0","_links":{"self":[{"href":"https:\/\/quehacerpolitico.mx\/index.php?rest_route=\/wp\/v2\/posts\/39699","targetHints":{"allow":["GET"]}}],"collection":[{"href":"https:\/\/quehacerpolitico.mx\/index.php?rest_route=\/wp\/v2\/posts"}],"about":[{"href":"https:\/\/quehacerpolitico.mx\/index.php?rest_route=\/wp\/v2\/types\/post"}],"author":[{"embeddable":true,"href":"https:\/\/quehacerpolitico.mx\/index.php?rest_route=\/wp\/v2\/users\/2"}],"replies":[{"embeddable":true,"href":"https:\/\/quehacerpolitico.mx\/index.php?rest_route=%2Fwp%2Fv2%2Fcomments&post=39699"}],"version-history":[{"count":0,"href":"https:\/\/quehacerpolitico.mx\/index.php?rest_route=\/wp\/v2\/posts\/39699\/revisions"}],"wp:featuredmedia":[{"embeddable":true,"href":"https:\/\/quehacerpolitico.mx\/index.php?rest_route=\/"}],"wp:attachment":[{"href":"https:\/\/quehacerpolitico.mx\/index.php?rest_route=%2Fwp%2Fv2%2Fmedia&parent=39699"}],"wp:term":[{"taxonomy":"category","embeddable":true,"href":"https:\/\/quehacerpolitico.mx\/index.php?rest_route=%2Fwp%2Fv2%2Fcategories&post=39699"},{"taxonomy":"post_tag","embeddable":true,"href":"https:\/\/quehacerpolitico.mx\/index.php?rest_route=%2Fwp%2Fv2%2Ftags&post=39699"}],"curies":[{"name":"wp","href":"https:\/\/api.w.org\/{rel}","templated":true}]}}