{"id":39693,"date":"2019-09-28T16:41:52","date_gmt":"2019-09-28T16:41:52","guid":{"rendered":"http:\/\/quehacerpolitico.mx\/voces-del-periodista-desde-filomeno-mata-8-mouris-salloum-george-democracia-amenazada-por-la-anarquia\/"},"modified":"2019-09-28T16:41:52","modified_gmt":"2019-09-28T16:41:52","slug":"voces-del-periodista-desde-filomeno-mata-8-mouris-salloum-george-democracia-amenazada-por-la-anarquia","status":"publish","type":"post","link":"https:\/\/quehacerpolitico.mx\/?p=39693","title":{"rendered":"Voces del Periodista Desde Filomeno Mata 8\/\/\/Mouris Salloum George\/\/\/Democracia amenazada por la anarqu\u00eda"},"content":{"rendered":"<h1 class=\"entry-title penci-entry-title penci-title-\">Democracia amenazada por la anarqu\u00eda<br \/>Por Mouris Salloum George<br \/>Director General del Club de Periodistas de Mexico AC<\/h1>\n<p>La divisa del <strong>liberalismo<\/strong> es <strong><em>dejar hacer, dejar pasar<\/em><\/strong>.<\/p>\n<p>La fase superior del liberalismo es el <strong>neoliberalismo<\/strong>, cuya gestaci\u00f3n empez\u00f3 a palpitar a mitad del siglo XX en que una selecci\u00f3n de conspicuos pensadores fue convocada en Europa para analizar el <strong>futuro de la democracia<\/strong>.<\/p>\n<p>El arrebato de algunos publicistas estadunidenses los llev\u00f3 a proclamar el <strong><em>fin de las ideolog\u00edas<\/em><\/strong>. Corifeos mexicanos postularon a su vez la <strong><em>metapol\u00edtica<\/em><\/strong>.<\/p>\n<p>Aquella cita comentada se concert\u00f3 10 a\u00f1os despu\u00e9s de concluida la Segunda Guerra Mundial en que, vencidos los <strong>totalitarismos de un<\/strong> signo, tomaron su sitio <strong>nuevos totalitarismos<\/strong> <strong>de otro signo<\/strong>; algunos, sin embargo, bajo el antifaz de la democracia.<\/p>\n<p>En el centro de la agenda de aquellos los gur\u00fas estuvo el debate sobre la <strong>funci\u00f3n del Estado frente a la empresa privada<\/strong>; dicho con m\u00e1s propiedad, frente al <strong><em>libre mercado<\/em><\/strong>.<\/p>\n<p><strong>Una nueva instituci\u00f3n: El individualismo salvaje<\/strong><\/p>\n<p>Decantada la idea con que iniciamos estas notas al paso de siete siglos, el liberalismo sent\u00f3 sus reales con la marca de la casa: <strong>Libertad<\/strong> <strong>econ\u00f3mica<\/strong> y su motor: <strong><em>El individualismo salvaje<\/em><\/strong>.<\/p>\n<p>El macizo te\u00f3rico de dicho proceso \u2013<strong><em>contrario a la lucha de clases<\/em><\/strong>\u2013\u00a0 fue generar el sistema pol\u00edtico que garantizara la <strong>irreversibilidad del modelo capitalista<\/strong>, cuestionado a lo largo de la primera mitad del siglo XIX, incluso en la <strong>Doctrina Social de la Iglesia<\/strong><strong>cat\u00f3lica<\/strong>, por razones obvias: La supremac\u00eda del Estado sobre el clero en los asuntos p\u00fablicos.<\/p>\n<p>La jornada europea aludida fue pila bautismal de los ya conocidos como padres del neoliberalismo, cuyos parteros fueron el Reino Unido y los Estados Unidos.<\/p>\n<p><strong>El Estado mexicano, puesto a remolque de un proyecto extral\u00f3gico<\/strong><\/p>\n<p>Tard\u00edamente, M\u00e9xico fue insertado unilateral y compulsivamente en esa vertiente, cuya misi\u00f3n fue <strong>desplazar al Estado de la rector\u00eda de la<\/strong> <strong>econom\u00eda<\/strong>; iniciativa extral\u00f3gica -dado el r\u00e9gimen revolucionario a\u00fan vigente, con econom\u00eda mixta-, en la que se privilegiaron <strong><em>ex\u00f3ticas supersticiones<\/em><\/strong> sobre una estrategia org\u00e1nica unitaria y de largo alcance.<\/p>\n<p>El ciclo vital del neoliberalismo mexicano fue puesto en cuesti\u00f3n en julio 2018 con el triunfo electoral de una <strong>corriente etiquetada como antisistema<\/strong>, con el apellido de <strong><em>izquierda<\/em><\/strong>.<\/p>\n<p><strong>El monstruo de la anarqu\u00eda perturba la paz p\u00fablica<\/strong><\/p>\n<p><strong>Desvertebrado<\/strong> el sistema de partidos, eje de operaci\u00f3n de la <strong><em>democracia<\/em><\/strong> <strong><em>contratada<\/em><\/strong>, algunas fuerzas pol\u00edticas y econ\u00f3micas han visto desquiciadas sus representaciones de negociaci\u00f3n con el Estado. Es el caldo de cultivo de la <strong>anarqu\u00eda que hoy arrastra a la sociedad mexicana<\/strong>.<\/p>\n<p>\u00bfSirve el <strong>caos<\/strong> al nuevo poder del Estado?\u00a0 \u00bfAgentes del gobierno creen que en ese <strong>clima de subversi\u00f3n<\/strong> la nave de la cuarta transformaci\u00f3n puede remontar el proceloso oleaje? El tiempo lo dir\u00e1. Por lo pronto, se profundiza la inquietud social y la desconfianza vuelve por sus fueros. Grave asunto.<\/p>\n","protected":false},"excerpt":{"rendered":"<p>Democracia amenazada por la anarqu\u00eda<br \/>\nPor Mouris Salloum George<br \/>\nDirector General del Club de Periodistas de Mexico AC<\/p>\n","protected":false},"author":2,"featured_media":39692,"comment_status":"open","ping_status":"open","sticky":false,"template":"","format":"standard","meta":{"_monsterinsights_skip_tracking":false,"_monsterinsights_sitenote_active":false,"_monsterinsights_sitenote_note":"","_monsterinsights_sitenote_category":0,"footnotes":""},"categories":[2],"tags":[],"class_list":["post-39693","post","type-post","status-publish","format-standard","has-post-thumbnail","hentry","category-noticias"],"yoast_head":"<!-- This site is optimized with the Yoast SEO plugin v27.3 - https:\/\/yoast.com\/product\/yoast-seo-wordpress\/ -->\n<title>Voces del Periodista Desde Filomeno Mata 8\/\/\/Mouris Salloum George\/\/\/Democracia amenazada por la anarqu\u00eda -<\/title>\n<meta name=\"robots\" content=\"index, follow, max-snippet:-1, max-image-preview:large, max-video-preview:-1\" \/>\n<link rel=\"canonical\" href=\"https:\/\/quehacerpolitico.mx\/?p=39693\" \/>\n<meta property=\"og:locale\" content=\"es_MX\" \/>\n<meta property=\"og:type\" content=\"article\" \/>\n<meta property=\"og:title\" content=\"Voces del Periodista Desde Filomeno Mata 8\/\/\/Mouris Salloum George\/\/\/Democracia amenazada por la anarqu\u00eda -\" \/>\n<meta property=\"og:description\" content=\"Democracia amenazada por la anarqu\u00eda Por Mouris Salloum George Director General del Club de Periodistas de Mexico AC\" \/>\n<meta property=\"og:url\" content=\"https:\/\/quehacerpolitico.mx\/?p=39693\" \/>\n<meta property=\"article:published_time\" content=\"2019-09-28T16:41:52+00:00\" \/>\n<meta name=\"author\" content=\"Redacci\u00f3n QP\" \/>\n<meta name=\"twitter:card\" content=\"summary_large_image\" \/>\n<meta name=\"twitter:label1\" content=\"Escrito por\" \/>\n\t<meta name=\"twitter:data1\" content=\"Redacci\u00f3n QP\" \/>\n\t<meta name=\"twitter:label2\" content=\"Tiempo de lectura\" \/>\n\t<meta name=\"twitter:data2\" content=\"2 minutos\" \/>\n<script type=\"application\/ld+json\" class=\"yoast-schema-graph\">{\"@context\":\"https:\\\/\\\/schema.org\",\"@graph\":[{\"@type\":\"Article\",\"@id\":\"https:\\\/\\\/quehacerpolitico.mx\\\/?p=39693#article\",\"isPartOf\":{\"@id\":\"https:\\\/\\\/quehacerpolitico.mx\\\/?p=39693\"},\"author\":{\"name\":\"Redacci\u00f3n QP\",\"@id\":\"https:\\\/\\\/quehacerpolitico.mx\\\/#\\\/schema\\\/person\\\/496d8ad2d1d3f8036101dca7ee39e585\"},\"headline\":\"Voces del Periodista Desde Filomeno Mata 8\\\/\\\/\\\/Mouris Salloum George\\\/\\\/\\\/Democracia amenazada por la anarqu\u00eda\",\"datePublished\":\"2019-09-28T16:41:52+00:00\",\"mainEntityOfPage\":{\"@id\":\"https:\\\/\\\/quehacerpolitico.mx\\\/?p=39693\"},\"wordCount\":515,\"commentCount\":0,\"image\":{\"@id\":\"https:\\\/\\\/quehacerpolitico.mx\\\/?p=39693#primaryimage\"},\"thumbnailUrl\":\"\",\"articleSection\":[\"Noticias\"],\"inLanguage\":\"es\",\"potentialAction\":[{\"@type\":\"CommentAction\",\"name\":\"Comment\",\"target\":[\"https:\\\/\\\/quehacerpolitico.mx\\\/?p=39693#respond\"]}]},{\"@type\":\"WebPage\",\"@id\":\"https:\\\/\\\/quehacerpolitico.mx\\\/?p=39693\",\"url\":\"https:\\\/\\\/quehacerpolitico.mx\\\/?p=39693\",\"name\":\"Voces del Periodista Desde Filomeno Mata 8\\\/\\\/\\\/Mouris Salloum George\\\/\\\/\\\/Democracia amenazada por la anarqu\u00eda -\",\"isPartOf\":{\"@id\":\"https:\\\/\\\/quehacerpolitico.mx\\\/#website\"},\"primaryImageOfPage\":{\"@id\":\"https:\\\/\\\/quehacerpolitico.mx\\\/?p=39693#primaryimage\"},\"image\":{\"@id\":\"https:\\\/\\\/quehacerpolitico.mx\\\/?p=39693#primaryimage\"},\"thumbnailUrl\":\"\",\"datePublished\":\"2019-09-28T16:41:52+00:00\",\"author\":{\"@id\":\"https:\\\/\\\/quehacerpolitico.mx\\\/#\\\/schema\\\/person\\\/496d8ad2d1d3f8036101dca7ee39e585\"},\"breadcrumb\":{\"@id\":\"https:\\\/\\\/quehacerpolitico.mx\\\/?p=39693#breadcrumb\"},\"inLanguage\":\"es\",\"potentialAction\":[{\"@type\":\"ReadAction\",\"target\":[\"https:\\\/\\\/quehacerpolitico.mx\\\/?p=39693\"]}]},{\"@type\":\"ImageObject\",\"inLanguage\":\"es\",\"@id\":\"https:\\\/\\\/quehacerpolitico.mx\\\/?p=39693#primaryimage\",\"url\":\"\",\"contentUrl\":\"\"},{\"@type\":\"BreadcrumbList\",\"@id\":\"https:\\\/\\\/quehacerpolitico.mx\\\/?p=39693#breadcrumb\",\"itemListElement\":[{\"@type\":\"ListItem\",\"position\":1,\"name\":\"Inicio\",\"item\":\"https:\\\/\\\/quehacerpolitico.mx\\\/\"},{\"@type\":\"ListItem\",\"position\":2,\"name\":\"Voces del Periodista Desde Filomeno Mata 8\\\/\\\/\\\/Mouris Salloum George\\\/\\\/\\\/Democracia amenazada por la anarqu\u00eda\"}]},{\"@type\":\"WebSite\",\"@id\":\"https:\\\/\\\/quehacerpolitico.mx\\\/#website\",\"url\":\"https:\\\/\\\/quehacerpolitico.mx\\\/\",\"name\":\"\",\"description\":\"\",\"potentialAction\":[{\"@type\":\"SearchAction\",\"target\":{\"@type\":\"EntryPoint\",\"urlTemplate\":\"https:\\\/\\\/quehacerpolitico.mx\\\/?s={search_term_string}\"},\"query-input\":{\"@type\":\"PropertyValueSpecification\",\"valueRequired\":true,\"valueName\":\"search_term_string\"}}],\"inLanguage\":\"es\"},{\"@type\":\"Person\",\"@id\":\"https:\\\/\\\/quehacerpolitico.mx\\\/#\\\/schema\\\/person\\\/496d8ad2d1d3f8036101dca7ee39e585\",\"name\":\"Redacci\u00f3n QP\",\"image\":{\"@type\":\"ImageObject\",\"inLanguage\":\"es\",\"@id\":\"https:\\\/\\\/secure.gravatar.com\\\/avatar\\\/c7164ed6fdec453195284ad24a5ae5b6e1eed2b848477fa2a4787ba9adf39a41?s=96&d=mm&r=g\",\"url\":\"https:\\\/\\\/secure.gravatar.com\\\/avatar\\\/c7164ed6fdec453195284ad24a5ae5b6e1eed2b848477fa2a4787ba9adf39a41?s=96&d=mm&r=g\",\"contentUrl\":\"https:\\\/\\\/secure.gravatar.com\\\/avatar\\\/c7164ed6fdec453195284ad24a5ae5b6e1eed2b848477fa2a4787ba9adf39a41?s=96&d=mm&r=g\",\"caption\":\"Redacci\u00f3n QP\"},\"url\":\"https:\\\/\\\/quehacerpolitico.mx\\\/?author=2\"}]}<\/script>\n<!-- \/ Yoast SEO plugin. -->","yoast_head_json":{"title":"Voces del Periodista Desde Filomeno Mata 8\/\/\/Mouris Salloum George\/\/\/Democracia amenazada por la anarqu\u00eda -","robots":{"index":"index","follow":"follow","max-snippet":"max-snippet:-1","max-image-preview":"max-image-preview:large","max-video-preview":"max-video-preview:-1"},"canonical":"https:\/\/quehacerpolitico.mx\/?p=39693","og_locale":"es_MX","og_type":"article","og_title":"Voces del Periodista Desde Filomeno Mata 8\/\/\/Mouris Salloum George\/\/\/Democracia amenazada por la anarqu\u00eda -","og_description":"Democracia amenazada por la anarqu\u00eda Por Mouris Salloum George Director General del Club de Periodistas de Mexico AC","og_url":"https:\/\/quehacerpolitico.mx\/?p=39693","article_published_time":"2019-09-28T16:41:52+00:00","author":"Redacci\u00f3n QP","twitter_card":"summary_large_image","twitter_misc":{"Escrito por":"Redacci\u00f3n QP","Tiempo de lectura":"2 minutos"},"schema":{"@context":"https:\/\/schema.org","@graph":[{"@type":"Article","@id":"https:\/\/quehacerpolitico.mx\/?p=39693#article","isPartOf":{"@id":"https:\/\/quehacerpolitico.mx\/?p=39693"},"author":{"name":"Redacci\u00f3n QP","@id":"https:\/\/quehacerpolitico.mx\/#\/schema\/person\/496d8ad2d1d3f8036101dca7ee39e585"},"headline":"Voces del Periodista Desde Filomeno Mata 8\/\/\/Mouris Salloum George\/\/\/Democracia amenazada por la anarqu\u00eda","datePublished":"2019-09-28T16:41:52+00:00","mainEntityOfPage":{"@id":"https:\/\/quehacerpolitico.mx\/?p=39693"},"wordCount":515,"commentCount":0,"image":{"@id":"https:\/\/quehacerpolitico.mx\/?p=39693#primaryimage"},"thumbnailUrl":"","articleSection":["Noticias"],"inLanguage":"es","potentialAction":[{"@type":"CommentAction","name":"Comment","target":["https:\/\/quehacerpolitico.mx\/?p=39693#respond"]}]},{"@type":"WebPage","@id":"https:\/\/quehacerpolitico.mx\/?p=39693","url":"https:\/\/quehacerpolitico.mx\/?p=39693","name":"Voces del Periodista Desde Filomeno Mata 8\/\/\/Mouris Salloum George\/\/\/Democracia amenazada por la anarqu\u00eda -","isPartOf":{"@id":"https:\/\/quehacerpolitico.mx\/#website"},"primaryImageOfPage":{"@id":"https:\/\/quehacerpolitico.mx\/?p=39693#primaryimage"},"image":{"@id":"https:\/\/quehacerpolitico.mx\/?p=39693#primaryimage"},"thumbnailUrl":"","datePublished":"2019-09-28T16:41:52+00:00","author":{"@id":"https:\/\/quehacerpolitico.mx\/#\/schema\/person\/496d8ad2d1d3f8036101dca7ee39e585"},"breadcrumb":{"@id":"https:\/\/quehacerpolitico.mx\/?p=39693#breadcrumb"},"inLanguage":"es","potentialAction":[{"@type":"ReadAction","target":["https:\/\/quehacerpolitico.mx\/?p=39693"]}]},{"@type":"ImageObject","inLanguage":"es","@id":"https:\/\/quehacerpolitico.mx\/?p=39693#primaryimage","url":"","contentUrl":""},{"@type":"BreadcrumbList","@id":"https:\/\/quehacerpolitico.mx\/?p=39693#breadcrumb","itemListElement":[{"@type":"ListItem","position":1,"name":"Inicio","item":"https:\/\/quehacerpolitico.mx\/"},{"@type":"ListItem","position":2,"name":"Voces del Periodista Desde Filomeno Mata 8\/\/\/Mouris Salloum George\/\/\/Democracia amenazada por la anarqu\u00eda"}]},{"@type":"WebSite","@id":"https:\/\/quehacerpolitico.mx\/#website","url":"https:\/\/quehacerpolitico.mx\/","name":"","description":"","potentialAction":[{"@type":"SearchAction","target":{"@type":"EntryPoint","urlTemplate":"https:\/\/quehacerpolitico.mx\/?s={search_term_string}"},"query-input":{"@type":"PropertyValueSpecification","valueRequired":true,"valueName":"search_term_string"}}],"inLanguage":"es"},{"@type":"Person","@id":"https:\/\/quehacerpolitico.mx\/#\/schema\/person\/496d8ad2d1d3f8036101dca7ee39e585","name":"Redacci\u00f3n QP","image":{"@type":"ImageObject","inLanguage":"es","@id":"https:\/\/secure.gravatar.com\/avatar\/c7164ed6fdec453195284ad24a5ae5b6e1eed2b848477fa2a4787ba9adf39a41?s=96&d=mm&r=g","url":"https:\/\/secure.gravatar.com\/avatar\/c7164ed6fdec453195284ad24a5ae5b6e1eed2b848477fa2a4787ba9adf39a41?s=96&d=mm&r=g","contentUrl":"https:\/\/secure.gravatar.com\/avatar\/c7164ed6fdec453195284ad24a5ae5b6e1eed2b848477fa2a4787ba9adf39a41?s=96&d=mm&r=g","caption":"Redacci\u00f3n QP"},"url":"https:\/\/quehacerpolitico.mx\/?author=2"}]}},"featured_image_urls":{"full":"","thumbnail":"","medium":"","medium_large":"","large":"","1536x1536":"","2048x2048":"","covernews-featured":"","covernews-medium":""},"author_info":{"display_name":"Redacci\u00f3n QP","author_link":"https:\/\/quehacerpolitico.mx\/?author=2"},"category_info":"<a href=\"https:\/\/quehacerpolitico.mx\/?cat=2\" rel=\"category\">Noticias<\/a>","tag_info":"Noticias","comment_count":"0","_links":{"self":[{"href":"https:\/\/quehacerpolitico.mx\/index.php?rest_route=\/wp\/v2\/posts\/39693","targetHints":{"allow":["GET"]}}],"collection":[{"href":"https:\/\/quehacerpolitico.mx\/index.php?rest_route=\/wp\/v2\/posts"}],"about":[{"href":"https:\/\/quehacerpolitico.mx\/index.php?rest_route=\/wp\/v2\/types\/post"}],"author":[{"embeddable":true,"href":"https:\/\/quehacerpolitico.mx\/index.php?rest_route=\/wp\/v2\/users\/2"}],"replies":[{"embeddable":true,"href":"https:\/\/quehacerpolitico.mx\/index.php?rest_route=%2Fwp%2Fv2%2Fcomments&post=39693"}],"version-history":[{"count":0,"href":"https:\/\/quehacerpolitico.mx\/index.php?rest_route=\/wp\/v2\/posts\/39693\/revisions"}],"wp:featuredmedia":[{"embeddable":true,"href":"https:\/\/quehacerpolitico.mx\/index.php?rest_route=\/"}],"wp:attachment":[{"href":"https:\/\/quehacerpolitico.mx\/index.php?rest_route=%2Fwp%2Fv2%2Fmedia&parent=39693"}],"wp:term":[{"taxonomy":"category","embeddable":true,"href":"https:\/\/quehacerpolitico.mx\/index.php?rest_route=%2Fwp%2Fv2%2Fcategories&post=39693"},{"taxonomy":"post_tag","embeddable":true,"href":"https:\/\/quehacerpolitico.mx\/index.php?rest_route=%2Fwp%2Fv2%2Ftags&post=39693"}],"curies":[{"name":"wp","href":"https:\/\/api.w.org\/{rel}","templated":true}]}}