{"id":39690,"date":"2019-09-28T04:09:44","date_gmt":"2019-09-28T04:09:44","guid":{"rendered":"http:\/\/quehacerpolitico.mx\/choque-en-el-sme-rencillas-del-pasado\/"},"modified":"2019-09-28T04:09:44","modified_gmt":"2019-09-28T04:09:44","slug":"choque-en-el-sme-rencillas-del-pasado","status":"publish","type":"post","link":"https:\/\/quehacerpolitico.mx\/?p=39690","title":{"rendered":"Choque en el SME rencillas del pasado"},"content":{"rendered":"<p>Choque en el SME rencillas del pasado<br \/>Por Redacci\u00f3n QP<\/p>\n<p>De acuerdo con Jos\u00e9 Antonio Almaz\u00e1n, ex secretario del Exterior del SME, el enfrentamiento entre electricistas tiene su origen en la inconformidad acumulada por presuntas negociaciones que Esparza Flores realiz\u00f3 en 2015<\/p>\n<p>Los actos violentos observados este viernes entre grupos del <strong>Sindicato Mexicano de Electricistas<\/strong> (<strong>SME<\/strong>) afuera de su sede son el reflejo de malestares acumulados hacia el actual secretario general de esa agrupaci\u00f3n, <strong>Mart\u00edn Esparza Flores<\/strong>.<\/p>\n<p>De acuerdo con <strong>Jos\u00e9 Antonio Almaz\u00e1n<\/strong>, ex secretario del Exterior del SME, el enfrentamiento entre electricistas tiene su origen en la inconformidad acumulada por presuntas negociaciones que Esparza Flores realiz\u00f3 en 2015 con el gobierno de <strong>Enrique Pe\u00f1a Nieto<\/strong>, tras la extinci\u00f3n de la compa\u00f1\u00eda <strong>Luz y Fuerza del Centro<\/strong> (<strong>LyFC<\/strong>).<\/p>\n<p>Expuso que otro detonante es el malestar que eman\u00f3 de las elecciones de junio pasado para renovar a la mitad del Comit\u00e9 Central, proceso que deriv\u00f3 en una demanda ante la Junta Federal de Conciliaci\u00f3n y Arbitraje pues la disidencia asegur\u00f3 que se cometi\u00f3 fraude.<\/p>\n<blockquote class=\"twitter-tweet\" data-width=\"550\" data-dnt=\"true\">\n<p lang=\"es\" dir=\"ltr\">\ud83d\udd34 <a href=\"https:\/\/twitter.com\/hashtag\/%C3%9ALTIMAHORA?src=hash&amp;ref_src=twsrc%5Etfw\">#\u00daLTIMAHORA<\/a> | Se registra protesta de integrantes del Sindicato Mexicano de Electricistas <a href=\"https:\/\/twitter.com\/hashtag\/SME?src=hash&amp;ref_src=twsrc%5Etfw\">#SME<\/a> en Insurgentes Norte, Col. Tabacalera; lanzan piedras y petardos.  <a href=\"https:\/\/twitter.com\/hashtag\/TelediarioEnEl6?src=hash&amp;ref_src=twsrc%5Etfw\">#TelediarioEnEl6<\/a> con <a href=\"https:\/\/twitter.com\/azucenau?ref_src=twsrc%5Etfw\">@azucenau<\/a> y <a href=\"https:\/\/twitter.com\/ramonramirezpe?ref_src=twsrc%5Etfw\">@ramonramirezpe<\/a> | <a href=\"https:\/\/t.co\/VqUPqVgacF\">https:\/\/t.co\/VqUPqVgacF<\/a> <a href=\"https:\/\/t.co\/Z0ydFp5WcC\">pic.twitter.com\/Z0ydFp5WcC<\/a><\/p>\n<p>&mdash; @telediario (@telediario) <a href=\"https:\/\/twitter.com\/telediario\/status\/1177668219940720640?ref_src=twsrc%5Etfw\">September 27, 2019<\/a><\/p><\/blockquote>\n<p><script async src=\"https:\/\/platform.twitter.com\/widgets.js\" charset=\"utf-8\"><\/script><\/p>\n<p>En entrevista, Almaz\u00e1n justific\u00f3 as\u00ed que la tarde de este viernes, mientras los electricistas y simpatizantes de Mart\u00edn Esparza realizaban un foro de solidaridad en las instalaciones del SME, un grupo de la oposici\u00f3n se apost\u00f3 en inmediaciones del recinto sindical y lanz\u00f3 piedras contra el inmueble, acci\u00f3n que fue repelida por el bando contrario con cohetones.<\/p>\n<p>En medio de la confrontaci\u00f3n, el bloque disidente tambi\u00e9n core\u00f3 consignas como: \u201cFuera charros del SME\u201d y \u201c\u00a1SME sin Mart\u00edn, SME sin Mart\u00edn!\u201d desde la avenida Insurgentes, esquina con Antonio Caso.<\/p>\n<blockquote class=\"twitter-tweet\" data-width=\"550\" data-dnt=\"true\">\n<p lang=\"es\" dir=\"ltr\">\ud83d\udd34 <a href=\"https:\/\/twitter.com\/hashtag\/%C3%9ALTIMAHORA?src=hash&amp;ref_src=twsrc%5Etfw\">#\u00daLTIMAHORA<\/a> | Se registra protesta de integrantes del Sindicato Mexicano de Electricistas (SME) en Insurgentes Norte, Col. Tabacalera. <a href=\"https:\/\/twitter.com\/hashtag\/TelediarioEnEl6?src=hash&amp;ref_src=twsrc%5Etfw\">#TelediarioEnEl6<\/a> con <a href=\"https:\/\/twitter.com\/azucenau?ref_src=twsrc%5Etfw\">@azucenau<\/a> y <a href=\"https:\/\/twitter.com\/ramonramirezpe?ref_src=twsrc%5Etfw\">@ramonramirezpe<\/a> |  <a href=\"https:\/\/t.co\/VqUPqVgacF\">https:\/\/t.co\/VqUPqVgacF<\/a> <a href=\"https:\/\/t.co\/xikaHPU9Km\">pic.twitter.com\/xikaHPU9Km<\/a><\/p>\n<p>&mdash; @telediario (@telediario) <a href=\"https:\/\/twitter.com\/telediario\/status\/1177666645990363137?ref_src=twsrc%5Etfw\">September 27, 2019<\/a><\/p><\/blockquote>\n<p><script async src=\"https:\/\/platform.twitter.com\/widgets.js\" charset=\"utf-8\"><\/script><\/p>\n<p>El pleito se ve\u00eda venir desde un d\u00eda antes, como se comprueba en un oficio que el grupo de Mart\u00edn Esparza entreg\u00f3 a la <strong>Comisi\u00f3n de Derechos Humanos de la Ciudad de M\u00e9xico<\/strong> (CDHCDMX) este 26 de septiembre.<\/p>\n<p>En ese documento, el l\u00edder de los electricistas pide la CDHCDMX intervenir de manera preventiva en la marcha que realizar\u00edan a las 16:00 horas hacia el Z\u00f3calo, en conmemoraci\u00f3n del 59 aniversario de la nacionalizaci\u00f3n de la industria el\u00e9ctrica.<\/p>\n<p>La petici\u00f3n advert\u00eda que un grupo pol\u00edtico de la disidencia, \u201ca trav\u00e9s de redes sociales y en medios de comunicaci\u00f3n ha amenazado reiteradamente con obstruir la movilizaci\u00f3n y evitar de manera violenta nuestra llegada al Z\u00f3calo, amenazando con agredir f\u00edsicamente o incluso atentar contra la vida de los miembros de la direcci\u00f3n del SME, alentando a sus seguidores a actuar de la misma manera\u201d.<\/p>\n<p>La ma\u00f1ana de este viernes el grupo disidente realiz\u00f3 una movilizaci\u00f3n denominada \u201c\u00a1Trabajo digno para todos!\u201d, en el que cargaban una manta con la fotograf\u00eda de Mart\u00edn Esparza y la leyenda \u201cse busca por traidor y ratero\u201d.<\/p>\n<p>Este grupo encabezado por <strong>Jorge S\u00e1nchez Garc\u00eda<\/strong> entreg\u00f3 un documento supuestamente respaldado por 32 mil firmas en el Palacio Nacional donde solicit\u00f3 al presidente <strong>Andr\u00e9s Manuel L\u00f3pez Obrador<\/strong>apoyo para concretar la renovaci\u00f3n de la dirigencia de la organizaci\u00f3n gremial.<\/p>\n<p>Jos\u00e9 Antonio Almaz\u00e1n record\u00f3 que tras la extinci\u00f3n de LyFC, concretada en octubre de 2009 con Felipe Calder\u00f3n como presidente, Mart\u00edn Esparza habr\u00eda negociado con la Secretar\u00eda de Gobernaci\u00f3n de Pe\u00f1a Nieto un pasivo laboral de m\u00e1s de 80 mil millones de pesos a cambio de activos con los que har\u00eda un negocio por 30 a\u00f1os.<\/p>\n<p>Tambi\u00e9n asever\u00f3 que, de acuerdo con informaci\u00f3n obtenida por trasparencia, el actual dirigente pact\u00f3 liquidaciones millonarias para \u00e9l, su familia e integrantes de la direcci\u00f3n sindical.<\/p>\n<p>A trav\u00e9s de un audio difundido en Youtube, Mart\u00edn Esparza advirti\u00f3 que presentar\u00e1n denuncias penales contra el grupo que los agredi\u00f3 esta tarde, entre los que asegur\u00f3 hay \u201cgente ajena\u201d.<\/p>\n<p>Respecto de las acusaciones en su contra, se\u00f1al\u00f3 que tras la disoluci\u00f3n de LyFC el bloque que \u00e9l representa combati\u00f3 por todos los medios el ilegal decreto y aguant\u00f3 la represi\u00f3n del Estado.<\/p>\n<p>\u201cHoy en d\u00eda, d\u00edgase lo que se diga, el SME mantiene su Registro Nacional de Industria, evitamos la disoluci\u00f3n forzada de nuestro glorioso SME\u201d, dijo.<\/p>\n<p>Sobre la disidencia, refiri\u00f3 que \u201cestos grupos saben de antemano que cobraron su liquidaci\u00f3n, que renunciaron a la protecci\u00f3n de la justicia por parte de nuestra organizaci\u00f3n sindical\u201d, y llam\u00f3\u00a0a mantener la calma y la unidad.<\/p>\n<blockquote class=\"twitter-tweet\" data-width=\"550\" data-dnt=\"true\">\n<p lang=\"es\" dir=\"ltr\">\ud83d\udcfa <a href=\"https:\/\/twitter.com\/hashtag\/EnDirecto?src=hash&amp;ref_src=twsrc%5Etfw\">#EnDirecto<\/a> Regresa la calma al Sindicato Mexicano de Electricistas <a href=\"https:\/\/twitter.com\/hashtag\/SME?src=hash&amp;ref_src=twsrc%5Etfw\">#SME<\/a>; estos son los da\u00f1os tras protesta. \ud83d\udc47<\/p>\n<p>\ud83d\udd34 <a href=\"https:\/\/twitter.com\/hashtag\/TelediarioEnEl6?src=hash&amp;ref_src=twsrc%5Etfw\">#TelediarioEnEl6<\/a> con <a href=\"https:\/\/twitter.com\/Carloszup?ref_src=twsrc%5Etfw\">@Carloszup<\/a> y <a href=\"https:\/\/twitter.com\/paobarquet?ref_src=twsrc%5Etfw\">@paobarquet<\/a> | <a href=\"https:\/\/t.co\/VqUPqVgacF\">https:\/\/t.co\/VqUPqVgacF<\/a> <a href=\"https:\/\/t.co\/QXk006R30l\">pic.twitter.com\/QXk006R30l<\/a><\/p>\n<p>&mdash; @telediario (@telediario) <a href=\"https:\/\/twitter.com\/telediario\/status\/1177760290064105472?ref_src=twsrc%5Etfw\">September 28, 2019<\/a><\/p><\/blockquote>\n<p><script async src=\"https:\/\/platform.twitter.com\/widgets.js\" charset=\"utf-8\"><\/script><\/p>\n<p>\u201cVamos a mantener nuestra unidad, vamos a defender nuestra organizaci\u00f3n sindical y le exigimos al gobierno de la Rep\u00fablica que atienda el fondo del conflicto, que es el despido injustificado de todos los trabajadores agremiados al SME\u201d, declar\u00f3.<\/p>\n<p>Con informaci\u00f3n de NTX\u00a0<\/p>\n","protected":false},"excerpt":{"rendered":"<p>Choque en el SME rencillas del pasado<br \/>\nPor Redacci\u00f3n QP<\/p>\n","protected":false},"author":2,"featured_media":39689,"comment_status":"open","ping_status":"open","sticky":false,"template":"","format":"standard","meta":{"_monsterinsights_skip_tracking":false,"_monsterinsights_sitenote_active":false,"_monsterinsights_sitenote_note":"","_monsterinsights_sitenote_category":0,"footnotes":""},"categories":[55],"tags":[],"class_list":["post-39690","post","type-post","status-publish","format-standard","has-post-thumbnail","hentry","category-cdmx"],"yoast_head":"<!-- This site is optimized with the Yoast SEO plugin v27.3 - https:\/\/yoast.com\/product\/yoast-seo-wordpress\/ -->\n<title>Choque en el SME rencillas del pasado -<\/title>\n<meta name=\"robots\" content=\"index, follow, max-snippet:-1, max-image-preview:large, max-video-preview:-1\" \/>\n<link rel=\"canonical\" href=\"https:\/\/quehacerpolitico.mx\/?p=39690\" \/>\n<meta property=\"og:locale\" content=\"es_MX\" \/>\n<meta property=\"og:type\" content=\"article\" \/>\n<meta property=\"og:title\" content=\"Choque en el SME rencillas del pasado -\" \/>\n<meta property=\"og:description\" content=\"Choque en el SME rencillas del pasado Por Redacci\u00f3n QP\" \/>\n<meta property=\"og:url\" content=\"https:\/\/quehacerpolitico.mx\/?p=39690\" \/>\n<meta property=\"article:published_time\" content=\"2019-09-28T04:09:44+00:00\" \/>\n<meta name=\"author\" content=\"Redacci\u00f3n QP\" \/>\n<meta name=\"twitter:card\" content=\"summary_large_image\" \/>\n<meta name=\"twitter:label1\" content=\"Escrito por\" \/>\n\t<meta name=\"twitter:data1\" content=\"Redacci\u00f3n QP\" \/>\n\t<meta name=\"twitter:label2\" content=\"Tiempo de lectura\" \/>\n\t<meta name=\"twitter:data2\" content=\"4 minutos\" \/>\n<script type=\"application\/ld+json\" class=\"yoast-schema-graph\">{\"@context\":\"https:\\\/\\\/schema.org\",\"@graph\":[{\"@type\":\"Article\",\"@id\":\"https:\\\/\\\/quehacerpolitico.mx\\\/?p=39690#article\",\"isPartOf\":{\"@id\":\"https:\\\/\\\/quehacerpolitico.mx\\\/?p=39690\"},\"author\":{\"name\":\"Redacci\u00f3n QP\",\"@id\":\"https:\\\/\\\/quehacerpolitico.mx\\\/#\\\/schema\\\/person\\\/496d8ad2d1d3f8036101dca7ee39e585\"},\"headline\":\"Choque en el SME rencillas del pasado\",\"datePublished\":\"2019-09-28T04:09:44+00:00\",\"mainEntityOfPage\":{\"@id\":\"https:\\\/\\\/quehacerpolitico.mx\\\/?p=39690\"},\"wordCount\":818,\"commentCount\":0,\"image\":{\"@id\":\"https:\\\/\\\/quehacerpolitico.mx\\\/?p=39690#primaryimage\"},\"thumbnailUrl\":\"\",\"articleSection\":[\"CDMX\"],\"inLanguage\":\"es\",\"potentialAction\":[{\"@type\":\"CommentAction\",\"name\":\"Comment\",\"target\":[\"https:\\\/\\\/quehacerpolitico.mx\\\/?p=39690#respond\"]}]},{\"@type\":\"WebPage\",\"@id\":\"https:\\\/\\\/quehacerpolitico.mx\\\/?p=39690\",\"url\":\"https:\\\/\\\/quehacerpolitico.mx\\\/?p=39690\",\"name\":\"Choque en el SME rencillas del pasado -\",\"isPartOf\":{\"@id\":\"https:\\\/\\\/quehacerpolitico.mx\\\/#website\"},\"primaryImageOfPage\":{\"@id\":\"https:\\\/\\\/quehacerpolitico.mx\\\/?p=39690#primaryimage\"},\"image\":{\"@id\":\"https:\\\/\\\/quehacerpolitico.mx\\\/?p=39690#primaryimage\"},\"thumbnailUrl\":\"\",\"datePublished\":\"2019-09-28T04:09:44+00:00\",\"author\":{\"@id\":\"https:\\\/\\\/quehacerpolitico.mx\\\/#\\\/schema\\\/person\\\/496d8ad2d1d3f8036101dca7ee39e585\"},\"breadcrumb\":{\"@id\":\"https:\\\/\\\/quehacerpolitico.mx\\\/?p=39690#breadcrumb\"},\"inLanguage\":\"es\",\"potentialAction\":[{\"@type\":\"ReadAction\",\"target\":[\"https:\\\/\\\/quehacerpolitico.mx\\\/?p=39690\"]}]},{\"@type\":\"ImageObject\",\"inLanguage\":\"es\",\"@id\":\"https:\\\/\\\/quehacerpolitico.mx\\\/?p=39690#primaryimage\",\"url\":\"\",\"contentUrl\":\"\"},{\"@type\":\"BreadcrumbList\",\"@id\":\"https:\\\/\\\/quehacerpolitico.mx\\\/?p=39690#breadcrumb\",\"itemListElement\":[{\"@type\":\"ListItem\",\"position\":1,\"name\":\"Inicio\",\"item\":\"https:\\\/\\\/quehacerpolitico.mx\\\/\"},{\"@type\":\"ListItem\",\"position\":2,\"name\":\"Choque en el SME rencillas del pasado\"}]},{\"@type\":\"WebSite\",\"@id\":\"https:\\\/\\\/quehacerpolitico.mx\\\/#website\",\"url\":\"https:\\\/\\\/quehacerpolitico.mx\\\/\",\"name\":\"\",\"description\":\"\",\"potentialAction\":[{\"@type\":\"SearchAction\",\"target\":{\"@type\":\"EntryPoint\",\"urlTemplate\":\"https:\\\/\\\/quehacerpolitico.mx\\\/?s={search_term_string}\"},\"query-input\":{\"@type\":\"PropertyValueSpecification\",\"valueRequired\":true,\"valueName\":\"search_term_string\"}}],\"inLanguage\":\"es\"},{\"@type\":\"Person\",\"@id\":\"https:\\\/\\\/quehacerpolitico.mx\\\/#\\\/schema\\\/person\\\/496d8ad2d1d3f8036101dca7ee39e585\",\"name\":\"Redacci\u00f3n QP\",\"image\":{\"@type\":\"ImageObject\",\"inLanguage\":\"es\",\"@id\":\"https:\\\/\\\/secure.gravatar.com\\\/avatar\\\/c7164ed6fdec453195284ad24a5ae5b6e1eed2b848477fa2a4787ba9adf39a41?s=96&d=mm&r=g\",\"url\":\"https:\\\/\\\/secure.gravatar.com\\\/avatar\\\/c7164ed6fdec453195284ad24a5ae5b6e1eed2b848477fa2a4787ba9adf39a41?s=96&d=mm&r=g\",\"contentUrl\":\"https:\\\/\\\/secure.gravatar.com\\\/avatar\\\/c7164ed6fdec453195284ad24a5ae5b6e1eed2b848477fa2a4787ba9adf39a41?s=96&d=mm&r=g\",\"caption\":\"Redacci\u00f3n QP\"},\"url\":\"https:\\\/\\\/quehacerpolitico.mx\\\/?author=2\"}]}<\/script>\n<!-- \/ Yoast SEO plugin. -->","yoast_head_json":{"title":"Choque en el SME rencillas del pasado -","robots":{"index":"index","follow":"follow","max-snippet":"max-snippet:-1","max-image-preview":"max-image-preview:large","max-video-preview":"max-video-preview:-1"},"canonical":"https:\/\/quehacerpolitico.mx\/?p=39690","og_locale":"es_MX","og_type":"article","og_title":"Choque en el SME rencillas del pasado -","og_description":"Choque en el SME rencillas del pasado Por Redacci\u00f3n QP","og_url":"https:\/\/quehacerpolitico.mx\/?p=39690","article_published_time":"2019-09-28T04:09:44+00:00","author":"Redacci\u00f3n QP","twitter_card":"summary_large_image","twitter_misc":{"Escrito por":"Redacci\u00f3n QP","Tiempo de lectura":"4 minutos"},"schema":{"@context":"https:\/\/schema.org","@graph":[{"@type":"Article","@id":"https:\/\/quehacerpolitico.mx\/?p=39690#article","isPartOf":{"@id":"https:\/\/quehacerpolitico.mx\/?p=39690"},"author":{"name":"Redacci\u00f3n QP","@id":"https:\/\/quehacerpolitico.mx\/#\/schema\/person\/496d8ad2d1d3f8036101dca7ee39e585"},"headline":"Choque en el SME rencillas del pasado","datePublished":"2019-09-28T04:09:44+00:00","mainEntityOfPage":{"@id":"https:\/\/quehacerpolitico.mx\/?p=39690"},"wordCount":818,"commentCount":0,"image":{"@id":"https:\/\/quehacerpolitico.mx\/?p=39690#primaryimage"},"thumbnailUrl":"","articleSection":["CDMX"],"inLanguage":"es","potentialAction":[{"@type":"CommentAction","name":"Comment","target":["https:\/\/quehacerpolitico.mx\/?p=39690#respond"]}]},{"@type":"WebPage","@id":"https:\/\/quehacerpolitico.mx\/?p=39690","url":"https:\/\/quehacerpolitico.mx\/?p=39690","name":"Choque en el SME rencillas del pasado -","isPartOf":{"@id":"https:\/\/quehacerpolitico.mx\/#website"},"primaryImageOfPage":{"@id":"https:\/\/quehacerpolitico.mx\/?p=39690#primaryimage"},"image":{"@id":"https:\/\/quehacerpolitico.mx\/?p=39690#primaryimage"},"thumbnailUrl":"","datePublished":"2019-09-28T04:09:44+00:00","author":{"@id":"https:\/\/quehacerpolitico.mx\/#\/schema\/person\/496d8ad2d1d3f8036101dca7ee39e585"},"breadcrumb":{"@id":"https:\/\/quehacerpolitico.mx\/?p=39690#breadcrumb"},"inLanguage":"es","potentialAction":[{"@type":"ReadAction","target":["https:\/\/quehacerpolitico.mx\/?p=39690"]}]},{"@type":"ImageObject","inLanguage":"es","@id":"https:\/\/quehacerpolitico.mx\/?p=39690#primaryimage","url":"","contentUrl":""},{"@type":"BreadcrumbList","@id":"https:\/\/quehacerpolitico.mx\/?p=39690#breadcrumb","itemListElement":[{"@type":"ListItem","position":1,"name":"Inicio","item":"https:\/\/quehacerpolitico.mx\/"},{"@type":"ListItem","position":2,"name":"Choque en el SME rencillas del pasado"}]},{"@type":"WebSite","@id":"https:\/\/quehacerpolitico.mx\/#website","url":"https:\/\/quehacerpolitico.mx\/","name":"","description":"","potentialAction":[{"@type":"SearchAction","target":{"@type":"EntryPoint","urlTemplate":"https:\/\/quehacerpolitico.mx\/?s={search_term_string}"},"query-input":{"@type":"PropertyValueSpecification","valueRequired":true,"valueName":"search_term_string"}}],"inLanguage":"es"},{"@type":"Person","@id":"https:\/\/quehacerpolitico.mx\/#\/schema\/person\/496d8ad2d1d3f8036101dca7ee39e585","name":"Redacci\u00f3n QP","image":{"@type":"ImageObject","inLanguage":"es","@id":"https:\/\/secure.gravatar.com\/avatar\/c7164ed6fdec453195284ad24a5ae5b6e1eed2b848477fa2a4787ba9adf39a41?s=96&d=mm&r=g","url":"https:\/\/secure.gravatar.com\/avatar\/c7164ed6fdec453195284ad24a5ae5b6e1eed2b848477fa2a4787ba9adf39a41?s=96&d=mm&r=g","contentUrl":"https:\/\/secure.gravatar.com\/avatar\/c7164ed6fdec453195284ad24a5ae5b6e1eed2b848477fa2a4787ba9adf39a41?s=96&d=mm&r=g","caption":"Redacci\u00f3n QP"},"url":"https:\/\/quehacerpolitico.mx\/?author=2"}]}},"featured_image_urls":{"full":"","thumbnail":"","medium":"","medium_large":"","large":"","1536x1536":"","2048x2048":"","covernews-featured":"","covernews-medium":""},"author_info":{"display_name":"Redacci\u00f3n QP","author_link":"https:\/\/quehacerpolitico.mx\/?author=2"},"category_info":"<a href=\"https:\/\/quehacerpolitico.mx\/?cat=55\" rel=\"category\">CDMX<\/a>","tag_info":"CDMX","comment_count":"0","_links":{"self":[{"href":"https:\/\/quehacerpolitico.mx\/index.php?rest_route=\/wp\/v2\/posts\/39690","targetHints":{"allow":["GET"]}}],"collection":[{"href":"https:\/\/quehacerpolitico.mx\/index.php?rest_route=\/wp\/v2\/posts"}],"about":[{"href":"https:\/\/quehacerpolitico.mx\/index.php?rest_route=\/wp\/v2\/types\/post"}],"author":[{"embeddable":true,"href":"https:\/\/quehacerpolitico.mx\/index.php?rest_route=\/wp\/v2\/users\/2"}],"replies":[{"embeddable":true,"href":"https:\/\/quehacerpolitico.mx\/index.php?rest_route=%2Fwp%2Fv2%2Fcomments&post=39690"}],"version-history":[{"count":0,"href":"https:\/\/quehacerpolitico.mx\/index.php?rest_route=\/wp\/v2\/posts\/39690\/revisions"}],"wp:featuredmedia":[{"embeddable":true,"href":"https:\/\/quehacerpolitico.mx\/index.php?rest_route=\/"}],"wp:attachment":[{"href":"https:\/\/quehacerpolitico.mx\/index.php?rest_route=%2Fwp%2Fv2%2Fmedia&parent=39690"}],"wp:term":[{"taxonomy":"category","embeddable":true,"href":"https:\/\/quehacerpolitico.mx\/index.php?rest_route=%2Fwp%2Fv2%2Fcategories&post=39690"},{"taxonomy":"post_tag","embeddable":true,"href":"https:\/\/quehacerpolitico.mx\/index.php?rest_route=%2Fwp%2Fv2%2Ftags&post=39690"}],"curies":[{"name":"wp","href":"https:\/\/api.w.org\/{rel}","templated":true}]}}