{"id":39687,"date":"2019-09-28T03:50:01","date_gmt":"2019-09-28T03:50:01","guid":{"rendered":"http:\/\/quehacerpolitico.mx\/penelope-cruz-recibe-el-premio-donostia-en-san-sebastian\/"},"modified":"2019-09-28T03:50:01","modified_gmt":"2019-09-28T03:50:01","slug":"penelope-cruz-recibe-el-premio-donostia-en-san-sebastian","status":"publish","type":"post","link":"https:\/\/quehacerpolitico.mx\/?p=39687","title":{"rendered":"Pen\u00e9lope Cruz recibe el Premio Donostia en San Sebasti\u00e1n"},"content":{"rendered":"<h1 class=\"news-title\">Pen\u00e9lope Cruz recibe el Premio Donostia en San Sebasti\u00e1n<br \/>Por Redacci\u00f3n QP<\/h1>\n<p>Luego de recibir el galard\u00f3n de manos de Bono, vocalista de U2, en su discurso la actriz record\u00f3 a las v\u00edctimas de la violencia machista<\/p>\n<p><iframe loading=\"lazy\" title=\"Ceremonia de entrega Premio Donostia PEN\u00c9LOPE CRUZ - 2019\" width=\"640\" height=\"360\" src=\"https:\/\/www.youtube.com\/embed\/AaDE_5FDZvs?feature=oembed\" frameborder=\"0\" allow=\"accelerometer; autoplay; clipboard-write; encrypted-media; gyroscope; picture-in-picture; web-share\" referrerpolicy=\"strict-origin-when-cross-origin\" allowfullscreen><\/iframe><\/p>\n<p>La actriz Penelope Cruz\u00a0recogi\u00f3 esta noche el tercer Premio Donostia de la 67 edici\u00f3n del Festival de Cine de San Sebasti\u00e1n de manos del l\u00edder de la banda irlandesa U2, Bono, y en su discurso de agradecimiento record\u00f3 a las mujeres que sufren &#8220;la violencia de g\u00e9nero&#8221;.<\/p>\n<blockquote>\n<p>&#8220;Espero que cuando una mujer encuentre la fuerza que se necesita para denunciar lo que se vive en una situaci\u00f3n as\u00ed, la escuchen, pero que la escuchen a la primera&#8221;<\/p>\n<\/blockquote>\n<p>Tras hacer un recorrido de sue\u00f1os cumplidos y agradecimientos, la actriz hizo referencia a &#8220;algo que no tiene que ver con el cine, pero el cine tiene que ver con la vida&#8221;, para acto seguido<strong>recordar las escalofriantes cifras: 44 mujeres asesinadas en lo que va de a\u00f1o y m\u00e1s de mil desde 2003.<\/strong><\/p>\n<div class=\"teads_ad\">\n<div id=\"div-gpt-ad-1548262875188-0\" data-google-query-id=\"CLrLpJ_N8uQCFUWCAQodEBUBzA\">\n<div id=\"google_ads_iframe_\/1001694\/INF_intext_1_0__container__\">&#8220;Espero que cuando una mujer encuentre la fuerza gigantesca que se necesita para denunciar lo que se vive en una situaci\u00f3n as\u00ed, la escuchen, pero que la escuchen a la primera y no cuando sea demasiado tarde&#8221;, pidi\u00f3.<\/div>\n<div>\n<p>Tambi\u00e9n dijo que su &#8220;principal sue\u00f1o&#8221; en este momento es que &#8220;entre todos podamos proteger este hogar com\u00fan que es el mundo y demos una raz\u00f3n a los ni\u00f1os para seguir so\u00f1ando, que nos demos cuenta de todos somos uno&#8221;.<\/p>\n<div>\n<figure class=\"image long\"><img decoding=\"async\" title=\"\" src=\"https:\/\/www.informador.mx\/export\/sites\/elinformador\/img\/2019\/09\/27\/p2_crop1569629003893.jpg_923533243.jpg\" alt=\"\" hspace=\"5\" vspace=\"5\" data-height=\"1856\" data-size=\"w:2965,h:1856\" data-width=\"2965\" \/><\/figure>\n<\/div>\n<p>El acto en el Palacio del Kursaal comenz\u00f3 con un repaso a la trayectoria de la actriz espa\u00f1ola m\u00e1s internacional, la \u00fanica que tiene un \u00d3scar, por &#8220;Vicky, Cristina, Barcelona&#8221; (2008), y fue nominada otras dos veces, con &#8220;Volver&#8221; (2006) y por el musical &#8220;Nine&#8221; (2009). Adem\u00e1s, estaba en el elenco de &#8220;Belle epoque&#8221; (1992), que gan\u00f3 el \u00d3scar a mejor cinta extranjera.<\/p>\n<p>A continuaci\u00f3n sali\u00f3 al escenario el director del certamen, Jos\u00e9 Luis Rebordinos para dar la gran sorpresa de la noche: el cantante Bono, que entr\u00f3 dando saltos en el escenario y caus\u00f3 el delirio entre el p\u00fablico, puesto en pie.<\/p>\n<blockquote>\n<p>&#8220;Los artistas solemos perdernos en nosotros. Pen\u00e9lope se pierde en todos los dem\u00e1s y por eso nosotros nos perdemos en ti&#8221;<\/p>\n<\/blockquote>\n<p><strong>Bono destac\u00f3 la importancia de la familia para Pen\u00e9lope Cruz, dentro y fuera de la pantalla<\/strong>, y se declar\u00f3 &#8220;orgulloso&#8221; de formar parte de la suya en la vida real.<\/p>\n<p>&#8220;Los artistas solemos perdernos en nosotros. Pen\u00e9lope se pierde en todos los dem\u00e1s y por eso nosotros nos perdemos en ti&#8221;, ha concluido el cantante interpel\u00e1ndola directamente.<\/p>\n<p>La actriz\u00a0madrile\u00f1a de 45 a\u00f1os comenz\u00f3 su discurso calific\u00e1ndose como &#8220;una gran so\u00f1adora&#8221; y asegur\u00f3 que sus dos grandes sue\u00f1os se han cumplido: ser madre y la interpretaci\u00f3n.<\/p>\n<div>\n<figure class=\"image long\"><img decoding=\"async\" title=\"\" src=\"https:\/\/www.informador.mx\/export\/sites\/elinformador\/img\/2019\/09\/27\/p3_crop1569629117398.jpg_201763877.jpg\" alt=\"\" hspace=\"5\" vspace=\"5\" data-height=\"2843\" data-size=\"w:4546,h:2843\" data-width=\"4546\" \/><\/figure>\n<\/div>\n<p>Sobre su oficio, destac\u00f3 que es &#8220;una necesidad&#8221; por la que siente &#8220;un respeto y un amor que no hace m\u00e1s que crecer&#8221;.<\/p>\n<p>La lista de agradecimientos comenz\u00f3 por sus padres, &#8220;por no invalidarme nunca y darme la libertad de elegir&#8221;, se\u00f1al\u00f3. Y continu\u00f3 con Pedro Almod\u00f3var, Bigas Luna, Fernando Trueba y todos los directores que han confiado en ella.<\/p>\n<p>Tambi\u00e9n record\u00f3 a sus profesores, a su representante Katrina Bayonas, y a su familia m\u00e1s cercana.<\/p>\n<div>\n<figure class=\"image long\"><img decoding=\"async\" title=\"\" src=\"https:\/\/www.informador.mx\/export\/sites\/elinformador\/img\/2019\/09\/27\/p4_crop1569629227045.jpg_98490048.jpg\" alt=\"\" hspace=\"5\" vspace=\"5\" data-height=\"2525\" data-size=\"w:4036,h:2525\" data-width=\"4036\" \/><\/figure>\n<\/div>\n<p>&#8220;A mis dos preciosos hijos y a mi marido Javier, el compa\u00f1ero de viaje m\u00e1s maravilloso que se puede tener; y s\u00ed, \u00e9l tambi\u00e9n estaba incluido en mis sue\u00f1os y est\u00e1 aqu\u00ed conmigo&#8221;, precis\u00f3, ante lo cual el actor, en una de las filas traseras del auditorio, se puso en pie y salud\u00f3 a su esposa y al p\u00fablico.<\/p>\n<p>Pen\u00e9lope Cruz se convirti\u00f3 esta noche en la segunda actriz espa\u00f1ola en conseguir el Premio Donostia despu\u00e9s de Carmen Maura y en la mujer m\u00e1s joven que lo logra -Matt Dillon, con 42 a\u00f1os, se lo llev\u00f3 en 2006-.<\/p>\n<p>Tambi\u00e9n tiene un BAFTA, un C\u00e9sar honor\u00edfico y tres premios Goya de once nominaciones; asimismo, ha trabajado con directores como Pedro Almod\u00f3var, Fernando Trueba, Fernando Le\u00f3n de Aranoa, Bigas Luna, Julio Medem, Asghar Farhadi, Woody Allen, Kenneth Branagh, Ridley Scott Olivier Assayas o Rob Marshall.<\/p>\n<p>Con informaci\u00f3n de EFE<\/p>\n<\/div>\n<\/div>\n<\/div>\n","protected":false},"excerpt":{"rendered":"<p>Pen\u00e9lope Cruz recibe el Premio Donostia en San Sebasti\u00e1n<br \/>\nPor Redacci\u00f3n QP<\/p>\n","protected":false},"author":2,"featured_media":39686,"comment_status":"open","ping_status":"open","sticky":false,"template":"","format":"standard","meta":{"_monsterinsights_skip_tracking":false,"_monsterinsights_sitenote_active":false,"_monsterinsights_sitenote_note":"","_monsterinsights_sitenote_category":0,"footnotes":""},"categories":[58],"tags":[],"class_list":["post-39687","post","type-post","status-publish","format-standard","has-post-thumbnail","hentry","category-cultura"],"yoast_head":"<!-- This site is optimized with the Yoast SEO plugin v27.3 - https:\/\/yoast.com\/product\/yoast-seo-wordpress\/ -->\n<title>Pen\u00e9lope Cruz recibe el Premio Donostia en San Sebasti\u00e1n -<\/title>\n<meta name=\"robots\" content=\"index, follow, max-snippet:-1, max-image-preview:large, max-video-preview:-1\" \/>\n<link rel=\"canonical\" href=\"https:\/\/quehacerpolitico.mx\/?p=39687\" \/>\n<meta property=\"og:locale\" content=\"es_MX\" \/>\n<meta property=\"og:type\" content=\"article\" \/>\n<meta property=\"og:title\" content=\"Pen\u00e9lope Cruz recibe el Premio Donostia en San Sebasti\u00e1n -\" \/>\n<meta property=\"og:description\" content=\"Pen\u00e9lope Cruz recibe el Premio Donostia en San Sebasti\u00e1n Por Redacci\u00f3n QP\" \/>\n<meta property=\"og:url\" content=\"https:\/\/quehacerpolitico.mx\/?p=39687\" \/>\n<meta property=\"article:published_time\" content=\"2019-09-28T03:50:01+00:00\" \/>\n<meta name=\"author\" content=\"Redacci\u00f3n QP\" \/>\n<meta name=\"twitter:card\" content=\"summary_large_image\" \/>\n<meta name=\"twitter:label1\" content=\"Escrito por\" \/>\n\t<meta name=\"twitter:data1\" content=\"Redacci\u00f3n QP\" \/>\n\t<meta name=\"twitter:label2\" content=\"Tiempo de lectura\" \/>\n\t<meta name=\"twitter:data2\" content=\"4 minutos\" \/>\n<script type=\"application\/ld+json\" class=\"yoast-schema-graph\">{\"@context\":\"https:\\\/\\\/schema.org\",\"@graph\":[{\"@type\":\"Article\",\"@id\":\"https:\\\/\\\/quehacerpolitico.mx\\\/?p=39687#article\",\"isPartOf\":{\"@id\":\"https:\\\/\\\/quehacerpolitico.mx\\\/?p=39687\"},\"author\":{\"name\":\"Redacci\u00f3n QP\",\"@id\":\"https:\\\/\\\/quehacerpolitico.mx\\\/#\\\/schema\\\/person\\\/496d8ad2d1d3f8036101dca7ee39e585\"},\"headline\":\"Pen\u00e9lope Cruz recibe el Premio Donostia en San Sebasti\u00e1n\",\"datePublished\":\"2019-09-28T03:50:01+00:00\",\"mainEntityOfPage\":{\"@id\":\"https:\\\/\\\/quehacerpolitico.mx\\\/?p=39687\"},\"wordCount\":743,\"commentCount\":0,\"image\":{\"@id\":\"https:\\\/\\\/quehacerpolitico.mx\\\/?p=39687#primaryimage\"},\"thumbnailUrl\":\"\",\"articleSection\":[\"Cultura y Entretenimiento\"],\"inLanguage\":\"es\",\"potentialAction\":[{\"@type\":\"CommentAction\",\"name\":\"Comment\",\"target\":[\"https:\\\/\\\/quehacerpolitico.mx\\\/?p=39687#respond\"]}]},{\"@type\":\"WebPage\",\"@id\":\"https:\\\/\\\/quehacerpolitico.mx\\\/?p=39687\",\"url\":\"https:\\\/\\\/quehacerpolitico.mx\\\/?p=39687\",\"name\":\"Pen\u00e9lope Cruz recibe el Premio Donostia en San Sebasti\u00e1n -\",\"isPartOf\":{\"@id\":\"https:\\\/\\\/quehacerpolitico.mx\\\/#website\"},\"primaryImageOfPage\":{\"@id\":\"https:\\\/\\\/quehacerpolitico.mx\\\/?p=39687#primaryimage\"},\"image\":{\"@id\":\"https:\\\/\\\/quehacerpolitico.mx\\\/?p=39687#primaryimage\"},\"thumbnailUrl\":\"\",\"datePublished\":\"2019-09-28T03:50:01+00:00\",\"author\":{\"@id\":\"https:\\\/\\\/quehacerpolitico.mx\\\/#\\\/schema\\\/person\\\/496d8ad2d1d3f8036101dca7ee39e585\"},\"breadcrumb\":{\"@id\":\"https:\\\/\\\/quehacerpolitico.mx\\\/?p=39687#breadcrumb\"},\"inLanguage\":\"es\",\"potentialAction\":[{\"@type\":\"ReadAction\",\"target\":[\"https:\\\/\\\/quehacerpolitico.mx\\\/?p=39687\"]}]},{\"@type\":\"ImageObject\",\"inLanguage\":\"es\",\"@id\":\"https:\\\/\\\/quehacerpolitico.mx\\\/?p=39687#primaryimage\",\"url\":\"\",\"contentUrl\":\"\"},{\"@type\":\"BreadcrumbList\",\"@id\":\"https:\\\/\\\/quehacerpolitico.mx\\\/?p=39687#breadcrumb\",\"itemListElement\":[{\"@type\":\"ListItem\",\"position\":1,\"name\":\"Inicio\",\"item\":\"https:\\\/\\\/quehacerpolitico.mx\\\/\"},{\"@type\":\"ListItem\",\"position\":2,\"name\":\"Pen\u00e9lope Cruz recibe el Premio Donostia en San Sebasti\u00e1n\"}]},{\"@type\":\"WebSite\",\"@id\":\"https:\\\/\\\/quehacerpolitico.mx\\\/#website\",\"url\":\"https:\\\/\\\/quehacerpolitico.mx\\\/\",\"name\":\"\",\"description\":\"\",\"potentialAction\":[{\"@type\":\"SearchAction\",\"target\":{\"@type\":\"EntryPoint\",\"urlTemplate\":\"https:\\\/\\\/quehacerpolitico.mx\\\/?s={search_term_string}\"},\"query-input\":{\"@type\":\"PropertyValueSpecification\",\"valueRequired\":true,\"valueName\":\"search_term_string\"}}],\"inLanguage\":\"es\"},{\"@type\":\"Person\",\"@id\":\"https:\\\/\\\/quehacerpolitico.mx\\\/#\\\/schema\\\/person\\\/496d8ad2d1d3f8036101dca7ee39e585\",\"name\":\"Redacci\u00f3n QP\",\"image\":{\"@type\":\"ImageObject\",\"inLanguage\":\"es\",\"@id\":\"https:\\\/\\\/secure.gravatar.com\\\/avatar\\\/c7164ed6fdec453195284ad24a5ae5b6e1eed2b848477fa2a4787ba9adf39a41?s=96&d=mm&r=g\",\"url\":\"https:\\\/\\\/secure.gravatar.com\\\/avatar\\\/c7164ed6fdec453195284ad24a5ae5b6e1eed2b848477fa2a4787ba9adf39a41?s=96&d=mm&r=g\",\"contentUrl\":\"https:\\\/\\\/secure.gravatar.com\\\/avatar\\\/c7164ed6fdec453195284ad24a5ae5b6e1eed2b848477fa2a4787ba9adf39a41?s=96&d=mm&r=g\",\"caption\":\"Redacci\u00f3n QP\"},\"url\":\"https:\\\/\\\/quehacerpolitico.mx\\\/?author=2\"}]}<\/script>\n<!-- \/ Yoast SEO plugin. -->","yoast_head_json":{"title":"Pen\u00e9lope Cruz recibe el Premio Donostia en San Sebasti\u00e1n -","robots":{"index":"index","follow":"follow","max-snippet":"max-snippet:-1","max-image-preview":"max-image-preview:large","max-video-preview":"max-video-preview:-1"},"canonical":"https:\/\/quehacerpolitico.mx\/?p=39687","og_locale":"es_MX","og_type":"article","og_title":"Pen\u00e9lope Cruz recibe el Premio Donostia en San Sebasti\u00e1n -","og_description":"Pen\u00e9lope Cruz recibe el Premio Donostia en San Sebasti\u00e1n Por Redacci\u00f3n QP","og_url":"https:\/\/quehacerpolitico.mx\/?p=39687","article_published_time":"2019-09-28T03:50:01+00:00","author":"Redacci\u00f3n QP","twitter_card":"summary_large_image","twitter_misc":{"Escrito por":"Redacci\u00f3n QP","Tiempo de lectura":"4 minutos"},"schema":{"@context":"https:\/\/schema.org","@graph":[{"@type":"Article","@id":"https:\/\/quehacerpolitico.mx\/?p=39687#article","isPartOf":{"@id":"https:\/\/quehacerpolitico.mx\/?p=39687"},"author":{"name":"Redacci\u00f3n QP","@id":"https:\/\/quehacerpolitico.mx\/#\/schema\/person\/496d8ad2d1d3f8036101dca7ee39e585"},"headline":"Pen\u00e9lope Cruz recibe el Premio Donostia en San Sebasti\u00e1n","datePublished":"2019-09-28T03:50:01+00:00","mainEntityOfPage":{"@id":"https:\/\/quehacerpolitico.mx\/?p=39687"},"wordCount":743,"commentCount":0,"image":{"@id":"https:\/\/quehacerpolitico.mx\/?p=39687#primaryimage"},"thumbnailUrl":"","articleSection":["Cultura y Entretenimiento"],"inLanguage":"es","potentialAction":[{"@type":"CommentAction","name":"Comment","target":["https:\/\/quehacerpolitico.mx\/?p=39687#respond"]}]},{"@type":"WebPage","@id":"https:\/\/quehacerpolitico.mx\/?p=39687","url":"https:\/\/quehacerpolitico.mx\/?p=39687","name":"Pen\u00e9lope Cruz recibe el Premio Donostia en San Sebasti\u00e1n -","isPartOf":{"@id":"https:\/\/quehacerpolitico.mx\/#website"},"primaryImageOfPage":{"@id":"https:\/\/quehacerpolitico.mx\/?p=39687#primaryimage"},"image":{"@id":"https:\/\/quehacerpolitico.mx\/?p=39687#primaryimage"},"thumbnailUrl":"","datePublished":"2019-09-28T03:50:01+00:00","author":{"@id":"https:\/\/quehacerpolitico.mx\/#\/schema\/person\/496d8ad2d1d3f8036101dca7ee39e585"},"breadcrumb":{"@id":"https:\/\/quehacerpolitico.mx\/?p=39687#breadcrumb"},"inLanguage":"es","potentialAction":[{"@type":"ReadAction","target":["https:\/\/quehacerpolitico.mx\/?p=39687"]}]},{"@type":"ImageObject","inLanguage":"es","@id":"https:\/\/quehacerpolitico.mx\/?p=39687#primaryimage","url":"","contentUrl":""},{"@type":"BreadcrumbList","@id":"https:\/\/quehacerpolitico.mx\/?p=39687#breadcrumb","itemListElement":[{"@type":"ListItem","position":1,"name":"Inicio","item":"https:\/\/quehacerpolitico.mx\/"},{"@type":"ListItem","position":2,"name":"Pen\u00e9lope Cruz recibe el Premio Donostia en San Sebasti\u00e1n"}]},{"@type":"WebSite","@id":"https:\/\/quehacerpolitico.mx\/#website","url":"https:\/\/quehacerpolitico.mx\/","name":"","description":"","potentialAction":[{"@type":"SearchAction","target":{"@type":"EntryPoint","urlTemplate":"https:\/\/quehacerpolitico.mx\/?s={search_term_string}"},"query-input":{"@type":"PropertyValueSpecification","valueRequired":true,"valueName":"search_term_string"}}],"inLanguage":"es"},{"@type":"Person","@id":"https:\/\/quehacerpolitico.mx\/#\/schema\/person\/496d8ad2d1d3f8036101dca7ee39e585","name":"Redacci\u00f3n QP","image":{"@type":"ImageObject","inLanguage":"es","@id":"https:\/\/secure.gravatar.com\/avatar\/c7164ed6fdec453195284ad24a5ae5b6e1eed2b848477fa2a4787ba9adf39a41?s=96&d=mm&r=g","url":"https:\/\/secure.gravatar.com\/avatar\/c7164ed6fdec453195284ad24a5ae5b6e1eed2b848477fa2a4787ba9adf39a41?s=96&d=mm&r=g","contentUrl":"https:\/\/secure.gravatar.com\/avatar\/c7164ed6fdec453195284ad24a5ae5b6e1eed2b848477fa2a4787ba9adf39a41?s=96&d=mm&r=g","caption":"Redacci\u00f3n QP"},"url":"https:\/\/quehacerpolitico.mx\/?author=2"}]}},"featured_image_urls":{"full":"","thumbnail":"","medium":"","medium_large":"","large":"","1536x1536":"","2048x2048":"","covernews-featured":"","covernews-medium":""},"author_info":{"display_name":"Redacci\u00f3n QP","author_link":"https:\/\/quehacerpolitico.mx\/?author=2"},"category_info":"<a href=\"https:\/\/quehacerpolitico.mx\/?cat=58\" rel=\"category\">Cultura y Entretenimiento<\/a>","tag_info":"Cultura y Entretenimiento","comment_count":"0","_links":{"self":[{"href":"https:\/\/quehacerpolitico.mx\/index.php?rest_route=\/wp\/v2\/posts\/39687","targetHints":{"allow":["GET"]}}],"collection":[{"href":"https:\/\/quehacerpolitico.mx\/index.php?rest_route=\/wp\/v2\/posts"}],"about":[{"href":"https:\/\/quehacerpolitico.mx\/index.php?rest_route=\/wp\/v2\/types\/post"}],"author":[{"embeddable":true,"href":"https:\/\/quehacerpolitico.mx\/index.php?rest_route=\/wp\/v2\/users\/2"}],"replies":[{"embeddable":true,"href":"https:\/\/quehacerpolitico.mx\/index.php?rest_route=%2Fwp%2Fv2%2Fcomments&post=39687"}],"version-history":[{"count":0,"href":"https:\/\/quehacerpolitico.mx\/index.php?rest_route=\/wp\/v2\/posts\/39687\/revisions"}],"wp:featuredmedia":[{"embeddable":true,"href":"https:\/\/quehacerpolitico.mx\/index.php?rest_route=\/"}],"wp:attachment":[{"href":"https:\/\/quehacerpolitico.mx\/index.php?rest_route=%2Fwp%2Fv2%2Fmedia&parent=39687"}],"wp:term":[{"taxonomy":"category","embeddable":true,"href":"https:\/\/quehacerpolitico.mx\/index.php?rest_route=%2Fwp%2Fv2%2Fcategories&post=39687"},{"taxonomy":"post_tag","embeddable":true,"href":"https:\/\/quehacerpolitico.mx\/index.php?rest_route=%2Fwp%2Fv2%2Ftags&post=39687"}],"curies":[{"name":"wp","href":"https:\/\/api.w.org\/{rel}","templated":true}]}}