{"id":39678,"date":"2019-09-28T03:17:41","date_gmt":"2019-09-28T03:17:41","guid":{"rendered":"http:\/\/quehacerpolitico.mx\/vandalismo-mancha-movimiento-de-ayotzinapa-amlo\/"},"modified":"2019-09-28T03:17:41","modified_gmt":"2019-09-28T03:17:41","slug":"vandalismo-mancha-movimiento-de-ayotzinapa-amlo","status":"publish","type":"post","link":"https:\/\/quehacerpolitico.mx\/?p=39678","title":{"rendered":"Vandalismo mancha movimiento de Ayotzinapa : AMLO"},"content":{"rendered":"<p>Vandalismo mancha movimiento de Ayotzinapa : AMLO<br \/>Por Redacci\u00f3n QP<\/p>\n<p>El presidente Andr\u00e9s Manuel L\u00f3pez Obrador reiter\u00f3 su rechaz\u00f3 a los actos vand\u00e1licos que protagoniz\u00f3 un grupo durante la marcha para conmemorar el quinto aniversario de los sucesos de Ayotzinapa, pues s\u00f3lo manchan y echan a perder ese movimiento limpio y puro de padres y madres de familia que quieren saber el paradero de sus hijos.<\/p>\n<p>\u201cViene una marcha -por los hechos ocurridos entre el 26 y 27 de septiembre en Iguala, Guerrero- y saben cu\u00e1ntos protestaron de manera violencia: 100, 50 encapuchados y dicen que son anarquistas.<\/p>\n<p>&#8220;Hoy en la ma\u00f1ana dije: no son anarquistas, porque los anarquistas eran muy responsables y ten\u00edan ideas. Los (hermanos) Flores Mag\u00f3n, todos los que fueron precursores del movimiento revolucionario.<\/p>\n<p>\u201c(Ellos) son una especie de vandalismo-conservador. No son de izquierda. \u00bfC\u00f3mo va a ser anarquista alguien que destruye una librer\u00eda? \u00a1Imag\u00ednense! Eso no tiene nada qu\u00e9 ver con los movimientos sociales, hasta perjudica en este caso a los padres y madres de los j\u00f3venes de Ayotzinapa que con mucha raz\u00f3n est\u00e1n pidiendo que aparezcan sus hijos\u201d, apunt\u00f3.<\/p>\n<p>Por eso esos encapuchados \u201cechan a perder este movimiento o manchan ese movimiento limpio, puro que es de padres y madres que quieren saber d\u00f3nde quedaron sus 43 hijos, pero estos llegan y enrarecen el ambiente\u201d, dijo luego de recorrer el Hospital Rural de Buenaventura, donde estuvo acompa\u00f1ado por su gabinete de salud.<\/p>\n<p>En este tenor, ofreci\u00f3 40 mil millones de pesos para que se mejore el sistema de salud, luego del \u201czarpazo\u201d que se dio durante el neoliberalismo, por lo que se comprometi\u00f3 a que, en menos de un a\u00f1o, estar\u00e1 construido el hospital de esta entidad, \u201cel peor\u201d de los 63 que ha visitado de un total de 80 que integran en programa IMSS-Bienestar, al constatar que el techo \u201cse est\u00e1 cayendo\u201d.<\/p>\n<p>En el segundo punto de su gira de trabajo por esta entidad y que tambi\u00e9n lo llevar\u00e1 a Chihuahua, advirti\u00f3 a aquellos que les \u201ccrecen u\u00f1as\u201d que se les va dar manicura con tachuela, porque ya no hay corrupci\u00f3n arriba (en el gobierno), de ah\u00ed que mostr\u00f3 un pa\u00f1uelo blanco como se\u00f1al del fin de ese flagelo.<\/p>\n<p>\u201cQuisieron sabotear la entrega de medicinas para la atenci\u00f3n de c\u00e1ncer y si siguen as\u00ed vamos a seguir comprando en el extranjero las medicinas. Nada de sabotaje, tenemos que cuidar que el dinero alcance, pues este rinde cuando no hay corrupci\u00f3n y eficiencia\u201d, enfatiz\u00f3.<\/p>\n<p>Adem\u00e1s, abund\u00f3, nada de estar en oficinas recibiendo reportes, por ello todos los funcionarios deben visitar todo el pa\u00eds. \u201cEso de la vejez y juventud es estado de \u00e1nimo, nada que es asunto biol\u00f3gico, f\u00edsico y depende c\u00f3mo se sienta uno. Sin ganas no se hace nada en la vida, para todo se necesita tener ganas\u201d.<\/p>\n<p>El primer mandatario interrumpi\u00f3 brevemente su discurso luego de que le avisaron que una mujer se hab\u00eda desmayado, situaci\u00f3n que al final no pas\u00f3 a mayores; destac\u00f3 que acord\u00f3 con el gobierno local que se ir\u00e1n a \u201cmichas\u201d en la entrega del presupuesto para rehabilitar las escuelas.<\/p>\n<p>\u201cY saben qu\u00e9, acept\u00f3 el se\u00f1or gobernador (Miguel \u00c1ngel Riquelme). Hay como cuatro o cinco mil escuelas en Coahuila y en vez de que la secretar\u00eda de comunicaci\u00f3n y obra p\u00fablica del Gobierno Federal y la local entreguen el presupuesto, de la Secretar\u00eda de Obras va salir un cheque\u201d y se entregar\u00e1 a la asamblea de padres de familia.<\/p>\n<p>El programa se llama \u201cLa escuela es nuestra\u201d y le va llegar a\u00f1o con a\u00f1o su presupuesto, y en la asamblea los padres de familia van a decidir qu\u00e9 hacer con este programa, anot\u00f3 al destacar que la Federaci\u00f3n pondr\u00e1 11 mil millones de pesos y el estado har\u00eda lo propio para rehabilitar las escuelas.<\/p>\n<p>Se\u00f1al\u00f3 que los recursos a las escuelas ser\u00e1n repartidos con dos criterios: se les va dar m\u00e1s a los que viven en comunidades m\u00e1s apartadas y a los pobres y se entregar\u00e1 conforme al n\u00famero de alumnos, dado que existen escuelas multigrados en comunidades peque\u00f1as o rancher\u00edas que tienen 50 alumnos o m\u00e1s, con dos maestros que dan los seis grados.<\/p>\n<p>Al inicio de su discurso y de cara al 2020 que ser\u00e1 declarado como el a\u00f1o del centenario del asesinato de don Venustiano Carranza, ofreci\u00f3 que \u201cnunca va a desaparecer\u201d Cuatro Ci\u00e9negas, lugar natal del h\u00e9roe revolucionario.<\/p>\n<blockquote class=\"twitter-tweet\" data-width=\"550\" data-dnt=\"true\">\n<p lang=\"es\" dir=\"ltr\"><a href=\"https:\/\/twitter.com\/hashtag\/IMSSBienestar?src=hash&amp;ref_src=twsrc%5Etfw\">#IMSSBienestar<\/a> | Di\u00e1logo con la Comunidad del Hospital Rural San Buenaventura, en Coahuila. <a href=\"https:\/\/t.co\/Ijj7A8ooHm\">https:\/\/t.co\/Ijj7A8ooHm<\/a><\/p>\n<p>&mdash; Gobierno de M\u00e9xico (@GobiernoMX) <a href=\"https:\/\/twitter.com\/GobiernoMX\/status\/1177706610501664768?ref_src=twsrc%5Etfw\">September 27, 2019<\/a><\/p><\/blockquote>\n<p><script async src=\"https:\/\/platform.twitter.com\/widgets.js\" charset=\"utf-8\"><\/script><\/p>\n<p>\u00a0<\/p>\n","protected":false},"excerpt":{"rendered":"<p>Vandalismo mancha movimiento de Ayotzinapa : AMLO<br \/>\nPor Redacci\u00f3n QP<\/p>\n","protected":false},"author":2,"featured_media":39677,"comment_status":"open","ping_status":"open","sticky":false,"template":"","format":"standard","meta":{"_monsterinsights_skip_tracking":false,"_monsterinsights_sitenote_active":false,"_monsterinsights_sitenote_note":"","_monsterinsights_sitenote_category":0,"footnotes":""},"categories":[2],"tags":[],"class_list":["post-39678","post","type-post","status-publish","format-standard","has-post-thumbnail","hentry","category-noticias"],"yoast_head":"<!-- This site is optimized with the Yoast SEO plugin v27.3 - https:\/\/yoast.com\/product\/yoast-seo-wordpress\/ -->\n<title>Vandalismo mancha movimiento de Ayotzinapa : AMLO -<\/title>\n<meta name=\"robots\" content=\"index, follow, max-snippet:-1, max-image-preview:large, max-video-preview:-1\" \/>\n<link rel=\"canonical\" href=\"https:\/\/quehacerpolitico.mx\/?p=39678\" \/>\n<meta property=\"og:locale\" content=\"es_MX\" \/>\n<meta property=\"og:type\" content=\"article\" \/>\n<meta property=\"og:title\" content=\"Vandalismo mancha movimiento de Ayotzinapa : AMLO -\" \/>\n<meta property=\"og:description\" content=\"Vandalismo mancha movimiento de Ayotzinapa : AMLO Por Redacci\u00f3n QP\" \/>\n<meta property=\"og:url\" content=\"https:\/\/quehacerpolitico.mx\/?p=39678\" \/>\n<meta property=\"article:published_time\" content=\"2019-09-28T03:17:41+00:00\" \/>\n<meta name=\"author\" content=\"Redacci\u00f3n QP\" \/>\n<meta name=\"twitter:card\" content=\"summary_large_image\" \/>\n<meta name=\"twitter:label1\" content=\"Escrito por\" \/>\n\t<meta name=\"twitter:data1\" content=\"Redacci\u00f3n QP\" \/>\n\t<meta name=\"twitter:label2\" content=\"Tiempo de lectura\" \/>\n\t<meta name=\"twitter:data2\" content=\"4 minutos\" \/>\n<script type=\"application\/ld+json\" class=\"yoast-schema-graph\">{\"@context\":\"https:\\\/\\\/schema.org\",\"@graph\":[{\"@type\":\"Article\",\"@id\":\"https:\\\/\\\/quehacerpolitico.mx\\\/?p=39678#article\",\"isPartOf\":{\"@id\":\"https:\\\/\\\/quehacerpolitico.mx\\\/?p=39678\"},\"author\":{\"name\":\"Redacci\u00f3n QP\",\"@id\":\"https:\\\/\\\/quehacerpolitico.mx\\\/#\\\/schema\\\/person\\\/496d8ad2d1d3f8036101dca7ee39e585\"},\"headline\":\"Vandalismo mancha movimiento de Ayotzinapa : AMLO\",\"datePublished\":\"2019-09-28T03:17:41+00:00\",\"mainEntityOfPage\":{\"@id\":\"https:\\\/\\\/quehacerpolitico.mx\\\/?p=39678\"},\"wordCount\":777,\"commentCount\":0,\"image\":{\"@id\":\"https:\\\/\\\/quehacerpolitico.mx\\\/?p=39678#primaryimage\"},\"thumbnailUrl\":\"\",\"articleSection\":[\"Noticias\"],\"inLanguage\":\"es\",\"potentialAction\":[{\"@type\":\"CommentAction\",\"name\":\"Comment\",\"target\":[\"https:\\\/\\\/quehacerpolitico.mx\\\/?p=39678#respond\"]}]},{\"@type\":\"WebPage\",\"@id\":\"https:\\\/\\\/quehacerpolitico.mx\\\/?p=39678\",\"url\":\"https:\\\/\\\/quehacerpolitico.mx\\\/?p=39678\",\"name\":\"Vandalismo mancha movimiento de Ayotzinapa : AMLO -\",\"isPartOf\":{\"@id\":\"https:\\\/\\\/quehacerpolitico.mx\\\/#website\"},\"primaryImageOfPage\":{\"@id\":\"https:\\\/\\\/quehacerpolitico.mx\\\/?p=39678#primaryimage\"},\"image\":{\"@id\":\"https:\\\/\\\/quehacerpolitico.mx\\\/?p=39678#primaryimage\"},\"thumbnailUrl\":\"\",\"datePublished\":\"2019-09-28T03:17:41+00:00\",\"author\":{\"@id\":\"https:\\\/\\\/quehacerpolitico.mx\\\/#\\\/schema\\\/person\\\/496d8ad2d1d3f8036101dca7ee39e585\"},\"breadcrumb\":{\"@id\":\"https:\\\/\\\/quehacerpolitico.mx\\\/?p=39678#breadcrumb\"},\"inLanguage\":\"es\",\"potentialAction\":[{\"@type\":\"ReadAction\",\"target\":[\"https:\\\/\\\/quehacerpolitico.mx\\\/?p=39678\"]}]},{\"@type\":\"ImageObject\",\"inLanguage\":\"es\",\"@id\":\"https:\\\/\\\/quehacerpolitico.mx\\\/?p=39678#primaryimage\",\"url\":\"\",\"contentUrl\":\"\"},{\"@type\":\"BreadcrumbList\",\"@id\":\"https:\\\/\\\/quehacerpolitico.mx\\\/?p=39678#breadcrumb\",\"itemListElement\":[{\"@type\":\"ListItem\",\"position\":1,\"name\":\"Inicio\",\"item\":\"https:\\\/\\\/quehacerpolitico.mx\\\/\"},{\"@type\":\"ListItem\",\"position\":2,\"name\":\"Vandalismo mancha movimiento de Ayotzinapa : AMLO\"}]},{\"@type\":\"WebSite\",\"@id\":\"https:\\\/\\\/quehacerpolitico.mx\\\/#website\",\"url\":\"https:\\\/\\\/quehacerpolitico.mx\\\/\",\"name\":\"\",\"description\":\"\",\"potentialAction\":[{\"@type\":\"SearchAction\",\"target\":{\"@type\":\"EntryPoint\",\"urlTemplate\":\"https:\\\/\\\/quehacerpolitico.mx\\\/?s={search_term_string}\"},\"query-input\":{\"@type\":\"PropertyValueSpecification\",\"valueRequired\":true,\"valueName\":\"search_term_string\"}}],\"inLanguage\":\"es\"},{\"@type\":\"Person\",\"@id\":\"https:\\\/\\\/quehacerpolitico.mx\\\/#\\\/schema\\\/person\\\/496d8ad2d1d3f8036101dca7ee39e585\",\"name\":\"Redacci\u00f3n QP\",\"image\":{\"@type\":\"ImageObject\",\"inLanguage\":\"es\",\"@id\":\"https:\\\/\\\/secure.gravatar.com\\\/avatar\\\/c7164ed6fdec453195284ad24a5ae5b6e1eed2b848477fa2a4787ba9adf39a41?s=96&d=mm&r=g\",\"url\":\"https:\\\/\\\/secure.gravatar.com\\\/avatar\\\/c7164ed6fdec453195284ad24a5ae5b6e1eed2b848477fa2a4787ba9adf39a41?s=96&d=mm&r=g\",\"contentUrl\":\"https:\\\/\\\/secure.gravatar.com\\\/avatar\\\/c7164ed6fdec453195284ad24a5ae5b6e1eed2b848477fa2a4787ba9adf39a41?s=96&d=mm&r=g\",\"caption\":\"Redacci\u00f3n QP\"},\"url\":\"https:\\\/\\\/quehacerpolitico.mx\\\/?author=2\"}]}<\/script>\n<!-- \/ Yoast SEO plugin. -->","yoast_head_json":{"title":"Vandalismo mancha movimiento de Ayotzinapa : AMLO -","robots":{"index":"index","follow":"follow","max-snippet":"max-snippet:-1","max-image-preview":"max-image-preview:large","max-video-preview":"max-video-preview:-1"},"canonical":"https:\/\/quehacerpolitico.mx\/?p=39678","og_locale":"es_MX","og_type":"article","og_title":"Vandalismo mancha movimiento de Ayotzinapa : AMLO -","og_description":"Vandalismo mancha movimiento de Ayotzinapa : AMLO Por Redacci\u00f3n QP","og_url":"https:\/\/quehacerpolitico.mx\/?p=39678","article_published_time":"2019-09-28T03:17:41+00:00","author":"Redacci\u00f3n QP","twitter_card":"summary_large_image","twitter_misc":{"Escrito por":"Redacci\u00f3n QP","Tiempo de lectura":"4 minutos"},"schema":{"@context":"https:\/\/schema.org","@graph":[{"@type":"Article","@id":"https:\/\/quehacerpolitico.mx\/?p=39678#article","isPartOf":{"@id":"https:\/\/quehacerpolitico.mx\/?p=39678"},"author":{"name":"Redacci\u00f3n QP","@id":"https:\/\/quehacerpolitico.mx\/#\/schema\/person\/496d8ad2d1d3f8036101dca7ee39e585"},"headline":"Vandalismo mancha movimiento de Ayotzinapa : AMLO","datePublished":"2019-09-28T03:17:41+00:00","mainEntityOfPage":{"@id":"https:\/\/quehacerpolitico.mx\/?p=39678"},"wordCount":777,"commentCount":0,"image":{"@id":"https:\/\/quehacerpolitico.mx\/?p=39678#primaryimage"},"thumbnailUrl":"","articleSection":["Noticias"],"inLanguage":"es","potentialAction":[{"@type":"CommentAction","name":"Comment","target":["https:\/\/quehacerpolitico.mx\/?p=39678#respond"]}]},{"@type":"WebPage","@id":"https:\/\/quehacerpolitico.mx\/?p=39678","url":"https:\/\/quehacerpolitico.mx\/?p=39678","name":"Vandalismo mancha movimiento de Ayotzinapa : AMLO -","isPartOf":{"@id":"https:\/\/quehacerpolitico.mx\/#website"},"primaryImageOfPage":{"@id":"https:\/\/quehacerpolitico.mx\/?p=39678#primaryimage"},"image":{"@id":"https:\/\/quehacerpolitico.mx\/?p=39678#primaryimage"},"thumbnailUrl":"","datePublished":"2019-09-28T03:17:41+00:00","author":{"@id":"https:\/\/quehacerpolitico.mx\/#\/schema\/person\/496d8ad2d1d3f8036101dca7ee39e585"},"breadcrumb":{"@id":"https:\/\/quehacerpolitico.mx\/?p=39678#breadcrumb"},"inLanguage":"es","potentialAction":[{"@type":"ReadAction","target":["https:\/\/quehacerpolitico.mx\/?p=39678"]}]},{"@type":"ImageObject","inLanguage":"es","@id":"https:\/\/quehacerpolitico.mx\/?p=39678#primaryimage","url":"","contentUrl":""},{"@type":"BreadcrumbList","@id":"https:\/\/quehacerpolitico.mx\/?p=39678#breadcrumb","itemListElement":[{"@type":"ListItem","position":1,"name":"Inicio","item":"https:\/\/quehacerpolitico.mx\/"},{"@type":"ListItem","position":2,"name":"Vandalismo mancha movimiento de Ayotzinapa : AMLO"}]},{"@type":"WebSite","@id":"https:\/\/quehacerpolitico.mx\/#website","url":"https:\/\/quehacerpolitico.mx\/","name":"","description":"","potentialAction":[{"@type":"SearchAction","target":{"@type":"EntryPoint","urlTemplate":"https:\/\/quehacerpolitico.mx\/?s={search_term_string}"},"query-input":{"@type":"PropertyValueSpecification","valueRequired":true,"valueName":"search_term_string"}}],"inLanguage":"es"},{"@type":"Person","@id":"https:\/\/quehacerpolitico.mx\/#\/schema\/person\/496d8ad2d1d3f8036101dca7ee39e585","name":"Redacci\u00f3n QP","image":{"@type":"ImageObject","inLanguage":"es","@id":"https:\/\/secure.gravatar.com\/avatar\/c7164ed6fdec453195284ad24a5ae5b6e1eed2b848477fa2a4787ba9adf39a41?s=96&d=mm&r=g","url":"https:\/\/secure.gravatar.com\/avatar\/c7164ed6fdec453195284ad24a5ae5b6e1eed2b848477fa2a4787ba9adf39a41?s=96&d=mm&r=g","contentUrl":"https:\/\/secure.gravatar.com\/avatar\/c7164ed6fdec453195284ad24a5ae5b6e1eed2b848477fa2a4787ba9adf39a41?s=96&d=mm&r=g","caption":"Redacci\u00f3n QP"},"url":"https:\/\/quehacerpolitico.mx\/?author=2"}]}},"featured_image_urls":{"full":"","thumbnail":"","medium":"","medium_large":"","large":"","1536x1536":"","2048x2048":"","covernews-featured":"","covernews-medium":""},"author_info":{"display_name":"Redacci\u00f3n QP","author_link":"https:\/\/quehacerpolitico.mx\/?author=2"},"category_info":"<a href=\"https:\/\/quehacerpolitico.mx\/?cat=2\" rel=\"category\">Noticias<\/a>","tag_info":"Noticias","comment_count":"0","_links":{"self":[{"href":"https:\/\/quehacerpolitico.mx\/index.php?rest_route=\/wp\/v2\/posts\/39678","targetHints":{"allow":["GET"]}}],"collection":[{"href":"https:\/\/quehacerpolitico.mx\/index.php?rest_route=\/wp\/v2\/posts"}],"about":[{"href":"https:\/\/quehacerpolitico.mx\/index.php?rest_route=\/wp\/v2\/types\/post"}],"author":[{"embeddable":true,"href":"https:\/\/quehacerpolitico.mx\/index.php?rest_route=\/wp\/v2\/users\/2"}],"replies":[{"embeddable":true,"href":"https:\/\/quehacerpolitico.mx\/index.php?rest_route=%2Fwp%2Fv2%2Fcomments&post=39678"}],"version-history":[{"count":0,"href":"https:\/\/quehacerpolitico.mx\/index.php?rest_route=\/wp\/v2\/posts\/39678\/revisions"}],"wp:featuredmedia":[{"embeddable":true,"href":"https:\/\/quehacerpolitico.mx\/index.php?rest_route=\/"}],"wp:attachment":[{"href":"https:\/\/quehacerpolitico.mx\/index.php?rest_route=%2Fwp%2Fv2%2Fmedia&parent=39678"}],"wp:term":[{"taxonomy":"category","embeddable":true,"href":"https:\/\/quehacerpolitico.mx\/index.php?rest_route=%2Fwp%2Fv2%2Fcategories&post=39678"},{"taxonomy":"post_tag","embeddable":true,"href":"https:\/\/quehacerpolitico.mx\/index.php?rest_route=%2Fwp%2Fv2%2Ftags&post=39678"}],"curies":[{"name":"wp","href":"https:\/\/api.w.org\/{rel}","templated":true}]}}