{"id":39533,"date":"2019-09-26T20:51:10","date_gmt":"2019-09-26T20:51:10","guid":{"rendered":"http:\/\/quehacerpolitico.mx\/la-jefa-de-gobierno-claudia-sheinbaum-llevo-a-cabo-la-octava-entrega-de-creditos-para-el-autoempleo-en-la-alcaldia-iztacalco\/"},"modified":"2019-09-26T20:51:10","modified_gmt":"2019-09-26T20:51:10","slug":"la-jefa-de-gobierno-claudia-sheinbaum-llevo-a-cabo-la-octava-entrega-de-creditos-para-el-autoempleo-en-la-alcaldia-iztacalco","status":"publish","type":"post","link":"https:\/\/quehacerpolitico.mx\/?p=39533","title":{"rendered":"La Jefa de Gobierno Claudia Sheinbaum llev\u00f3 a cabo la octava Entrega de Cr\u00e9ditos para el Autoempleo en la alcald\u00eda Iztacalco"},"content":{"rendered":"<p>La Jefa de Gobierno Claudia Sheinbaum llev\u00f3 a cabo la octava Entrega de Cr\u00e9ditos para el Autoempleo en la alcald\u00eda Iztacalco<br \/>Por Redacci\u00f3n QP<\/p>\n<p>En lo que va de la administraci\u00f3n de Claudia Sheinbaum se han entregado 34 mil 901 cr\u00e9ditos equivalentes a 328 millones de pesos, los cuales se han generado 53,077 empleos<\/p>\n<p>El Gobierno de la <strong>Ciudad de M\u00e9xico<\/strong> llev\u00f3 a cabo la octava <strong>Entrega de Cr\u00e9ditos para el Autoempleo<\/strong> en la alcald\u00eda <strong>Iztacalco,<\/strong> donde entreg\u00f3 6 mil 253 cr\u00e9ditos para habitantes de las 16 alcald\u00edas por un monto de 54.8 millones de pesos de los cuales el 76% de los cr\u00e9ditos son para mujeres.<\/p>\n<blockquote class=\"twitter-tweet\" data-width=\"550\" data-dnt=\"true\">\n<p lang=\"es\" dir=\"ltr\">\u00a1Apoyamos a emprendedores y peque\u00f1os empresarios!<\/p>\n<p>Hoy entregamos con <a href=\"https:\/\/twitter.com\/FondesoCDMX?ref_src=twsrc%5Etfw\">@FondesoCDMX<\/a> 6,243 cr\u00e9ditos para el autoempleo por un monto de 54.8 mdp, 76% de estos para mujeres.<\/p>\n<p>Adem\u00e1s, 200 cr\u00e9ditos por 12.4 mdp para micro, peque\u00f1as y medianas empresas. <\/p>\n<p>\ud83d\udc49 <a href=\"https:\/\/t.co\/ELu9erzs7A\">https:\/\/t.co\/ELu9erzs7A<\/a> <a href=\"https:\/\/t.co\/KFH4d5bJE6\">pic.twitter.com\/KFH4d5bJE6<\/a><\/p>\n<p>&mdash; Gobierno de la Ciudad de M\u00e9xico (@GobCDMX) <a href=\"https:\/\/twitter.com\/GobCDMX\/status\/1177290635289620480?ref_src=twsrc%5Etfw\">September 26, 2019<\/a><\/p><\/blockquote>\n<p><script async src=\"https:\/\/platform.twitter.com\/widgets.js\" charset=\"utf-8\"><\/script><\/p>\n<p>El director general del Fondo para el Desarrollo Social de la Ciudad de M\u00e9xico (<strong>Fondeso<\/strong>),<strong> Fadlala Akabani Hneide<\/strong> inform\u00f3 que en lo que va de la administraci\u00f3n de Claudia Sheinbaum se han entregado 34 mil 901 cr\u00e9ditos equivalentes a 328 millones de pesos, los cuales se han generado 53,077 empleos de tal manera que esta cifra incluye empleos generados en las micros, peque\u00f1as y medianas empresas de la capital.<\/p>\n<p>\u201cFondeso tiene como finalidad disminuir las brechas de desigualdad, igualmente la brecha de g\u00e9nero en la actividad econ\u00f3mica que desempe\u00f1a, 4 de cada 10 negocios son dirigidos por mujeres. El Gobierno de la doctora Sheinbaum si apoya a las mujeres\u201d, expres\u00f3 Akabani.<\/p>\n<p>En su intervenci\u00f3n la jefa de Gobierno de la Ciudad de M\u00e9xico, Claudia Sheinbaum, mencion\u00f3 que la Entrega de Cr\u00e9ditos para el Autoempleo es uno de los programas que tiene mayor impacto en el desarrollo econ\u00f3mico de la ciudad.<\/p>\n<blockquote class=\"twitter-tweet\" data-width=\"550\" data-dnt=\"true\">\n<p lang=\"es\" dir=\"ltr\"><a href=\"https:\/\/twitter.com\/hashtag\/EnVivo?src=hash&amp;ref_src=twsrc%5Etfw\">#EnVivo<\/a> \u25b6 Entrega de Cr\u00e9ditos para el Autoempleo, con la <a href=\"https:\/\/twitter.com\/hashtag\/JefaDeGobierno?src=hash&amp;ref_src=twsrc%5Etfw\">#JefaDeGobierno<\/a>, integrantes de su gabinete y <a href=\"https:\/\/twitter.com\/IztacalcoAl?ref_src=twsrc%5Etfw\">@IztacalcoAl<\/a> <a href=\"https:\/\/twitter.com\/hashtag\/CiudadDeDerechos?src=hash&amp;ref_src=twsrc%5Etfw\">#CiudadDeDerechos<\/a> <a href=\"https:\/\/t.co\/rhFQhGIeOt\">https:\/\/t.co\/rhFQhGIeOt<\/a><\/p>\n<p>&mdash; Gobierno de la Ciudad de M\u00e9xico (@GobCDMX) <a href=\"https:\/\/twitter.com\/GobCDMX\/status\/1177266862381391874?ref_src=twsrc%5Etfw\">September 26, 2019<\/a><\/p><\/blockquote>\n<p><script async src=\"https:\/\/platform.twitter.com\/widgets.js\" charset=\"utf-8\"><\/script><\/p>\n<p>\u201cA veces se piensa que con las inversiones de fuera es cuando crece la econom\u00eda, pero en realidad lo dan las peque\u00f1as y medianas empresas de la ciudad , y ese es el objetivo de este programa apoyar a estas peque\u00f1as y medianas empresas\u201d, destac\u00f3 la Mandataria capitalina.<\/p>\n<p>En tanto Sheinbaum dijo que se apoyaron a m\u00e1s de 35 mill peque\u00f1as y medianas empresas por lo que se hablar\u00eda de 100 mil empleos en la capital, lo cual representa el doble de lo que se genera formalmente en la econom\u00eda.<\/p>\n<p>Akabani agreg\u00f3 que se han realizado Ferias del Empleo en las alcald\u00edas <strong>Gustavo A.Madero, Xochimilco Iztapalapa, Magdalena Contreras, Azcapotzalco, Tlalpan, Cuauhtemoc, Miguel Hidalgo<\/strong> y <strong>Coyoac\u00e1n.<\/strong><\/p>\n","protected":false},"excerpt":{"rendered":"<p>La Jefa de Gobierno Claudia Sheinbaum llev\u00f3 a cabo la octava Entrega de Cr\u00e9ditos para el Autoempleo en la alcald\u00eda Iztacalco<br \/>\nPor Redacci\u00f3n QP<\/p>\n","protected":false},"author":2,"featured_media":39532,"comment_status":"open","ping_status":"open","sticky":false,"template":"","format":"standard","meta":{"_monsterinsights_skip_tracking":false,"_monsterinsights_sitenote_active":false,"_monsterinsights_sitenote_note":"","_monsterinsights_sitenote_category":0,"footnotes":""},"categories":[55],"tags":[],"class_list":["post-39533","post","type-post","status-publish","format-standard","has-post-thumbnail","hentry","category-cdmx"],"yoast_head":"<!-- This site is optimized with the Yoast SEO plugin v27.3 - https:\/\/yoast.com\/product\/yoast-seo-wordpress\/ -->\n<title>La Jefa de Gobierno Claudia Sheinbaum llev\u00f3 a cabo la octava Entrega de Cr\u00e9ditos para el Autoempleo en la alcald\u00eda Iztacalco -<\/title>\n<meta name=\"robots\" content=\"index, follow, max-snippet:-1, max-image-preview:large, max-video-preview:-1\" \/>\n<link rel=\"canonical\" href=\"https:\/\/quehacerpolitico.mx\/?p=39533\" \/>\n<meta property=\"og:locale\" content=\"es_MX\" \/>\n<meta property=\"og:type\" content=\"article\" \/>\n<meta property=\"og:title\" content=\"La Jefa de Gobierno Claudia Sheinbaum llev\u00f3 a cabo la octava Entrega de Cr\u00e9ditos para el Autoempleo en la alcald\u00eda Iztacalco -\" \/>\n<meta property=\"og:description\" content=\"La Jefa de Gobierno Claudia Sheinbaum llev\u00f3 a cabo la octava Entrega de Cr\u00e9ditos para el Autoempleo en la alcald\u00eda Iztacalco Por Redacci\u00f3n QP\" \/>\n<meta property=\"og:url\" content=\"https:\/\/quehacerpolitico.mx\/?p=39533\" \/>\n<meta property=\"article:published_time\" content=\"2019-09-26T20:51:10+00:00\" \/>\n<meta name=\"author\" content=\"Redacci\u00f3n QP\" \/>\n<meta name=\"twitter:card\" content=\"summary_large_image\" \/>\n<meta name=\"twitter:label1\" content=\"Escrito por\" \/>\n\t<meta name=\"twitter:data1\" content=\"Redacci\u00f3n QP\" \/>\n\t<meta name=\"twitter:label2\" content=\"Tiempo de lectura\" \/>\n\t<meta name=\"twitter:data2\" content=\"2 minutos\" \/>\n<script type=\"application\/ld+json\" class=\"yoast-schema-graph\">{\"@context\":\"https:\\\/\\\/schema.org\",\"@graph\":[{\"@type\":\"Article\",\"@id\":\"https:\\\/\\\/quehacerpolitico.mx\\\/?p=39533#article\",\"isPartOf\":{\"@id\":\"https:\\\/\\\/quehacerpolitico.mx\\\/?p=39533\"},\"author\":{\"name\":\"Redacci\u00f3n QP\",\"@id\":\"https:\\\/\\\/quehacerpolitico.mx\\\/#\\\/schema\\\/person\\\/496d8ad2d1d3f8036101dca7ee39e585\"},\"headline\":\"La Jefa de Gobierno Claudia Sheinbaum llev\u00f3 a cabo la octava Entrega de Cr\u00e9ditos para el Autoempleo en la alcald\u00eda Iztacalco\",\"datePublished\":\"2019-09-26T20:51:10+00:00\",\"mainEntityOfPage\":{\"@id\":\"https:\\\/\\\/quehacerpolitico.mx\\\/?p=39533\"},\"wordCount\":420,\"commentCount\":0,\"image\":{\"@id\":\"https:\\\/\\\/quehacerpolitico.mx\\\/?p=39533#primaryimage\"},\"thumbnailUrl\":\"\",\"articleSection\":[\"CDMX\"],\"inLanguage\":\"es\",\"potentialAction\":[{\"@type\":\"CommentAction\",\"name\":\"Comment\",\"target\":[\"https:\\\/\\\/quehacerpolitico.mx\\\/?p=39533#respond\"]}]},{\"@type\":\"WebPage\",\"@id\":\"https:\\\/\\\/quehacerpolitico.mx\\\/?p=39533\",\"url\":\"https:\\\/\\\/quehacerpolitico.mx\\\/?p=39533\",\"name\":\"La Jefa de Gobierno Claudia Sheinbaum llev\u00f3 a cabo la octava Entrega de Cr\u00e9ditos para el Autoempleo en la alcald\u00eda Iztacalco -\",\"isPartOf\":{\"@id\":\"https:\\\/\\\/quehacerpolitico.mx\\\/#website\"},\"primaryImageOfPage\":{\"@id\":\"https:\\\/\\\/quehacerpolitico.mx\\\/?p=39533#primaryimage\"},\"image\":{\"@id\":\"https:\\\/\\\/quehacerpolitico.mx\\\/?p=39533#primaryimage\"},\"thumbnailUrl\":\"\",\"datePublished\":\"2019-09-26T20:51:10+00:00\",\"author\":{\"@id\":\"https:\\\/\\\/quehacerpolitico.mx\\\/#\\\/schema\\\/person\\\/496d8ad2d1d3f8036101dca7ee39e585\"},\"breadcrumb\":{\"@id\":\"https:\\\/\\\/quehacerpolitico.mx\\\/?p=39533#breadcrumb\"},\"inLanguage\":\"es\",\"potentialAction\":[{\"@type\":\"ReadAction\",\"target\":[\"https:\\\/\\\/quehacerpolitico.mx\\\/?p=39533\"]}]},{\"@type\":\"ImageObject\",\"inLanguage\":\"es\",\"@id\":\"https:\\\/\\\/quehacerpolitico.mx\\\/?p=39533#primaryimage\",\"url\":\"\",\"contentUrl\":\"\"},{\"@type\":\"BreadcrumbList\",\"@id\":\"https:\\\/\\\/quehacerpolitico.mx\\\/?p=39533#breadcrumb\",\"itemListElement\":[{\"@type\":\"ListItem\",\"position\":1,\"name\":\"Inicio\",\"item\":\"https:\\\/\\\/quehacerpolitico.mx\\\/\"},{\"@type\":\"ListItem\",\"position\":2,\"name\":\"La Jefa de Gobierno Claudia Sheinbaum llev\u00f3 a cabo la octava Entrega de Cr\u00e9ditos para el Autoempleo en la alcald\u00eda Iztacalco\"}]},{\"@type\":\"WebSite\",\"@id\":\"https:\\\/\\\/quehacerpolitico.mx\\\/#website\",\"url\":\"https:\\\/\\\/quehacerpolitico.mx\\\/\",\"name\":\"\",\"description\":\"\",\"potentialAction\":[{\"@type\":\"SearchAction\",\"target\":{\"@type\":\"EntryPoint\",\"urlTemplate\":\"https:\\\/\\\/quehacerpolitico.mx\\\/?s={search_term_string}\"},\"query-input\":{\"@type\":\"PropertyValueSpecification\",\"valueRequired\":true,\"valueName\":\"search_term_string\"}}],\"inLanguage\":\"es\"},{\"@type\":\"Person\",\"@id\":\"https:\\\/\\\/quehacerpolitico.mx\\\/#\\\/schema\\\/person\\\/496d8ad2d1d3f8036101dca7ee39e585\",\"name\":\"Redacci\u00f3n QP\",\"image\":{\"@type\":\"ImageObject\",\"inLanguage\":\"es\",\"@id\":\"https:\\\/\\\/secure.gravatar.com\\\/avatar\\\/c7164ed6fdec453195284ad24a5ae5b6e1eed2b848477fa2a4787ba9adf39a41?s=96&d=mm&r=g\",\"url\":\"https:\\\/\\\/secure.gravatar.com\\\/avatar\\\/c7164ed6fdec453195284ad24a5ae5b6e1eed2b848477fa2a4787ba9adf39a41?s=96&d=mm&r=g\",\"contentUrl\":\"https:\\\/\\\/secure.gravatar.com\\\/avatar\\\/c7164ed6fdec453195284ad24a5ae5b6e1eed2b848477fa2a4787ba9adf39a41?s=96&d=mm&r=g\",\"caption\":\"Redacci\u00f3n QP\"},\"url\":\"https:\\\/\\\/quehacerpolitico.mx\\\/?author=2\"}]}<\/script>\n<!-- \/ Yoast SEO plugin. -->","yoast_head_json":{"title":"La Jefa de Gobierno Claudia Sheinbaum llev\u00f3 a cabo la octava Entrega de Cr\u00e9ditos para el Autoempleo en la alcald\u00eda Iztacalco -","robots":{"index":"index","follow":"follow","max-snippet":"max-snippet:-1","max-image-preview":"max-image-preview:large","max-video-preview":"max-video-preview:-1"},"canonical":"https:\/\/quehacerpolitico.mx\/?p=39533","og_locale":"es_MX","og_type":"article","og_title":"La Jefa de Gobierno Claudia Sheinbaum llev\u00f3 a cabo la octava Entrega de Cr\u00e9ditos para el Autoempleo en la alcald\u00eda Iztacalco -","og_description":"La Jefa de Gobierno Claudia Sheinbaum llev\u00f3 a cabo la octava Entrega de Cr\u00e9ditos para el Autoempleo en la alcald\u00eda Iztacalco Por Redacci\u00f3n QP","og_url":"https:\/\/quehacerpolitico.mx\/?p=39533","article_published_time":"2019-09-26T20:51:10+00:00","author":"Redacci\u00f3n QP","twitter_card":"summary_large_image","twitter_misc":{"Escrito por":"Redacci\u00f3n QP","Tiempo de lectura":"2 minutos"},"schema":{"@context":"https:\/\/schema.org","@graph":[{"@type":"Article","@id":"https:\/\/quehacerpolitico.mx\/?p=39533#article","isPartOf":{"@id":"https:\/\/quehacerpolitico.mx\/?p=39533"},"author":{"name":"Redacci\u00f3n QP","@id":"https:\/\/quehacerpolitico.mx\/#\/schema\/person\/496d8ad2d1d3f8036101dca7ee39e585"},"headline":"La Jefa de Gobierno Claudia Sheinbaum llev\u00f3 a cabo la octava Entrega de Cr\u00e9ditos para el Autoempleo en la alcald\u00eda Iztacalco","datePublished":"2019-09-26T20:51:10+00:00","mainEntityOfPage":{"@id":"https:\/\/quehacerpolitico.mx\/?p=39533"},"wordCount":420,"commentCount":0,"image":{"@id":"https:\/\/quehacerpolitico.mx\/?p=39533#primaryimage"},"thumbnailUrl":"","articleSection":["CDMX"],"inLanguage":"es","potentialAction":[{"@type":"CommentAction","name":"Comment","target":["https:\/\/quehacerpolitico.mx\/?p=39533#respond"]}]},{"@type":"WebPage","@id":"https:\/\/quehacerpolitico.mx\/?p=39533","url":"https:\/\/quehacerpolitico.mx\/?p=39533","name":"La Jefa de Gobierno Claudia Sheinbaum llev\u00f3 a cabo la octava Entrega de Cr\u00e9ditos para el Autoempleo en la alcald\u00eda Iztacalco -","isPartOf":{"@id":"https:\/\/quehacerpolitico.mx\/#website"},"primaryImageOfPage":{"@id":"https:\/\/quehacerpolitico.mx\/?p=39533#primaryimage"},"image":{"@id":"https:\/\/quehacerpolitico.mx\/?p=39533#primaryimage"},"thumbnailUrl":"","datePublished":"2019-09-26T20:51:10+00:00","author":{"@id":"https:\/\/quehacerpolitico.mx\/#\/schema\/person\/496d8ad2d1d3f8036101dca7ee39e585"},"breadcrumb":{"@id":"https:\/\/quehacerpolitico.mx\/?p=39533#breadcrumb"},"inLanguage":"es","potentialAction":[{"@type":"ReadAction","target":["https:\/\/quehacerpolitico.mx\/?p=39533"]}]},{"@type":"ImageObject","inLanguage":"es","@id":"https:\/\/quehacerpolitico.mx\/?p=39533#primaryimage","url":"","contentUrl":""},{"@type":"BreadcrumbList","@id":"https:\/\/quehacerpolitico.mx\/?p=39533#breadcrumb","itemListElement":[{"@type":"ListItem","position":1,"name":"Inicio","item":"https:\/\/quehacerpolitico.mx\/"},{"@type":"ListItem","position":2,"name":"La Jefa de Gobierno Claudia Sheinbaum llev\u00f3 a cabo la octava Entrega de Cr\u00e9ditos para el Autoempleo en la alcald\u00eda Iztacalco"}]},{"@type":"WebSite","@id":"https:\/\/quehacerpolitico.mx\/#website","url":"https:\/\/quehacerpolitico.mx\/","name":"","description":"","potentialAction":[{"@type":"SearchAction","target":{"@type":"EntryPoint","urlTemplate":"https:\/\/quehacerpolitico.mx\/?s={search_term_string}"},"query-input":{"@type":"PropertyValueSpecification","valueRequired":true,"valueName":"search_term_string"}}],"inLanguage":"es"},{"@type":"Person","@id":"https:\/\/quehacerpolitico.mx\/#\/schema\/person\/496d8ad2d1d3f8036101dca7ee39e585","name":"Redacci\u00f3n QP","image":{"@type":"ImageObject","inLanguage":"es","@id":"https:\/\/secure.gravatar.com\/avatar\/c7164ed6fdec453195284ad24a5ae5b6e1eed2b848477fa2a4787ba9adf39a41?s=96&d=mm&r=g","url":"https:\/\/secure.gravatar.com\/avatar\/c7164ed6fdec453195284ad24a5ae5b6e1eed2b848477fa2a4787ba9adf39a41?s=96&d=mm&r=g","contentUrl":"https:\/\/secure.gravatar.com\/avatar\/c7164ed6fdec453195284ad24a5ae5b6e1eed2b848477fa2a4787ba9adf39a41?s=96&d=mm&r=g","caption":"Redacci\u00f3n QP"},"url":"https:\/\/quehacerpolitico.mx\/?author=2"}]}},"featured_image_urls":{"full":"","thumbnail":"","medium":"","medium_large":"","large":"","1536x1536":"","2048x2048":"","covernews-featured":"","covernews-medium":""},"author_info":{"display_name":"Redacci\u00f3n QP","author_link":"https:\/\/quehacerpolitico.mx\/?author=2"},"category_info":"<a href=\"https:\/\/quehacerpolitico.mx\/?cat=55\" rel=\"category\">CDMX<\/a>","tag_info":"CDMX","comment_count":"0","_links":{"self":[{"href":"https:\/\/quehacerpolitico.mx\/index.php?rest_route=\/wp\/v2\/posts\/39533","targetHints":{"allow":["GET"]}}],"collection":[{"href":"https:\/\/quehacerpolitico.mx\/index.php?rest_route=\/wp\/v2\/posts"}],"about":[{"href":"https:\/\/quehacerpolitico.mx\/index.php?rest_route=\/wp\/v2\/types\/post"}],"author":[{"embeddable":true,"href":"https:\/\/quehacerpolitico.mx\/index.php?rest_route=\/wp\/v2\/users\/2"}],"replies":[{"embeddable":true,"href":"https:\/\/quehacerpolitico.mx\/index.php?rest_route=%2Fwp%2Fv2%2Fcomments&post=39533"}],"version-history":[{"count":0,"href":"https:\/\/quehacerpolitico.mx\/index.php?rest_route=\/wp\/v2\/posts\/39533\/revisions"}],"wp:featuredmedia":[{"embeddable":true,"href":"https:\/\/quehacerpolitico.mx\/index.php?rest_route=\/"}],"wp:attachment":[{"href":"https:\/\/quehacerpolitico.mx\/index.php?rest_route=%2Fwp%2Fv2%2Fmedia&parent=39533"}],"wp:term":[{"taxonomy":"category","embeddable":true,"href":"https:\/\/quehacerpolitico.mx\/index.php?rest_route=%2Fwp%2Fv2%2Fcategories&post=39533"},{"taxonomy":"post_tag","embeddable":true,"href":"https:\/\/quehacerpolitico.mx\/index.php?rest_route=%2Fwp%2Fv2%2Ftags&post=39533"}],"curies":[{"name":"wp","href":"https:\/\/api.w.org\/{rel}","templated":true}]}}