{"id":39530,"date":"2019-09-26T20:37:55","date_gmt":"2019-09-26T20:37:55","guid":{"rendered":"http:\/\/quehacerpolitico.mx\/alcaldias-atiende-cuauhtemoc-denuncia-ciudadana-para-retirar-neumaticos-de-santa-ma-la-ribera\/"},"modified":"2019-09-26T20:37:55","modified_gmt":"2019-09-26T20:37:55","slug":"alcaldias-atiende-cuauhtemoc-denuncia-ciudadana-para-retirar-neumaticos-de-santa-ma-la-ribera","status":"publish","type":"post","link":"https:\/\/quehacerpolitico.mx\/?p=39530","title":{"rendered":"Alcald\u00edas\/\/\/Atiende Cuauht\u00e9moc denuncia ciudadana para retirar neum\u00e1ticos de  Santa Ma. La Ribera"},"content":{"rendered":"<p><span class=\"s5\"><span class=\"bumpedFont15\">Atiende Cuauht\u00e9moc denuncia ciudadana para retirar neum\u00e1ticos de <\/span><\/span><span class=\"s5\"><span class=\"bumpedFont15\">Santa Ma. La Ribera<\/span><\/span><\/p>\n<p>Por Redacci\u00f3n QP<\/p>\n<div class=\"s11\"><span class=\"s9\">\u2022 <\/span><span class=\"s10\"><span class=\"bumpedFont15\">La <\/span><\/span><span class=\"s10\"><span class=\"bumpedFont15\">acci\u00f3n<\/span><\/span> <span class=\"s10\"><span class=\"bumpedFont15\">se <\/span><\/span><span class=\"s10\"><span class=\"bumpedFont15\">realiz\u00f3 a <\/span><\/span><span class=\"s10\"><span class=\"bumpedFont15\">trav\u00e9s de la Direcci\u00f3n de Mercados y V\u00eda P\u00fablica<\/span><\/span><span class=\"s10\"><span class=\"bumpedFont15\">.<\/span><\/span><\/div>\n<p class=\"s12\"><span class=\"s10\"><span class=\"bumpedFont15\">En atenci\u00f3n a denun<\/span><\/span><span class=\"s10\"><span class=\"bumpedFont15\">cias ciudadanas, <\/span><\/span><span class=\"s10\"><span class=\"bumpedFont15\">el alcalde N\u00e9stor N\u00fa\u00f1ez L\u00f3pez instruy\u00f3 <\/span><\/span><span class=\"s10\"><span class=\"bumpedFont15\">el<\/span><\/span><span class=\"s10\"><span class=\"bumpedFont15\"> retiro<\/span><\/span><span class=\"s10\"><span class=\"bumpedFont15\"> de <\/span><\/span><span class=\"s10\"><span class=\"bumpedFont15\">alrededor de 100 llantas<\/span><\/span><span class=\"s10\"><span class=\"bumpedFont15\">quemadas de <\/span><\/span><span class=\"s10\"><span class=\"bumpedFont15\">la calle Sor Juana <\/span><\/span><span class=\"s10\"><span class=\"bumpedFont15\">In\u00e9s de la Cruz<\/span><\/span><span class=\"s10\"><span class=\"bumpedFont15\"> esquina Doctor <\/span><\/span><span class=\"s10\"><span class=\"bumpedFont15\">Atl<\/span><\/span><span class=\"s10\"><span class=\"bumpedFont15\">, <\/span><\/span><span class=\"s10\"><span class=\"bumpedFont15\">en la<\/span><\/span><span class=\"s10\"><span class=\"bumpedFont15\"> colonia Santa Mar\u00eda la Ribera.<\/span><\/span><\/p>\n<p class=\"s12\"><span class=\"s10\"><span class=\"bumpedFont15\">La brigada<\/span><\/span><span class=\"s10\"><span class=\"bumpedFont15\">, dirigida por H\u00e9ctor V\u00e1zquez Aguirre, director de Mercados y V\u00eda P\u00fablica,<\/span><\/span><span class=\"s10\"><span class=\"bumpedFont15\"> estuvo conformada por 12 personas y dos camione<\/span><\/span><span class=\"s10\"><span class=\"bumpedFont15\">tas para retirar los neum\u00e1ticos, del lugar que ser\u00e1 sometido a una limpieza profunda por personal de la Direcci\u00f3n General de Servicios Urbanos.<\/span><\/span><\/p>\n<p class=\"s12\"><span class=\"s10\"><span class=\"bumpedFont15\">Cabe destacar que no se procedi\u00f3 al levantamiento del veh\u00edculo<\/span><\/span><span class=\"s10\"><span class=\"bumpedFont15\"> que tambi\u00e9n se encontraba en la citada calle,<\/span><\/span><span class=\"s10\"><span class=\"bumpedFont15\">debido a que se encuentra en averiguaci\u00f3n previa, se\u00f1alaron las autoridades a cargo de las labores.<\/span><\/span><\/p>\n<p class=\"s12\"><span class=\"s10\"><span class=\"bumpedFont15\">Una prioridad de la pol\u00edtica del alcalde de Cuauht\u00e9moc es la recuperaci\u00f3n del espacio p\u00fablico, por lo que su administraci\u00f3n invita a la ciudadan\u00eda a externar sus demandas<\/span><\/span><span class=\"s10\"><span class=\"bumpedFont15\"> al respecto,<\/span><\/span><span class=\"s10\"><span class=\"bumpedFont15\"> a trav\u00e9s del Centro de Atenci\u00f3n Ciudadana (<\/span><\/span><span class=\"s10\"><span class=\"bumpedFont15\">Cesac<\/span><\/span><span class=\"s10\"><span class=\"bumpedFont15\">)<\/span><\/span><span class=\"s10\"><span class=\"bumpedFont15\">,<\/span><\/span><span class=\"s10\"><span class=\"bumpedFont15\"> al tel\u00e9fono: <\/span><\/span><span class=\"s13\"><span class=\"bumpedFont15\">2452-3260 al 63<\/span><\/span><span class=\"s13\"><span class=\"bumpedFont15\">, <\/span><\/span><span class=\"s13\"><span class=\"bumpedFont15\">\u00f3<\/span><\/span><span class=\"s13\"><span class=\"bumpedFont15\"> en la p\u00e1gina: <\/span><\/span><a href=\"https:\/\/alcaldiacuauhtemoc.mx\/alcaldia\/atencion-ciudadana\/\"><span class=\"s14\"><span class=\"bumpedFont15\">https:\/\/alcaldiacuauhtemoc.mx\/alcaldia\/atencion-ciudadana\/<\/span><\/span><\/a><span class=\"s15\"><span class=\"bumpedFont15\">.<\/span><\/span><\/p>\n","protected":false},"excerpt":{"rendered":"<p>Atiende Cuauht\u00e9moc denuncia ciudadana para retirar neum\u00e1ticos de Santa Ma. La Ribera<br \/>\nPor Redacci\u00f3n QP<\/p>\n","protected":false},"author":2,"featured_media":39529,"comment_status":"open","ping_status":"open","sticky":false,"template":"","format":"standard","meta":{"_monsterinsights_skip_tracking":false,"_monsterinsights_sitenote_active":false,"_monsterinsights_sitenote_note":"","_monsterinsights_sitenote_category":0,"footnotes":""},"categories":[55],"tags":[],"class_list":["post-39530","post","type-post","status-publish","format-standard","has-post-thumbnail","hentry","category-cdmx"],"yoast_head":"<!-- This site is optimized with the Yoast SEO plugin v27.3 - https:\/\/yoast.com\/product\/yoast-seo-wordpress\/ -->\n<title>Alcald\u00edas\/\/\/Atiende Cuauht\u00e9moc denuncia ciudadana para retirar neum\u00e1ticos de Santa Ma. La Ribera -<\/title>\n<meta name=\"robots\" content=\"index, follow, max-snippet:-1, max-image-preview:large, max-video-preview:-1\" \/>\n<link rel=\"canonical\" href=\"https:\/\/quehacerpolitico.mx\/?p=39530\" \/>\n<meta property=\"og:locale\" content=\"es_MX\" \/>\n<meta property=\"og:type\" content=\"article\" \/>\n<meta property=\"og:title\" content=\"Alcald\u00edas\/\/\/Atiende Cuauht\u00e9moc denuncia ciudadana para retirar neum\u00e1ticos de Santa Ma. La Ribera -\" \/>\n<meta property=\"og:description\" content=\"Atiende Cuauht\u00e9moc denuncia ciudadana para retirar neum\u00e1ticos de Santa Ma. La Ribera Por Redacci\u00f3n QP\" \/>\n<meta property=\"og:url\" content=\"https:\/\/quehacerpolitico.mx\/?p=39530\" \/>\n<meta property=\"article:published_time\" content=\"2019-09-26T20:37:55+00:00\" \/>\n<meta name=\"author\" content=\"Redacci\u00f3n QP\" \/>\n<meta name=\"twitter:card\" content=\"summary_large_image\" \/>\n<meta name=\"twitter:label1\" content=\"Escrito por\" \/>\n\t<meta name=\"twitter:data1\" content=\"Redacci\u00f3n QP\" \/>\n\t<meta name=\"twitter:label2\" content=\"Tiempo de lectura\" \/>\n\t<meta name=\"twitter:data2\" content=\"1 minuto\" \/>\n<script type=\"application\/ld+json\" class=\"yoast-schema-graph\">{\"@context\":\"https:\\\/\\\/schema.org\",\"@graph\":[{\"@type\":\"Article\",\"@id\":\"https:\\\/\\\/quehacerpolitico.mx\\\/?p=39530#article\",\"isPartOf\":{\"@id\":\"https:\\\/\\\/quehacerpolitico.mx\\\/?p=39530\"},\"author\":{\"name\":\"Redacci\u00f3n QP\",\"@id\":\"https:\\\/\\\/quehacerpolitico.mx\\\/#\\\/schema\\\/person\\\/496d8ad2d1d3f8036101dca7ee39e585\"},\"headline\":\"Alcald\u00edas\\\/\\\/\\\/Atiende Cuauht\u00e9moc denuncia ciudadana para retirar neum\u00e1ticos de Santa Ma. La Ribera\",\"datePublished\":\"2019-09-26T20:37:55+00:00\",\"mainEntityOfPage\":{\"@id\":\"https:\\\/\\\/quehacerpolitico.mx\\\/?p=39530\"},\"wordCount\":244,\"commentCount\":0,\"image\":{\"@id\":\"https:\\\/\\\/quehacerpolitico.mx\\\/?p=39530#primaryimage\"},\"thumbnailUrl\":\"\",\"articleSection\":[\"CDMX\"],\"inLanguage\":\"es\",\"potentialAction\":[{\"@type\":\"CommentAction\",\"name\":\"Comment\",\"target\":[\"https:\\\/\\\/quehacerpolitico.mx\\\/?p=39530#respond\"]}]},{\"@type\":\"WebPage\",\"@id\":\"https:\\\/\\\/quehacerpolitico.mx\\\/?p=39530\",\"url\":\"https:\\\/\\\/quehacerpolitico.mx\\\/?p=39530\",\"name\":\"Alcald\u00edas\\\/\\\/\\\/Atiende Cuauht\u00e9moc denuncia ciudadana para retirar neum\u00e1ticos de Santa Ma. La Ribera -\",\"isPartOf\":{\"@id\":\"https:\\\/\\\/quehacerpolitico.mx\\\/#website\"},\"primaryImageOfPage\":{\"@id\":\"https:\\\/\\\/quehacerpolitico.mx\\\/?p=39530#primaryimage\"},\"image\":{\"@id\":\"https:\\\/\\\/quehacerpolitico.mx\\\/?p=39530#primaryimage\"},\"thumbnailUrl\":\"\",\"datePublished\":\"2019-09-26T20:37:55+00:00\",\"author\":{\"@id\":\"https:\\\/\\\/quehacerpolitico.mx\\\/#\\\/schema\\\/person\\\/496d8ad2d1d3f8036101dca7ee39e585\"},\"breadcrumb\":{\"@id\":\"https:\\\/\\\/quehacerpolitico.mx\\\/?p=39530#breadcrumb\"},\"inLanguage\":\"es\",\"potentialAction\":[{\"@type\":\"ReadAction\",\"target\":[\"https:\\\/\\\/quehacerpolitico.mx\\\/?p=39530\"]}]},{\"@type\":\"ImageObject\",\"inLanguage\":\"es\",\"@id\":\"https:\\\/\\\/quehacerpolitico.mx\\\/?p=39530#primaryimage\",\"url\":\"\",\"contentUrl\":\"\"},{\"@type\":\"BreadcrumbList\",\"@id\":\"https:\\\/\\\/quehacerpolitico.mx\\\/?p=39530#breadcrumb\",\"itemListElement\":[{\"@type\":\"ListItem\",\"position\":1,\"name\":\"Inicio\",\"item\":\"https:\\\/\\\/quehacerpolitico.mx\\\/\"},{\"@type\":\"ListItem\",\"position\":2,\"name\":\"Alcald\u00edas\\\/\\\/\\\/Atiende Cuauht\u00e9moc denuncia ciudadana para retirar neum\u00e1ticos de Santa Ma. La Ribera\"}]},{\"@type\":\"WebSite\",\"@id\":\"https:\\\/\\\/quehacerpolitico.mx\\\/#website\",\"url\":\"https:\\\/\\\/quehacerpolitico.mx\\\/\",\"name\":\"\",\"description\":\"\",\"potentialAction\":[{\"@type\":\"SearchAction\",\"target\":{\"@type\":\"EntryPoint\",\"urlTemplate\":\"https:\\\/\\\/quehacerpolitico.mx\\\/?s={search_term_string}\"},\"query-input\":{\"@type\":\"PropertyValueSpecification\",\"valueRequired\":true,\"valueName\":\"search_term_string\"}}],\"inLanguage\":\"es\"},{\"@type\":\"Person\",\"@id\":\"https:\\\/\\\/quehacerpolitico.mx\\\/#\\\/schema\\\/person\\\/496d8ad2d1d3f8036101dca7ee39e585\",\"name\":\"Redacci\u00f3n QP\",\"image\":{\"@type\":\"ImageObject\",\"inLanguage\":\"es\",\"@id\":\"https:\\\/\\\/secure.gravatar.com\\\/avatar\\\/c7164ed6fdec453195284ad24a5ae5b6e1eed2b848477fa2a4787ba9adf39a41?s=96&d=mm&r=g\",\"url\":\"https:\\\/\\\/secure.gravatar.com\\\/avatar\\\/c7164ed6fdec453195284ad24a5ae5b6e1eed2b848477fa2a4787ba9adf39a41?s=96&d=mm&r=g\",\"contentUrl\":\"https:\\\/\\\/secure.gravatar.com\\\/avatar\\\/c7164ed6fdec453195284ad24a5ae5b6e1eed2b848477fa2a4787ba9adf39a41?s=96&d=mm&r=g\",\"caption\":\"Redacci\u00f3n QP\"},\"url\":\"https:\\\/\\\/quehacerpolitico.mx\\\/?author=2\"}]}<\/script>\n<!-- \/ Yoast SEO plugin. -->","yoast_head_json":{"title":"Alcald\u00edas\/\/\/Atiende Cuauht\u00e9moc denuncia ciudadana para retirar neum\u00e1ticos de Santa Ma. La Ribera -","robots":{"index":"index","follow":"follow","max-snippet":"max-snippet:-1","max-image-preview":"max-image-preview:large","max-video-preview":"max-video-preview:-1"},"canonical":"https:\/\/quehacerpolitico.mx\/?p=39530","og_locale":"es_MX","og_type":"article","og_title":"Alcald\u00edas\/\/\/Atiende Cuauht\u00e9moc denuncia ciudadana para retirar neum\u00e1ticos de Santa Ma. La Ribera -","og_description":"Atiende Cuauht\u00e9moc denuncia ciudadana para retirar neum\u00e1ticos de Santa Ma. La Ribera Por Redacci\u00f3n QP","og_url":"https:\/\/quehacerpolitico.mx\/?p=39530","article_published_time":"2019-09-26T20:37:55+00:00","author":"Redacci\u00f3n QP","twitter_card":"summary_large_image","twitter_misc":{"Escrito por":"Redacci\u00f3n QP","Tiempo de lectura":"1 minuto"},"schema":{"@context":"https:\/\/schema.org","@graph":[{"@type":"Article","@id":"https:\/\/quehacerpolitico.mx\/?p=39530#article","isPartOf":{"@id":"https:\/\/quehacerpolitico.mx\/?p=39530"},"author":{"name":"Redacci\u00f3n QP","@id":"https:\/\/quehacerpolitico.mx\/#\/schema\/person\/496d8ad2d1d3f8036101dca7ee39e585"},"headline":"Alcald\u00edas\/\/\/Atiende Cuauht\u00e9moc denuncia ciudadana para retirar neum\u00e1ticos de Santa Ma. La Ribera","datePublished":"2019-09-26T20:37:55+00:00","mainEntityOfPage":{"@id":"https:\/\/quehacerpolitico.mx\/?p=39530"},"wordCount":244,"commentCount":0,"image":{"@id":"https:\/\/quehacerpolitico.mx\/?p=39530#primaryimage"},"thumbnailUrl":"","articleSection":["CDMX"],"inLanguage":"es","potentialAction":[{"@type":"CommentAction","name":"Comment","target":["https:\/\/quehacerpolitico.mx\/?p=39530#respond"]}]},{"@type":"WebPage","@id":"https:\/\/quehacerpolitico.mx\/?p=39530","url":"https:\/\/quehacerpolitico.mx\/?p=39530","name":"Alcald\u00edas\/\/\/Atiende Cuauht\u00e9moc denuncia ciudadana para retirar neum\u00e1ticos de Santa Ma. La Ribera -","isPartOf":{"@id":"https:\/\/quehacerpolitico.mx\/#website"},"primaryImageOfPage":{"@id":"https:\/\/quehacerpolitico.mx\/?p=39530#primaryimage"},"image":{"@id":"https:\/\/quehacerpolitico.mx\/?p=39530#primaryimage"},"thumbnailUrl":"","datePublished":"2019-09-26T20:37:55+00:00","author":{"@id":"https:\/\/quehacerpolitico.mx\/#\/schema\/person\/496d8ad2d1d3f8036101dca7ee39e585"},"breadcrumb":{"@id":"https:\/\/quehacerpolitico.mx\/?p=39530#breadcrumb"},"inLanguage":"es","potentialAction":[{"@type":"ReadAction","target":["https:\/\/quehacerpolitico.mx\/?p=39530"]}]},{"@type":"ImageObject","inLanguage":"es","@id":"https:\/\/quehacerpolitico.mx\/?p=39530#primaryimage","url":"","contentUrl":""},{"@type":"BreadcrumbList","@id":"https:\/\/quehacerpolitico.mx\/?p=39530#breadcrumb","itemListElement":[{"@type":"ListItem","position":1,"name":"Inicio","item":"https:\/\/quehacerpolitico.mx\/"},{"@type":"ListItem","position":2,"name":"Alcald\u00edas\/\/\/Atiende Cuauht\u00e9moc denuncia ciudadana para retirar neum\u00e1ticos de Santa Ma. La Ribera"}]},{"@type":"WebSite","@id":"https:\/\/quehacerpolitico.mx\/#website","url":"https:\/\/quehacerpolitico.mx\/","name":"","description":"","potentialAction":[{"@type":"SearchAction","target":{"@type":"EntryPoint","urlTemplate":"https:\/\/quehacerpolitico.mx\/?s={search_term_string}"},"query-input":{"@type":"PropertyValueSpecification","valueRequired":true,"valueName":"search_term_string"}}],"inLanguage":"es"},{"@type":"Person","@id":"https:\/\/quehacerpolitico.mx\/#\/schema\/person\/496d8ad2d1d3f8036101dca7ee39e585","name":"Redacci\u00f3n QP","image":{"@type":"ImageObject","inLanguage":"es","@id":"https:\/\/secure.gravatar.com\/avatar\/c7164ed6fdec453195284ad24a5ae5b6e1eed2b848477fa2a4787ba9adf39a41?s=96&d=mm&r=g","url":"https:\/\/secure.gravatar.com\/avatar\/c7164ed6fdec453195284ad24a5ae5b6e1eed2b848477fa2a4787ba9adf39a41?s=96&d=mm&r=g","contentUrl":"https:\/\/secure.gravatar.com\/avatar\/c7164ed6fdec453195284ad24a5ae5b6e1eed2b848477fa2a4787ba9adf39a41?s=96&d=mm&r=g","caption":"Redacci\u00f3n QP"},"url":"https:\/\/quehacerpolitico.mx\/?author=2"}]}},"featured_image_urls":{"full":"","thumbnail":"","medium":"","medium_large":"","large":"","1536x1536":"","2048x2048":"","covernews-featured":"","covernews-medium":""},"author_info":{"display_name":"Redacci\u00f3n QP","author_link":"https:\/\/quehacerpolitico.mx\/?author=2"},"category_info":"<a href=\"https:\/\/quehacerpolitico.mx\/?cat=55\" rel=\"category\">CDMX<\/a>","tag_info":"CDMX","comment_count":"0","_links":{"self":[{"href":"https:\/\/quehacerpolitico.mx\/index.php?rest_route=\/wp\/v2\/posts\/39530","targetHints":{"allow":["GET"]}}],"collection":[{"href":"https:\/\/quehacerpolitico.mx\/index.php?rest_route=\/wp\/v2\/posts"}],"about":[{"href":"https:\/\/quehacerpolitico.mx\/index.php?rest_route=\/wp\/v2\/types\/post"}],"author":[{"embeddable":true,"href":"https:\/\/quehacerpolitico.mx\/index.php?rest_route=\/wp\/v2\/users\/2"}],"replies":[{"embeddable":true,"href":"https:\/\/quehacerpolitico.mx\/index.php?rest_route=%2Fwp%2Fv2%2Fcomments&post=39530"}],"version-history":[{"count":0,"href":"https:\/\/quehacerpolitico.mx\/index.php?rest_route=\/wp\/v2\/posts\/39530\/revisions"}],"wp:featuredmedia":[{"embeddable":true,"href":"https:\/\/quehacerpolitico.mx\/index.php?rest_route=\/"}],"wp:attachment":[{"href":"https:\/\/quehacerpolitico.mx\/index.php?rest_route=%2Fwp%2Fv2%2Fmedia&parent=39530"}],"wp:term":[{"taxonomy":"category","embeddable":true,"href":"https:\/\/quehacerpolitico.mx\/index.php?rest_route=%2Fwp%2Fv2%2Fcategories&post=39530"},{"taxonomy":"post_tag","embeddable":true,"href":"https:\/\/quehacerpolitico.mx\/index.php?rest_route=%2Fwp%2Fv2%2Ftags&post=39530"}],"curies":[{"name":"wp","href":"https:\/\/api.w.org\/{rel}","templated":true}]}}