{"id":39527,"date":"2019-09-26T20:28:11","date_gmt":"2019-09-26T20:28:11","guid":{"rendered":"http:\/\/quehacerpolitico.mx\/desde-camara-de-diputados-padres-de-normalistas-exigen-justicia\/"},"modified":"2019-09-26T20:28:11","modified_gmt":"2019-09-26T20:28:11","slug":"desde-camara-de-diputados-padres-de-normalistas-exigen-justicia","status":"publish","type":"post","link":"https:\/\/quehacerpolitico.mx\/?p=39527","title":{"rendered":"Desde C\u00e1mara de Diputados padres de normalistas exigen justicia"},"content":{"rendered":"<p>Desde C\u00e1mara de Diputados padres de normalistas exigen justicia<br \/>Por Redacci\u00f3n QP<\/p>\n<p>Familiares de los 43 normalistas de Ayotzinapa desaparecidos acudieron a la C\u00e1mara de Diputados, donde exigieron justicia y demandaron a las autoridades esclarecer el caso, a cinco a\u00f1os de los hechos ocurridos en el estado de Guerrero.<\/p>\n<blockquote class=\"twitter-tweet\" data-width=\"550\" data-dnt=\"true\">\n<p lang=\"es\" dir=\"ltr\">Desde tribuna se realiza pase de lista de los 43 normalistas de la escuela Normal Rural de Ayotzinapa, Ra\u00fal Isidro Burgos, desaparecidos el 26 de septiembre de 2014. <a href=\"https:\/\/t.co\/1v2SwSyJIP\">https:\/\/t.co\/1v2SwSyJIP<\/a><\/p>\n<p>&mdash; H. C\u00e1mara de Diputados (@Mx_Diputados) <a href=\"https:\/\/twitter.com\/Mx_Diputados\/status\/1177253842473369611?ref_src=twsrc%5Etfw\">September 26, 2019<\/a><\/p><\/blockquote>\n<p><script async src=\"https:\/\/platform.twitter.com\/widgets.js\" charset=\"utf-8\"><\/script><\/p>\n<p>\u00a0 \u00a0 \u00a0 El grito de \u201cVivos se los llevaron, vivos los queremos\u201d retumb\u00f3 este jueves en el Palacio Legislativo de San L\u00e1zaro, donde los padres de los estudiantes de la Escuela Normal Rural \u201cIsidro Burgos\u201d, clamaron hicieron pase de lista de los j\u00f3venes.<\/p>\n<blockquote class=\"twitter-tweet\" data-width=\"550\" data-dnt=\"true\">\n<p lang=\"es\" dir=\"ltr\">La dip. <a href=\"https:\/\/twitter.com\/Laura_Rojas_?ref_src=twsrc%5Etfw\">@Laura_Rojas_<\/a>, Pdta. Mesa Directiva, se\u00f1al\u00f3 que, los hechos del 26 de septiembre de 2014, en Iguala, Guerrero, abrieron una profunda herida a nuestro pa\u00eds y dieron paso a una exigencia general de verdad y de justicia. <a href=\"https:\/\/twitter.com\/hashtag\/Ayotzinapa5a%C3%B1os?src=hash&amp;ref_src=twsrc%5Etfw\">#Ayotzinapa5a\u00f1os<\/a> <a href=\"https:\/\/t.co\/agVsiXyIVb\">https:\/\/t.co\/agVsiXyIVb<\/a><\/p>\n<p>&mdash; H. C\u00e1mara de Diputados (@Mx_Diputados) <a href=\"https:\/\/twitter.com\/Mx_Diputados\/status\/1177255686360719366?ref_src=twsrc%5Etfw\">September 26, 2019<\/a><\/p><\/blockquote>\n<p><script async src=\"https:\/\/platform.twitter.com\/widgets.js\" charset=\"utf-8\"><\/script><\/p>\n<p>\u00a0 \u00a0 \u00a0\u00a0Despu\u00e9s de hacer uso de la tribuna de la C\u00e1mara, los familiares regresaron al campamento que instalaron afuera de la sede de la otrora Procuradur\u00eda General de la Rep\u00fablica (FGR), en Paseo de la Reforma.<\/p>\n<blockquote class=\"twitter-tweet\" data-width=\"550\" data-dnt=\"true\">\n<p lang=\"es\" dir=\"ltr\">Hilda Legide\u00f1o Vargas, madre de uno de los estudiantes de la Normal Rural de Ayotzinapa, Ra\u00fal Isidro Burgos, se\u00f1al\u00f3 que actualmente reciben el apoyo del gobierno federal para poder localizar a los 43 normalistas desaparecidos. <a href=\"https:\/\/t.co\/v3E81yTjhc\">https:\/\/t.co\/v3E81yTjhc<\/a><\/p>\n<p>&mdash; H. C\u00e1mara de Diputados (@Mx_Diputados) <a href=\"https:\/\/twitter.com\/Mx_Diputados\/status\/1177260663229624320?ref_src=twsrc%5Etfw\">September 26, 2019<\/a><\/p><\/blockquote>\n<p><script async src=\"https:\/\/platform.twitter.com\/widgets.js\" charset=\"utf-8\"><\/script><\/p>\n<p>\u00a0 \u00a0 \u00a0\u00a0Por la tarde, a las 16:00 horas, madres, padres y amigos de los desaparecidos marchar\u00e1n en la Ciudad de M\u00e9xico, del \u00c1ngel de la Independencia al Z\u00f3calo capitalino, donde realizar\u00edan un mitin.<\/p>\n<p>Con Informaci\u00f3n de NTX\u00a0<\/p>\n","protected":false},"excerpt":{"rendered":"<p>Desde C\u00e1mara de Diputados padres de normalistas exigen justicia<br \/>\nPor Redacci\u00f3n QP<\/p>\n","protected":false},"author":2,"featured_media":39526,"comment_status":"open","ping_status":"open","sticky":false,"template":"","format":"standard","meta":{"_monsterinsights_skip_tracking":false,"_monsterinsights_sitenote_active":false,"_monsterinsights_sitenote_note":"","_monsterinsights_sitenote_category":0,"footnotes":""},"categories":[2],"tags":[],"class_list":["post-39527","post","type-post","status-publish","format-standard","has-post-thumbnail","hentry","category-noticias"],"yoast_head":"<!-- This site is optimized with the Yoast SEO plugin v27.3 - https:\/\/yoast.com\/product\/yoast-seo-wordpress\/ -->\n<title>Desde C\u00e1mara de Diputados padres de normalistas exigen justicia -<\/title>\n<meta name=\"robots\" content=\"index, follow, max-snippet:-1, max-image-preview:large, max-video-preview:-1\" \/>\n<link rel=\"canonical\" href=\"https:\/\/quehacerpolitico.mx\/?p=39527\" \/>\n<meta property=\"og:locale\" content=\"es_MX\" \/>\n<meta property=\"og:type\" content=\"article\" \/>\n<meta property=\"og:title\" content=\"Desde C\u00e1mara de Diputados padres de normalistas exigen justicia -\" \/>\n<meta property=\"og:description\" content=\"Desde C\u00e1mara de Diputados padres de normalistas exigen justicia Por Redacci\u00f3n QP\" \/>\n<meta property=\"og:url\" content=\"https:\/\/quehacerpolitico.mx\/?p=39527\" \/>\n<meta property=\"article:published_time\" content=\"2019-09-26T20:28:11+00:00\" \/>\n<meta name=\"author\" content=\"Redacci\u00f3n QP\" \/>\n<meta name=\"twitter:card\" content=\"summary_large_image\" \/>\n<meta name=\"twitter:label1\" content=\"Escrito por\" \/>\n\t<meta name=\"twitter:data1\" content=\"Redacci\u00f3n QP\" \/>\n\t<meta name=\"twitter:label2\" content=\"Tiempo de lectura\" \/>\n\t<meta name=\"twitter:data2\" content=\"1 minuto\" \/>\n<script type=\"application\/ld+json\" class=\"yoast-schema-graph\">{\"@context\":\"https:\\\/\\\/schema.org\",\"@graph\":[{\"@type\":\"Article\",\"@id\":\"https:\\\/\\\/quehacerpolitico.mx\\\/?p=39527#article\",\"isPartOf\":{\"@id\":\"https:\\\/\\\/quehacerpolitico.mx\\\/?p=39527\"},\"author\":{\"name\":\"Redacci\u00f3n QP\",\"@id\":\"https:\\\/\\\/quehacerpolitico.mx\\\/#\\\/schema\\\/person\\\/496d8ad2d1d3f8036101dca7ee39e585\"},\"headline\":\"Desde C\u00e1mara de Diputados padres de normalistas exigen justicia\",\"datePublished\":\"2019-09-26T20:28:11+00:00\",\"mainEntityOfPage\":{\"@id\":\"https:\\\/\\\/quehacerpolitico.mx\\\/?p=39527\"},\"wordCount\":204,\"commentCount\":0,\"image\":{\"@id\":\"https:\\\/\\\/quehacerpolitico.mx\\\/?p=39527#primaryimage\"},\"thumbnailUrl\":\"\",\"articleSection\":[\"Noticias\"],\"inLanguage\":\"es\",\"potentialAction\":[{\"@type\":\"CommentAction\",\"name\":\"Comment\",\"target\":[\"https:\\\/\\\/quehacerpolitico.mx\\\/?p=39527#respond\"]}]},{\"@type\":\"WebPage\",\"@id\":\"https:\\\/\\\/quehacerpolitico.mx\\\/?p=39527\",\"url\":\"https:\\\/\\\/quehacerpolitico.mx\\\/?p=39527\",\"name\":\"Desde C\u00e1mara de Diputados padres de normalistas exigen justicia -\",\"isPartOf\":{\"@id\":\"https:\\\/\\\/quehacerpolitico.mx\\\/#website\"},\"primaryImageOfPage\":{\"@id\":\"https:\\\/\\\/quehacerpolitico.mx\\\/?p=39527#primaryimage\"},\"image\":{\"@id\":\"https:\\\/\\\/quehacerpolitico.mx\\\/?p=39527#primaryimage\"},\"thumbnailUrl\":\"\",\"datePublished\":\"2019-09-26T20:28:11+00:00\",\"author\":{\"@id\":\"https:\\\/\\\/quehacerpolitico.mx\\\/#\\\/schema\\\/person\\\/496d8ad2d1d3f8036101dca7ee39e585\"},\"breadcrumb\":{\"@id\":\"https:\\\/\\\/quehacerpolitico.mx\\\/?p=39527#breadcrumb\"},\"inLanguage\":\"es\",\"potentialAction\":[{\"@type\":\"ReadAction\",\"target\":[\"https:\\\/\\\/quehacerpolitico.mx\\\/?p=39527\"]}]},{\"@type\":\"ImageObject\",\"inLanguage\":\"es\",\"@id\":\"https:\\\/\\\/quehacerpolitico.mx\\\/?p=39527#primaryimage\",\"url\":\"\",\"contentUrl\":\"\"},{\"@type\":\"BreadcrumbList\",\"@id\":\"https:\\\/\\\/quehacerpolitico.mx\\\/?p=39527#breadcrumb\",\"itemListElement\":[{\"@type\":\"ListItem\",\"position\":1,\"name\":\"Inicio\",\"item\":\"https:\\\/\\\/quehacerpolitico.mx\\\/\"},{\"@type\":\"ListItem\",\"position\":2,\"name\":\"Desde C\u00e1mara de Diputados padres de normalistas exigen justicia\"}]},{\"@type\":\"WebSite\",\"@id\":\"https:\\\/\\\/quehacerpolitico.mx\\\/#website\",\"url\":\"https:\\\/\\\/quehacerpolitico.mx\\\/\",\"name\":\"\",\"description\":\"\",\"potentialAction\":[{\"@type\":\"SearchAction\",\"target\":{\"@type\":\"EntryPoint\",\"urlTemplate\":\"https:\\\/\\\/quehacerpolitico.mx\\\/?s={search_term_string}\"},\"query-input\":{\"@type\":\"PropertyValueSpecification\",\"valueRequired\":true,\"valueName\":\"search_term_string\"}}],\"inLanguage\":\"es\"},{\"@type\":\"Person\",\"@id\":\"https:\\\/\\\/quehacerpolitico.mx\\\/#\\\/schema\\\/person\\\/496d8ad2d1d3f8036101dca7ee39e585\",\"name\":\"Redacci\u00f3n QP\",\"image\":{\"@type\":\"ImageObject\",\"inLanguage\":\"es\",\"@id\":\"https:\\\/\\\/secure.gravatar.com\\\/avatar\\\/c7164ed6fdec453195284ad24a5ae5b6e1eed2b848477fa2a4787ba9adf39a41?s=96&d=mm&r=g\",\"url\":\"https:\\\/\\\/secure.gravatar.com\\\/avatar\\\/c7164ed6fdec453195284ad24a5ae5b6e1eed2b848477fa2a4787ba9adf39a41?s=96&d=mm&r=g\",\"contentUrl\":\"https:\\\/\\\/secure.gravatar.com\\\/avatar\\\/c7164ed6fdec453195284ad24a5ae5b6e1eed2b848477fa2a4787ba9adf39a41?s=96&d=mm&r=g\",\"caption\":\"Redacci\u00f3n QP\"},\"url\":\"https:\\\/\\\/quehacerpolitico.mx\\\/?author=2\"}]}<\/script>\n<!-- \/ Yoast SEO plugin. -->","yoast_head_json":{"title":"Desde C\u00e1mara de Diputados padres de normalistas exigen justicia -","robots":{"index":"index","follow":"follow","max-snippet":"max-snippet:-1","max-image-preview":"max-image-preview:large","max-video-preview":"max-video-preview:-1"},"canonical":"https:\/\/quehacerpolitico.mx\/?p=39527","og_locale":"es_MX","og_type":"article","og_title":"Desde C\u00e1mara de Diputados padres de normalistas exigen justicia -","og_description":"Desde C\u00e1mara de Diputados padres de normalistas exigen justicia Por Redacci\u00f3n QP","og_url":"https:\/\/quehacerpolitico.mx\/?p=39527","article_published_time":"2019-09-26T20:28:11+00:00","author":"Redacci\u00f3n QP","twitter_card":"summary_large_image","twitter_misc":{"Escrito por":"Redacci\u00f3n QP","Tiempo de lectura":"1 minuto"},"schema":{"@context":"https:\/\/schema.org","@graph":[{"@type":"Article","@id":"https:\/\/quehacerpolitico.mx\/?p=39527#article","isPartOf":{"@id":"https:\/\/quehacerpolitico.mx\/?p=39527"},"author":{"name":"Redacci\u00f3n QP","@id":"https:\/\/quehacerpolitico.mx\/#\/schema\/person\/496d8ad2d1d3f8036101dca7ee39e585"},"headline":"Desde C\u00e1mara de Diputados padres de normalistas exigen justicia","datePublished":"2019-09-26T20:28:11+00:00","mainEntityOfPage":{"@id":"https:\/\/quehacerpolitico.mx\/?p=39527"},"wordCount":204,"commentCount":0,"image":{"@id":"https:\/\/quehacerpolitico.mx\/?p=39527#primaryimage"},"thumbnailUrl":"","articleSection":["Noticias"],"inLanguage":"es","potentialAction":[{"@type":"CommentAction","name":"Comment","target":["https:\/\/quehacerpolitico.mx\/?p=39527#respond"]}]},{"@type":"WebPage","@id":"https:\/\/quehacerpolitico.mx\/?p=39527","url":"https:\/\/quehacerpolitico.mx\/?p=39527","name":"Desde C\u00e1mara de Diputados padres de normalistas exigen justicia -","isPartOf":{"@id":"https:\/\/quehacerpolitico.mx\/#website"},"primaryImageOfPage":{"@id":"https:\/\/quehacerpolitico.mx\/?p=39527#primaryimage"},"image":{"@id":"https:\/\/quehacerpolitico.mx\/?p=39527#primaryimage"},"thumbnailUrl":"","datePublished":"2019-09-26T20:28:11+00:00","author":{"@id":"https:\/\/quehacerpolitico.mx\/#\/schema\/person\/496d8ad2d1d3f8036101dca7ee39e585"},"breadcrumb":{"@id":"https:\/\/quehacerpolitico.mx\/?p=39527#breadcrumb"},"inLanguage":"es","potentialAction":[{"@type":"ReadAction","target":["https:\/\/quehacerpolitico.mx\/?p=39527"]}]},{"@type":"ImageObject","inLanguage":"es","@id":"https:\/\/quehacerpolitico.mx\/?p=39527#primaryimage","url":"","contentUrl":""},{"@type":"BreadcrumbList","@id":"https:\/\/quehacerpolitico.mx\/?p=39527#breadcrumb","itemListElement":[{"@type":"ListItem","position":1,"name":"Inicio","item":"https:\/\/quehacerpolitico.mx\/"},{"@type":"ListItem","position":2,"name":"Desde C\u00e1mara de Diputados padres de normalistas exigen justicia"}]},{"@type":"WebSite","@id":"https:\/\/quehacerpolitico.mx\/#website","url":"https:\/\/quehacerpolitico.mx\/","name":"","description":"","potentialAction":[{"@type":"SearchAction","target":{"@type":"EntryPoint","urlTemplate":"https:\/\/quehacerpolitico.mx\/?s={search_term_string}"},"query-input":{"@type":"PropertyValueSpecification","valueRequired":true,"valueName":"search_term_string"}}],"inLanguage":"es"},{"@type":"Person","@id":"https:\/\/quehacerpolitico.mx\/#\/schema\/person\/496d8ad2d1d3f8036101dca7ee39e585","name":"Redacci\u00f3n QP","image":{"@type":"ImageObject","inLanguage":"es","@id":"https:\/\/secure.gravatar.com\/avatar\/c7164ed6fdec453195284ad24a5ae5b6e1eed2b848477fa2a4787ba9adf39a41?s=96&d=mm&r=g","url":"https:\/\/secure.gravatar.com\/avatar\/c7164ed6fdec453195284ad24a5ae5b6e1eed2b848477fa2a4787ba9adf39a41?s=96&d=mm&r=g","contentUrl":"https:\/\/secure.gravatar.com\/avatar\/c7164ed6fdec453195284ad24a5ae5b6e1eed2b848477fa2a4787ba9adf39a41?s=96&d=mm&r=g","caption":"Redacci\u00f3n QP"},"url":"https:\/\/quehacerpolitico.mx\/?author=2"}]}},"featured_image_urls":{"full":"","thumbnail":"","medium":"","medium_large":"","large":"","1536x1536":"","2048x2048":"","covernews-featured":"","covernews-medium":""},"author_info":{"display_name":"Redacci\u00f3n QP","author_link":"https:\/\/quehacerpolitico.mx\/?author=2"},"category_info":"<a href=\"https:\/\/quehacerpolitico.mx\/?cat=2\" rel=\"category\">Noticias<\/a>","tag_info":"Noticias","comment_count":"0","_links":{"self":[{"href":"https:\/\/quehacerpolitico.mx\/index.php?rest_route=\/wp\/v2\/posts\/39527","targetHints":{"allow":["GET"]}}],"collection":[{"href":"https:\/\/quehacerpolitico.mx\/index.php?rest_route=\/wp\/v2\/posts"}],"about":[{"href":"https:\/\/quehacerpolitico.mx\/index.php?rest_route=\/wp\/v2\/types\/post"}],"author":[{"embeddable":true,"href":"https:\/\/quehacerpolitico.mx\/index.php?rest_route=\/wp\/v2\/users\/2"}],"replies":[{"embeddable":true,"href":"https:\/\/quehacerpolitico.mx\/index.php?rest_route=%2Fwp%2Fv2%2Fcomments&post=39527"}],"version-history":[{"count":0,"href":"https:\/\/quehacerpolitico.mx\/index.php?rest_route=\/wp\/v2\/posts\/39527\/revisions"}],"wp:featuredmedia":[{"embeddable":true,"href":"https:\/\/quehacerpolitico.mx\/index.php?rest_route=\/"}],"wp:attachment":[{"href":"https:\/\/quehacerpolitico.mx\/index.php?rest_route=%2Fwp%2Fv2%2Fmedia&parent=39527"}],"wp:term":[{"taxonomy":"category","embeddable":true,"href":"https:\/\/quehacerpolitico.mx\/index.php?rest_route=%2Fwp%2Fv2%2Fcategories&post=39527"},{"taxonomy":"post_tag","embeddable":true,"href":"https:\/\/quehacerpolitico.mx\/index.php?rest_route=%2Fwp%2Fv2%2Ftags&post=39527"}],"curies":[{"name":"wp","href":"https:\/\/api.w.org\/{rel}","templated":true}]}}