{"id":39524,"date":"2019-09-26T20:16:33","date_gmt":"2019-09-26T20:16:33","guid":{"rendered":"http:\/\/quehacerpolitico.mx\/lopez-obrador-envia-al-senado-terna-para-dirigir-la-ceav\/"},"modified":"2019-09-26T20:16:33","modified_gmt":"2019-09-26T20:16:33","slug":"lopez-obrador-envia-al-senado-terna-para-dirigir-la-ceav","status":"publish","type":"post","link":"https:\/\/quehacerpolitico.mx\/?p=39524","title":{"rendered":"L\u00f3pez Obrador env\u00eda al Senado terna para dirigir la CEAV"},"content":{"rendered":"<p>L\u00f3pez Obrador env\u00eda al Senado terna para dirigir la CEAV<br \/>Por Redacci\u00f3n QP<\/p>\n<p>El presidente Andr\u00e9s Manuel L\u00f3pez Obrador envi\u00f3 a la presidenta del Senado,\u00a0M\u00f3nica Fern\u00e1ndez, los nombres de las aspirantes que integran la terna para dirigir la Comisi\u00f3n Ejecutiva de Atenci\u00f3n a V\u00edctimas (CEAV).<\/p>\n<p>La terna est\u00e1 integrada por Mara G\u00f3mez P\u00e9rez, Mar\u00eda de los \u00c1ngeles Haces Velasco y Melva Adriana Olvera Rodr\u00edguez.<\/p>\n<p>El documento fechado el mi\u00e9rcoles 25 de septiembre incluye el curr\u00edculum de cada una de las aspirantes, as\u00ed como una breve relator\u00eda del proceso de selecci\u00f3n y est\u00e1 dirigido a la presidenta de la C\u00e1mara de Senadores.<\/p>\n<p>\u201cEl Ejecutivo federal tuvo conocimiento del resultado de las Bases de la Consulta P\u00fablica y de las personas postuladas que obtuvieron las puntuaciones m\u00e1s altas conforma a la misma.<\/p>\n<p>&#8220;Por lo que tengo a bien proponer la siguiente terma para ocupar el cargo de Comisionado ejecutivo de la Comisi\u00f3n Ejecutiva de Atenci\u00f3n a V\u00edctimas: C. Mara G\u00f3mez P\u00e9rez, C. Mar\u00eda de los \u00c1ngeles Haces Velasco y C. Melba Adriana Olvera Rodr\u00edguez\u201d, se\u00f1ala el documento firmado por L\u00f3pez Obrador.<\/p>\n<p>El 3 de julio de 2019 la Secretar\u00eda de Gobernaci\u00f3n (Segob) public\u00f3 en su portal de internet las bases de la consulta p\u00fablica para elegir a quien sustituir\u00e1 a Jaime Roch\u00edn del Rinc\u00f3n, quien renunci\u00f3 a su cargo de comisionado el 7 de junio.<\/p>\n<p>Mara G\u00f3mez P\u00e9rez\u00a0es doctora en Derecho por la Universidad Nacional Aut\u00f3noma de M\u00e9xico. Cuenta con estudios en Derechos Humanos y actualmente se desempe\u00f1a como secretaria de Estudio y Cuenta de la Sala Superior del Tribunal Electoral del Poder Judicial de la Federaci\u00f3n.<\/p>\n<p>Haces Velasco, por su parte, es doctora en Antropolog\u00eda Social por el Centro de Investigaciones y Estudios Superiores en Antropolog\u00eda Social y se desempe\u00f1a como directora de Enlace con la Comisi\u00f3n Ejecutiva de Atenci\u00f3n a V\u00edctimas, en la Direcci\u00f3n General de Estrategias para la Atenci\u00f3n de Derechos Humanos de la subsecretar\u00eda de Derechos Humanos de la Secretar\u00eda de Gobernaci\u00f3n.<\/p>\n<p>Mientras tanto Olvera Rodr\u00edguez tiene una maestr\u00eda en Derechos Humanos por la Universidad de Alcal\u00e1 de Henares, Espa\u00f1a. Fue presidenta de la Comisi\u00f3n Estatal de Derechos Humanos en Baja California hasta este a\u00f1o.<\/p>\n<p>La resoluci\u00f3n de la designaci\u00f3n de quien ocupar\u00e1 la cartera de comisionada por la CEAV ser\u00e1 resuelta por el Senado de la Rep\u00fablica.<\/p>\n<p>Con informaci\u00f3n de NTX\u00a0<\/p>\n","protected":false},"excerpt":{"rendered":"<p>L\u00f3pez Obrador env\u00eda al Senado terna para dirigir la CEAV<br \/>\nPor Redacci\u00f3n QP<\/p>\n","protected":false},"author":2,"featured_media":39523,"comment_status":"open","ping_status":"open","sticky":false,"template":"","format":"standard","meta":{"_monsterinsights_skip_tracking":false,"_monsterinsights_sitenote_active":false,"_monsterinsights_sitenote_note":"","_monsterinsights_sitenote_category":0,"footnotes":""},"categories":[2],"tags":[],"class_list":["post-39524","post","type-post","status-publish","format-standard","has-post-thumbnail","hentry","category-noticias"],"yoast_head":"<!-- This site is optimized with the Yoast SEO plugin v27.3 - https:\/\/yoast.com\/product\/yoast-seo-wordpress\/ -->\n<title>L\u00f3pez Obrador env\u00eda al Senado terna para dirigir la CEAV -<\/title>\n<meta name=\"robots\" content=\"index, follow, max-snippet:-1, max-image-preview:large, max-video-preview:-1\" \/>\n<link rel=\"canonical\" href=\"https:\/\/quehacerpolitico.mx\/?p=39524\" \/>\n<meta property=\"og:locale\" content=\"es_MX\" \/>\n<meta property=\"og:type\" content=\"article\" \/>\n<meta property=\"og:title\" content=\"L\u00f3pez Obrador env\u00eda al Senado terna para dirigir la CEAV -\" \/>\n<meta property=\"og:description\" content=\"L\u00f3pez Obrador env\u00eda al Senado terna para dirigir la CEAV Por Redacci\u00f3n QP\" \/>\n<meta property=\"og:url\" content=\"https:\/\/quehacerpolitico.mx\/?p=39524\" \/>\n<meta property=\"article:published_time\" content=\"2019-09-26T20:16:33+00:00\" \/>\n<meta name=\"author\" content=\"Redacci\u00f3n QP\" \/>\n<meta name=\"twitter:card\" content=\"summary_large_image\" \/>\n<meta name=\"twitter:label1\" content=\"Escrito por\" \/>\n\t<meta name=\"twitter:data1\" content=\"Redacci\u00f3n QP\" \/>\n\t<meta name=\"twitter:label2\" content=\"Tiempo de lectura\" \/>\n\t<meta name=\"twitter:data2\" content=\"2 minutos\" \/>\n<script type=\"application\/ld+json\" class=\"yoast-schema-graph\">{\"@context\":\"https:\\\/\\\/schema.org\",\"@graph\":[{\"@type\":\"Article\",\"@id\":\"https:\\\/\\\/quehacerpolitico.mx\\\/?p=39524#article\",\"isPartOf\":{\"@id\":\"https:\\\/\\\/quehacerpolitico.mx\\\/?p=39524\"},\"author\":{\"name\":\"Redacci\u00f3n QP\",\"@id\":\"https:\\\/\\\/quehacerpolitico.mx\\\/#\\\/schema\\\/person\\\/496d8ad2d1d3f8036101dca7ee39e585\"},\"headline\":\"L\u00f3pez Obrador env\u00eda al Senado terna para dirigir la CEAV\",\"datePublished\":\"2019-09-26T20:16:33+00:00\",\"mainEntityOfPage\":{\"@id\":\"https:\\\/\\\/quehacerpolitico.mx\\\/?p=39524\"},\"wordCount\":454,\"commentCount\":0,\"image\":{\"@id\":\"https:\\\/\\\/quehacerpolitico.mx\\\/?p=39524#primaryimage\"},\"thumbnailUrl\":\"\",\"articleSection\":[\"Noticias\"],\"inLanguage\":\"es\",\"potentialAction\":[{\"@type\":\"CommentAction\",\"name\":\"Comment\",\"target\":[\"https:\\\/\\\/quehacerpolitico.mx\\\/?p=39524#respond\"]}]},{\"@type\":\"WebPage\",\"@id\":\"https:\\\/\\\/quehacerpolitico.mx\\\/?p=39524\",\"url\":\"https:\\\/\\\/quehacerpolitico.mx\\\/?p=39524\",\"name\":\"L\u00f3pez Obrador env\u00eda al Senado terna para dirigir la CEAV -\",\"isPartOf\":{\"@id\":\"https:\\\/\\\/quehacerpolitico.mx\\\/#website\"},\"primaryImageOfPage\":{\"@id\":\"https:\\\/\\\/quehacerpolitico.mx\\\/?p=39524#primaryimage\"},\"image\":{\"@id\":\"https:\\\/\\\/quehacerpolitico.mx\\\/?p=39524#primaryimage\"},\"thumbnailUrl\":\"\",\"datePublished\":\"2019-09-26T20:16:33+00:00\",\"author\":{\"@id\":\"https:\\\/\\\/quehacerpolitico.mx\\\/#\\\/schema\\\/person\\\/496d8ad2d1d3f8036101dca7ee39e585\"},\"breadcrumb\":{\"@id\":\"https:\\\/\\\/quehacerpolitico.mx\\\/?p=39524#breadcrumb\"},\"inLanguage\":\"es\",\"potentialAction\":[{\"@type\":\"ReadAction\",\"target\":[\"https:\\\/\\\/quehacerpolitico.mx\\\/?p=39524\"]}]},{\"@type\":\"ImageObject\",\"inLanguage\":\"es\",\"@id\":\"https:\\\/\\\/quehacerpolitico.mx\\\/?p=39524#primaryimage\",\"url\":\"\",\"contentUrl\":\"\"},{\"@type\":\"BreadcrumbList\",\"@id\":\"https:\\\/\\\/quehacerpolitico.mx\\\/?p=39524#breadcrumb\",\"itemListElement\":[{\"@type\":\"ListItem\",\"position\":1,\"name\":\"Inicio\",\"item\":\"https:\\\/\\\/quehacerpolitico.mx\\\/\"},{\"@type\":\"ListItem\",\"position\":2,\"name\":\"L\u00f3pez Obrador env\u00eda al Senado terna para dirigir la CEAV\"}]},{\"@type\":\"WebSite\",\"@id\":\"https:\\\/\\\/quehacerpolitico.mx\\\/#website\",\"url\":\"https:\\\/\\\/quehacerpolitico.mx\\\/\",\"name\":\"\",\"description\":\"\",\"potentialAction\":[{\"@type\":\"SearchAction\",\"target\":{\"@type\":\"EntryPoint\",\"urlTemplate\":\"https:\\\/\\\/quehacerpolitico.mx\\\/?s={search_term_string}\"},\"query-input\":{\"@type\":\"PropertyValueSpecification\",\"valueRequired\":true,\"valueName\":\"search_term_string\"}}],\"inLanguage\":\"es\"},{\"@type\":\"Person\",\"@id\":\"https:\\\/\\\/quehacerpolitico.mx\\\/#\\\/schema\\\/person\\\/496d8ad2d1d3f8036101dca7ee39e585\",\"name\":\"Redacci\u00f3n QP\",\"image\":{\"@type\":\"ImageObject\",\"inLanguage\":\"es\",\"@id\":\"https:\\\/\\\/secure.gravatar.com\\\/avatar\\\/c7164ed6fdec453195284ad24a5ae5b6e1eed2b848477fa2a4787ba9adf39a41?s=96&d=mm&r=g\",\"url\":\"https:\\\/\\\/secure.gravatar.com\\\/avatar\\\/c7164ed6fdec453195284ad24a5ae5b6e1eed2b848477fa2a4787ba9adf39a41?s=96&d=mm&r=g\",\"contentUrl\":\"https:\\\/\\\/secure.gravatar.com\\\/avatar\\\/c7164ed6fdec453195284ad24a5ae5b6e1eed2b848477fa2a4787ba9adf39a41?s=96&d=mm&r=g\",\"caption\":\"Redacci\u00f3n QP\"},\"url\":\"https:\\\/\\\/quehacerpolitico.mx\\\/?author=2\"}]}<\/script>\n<!-- \/ Yoast SEO plugin. -->","yoast_head_json":{"title":"L\u00f3pez Obrador env\u00eda al Senado terna para dirigir la CEAV -","robots":{"index":"index","follow":"follow","max-snippet":"max-snippet:-1","max-image-preview":"max-image-preview:large","max-video-preview":"max-video-preview:-1"},"canonical":"https:\/\/quehacerpolitico.mx\/?p=39524","og_locale":"es_MX","og_type":"article","og_title":"L\u00f3pez Obrador env\u00eda al Senado terna para dirigir la CEAV -","og_description":"L\u00f3pez Obrador env\u00eda al Senado terna para dirigir la CEAV Por Redacci\u00f3n QP","og_url":"https:\/\/quehacerpolitico.mx\/?p=39524","article_published_time":"2019-09-26T20:16:33+00:00","author":"Redacci\u00f3n QP","twitter_card":"summary_large_image","twitter_misc":{"Escrito por":"Redacci\u00f3n QP","Tiempo de lectura":"2 minutos"},"schema":{"@context":"https:\/\/schema.org","@graph":[{"@type":"Article","@id":"https:\/\/quehacerpolitico.mx\/?p=39524#article","isPartOf":{"@id":"https:\/\/quehacerpolitico.mx\/?p=39524"},"author":{"name":"Redacci\u00f3n QP","@id":"https:\/\/quehacerpolitico.mx\/#\/schema\/person\/496d8ad2d1d3f8036101dca7ee39e585"},"headline":"L\u00f3pez Obrador env\u00eda al Senado terna para dirigir la CEAV","datePublished":"2019-09-26T20:16:33+00:00","mainEntityOfPage":{"@id":"https:\/\/quehacerpolitico.mx\/?p=39524"},"wordCount":454,"commentCount":0,"image":{"@id":"https:\/\/quehacerpolitico.mx\/?p=39524#primaryimage"},"thumbnailUrl":"","articleSection":["Noticias"],"inLanguage":"es","potentialAction":[{"@type":"CommentAction","name":"Comment","target":["https:\/\/quehacerpolitico.mx\/?p=39524#respond"]}]},{"@type":"WebPage","@id":"https:\/\/quehacerpolitico.mx\/?p=39524","url":"https:\/\/quehacerpolitico.mx\/?p=39524","name":"L\u00f3pez Obrador env\u00eda al Senado terna para dirigir la CEAV -","isPartOf":{"@id":"https:\/\/quehacerpolitico.mx\/#website"},"primaryImageOfPage":{"@id":"https:\/\/quehacerpolitico.mx\/?p=39524#primaryimage"},"image":{"@id":"https:\/\/quehacerpolitico.mx\/?p=39524#primaryimage"},"thumbnailUrl":"","datePublished":"2019-09-26T20:16:33+00:00","author":{"@id":"https:\/\/quehacerpolitico.mx\/#\/schema\/person\/496d8ad2d1d3f8036101dca7ee39e585"},"breadcrumb":{"@id":"https:\/\/quehacerpolitico.mx\/?p=39524#breadcrumb"},"inLanguage":"es","potentialAction":[{"@type":"ReadAction","target":["https:\/\/quehacerpolitico.mx\/?p=39524"]}]},{"@type":"ImageObject","inLanguage":"es","@id":"https:\/\/quehacerpolitico.mx\/?p=39524#primaryimage","url":"","contentUrl":""},{"@type":"BreadcrumbList","@id":"https:\/\/quehacerpolitico.mx\/?p=39524#breadcrumb","itemListElement":[{"@type":"ListItem","position":1,"name":"Inicio","item":"https:\/\/quehacerpolitico.mx\/"},{"@type":"ListItem","position":2,"name":"L\u00f3pez Obrador env\u00eda al Senado terna para dirigir la CEAV"}]},{"@type":"WebSite","@id":"https:\/\/quehacerpolitico.mx\/#website","url":"https:\/\/quehacerpolitico.mx\/","name":"","description":"","potentialAction":[{"@type":"SearchAction","target":{"@type":"EntryPoint","urlTemplate":"https:\/\/quehacerpolitico.mx\/?s={search_term_string}"},"query-input":{"@type":"PropertyValueSpecification","valueRequired":true,"valueName":"search_term_string"}}],"inLanguage":"es"},{"@type":"Person","@id":"https:\/\/quehacerpolitico.mx\/#\/schema\/person\/496d8ad2d1d3f8036101dca7ee39e585","name":"Redacci\u00f3n QP","image":{"@type":"ImageObject","inLanguage":"es","@id":"https:\/\/secure.gravatar.com\/avatar\/c7164ed6fdec453195284ad24a5ae5b6e1eed2b848477fa2a4787ba9adf39a41?s=96&d=mm&r=g","url":"https:\/\/secure.gravatar.com\/avatar\/c7164ed6fdec453195284ad24a5ae5b6e1eed2b848477fa2a4787ba9adf39a41?s=96&d=mm&r=g","contentUrl":"https:\/\/secure.gravatar.com\/avatar\/c7164ed6fdec453195284ad24a5ae5b6e1eed2b848477fa2a4787ba9adf39a41?s=96&d=mm&r=g","caption":"Redacci\u00f3n QP"},"url":"https:\/\/quehacerpolitico.mx\/?author=2"}]}},"featured_image_urls":{"full":"","thumbnail":"","medium":"","medium_large":"","large":"","1536x1536":"","2048x2048":"","covernews-featured":"","covernews-medium":""},"author_info":{"display_name":"Redacci\u00f3n QP","author_link":"https:\/\/quehacerpolitico.mx\/?author=2"},"category_info":"<a href=\"https:\/\/quehacerpolitico.mx\/?cat=2\" rel=\"category\">Noticias<\/a>","tag_info":"Noticias","comment_count":"0","_links":{"self":[{"href":"https:\/\/quehacerpolitico.mx\/index.php?rest_route=\/wp\/v2\/posts\/39524","targetHints":{"allow":["GET"]}}],"collection":[{"href":"https:\/\/quehacerpolitico.mx\/index.php?rest_route=\/wp\/v2\/posts"}],"about":[{"href":"https:\/\/quehacerpolitico.mx\/index.php?rest_route=\/wp\/v2\/types\/post"}],"author":[{"embeddable":true,"href":"https:\/\/quehacerpolitico.mx\/index.php?rest_route=\/wp\/v2\/users\/2"}],"replies":[{"embeddable":true,"href":"https:\/\/quehacerpolitico.mx\/index.php?rest_route=%2Fwp%2Fv2%2Fcomments&post=39524"}],"version-history":[{"count":0,"href":"https:\/\/quehacerpolitico.mx\/index.php?rest_route=\/wp\/v2\/posts\/39524\/revisions"}],"wp:featuredmedia":[{"embeddable":true,"href":"https:\/\/quehacerpolitico.mx\/index.php?rest_route=\/"}],"wp:attachment":[{"href":"https:\/\/quehacerpolitico.mx\/index.php?rest_route=%2Fwp%2Fv2%2Fmedia&parent=39524"}],"wp:term":[{"taxonomy":"category","embeddable":true,"href":"https:\/\/quehacerpolitico.mx\/index.php?rest_route=%2Fwp%2Fv2%2Fcategories&post=39524"},{"taxonomy":"post_tag","embeddable":true,"href":"https:\/\/quehacerpolitico.mx\/index.php?rest_route=%2Fwp%2Fv2%2Ftags&post=39524"}],"curies":[{"name":"wp","href":"https:\/\/api.w.org\/{rel}","templated":true}]}}