{"id":39521,"date":"2019-09-26T19:50:27","date_gmt":"2019-09-26T19:50:27","guid":{"rendered":"http:\/\/quehacerpolitico.mx\/el-tribunal-electoral-federal-confirma-sanciones-para-el-bronco\/"},"modified":"2019-09-26T19:50:27","modified_gmt":"2019-09-26T19:50:27","slug":"el-tribunal-electoral-federal-confirma-sanciones-para-el-bronco","status":"publish","type":"post","link":"https:\/\/quehacerpolitico.mx\/?p=39521","title":{"rendered":"El Tribunal Electoral Federal confirma sanciones para &#8220;El Bronco&#8221;"},"content":{"rendered":"<h1 class=\"news-title\">El Tribunal Electoral Federal confirma sanciones para &#8220;El Bronco&#8221;<br \/>Por Redacci\u00f3n QP<\/h1>\n<p>Determinan que Jaime Rodr\u00edguez Calder\u00f3n falt\u00f3 al principio de imparcialidad en las pasadas elecciones presidenciales<\/p>\n<p>La Sala Superior del Tribunal Electoral del Poder Judicial de la Federaci\u00f3n (TEPJF)\u00a0confirm\u00f3 una resoluci\u00f3n para sancionar al gobernador de Nuevo Le\u00f3n, Jaime Rodr\u00edguez Calder\u00f3n, &#8220;El Bronco&#8221; por faltar al principio de imparcialidad entre quienes aspiraban a una candidatura independiente a la Presidencia de la Rep\u00fablica.<\/p>\n<p>Por unanimidad de votos, en la sesi\u00f3n p\u00fablica realizada la v\u00edspera, los magistrados confirmaron la sanci\u00f3n incidental en la que la sala especializada estableci\u00f3 la ruta legal por la que el Congreso de Nuevo Le\u00f3n sancione al mandatario.<\/p>\n<p>El 21 de junio de 2018, la Sala Regional Especializada del tribunal federal dict\u00f3 sentencia al tener acreditado que 572 servidores p\u00fablicos y Rodr\u00edguez Calder\u00f3n, en su calidad de gobernador, <strong>faltaron al principio de neutralidad e imparcialidad del servicio p\u00fablico para influir en la competencia entre quienes aspiraban a una candidatura independiente a la Presidencia del pa\u00eds.<\/strong><\/p>\n<p>El gobernador de Nuevo Leon\u00a0y su secretario de Gobierno, Manuel Florentino Gonz\u00e1lez Flores, pretend\u00edan revocar la sanci\u00f3n al argumentar que no se les dio el debido derecho de audiencia, que el Congreso local no es su superior jer\u00e1rquico y que la sala especializada se extralimit\u00f3 al ordenar la determinaci\u00f3n de una sanci\u00f3n.<\/p>\n<p>Sin embargo, la Sala Superior aval\u00f3 la sentencia impugnada, &#8220;ya que la misma fue notificada correctamente por estrados a los actores, de ah\u00ed que no est\u00e9n en posibilidad de impugnar las consideraciones relacionadas con el fondo de la decisi\u00f3n de la sala especializada&#8221;, indic\u00f3 en un comunicado.<\/p>\n<p>Asimismo, <strong>confirm\u00f3 una multa por 115 mil pesos contra Rodr\u00edguez Calder\u00f3n por no reportar aportaciones en especie en los informes de campa\u00f1a correspondientes al proceso electoral local 2014-2015 en Nuevo Le\u00f3n<\/strong>, consistentes en m\u00e1s de 570 mil mensajes de texto v\u00eda telefon\u00eda celular.<\/p>\n<blockquote class=\"twitter-tweet\" data-width=\"550\" data-dnt=\"true\">\n<p lang=\"es\" dir=\"ltr\"><a href=\"https:\/\/twitter.com\/hashtag\/Bolet%C3%ADnTEPJF?src=hash&amp;ref_src=twsrc%5Etfw\">#Bolet\u00ednTEPJF<\/a> | <a href=\"https:\/\/t.co\/agki4Hso8Q\">https:\/\/t.co\/agki4Hso8Q<\/a><a href=\"https:\/\/twitter.com\/hashtag\/TribunalElectoral?src=hash&amp;ref_src=twsrc%5Etfw\">#TribunalElectoral<\/a>: responsable vocero de AMLO por emitir propaganda gubernamental en periodo prohibido. <a href=\"https:\/\/t.co\/3SakE7WMQt\">pic.twitter.com\/3SakE7WMQt<\/a><\/p>\n<p>&mdash; TEPJF (@TEPJF_informa) <a href=\"https:\/\/twitter.com\/TEPJF_informa\/status\/1177046346131562496?ref_src=twsrc%5Etfw\">September 26, 2019<\/a><\/p><\/blockquote>\n<p><script async src=\"https:\/\/platform.twitter.com\/widgets.js\" charset=\"utf-8\"><\/script><\/p>\n<p>En la misma sesi\u00f3n, respald\u00f3 la sentencia emitida por la sala regional especializada que <strong>declar\u00f3 responsable al coordinador general de Comunicaci\u00f3n Social y vocero del Gobierno de la Rep\u00fablica, Jes\u00fas Ram\u00edrez Cuevas, por difundir propaganda gubernamental en periodo prohibido.<\/strong><\/p>\n<p>Esto luego de que el 2 de junio el Partido Acci\u00f3n Nacional (PAN) present\u00f3 una queja por la publicaci\u00f3n de propaganda gubernamental en Twitter y YouTube el 1 y 2 de junio de 2019, periodo de veda y jornada electoral en las elecciones en seis estados de la Rep\u00fablica.<\/p>\n<p>Los magistrados consideraron que el vocero de la Presidencia de la Rep\u00fablica\u00a0vulner\u00f3 los principios de equidad e imparcialidad, luego de que aclarar que la libertad de expresi\u00f3n de los servidores p\u00fablicos est\u00e1 limitada al respeto de los derechos de terceros.<\/p>\n<p>La sala superior orden\u00f3 adem\u00e1s comunicar la referida sentencia al presidente de la Rep\u00fablica, dado que la ley establece que cuando se detecten conductas infractoras de servidores p\u00fablicos, debe darse vista al superior jer\u00e1rquico.<\/p>\n<p>Con Informaci\u00f3n de NTX\u00a0<\/p>\n","protected":false},"excerpt":{"rendered":"<p>El Tribunal Electoral Federal confirma sanciones para &#8220;El Bronco&#8221;<br \/>\nPor Redacci\u00f3n QP<\/p>\n","protected":false},"author":2,"featured_media":39520,"comment_status":"open","ping_status":"open","sticky":false,"template":"","format":"standard","meta":{"_monsterinsights_skip_tracking":false,"_monsterinsights_sitenote_active":false,"_monsterinsights_sitenote_note":"","_monsterinsights_sitenote_category":0,"footnotes":""},"categories":[2],"tags":[],"class_list":["post-39521","post","type-post","status-publish","format-standard","has-post-thumbnail","hentry","category-noticias"],"yoast_head":"<!-- This site is optimized with the Yoast SEO plugin v27.3 - https:\/\/yoast.com\/product\/yoast-seo-wordpress\/ -->\n<title>El Tribunal Electoral Federal confirma sanciones para &quot;El Bronco&quot; -<\/title>\n<meta name=\"robots\" content=\"index, follow, max-snippet:-1, max-image-preview:large, max-video-preview:-1\" \/>\n<link rel=\"canonical\" href=\"https:\/\/quehacerpolitico.mx\/?p=39521\" \/>\n<meta property=\"og:locale\" content=\"es_MX\" \/>\n<meta property=\"og:type\" content=\"article\" \/>\n<meta property=\"og:title\" content=\"El Tribunal Electoral Federal confirma sanciones para &quot;El Bronco&quot; -\" \/>\n<meta property=\"og:description\" content=\"El Tribunal Electoral Federal confirma sanciones para &quot;El Bronco&quot; Por Redacci\u00f3n QP\" \/>\n<meta property=\"og:url\" content=\"https:\/\/quehacerpolitico.mx\/?p=39521\" \/>\n<meta property=\"article:published_time\" content=\"2019-09-26T19:50:27+00:00\" \/>\n<meta name=\"author\" content=\"Redacci\u00f3n QP\" \/>\n<meta name=\"twitter:card\" content=\"summary_large_image\" \/>\n<meta name=\"twitter:label1\" content=\"Escrito por\" \/>\n\t<meta name=\"twitter:data1\" content=\"Redacci\u00f3n QP\" \/>\n\t<meta name=\"twitter:label2\" content=\"Tiempo de lectura\" \/>\n\t<meta name=\"twitter:data2\" content=\"3 minutos\" \/>\n<script type=\"application\/ld+json\" class=\"yoast-schema-graph\">{\"@context\":\"https:\\\/\\\/schema.org\",\"@graph\":[{\"@type\":\"Article\",\"@id\":\"https:\\\/\\\/quehacerpolitico.mx\\\/?p=39521#article\",\"isPartOf\":{\"@id\":\"https:\\\/\\\/quehacerpolitico.mx\\\/?p=39521\"},\"author\":{\"name\":\"Redacci\u00f3n QP\",\"@id\":\"https:\\\/\\\/quehacerpolitico.mx\\\/#\\\/schema\\\/person\\\/496d8ad2d1d3f8036101dca7ee39e585\"},\"headline\":\"El Tribunal Electoral Federal confirma sanciones para &#8220;El Bronco&#8221;\",\"datePublished\":\"2019-09-26T19:50:27+00:00\",\"mainEntityOfPage\":{\"@id\":\"https:\\\/\\\/quehacerpolitico.mx\\\/?p=39521\"},\"wordCount\":536,\"commentCount\":0,\"image\":{\"@id\":\"https:\\\/\\\/quehacerpolitico.mx\\\/?p=39521#primaryimage\"},\"thumbnailUrl\":\"\",\"articleSection\":[\"Noticias\"],\"inLanguage\":\"es\",\"potentialAction\":[{\"@type\":\"CommentAction\",\"name\":\"Comment\",\"target\":[\"https:\\\/\\\/quehacerpolitico.mx\\\/?p=39521#respond\"]}]},{\"@type\":\"WebPage\",\"@id\":\"https:\\\/\\\/quehacerpolitico.mx\\\/?p=39521\",\"url\":\"https:\\\/\\\/quehacerpolitico.mx\\\/?p=39521\",\"name\":\"El Tribunal Electoral Federal confirma sanciones para \\\"El Bronco\\\" -\",\"isPartOf\":{\"@id\":\"https:\\\/\\\/quehacerpolitico.mx\\\/#website\"},\"primaryImageOfPage\":{\"@id\":\"https:\\\/\\\/quehacerpolitico.mx\\\/?p=39521#primaryimage\"},\"image\":{\"@id\":\"https:\\\/\\\/quehacerpolitico.mx\\\/?p=39521#primaryimage\"},\"thumbnailUrl\":\"\",\"datePublished\":\"2019-09-26T19:50:27+00:00\",\"author\":{\"@id\":\"https:\\\/\\\/quehacerpolitico.mx\\\/#\\\/schema\\\/person\\\/496d8ad2d1d3f8036101dca7ee39e585\"},\"breadcrumb\":{\"@id\":\"https:\\\/\\\/quehacerpolitico.mx\\\/?p=39521#breadcrumb\"},\"inLanguage\":\"es\",\"potentialAction\":[{\"@type\":\"ReadAction\",\"target\":[\"https:\\\/\\\/quehacerpolitico.mx\\\/?p=39521\"]}]},{\"@type\":\"ImageObject\",\"inLanguage\":\"es\",\"@id\":\"https:\\\/\\\/quehacerpolitico.mx\\\/?p=39521#primaryimage\",\"url\":\"\",\"contentUrl\":\"\"},{\"@type\":\"BreadcrumbList\",\"@id\":\"https:\\\/\\\/quehacerpolitico.mx\\\/?p=39521#breadcrumb\",\"itemListElement\":[{\"@type\":\"ListItem\",\"position\":1,\"name\":\"Inicio\",\"item\":\"https:\\\/\\\/quehacerpolitico.mx\\\/\"},{\"@type\":\"ListItem\",\"position\":2,\"name\":\"El Tribunal Electoral Federal confirma sanciones para &#8220;El Bronco&#8221;\"}]},{\"@type\":\"WebSite\",\"@id\":\"https:\\\/\\\/quehacerpolitico.mx\\\/#website\",\"url\":\"https:\\\/\\\/quehacerpolitico.mx\\\/\",\"name\":\"\",\"description\":\"\",\"potentialAction\":[{\"@type\":\"SearchAction\",\"target\":{\"@type\":\"EntryPoint\",\"urlTemplate\":\"https:\\\/\\\/quehacerpolitico.mx\\\/?s={search_term_string}\"},\"query-input\":{\"@type\":\"PropertyValueSpecification\",\"valueRequired\":true,\"valueName\":\"search_term_string\"}}],\"inLanguage\":\"es\"},{\"@type\":\"Person\",\"@id\":\"https:\\\/\\\/quehacerpolitico.mx\\\/#\\\/schema\\\/person\\\/496d8ad2d1d3f8036101dca7ee39e585\",\"name\":\"Redacci\u00f3n QP\",\"image\":{\"@type\":\"ImageObject\",\"inLanguage\":\"es\",\"@id\":\"https:\\\/\\\/secure.gravatar.com\\\/avatar\\\/c7164ed6fdec453195284ad24a5ae5b6e1eed2b848477fa2a4787ba9adf39a41?s=96&d=mm&r=g\",\"url\":\"https:\\\/\\\/secure.gravatar.com\\\/avatar\\\/c7164ed6fdec453195284ad24a5ae5b6e1eed2b848477fa2a4787ba9adf39a41?s=96&d=mm&r=g\",\"contentUrl\":\"https:\\\/\\\/secure.gravatar.com\\\/avatar\\\/c7164ed6fdec453195284ad24a5ae5b6e1eed2b848477fa2a4787ba9adf39a41?s=96&d=mm&r=g\",\"caption\":\"Redacci\u00f3n QP\"},\"url\":\"https:\\\/\\\/quehacerpolitico.mx\\\/?author=2\"}]}<\/script>\n<!-- \/ Yoast SEO plugin. -->","yoast_head_json":{"title":"El Tribunal Electoral Federal confirma sanciones para \"El Bronco\" -","robots":{"index":"index","follow":"follow","max-snippet":"max-snippet:-1","max-image-preview":"max-image-preview:large","max-video-preview":"max-video-preview:-1"},"canonical":"https:\/\/quehacerpolitico.mx\/?p=39521","og_locale":"es_MX","og_type":"article","og_title":"El Tribunal Electoral Federal confirma sanciones para \"El Bronco\" -","og_description":"El Tribunal Electoral Federal confirma sanciones para \"El Bronco\" Por Redacci\u00f3n QP","og_url":"https:\/\/quehacerpolitico.mx\/?p=39521","article_published_time":"2019-09-26T19:50:27+00:00","author":"Redacci\u00f3n QP","twitter_card":"summary_large_image","twitter_misc":{"Escrito por":"Redacci\u00f3n QP","Tiempo de lectura":"3 minutos"},"schema":{"@context":"https:\/\/schema.org","@graph":[{"@type":"Article","@id":"https:\/\/quehacerpolitico.mx\/?p=39521#article","isPartOf":{"@id":"https:\/\/quehacerpolitico.mx\/?p=39521"},"author":{"name":"Redacci\u00f3n QP","@id":"https:\/\/quehacerpolitico.mx\/#\/schema\/person\/496d8ad2d1d3f8036101dca7ee39e585"},"headline":"El Tribunal Electoral Federal confirma sanciones para &#8220;El Bronco&#8221;","datePublished":"2019-09-26T19:50:27+00:00","mainEntityOfPage":{"@id":"https:\/\/quehacerpolitico.mx\/?p=39521"},"wordCount":536,"commentCount":0,"image":{"@id":"https:\/\/quehacerpolitico.mx\/?p=39521#primaryimage"},"thumbnailUrl":"","articleSection":["Noticias"],"inLanguage":"es","potentialAction":[{"@type":"CommentAction","name":"Comment","target":["https:\/\/quehacerpolitico.mx\/?p=39521#respond"]}]},{"@type":"WebPage","@id":"https:\/\/quehacerpolitico.mx\/?p=39521","url":"https:\/\/quehacerpolitico.mx\/?p=39521","name":"El Tribunal Electoral Federal confirma sanciones para \"El Bronco\" -","isPartOf":{"@id":"https:\/\/quehacerpolitico.mx\/#website"},"primaryImageOfPage":{"@id":"https:\/\/quehacerpolitico.mx\/?p=39521#primaryimage"},"image":{"@id":"https:\/\/quehacerpolitico.mx\/?p=39521#primaryimage"},"thumbnailUrl":"","datePublished":"2019-09-26T19:50:27+00:00","author":{"@id":"https:\/\/quehacerpolitico.mx\/#\/schema\/person\/496d8ad2d1d3f8036101dca7ee39e585"},"breadcrumb":{"@id":"https:\/\/quehacerpolitico.mx\/?p=39521#breadcrumb"},"inLanguage":"es","potentialAction":[{"@type":"ReadAction","target":["https:\/\/quehacerpolitico.mx\/?p=39521"]}]},{"@type":"ImageObject","inLanguage":"es","@id":"https:\/\/quehacerpolitico.mx\/?p=39521#primaryimage","url":"","contentUrl":""},{"@type":"BreadcrumbList","@id":"https:\/\/quehacerpolitico.mx\/?p=39521#breadcrumb","itemListElement":[{"@type":"ListItem","position":1,"name":"Inicio","item":"https:\/\/quehacerpolitico.mx\/"},{"@type":"ListItem","position":2,"name":"El Tribunal Electoral Federal confirma sanciones para &#8220;El Bronco&#8221;"}]},{"@type":"WebSite","@id":"https:\/\/quehacerpolitico.mx\/#website","url":"https:\/\/quehacerpolitico.mx\/","name":"","description":"","potentialAction":[{"@type":"SearchAction","target":{"@type":"EntryPoint","urlTemplate":"https:\/\/quehacerpolitico.mx\/?s={search_term_string}"},"query-input":{"@type":"PropertyValueSpecification","valueRequired":true,"valueName":"search_term_string"}}],"inLanguage":"es"},{"@type":"Person","@id":"https:\/\/quehacerpolitico.mx\/#\/schema\/person\/496d8ad2d1d3f8036101dca7ee39e585","name":"Redacci\u00f3n QP","image":{"@type":"ImageObject","inLanguage":"es","@id":"https:\/\/secure.gravatar.com\/avatar\/c7164ed6fdec453195284ad24a5ae5b6e1eed2b848477fa2a4787ba9adf39a41?s=96&d=mm&r=g","url":"https:\/\/secure.gravatar.com\/avatar\/c7164ed6fdec453195284ad24a5ae5b6e1eed2b848477fa2a4787ba9adf39a41?s=96&d=mm&r=g","contentUrl":"https:\/\/secure.gravatar.com\/avatar\/c7164ed6fdec453195284ad24a5ae5b6e1eed2b848477fa2a4787ba9adf39a41?s=96&d=mm&r=g","caption":"Redacci\u00f3n QP"},"url":"https:\/\/quehacerpolitico.mx\/?author=2"}]}},"featured_image_urls":{"full":"","thumbnail":"","medium":"","medium_large":"","large":"","1536x1536":"","2048x2048":"","covernews-featured":"","covernews-medium":""},"author_info":{"display_name":"Redacci\u00f3n QP","author_link":"https:\/\/quehacerpolitico.mx\/?author=2"},"category_info":"<a href=\"https:\/\/quehacerpolitico.mx\/?cat=2\" rel=\"category\">Noticias<\/a>","tag_info":"Noticias","comment_count":"0","_links":{"self":[{"href":"https:\/\/quehacerpolitico.mx\/index.php?rest_route=\/wp\/v2\/posts\/39521","targetHints":{"allow":["GET"]}}],"collection":[{"href":"https:\/\/quehacerpolitico.mx\/index.php?rest_route=\/wp\/v2\/posts"}],"about":[{"href":"https:\/\/quehacerpolitico.mx\/index.php?rest_route=\/wp\/v2\/types\/post"}],"author":[{"embeddable":true,"href":"https:\/\/quehacerpolitico.mx\/index.php?rest_route=\/wp\/v2\/users\/2"}],"replies":[{"embeddable":true,"href":"https:\/\/quehacerpolitico.mx\/index.php?rest_route=%2Fwp%2Fv2%2Fcomments&post=39521"}],"version-history":[{"count":0,"href":"https:\/\/quehacerpolitico.mx\/index.php?rest_route=\/wp\/v2\/posts\/39521\/revisions"}],"wp:featuredmedia":[{"embeddable":true,"href":"https:\/\/quehacerpolitico.mx\/index.php?rest_route=\/"}],"wp:attachment":[{"href":"https:\/\/quehacerpolitico.mx\/index.php?rest_route=%2Fwp%2Fv2%2Fmedia&parent=39521"}],"wp:term":[{"taxonomy":"category","embeddable":true,"href":"https:\/\/quehacerpolitico.mx\/index.php?rest_route=%2Fwp%2Fv2%2Fcategories&post=39521"},{"taxonomy":"post_tag","embeddable":true,"href":"https:\/\/quehacerpolitico.mx\/index.php?rest_route=%2Fwp%2Fv2%2Ftags&post=39521"}],"curies":[{"name":"wp","href":"https:\/\/api.w.org\/{rel}","templated":true}]}}