{"id":39323,"date":"2019-09-25T02:28:16","date_gmt":"2019-09-25T02:28:16","guid":{"rendered":"http:\/\/quehacerpolitico.mx\/con-una-inversion-de-371-5-mdp-inicia-la-ampliacion-de-la-terminal-2-del-aeropuerto-internacional-de-la-cdmx\/"},"modified":"2019-09-25T02:28:16","modified_gmt":"2019-09-25T02:28:16","slug":"con-una-inversion-de-371-5-mdp-inicia-la-ampliacion-de-la-terminal-2-del-aeropuerto-internacional-de-la-cdmx","status":"publish","type":"post","link":"https:\/\/quehacerpolitico.mx\/?p=39323","title":{"rendered":"Con una inversi\u00f3n de 371.5 mdp inicia la ampliaci\u00f3n de la Terminal 2 del Aeropuerto Internacional de la CDMX"},"content":{"rendered":"<p>Con una inversi\u00f3n de 371.5 mdp inicia la ampliaci\u00f3n de la Terminal 2 del Aeropuerto Internacional de la CDMX<br \/>Por Redacci\u00f3n QP<\/p>\n<p>La nueva construcci\u00f3n de tres niveles se ubicar\u00e1 en la zona suroeste del AICM, atr\u00e1s de las v\u00edas del aerotr\u00e9n, a la altura de la avenida Hangares<\/p>\n<p>Con una inversi\u00f3n de 371.5 millones de pesos, inici\u00f3 la construcci\u00f3n de la ampliaci\u00f3n de la <strong>Terminal 2 del Aeropuerto Internacional de la Ciudad de M\u00e9xico<\/strong>(<strong>AICM<\/strong>), inform\u00f3 la<strong> Secretar\u00eda de Comunicaciones y Transportes<\/strong> (<strong>SCT<\/strong>).<\/p>\n<p>La dependencia federal apunt\u00f3 que el AICM inici\u00f3 la construcci\u00f3n del Dedo \u201cL\u201d, un edificio, con nuevas salas de abordaje, siete posiciones de contacto y un pasillo que conectar\u00e1 directo a la sala 75 de la Terminal 2, lo que les permitir\u00e1 a los pasajeros una estancia m\u00e1s c\u00f3moda y segura.<\/p>\n<p>La inversi\u00f3n para esta obra es de 371.5 millones de pesos y se realizar\u00e1 en una superficie de cuatro mil 029 metros cuadrados, agreg\u00f3 a trav\u00e9s de un comunicado.<\/p>\n<blockquote class=\"twitter-tweet\" data-width=\"550\" data-dnt=\"true\">\n<p lang=\"pt\" dir=\"ltr\"><a href=\"https:\/\/twitter.com\/hashtag\/PorUnAICMejor?src=hash&amp;ref_src=twsrc%5Etfw\">#PorUnAICMejor<\/a> Comunicado 04 \u2705\u2708\ufe0f <a href=\"https:\/\/t.co\/ltBLJFTk8w\">pic.twitter.com\/ltBLJFTk8w<\/a><\/p>\n<p>&mdash; @AICM_mx (@AICM_mx) <a href=\"https:\/\/twitter.com\/AICM_mx\/status\/1176607672642265091?ref_src=twsrc%5Etfw\">September 24, 2019<\/a><\/p><\/blockquote>\n<p><script async src=\"https:\/\/platform.twitter.com\/widgets.js\" charset=\"utf-8\"><\/script><\/p>\n<p>Se\u00f1al\u00f3 la nueva construcci\u00f3n de tres niveles contar\u00e1 con: planta baja, nivel principal y mezzanine, se ubicar\u00e1 en la zona suroeste del AICM, atr\u00e1s de las v\u00edas del aerotr\u00e9n, a la altura de la avenida Hangares.<\/p>\n<p>Indic\u00f3 que en planta baja del Dedo \u201cL\u201d se construir\u00e1n las siete posiciones de contacto de la 75 a la 81, \u00e1reas de circulaci\u00f3n vehicular y subestaci\u00f3n, y esta zona se utilizar\u00e1 para tr\u00e1nsito de veh\u00edculos operativos y en las \u00e1reas circundantes se considera una vialidad de servicio alterna.<\/p>\n<p>En el nivel principal, denominado \u201c3.75\u201d, se realizar\u00e1 la conexi\u00f3n con la Sala 75, y en este piso se encontrar\u00e1n las salas de abordaje de la puerta 75 a la 81 y cada puerta tendr\u00e1 un mostrador, lectores de pase de abordar, pantallas con informaci\u00f3n de vuelos y sistema de voceo.<\/p>\n<p>En el tercer nivel, en un \u00e1rea de 850 metros cuadrados, se ubicar\u00e1 el mezzanine, entre las posiciones 78 y 79, que fungir\u00e1 como sala de espera transitoria.<\/p>\n<p>La <strong>SCT<\/strong> refiri\u00f3 que con la construcci\u00f3n del Dedo \u201cL\u201d se incrementar\u00e1 la seguridad y calidad del servicio, tanto de llegada como de salida, a los pasajeros que utilizan la Terminal 2.<\/p>\n<p>Con informaci\u00f3n de NTX\u00a0<\/p>\n","protected":false},"excerpt":{"rendered":"<p>Con una inversi\u00f3n de 371.5 mdp inicia la ampliaci\u00f3n de la Terminal 2 del Aeropuerto Internacional de la CDMX<br \/>\nPor Redacci\u00f3n QP<\/p>\n","protected":false},"author":2,"featured_media":39322,"comment_status":"open","ping_status":"open","sticky":false,"template":"","format":"standard","meta":{"_monsterinsights_skip_tracking":false,"_monsterinsights_sitenote_active":false,"_monsterinsights_sitenote_note":"","_monsterinsights_sitenote_category":0,"footnotes":""},"categories":[55],"tags":[],"class_list":["post-39323","post","type-post","status-publish","format-standard","has-post-thumbnail","hentry","category-cdmx"],"yoast_head":"<!-- This site is optimized with the Yoast SEO plugin v27.3 - https:\/\/yoast.com\/product\/yoast-seo-wordpress\/ -->\n<title>Con una inversi\u00f3n de 371.5 mdp inicia la ampliaci\u00f3n de la Terminal 2 del Aeropuerto Internacional de la CDMX -<\/title>\n<meta name=\"robots\" content=\"index, follow, max-snippet:-1, max-image-preview:large, max-video-preview:-1\" \/>\n<link rel=\"canonical\" href=\"https:\/\/quehacerpolitico.mx\/?p=39323\" \/>\n<meta property=\"og:locale\" content=\"es_MX\" \/>\n<meta property=\"og:type\" content=\"article\" \/>\n<meta property=\"og:title\" content=\"Con una inversi\u00f3n de 371.5 mdp inicia la ampliaci\u00f3n de la Terminal 2 del Aeropuerto Internacional de la CDMX -\" \/>\n<meta property=\"og:description\" content=\"Con una inversi\u00f3n de 371.5 mdp inicia la ampliaci\u00f3n de la Terminal 2 del Aeropuerto Internacional de la CDMX Por Redacci\u00f3n QP\" \/>\n<meta property=\"og:url\" content=\"https:\/\/quehacerpolitico.mx\/?p=39323\" \/>\n<meta property=\"article:published_time\" content=\"2019-09-25T02:28:16+00:00\" \/>\n<meta name=\"author\" content=\"Redacci\u00f3n QP\" \/>\n<meta name=\"twitter:card\" content=\"summary_large_image\" \/>\n<meta name=\"twitter:label1\" content=\"Escrito por\" \/>\n\t<meta name=\"twitter:data1\" content=\"Redacci\u00f3n QP\" \/>\n\t<meta name=\"twitter:label2\" content=\"Tiempo de lectura\" \/>\n\t<meta name=\"twitter:data2\" content=\"2 minutos\" \/>\n<script type=\"application\/ld+json\" class=\"yoast-schema-graph\">{\"@context\":\"https:\\\/\\\/schema.org\",\"@graph\":[{\"@type\":\"Article\",\"@id\":\"https:\\\/\\\/quehacerpolitico.mx\\\/?p=39323#article\",\"isPartOf\":{\"@id\":\"https:\\\/\\\/quehacerpolitico.mx\\\/?p=39323\"},\"author\":{\"name\":\"Redacci\u00f3n QP\",\"@id\":\"https:\\\/\\\/quehacerpolitico.mx\\\/#\\\/schema\\\/person\\\/496d8ad2d1d3f8036101dca7ee39e585\"},\"headline\":\"Con una inversi\u00f3n de 371.5 mdp inicia la ampliaci\u00f3n de la Terminal 2 del Aeropuerto Internacional de la CDMX\",\"datePublished\":\"2019-09-25T02:28:16+00:00\",\"mainEntityOfPage\":{\"@id\":\"https:\\\/\\\/quehacerpolitico.mx\\\/?p=39323\"},\"wordCount\":403,\"commentCount\":0,\"image\":{\"@id\":\"https:\\\/\\\/quehacerpolitico.mx\\\/?p=39323#primaryimage\"},\"thumbnailUrl\":\"\",\"articleSection\":[\"CDMX\"],\"inLanguage\":\"es\",\"potentialAction\":[{\"@type\":\"CommentAction\",\"name\":\"Comment\",\"target\":[\"https:\\\/\\\/quehacerpolitico.mx\\\/?p=39323#respond\"]}]},{\"@type\":\"WebPage\",\"@id\":\"https:\\\/\\\/quehacerpolitico.mx\\\/?p=39323\",\"url\":\"https:\\\/\\\/quehacerpolitico.mx\\\/?p=39323\",\"name\":\"Con una inversi\u00f3n de 371.5 mdp inicia la ampliaci\u00f3n de la Terminal 2 del Aeropuerto Internacional de la CDMX -\",\"isPartOf\":{\"@id\":\"https:\\\/\\\/quehacerpolitico.mx\\\/#website\"},\"primaryImageOfPage\":{\"@id\":\"https:\\\/\\\/quehacerpolitico.mx\\\/?p=39323#primaryimage\"},\"image\":{\"@id\":\"https:\\\/\\\/quehacerpolitico.mx\\\/?p=39323#primaryimage\"},\"thumbnailUrl\":\"\",\"datePublished\":\"2019-09-25T02:28:16+00:00\",\"author\":{\"@id\":\"https:\\\/\\\/quehacerpolitico.mx\\\/#\\\/schema\\\/person\\\/496d8ad2d1d3f8036101dca7ee39e585\"},\"breadcrumb\":{\"@id\":\"https:\\\/\\\/quehacerpolitico.mx\\\/?p=39323#breadcrumb\"},\"inLanguage\":\"es\",\"potentialAction\":[{\"@type\":\"ReadAction\",\"target\":[\"https:\\\/\\\/quehacerpolitico.mx\\\/?p=39323\"]}]},{\"@type\":\"ImageObject\",\"inLanguage\":\"es\",\"@id\":\"https:\\\/\\\/quehacerpolitico.mx\\\/?p=39323#primaryimage\",\"url\":\"\",\"contentUrl\":\"\"},{\"@type\":\"BreadcrumbList\",\"@id\":\"https:\\\/\\\/quehacerpolitico.mx\\\/?p=39323#breadcrumb\",\"itemListElement\":[{\"@type\":\"ListItem\",\"position\":1,\"name\":\"Inicio\",\"item\":\"https:\\\/\\\/quehacerpolitico.mx\\\/\"},{\"@type\":\"ListItem\",\"position\":2,\"name\":\"Con una inversi\u00f3n de 371.5 mdp inicia la ampliaci\u00f3n de la Terminal 2 del Aeropuerto Internacional de la CDMX\"}]},{\"@type\":\"WebSite\",\"@id\":\"https:\\\/\\\/quehacerpolitico.mx\\\/#website\",\"url\":\"https:\\\/\\\/quehacerpolitico.mx\\\/\",\"name\":\"\",\"description\":\"\",\"potentialAction\":[{\"@type\":\"SearchAction\",\"target\":{\"@type\":\"EntryPoint\",\"urlTemplate\":\"https:\\\/\\\/quehacerpolitico.mx\\\/?s={search_term_string}\"},\"query-input\":{\"@type\":\"PropertyValueSpecification\",\"valueRequired\":true,\"valueName\":\"search_term_string\"}}],\"inLanguage\":\"es\"},{\"@type\":\"Person\",\"@id\":\"https:\\\/\\\/quehacerpolitico.mx\\\/#\\\/schema\\\/person\\\/496d8ad2d1d3f8036101dca7ee39e585\",\"name\":\"Redacci\u00f3n QP\",\"image\":{\"@type\":\"ImageObject\",\"inLanguage\":\"es\",\"@id\":\"https:\\\/\\\/secure.gravatar.com\\\/avatar\\\/c7164ed6fdec453195284ad24a5ae5b6e1eed2b848477fa2a4787ba9adf39a41?s=96&d=mm&r=g\",\"url\":\"https:\\\/\\\/secure.gravatar.com\\\/avatar\\\/c7164ed6fdec453195284ad24a5ae5b6e1eed2b848477fa2a4787ba9adf39a41?s=96&d=mm&r=g\",\"contentUrl\":\"https:\\\/\\\/secure.gravatar.com\\\/avatar\\\/c7164ed6fdec453195284ad24a5ae5b6e1eed2b848477fa2a4787ba9adf39a41?s=96&d=mm&r=g\",\"caption\":\"Redacci\u00f3n QP\"},\"url\":\"https:\\\/\\\/quehacerpolitico.mx\\\/?author=2\"}]}<\/script>\n<!-- \/ Yoast SEO plugin. -->","yoast_head_json":{"title":"Con una inversi\u00f3n de 371.5 mdp inicia la ampliaci\u00f3n de la Terminal 2 del Aeropuerto Internacional de la CDMX -","robots":{"index":"index","follow":"follow","max-snippet":"max-snippet:-1","max-image-preview":"max-image-preview:large","max-video-preview":"max-video-preview:-1"},"canonical":"https:\/\/quehacerpolitico.mx\/?p=39323","og_locale":"es_MX","og_type":"article","og_title":"Con una inversi\u00f3n de 371.5 mdp inicia la ampliaci\u00f3n de la Terminal 2 del Aeropuerto Internacional de la CDMX -","og_description":"Con una inversi\u00f3n de 371.5 mdp inicia la ampliaci\u00f3n de la Terminal 2 del Aeropuerto Internacional de la CDMX Por Redacci\u00f3n QP","og_url":"https:\/\/quehacerpolitico.mx\/?p=39323","article_published_time":"2019-09-25T02:28:16+00:00","author":"Redacci\u00f3n QP","twitter_card":"summary_large_image","twitter_misc":{"Escrito por":"Redacci\u00f3n QP","Tiempo de lectura":"2 minutos"},"schema":{"@context":"https:\/\/schema.org","@graph":[{"@type":"Article","@id":"https:\/\/quehacerpolitico.mx\/?p=39323#article","isPartOf":{"@id":"https:\/\/quehacerpolitico.mx\/?p=39323"},"author":{"name":"Redacci\u00f3n QP","@id":"https:\/\/quehacerpolitico.mx\/#\/schema\/person\/496d8ad2d1d3f8036101dca7ee39e585"},"headline":"Con una inversi\u00f3n de 371.5 mdp inicia la ampliaci\u00f3n de la Terminal 2 del Aeropuerto Internacional de la CDMX","datePublished":"2019-09-25T02:28:16+00:00","mainEntityOfPage":{"@id":"https:\/\/quehacerpolitico.mx\/?p=39323"},"wordCount":403,"commentCount":0,"image":{"@id":"https:\/\/quehacerpolitico.mx\/?p=39323#primaryimage"},"thumbnailUrl":"","articleSection":["CDMX"],"inLanguage":"es","potentialAction":[{"@type":"CommentAction","name":"Comment","target":["https:\/\/quehacerpolitico.mx\/?p=39323#respond"]}]},{"@type":"WebPage","@id":"https:\/\/quehacerpolitico.mx\/?p=39323","url":"https:\/\/quehacerpolitico.mx\/?p=39323","name":"Con una inversi\u00f3n de 371.5 mdp inicia la ampliaci\u00f3n de la Terminal 2 del Aeropuerto Internacional de la CDMX -","isPartOf":{"@id":"https:\/\/quehacerpolitico.mx\/#website"},"primaryImageOfPage":{"@id":"https:\/\/quehacerpolitico.mx\/?p=39323#primaryimage"},"image":{"@id":"https:\/\/quehacerpolitico.mx\/?p=39323#primaryimage"},"thumbnailUrl":"","datePublished":"2019-09-25T02:28:16+00:00","author":{"@id":"https:\/\/quehacerpolitico.mx\/#\/schema\/person\/496d8ad2d1d3f8036101dca7ee39e585"},"breadcrumb":{"@id":"https:\/\/quehacerpolitico.mx\/?p=39323#breadcrumb"},"inLanguage":"es","potentialAction":[{"@type":"ReadAction","target":["https:\/\/quehacerpolitico.mx\/?p=39323"]}]},{"@type":"ImageObject","inLanguage":"es","@id":"https:\/\/quehacerpolitico.mx\/?p=39323#primaryimage","url":"","contentUrl":""},{"@type":"BreadcrumbList","@id":"https:\/\/quehacerpolitico.mx\/?p=39323#breadcrumb","itemListElement":[{"@type":"ListItem","position":1,"name":"Inicio","item":"https:\/\/quehacerpolitico.mx\/"},{"@type":"ListItem","position":2,"name":"Con una inversi\u00f3n de 371.5 mdp inicia la ampliaci\u00f3n de la Terminal 2 del Aeropuerto Internacional de la CDMX"}]},{"@type":"WebSite","@id":"https:\/\/quehacerpolitico.mx\/#website","url":"https:\/\/quehacerpolitico.mx\/","name":"","description":"","potentialAction":[{"@type":"SearchAction","target":{"@type":"EntryPoint","urlTemplate":"https:\/\/quehacerpolitico.mx\/?s={search_term_string}"},"query-input":{"@type":"PropertyValueSpecification","valueRequired":true,"valueName":"search_term_string"}}],"inLanguage":"es"},{"@type":"Person","@id":"https:\/\/quehacerpolitico.mx\/#\/schema\/person\/496d8ad2d1d3f8036101dca7ee39e585","name":"Redacci\u00f3n QP","image":{"@type":"ImageObject","inLanguage":"es","@id":"https:\/\/secure.gravatar.com\/avatar\/c7164ed6fdec453195284ad24a5ae5b6e1eed2b848477fa2a4787ba9adf39a41?s=96&d=mm&r=g","url":"https:\/\/secure.gravatar.com\/avatar\/c7164ed6fdec453195284ad24a5ae5b6e1eed2b848477fa2a4787ba9adf39a41?s=96&d=mm&r=g","contentUrl":"https:\/\/secure.gravatar.com\/avatar\/c7164ed6fdec453195284ad24a5ae5b6e1eed2b848477fa2a4787ba9adf39a41?s=96&d=mm&r=g","caption":"Redacci\u00f3n QP"},"url":"https:\/\/quehacerpolitico.mx\/?author=2"}]}},"featured_image_urls":{"full":"","thumbnail":"","medium":"","medium_large":"","large":"","1536x1536":"","2048x2048":"","covernews-featured":"","covernews-medium":""},"author_info":{"display_name":"Redacci\u00f3n QP","author_link":"https:\/\/quehacerpolitico.mx\/?author=2"},"category_info":"<a href=\"https:\/\/quehacerpolitico.mx\/?cat=55\" rel=\"category\">CDMX<\/a>","tag_info":"CDMX","comment_count":"0","_links":{"self":[{"href":"https:\/\/quehacerpolitico.mx\/index.php?rest_route=\/wp\/v2\/posts\/39323","targetHints":{"allow":["GET"]}}],"collection":[{"href":"https:\/\/quehacerpolitico.mx\/index.php?rest_route=\/wp\/v2\/posts"}],"about":[{"href":"https:\/\/quehacerpolitico.mx\/index.php?rest_route=\/wp\/v2\/types\/post"}],"author":[{"embeddable":true,"href":"https:\/\/quehacerpolitico.mx\/index.php?rest_route=\/wp\/v2\/users\/2"}],"replies":[{"embeddable":true,"href":"https:\/\/quehacerpolitico.mx\/index.php?rest_route=%2Fwp%2Fv2%2Fcomments&post=39323"}],"version-history":[{"count":0,"href":"https:\/\/quehacerpolitico.mx\/index.php?rest_route=\/wp\/v2\/posts\/39323\/revisions"}],"wp:featuredmedia":[{"embeddable":true,"href":"https:\/\/quehacerpolitico.mx\/index.php?rest_route=\/"}],"wp:attachment":[{"href":"https:\/\/quehacerpolitico.mx\/index.php?rest_route=%2Fwp%2Fv2%2Fmedia&parent=39323"}],"wp:term":[{"taxonomy":"category","embeddable":true,"href":"https:\/\/quehacerpolitico.mx\/index.php?rest_route=%2Fwp%2Fv2%2Fcategories&post=39323"},{"taxonomy":"post_tag","embeddable":true,"href":"https:\/\/quehacerpolitico.mx\/index.php?rest_route=%2Fwp%2Fv2%2Ftags&post=39323"}],"curies":[{"name":"wp","href":"https:\/\/api.w.org\/{rel}","templated":true}]}}