{"id":39291,"date":"2019-09-24T19:12:26","date_gmt":"2019-09-24T19:12:26","guid":{"rendered":"http:\/\/quehacerpolitico.mx\/edil-oaxaqueno-dedica-mensaje-de-amor-a-su-esposa-en-espectacular\/"},"modified":"2019-09-24T19:12:26","modified_gmt":"2019-09-24T19:12:26","slug":"edil-oaxaqueno-dedica-mensaje-de-amor-a-su-esposa-en-espectacular","status":"publish","type":"post","link":"https:\/\/quehacerpolitico.mx\/?p=39291","title":{"rendered":"Edil oaxaque\u00f1o dedica mensaje de amor a su esposa&#8230; en espectacular"},"content":{"rendered":"<h1 class=\"news-title\">Edil oaxaque\u00f1o dedica mensaje de amor a su esposa&#8230; en espectacular<br \/>Por Redacci\u00f3n QP<\/h1>\n<p>La aparici\u00f3n de la imagen con un poema y una declaraci\u00f3n amorosa sorprende a los habitantes de Santa Cruz Xoxocotl\u00e1n<\/p>\n<p>La aparici\u00f3n de un espectacular con un poema y una declaraci\u00f3n amorosa sorprendi\u00f3 a los habitantes de Santa Cruz Xoxocotl\u00e1n, municipio conurbado de la capital de Oaxaca\u00a0y caus\u00f3 cr\u00edticas y burlas en redes sociales, pues se trat\u00f3 de un &#8220;detalle&#8221; del edil Alejandro L\u00f3pez Jarqu\u00edn a su esposa por cumplir 15 a\u00f1os de casados.<\/p>\n<div id=\"div-gpt-ad-1548262875188-0\" data-google-query-id=\"CJTahISU6uQCFfUB-QAdMJ0AyQ\">\n<div id=\"google_ads_iframe_\/1001694\/INF_intext_1_0__container__\"><strong>Colocado en la Carretera Ex-Garita, en la entrada del municipio, el enorme anuncio con fondo color de rosa incluye un poema de Mario Benedetti<\/strong> que dice:<\/div>\n<\/div>\n<p>&#8220;Si te quiero es porque sos mi amor,<br \/>mi c\u00f3mplice y todo&#8230;<br \/>y en la calle, codo a codo<br \/>somos mucho m\u00e1s que dos&#8221;.<\/p>\n<p><strong>El mensaje est\u00e1 dedicado a Tania L\u00f3pez, esposa del edil,<\/strong> quien incluso firma el espectacular con su nombre.<\/p>\n<p>A trav\u00e9s de sus redes sociales, la esposa del perredista agradeci\u00f3 el gesto del presidente municipal de Xoxocotl\u00e1n.<\/p>\n<p>&#8220;Hace 15 a\u00f1os unimos nuestras vidas y este poema de Mario Benedetti\u00a0fue nuestro voto de amor. Hoy con Daniel Emiliano, nuestro hijo, somos mucho m\u00e1s que dos&#8221;, poste\u00f3 Tania L\u00f3pez junto con una fotograf\u00eda de ella posando con su esposo frente al espectacular.<\/p>\n<div>\n<div id=\"fb-43\" class=\"ckeditor-ifb\"><iframe loading=\"lazy\" src=\"https:\/\/www.facebook.com\/plugins\/post.php?href=https%3A%2F%2Fwww.facebook.com%2F1291838410838862%2Fphotos%2Fa.1297307040291999%2F2540155306007160%2F%3Ftype%3D3&amp;width=500\" width=\"500\" height=\"633\" frameborder=\"0\" scrolling=\"no\" data-mce-fragment=\"1\"><\/iframe><\/div>\n<\/div>\n<p>L\u00f3pez Jarqu\u00edn, el edil perredista de Xoxo, ha sido se\u00f1alado en distintas ocasiones por opacidad en el gasto de los recursos p\u00fablicos.<\/p>\n<p>EL UNIVERSAL ha documentado, por ejemplo, que a\u00fan cuando oficialmente se le ha ordenado a su administraci\u00f3n transparentar los contratos de los festivales Martes de Brujas, en lo que se presentan artistas internacionales, el municipio no ha cumplido con los requerimientos.<\/p>\n<p>Con informaci\u00f3n de SUN<\/p>\n","protected":false},"excerpt":{"rendered":"<p>Edil oaxaque\u00f1o dedica mensaje de amor a su esposa&#8230; en espectacular<br \/>\nPor Redacci\u00f3n QP<\/p>\n","protected":false},"author":2,"featured_media":39290,"comment_status":"open","ping_status":"open","sticky":false,"template":"","format":"standard","meta":{"_monsterinsights_skip_tracking":false,"_monsterinsights_sitenote_active":false,"_monsterinsights_sitenote_note":"","_monsterinsights_sitenote_category":0,"footnotes":""},"categories":[2],"tags":[],"class_list":["post-39291","post","type-post","status-publish","format-standard","has-post-thumbnail","hentry","category-noticias"],"yoast_head":"<!-- This site is optimized with the Yoast SEO plugin v27.3 - https:\/\/yoast.com\/product\/yoast-seo-wordpress\/ -->\n<title>Edil oaxaque\u00f1o dedica mensaje de amor a su esposa... en espectacular -<\/title>\n<meta name=\"robots\" content=\"index, follow, max-snippet:-1, max-image-preview:large, max-video-preview:-1\" \/>\n<link rel=\"canonical\" href=\"https:\/\/quehacerpolitico.mx\/?p=39291\" \/>\n<meta property=\"og:locale\" content=\"es_MX\" \/>\n<meta property=\"og:type\" content=\"article\" \/>\n<meta property=\"og:title\" content=\"Edil oaxaque\u00f1o dedica mensaje de amor a su esposa... en espectacular -\" \/>\n<meta property=\"og:description\" content=\"Edil oaxaque\u00f1o dedica mensaje de amor a su esposa... en espectacular Por Redacci\u00f3n QP\" \/>\n<meta property=\"og:url\" content=\"https:\/\/quehacerpolitico.mx\/?p=39291\" \/>\n<meta property=\"article:published_time\" content=\"2019-09-24T19:12:26+00:00\" \/>\n<meta name=\"author\" content=\"Redacci\u00f3n QP\" \/>\n<meta name=\"twitter:card\" content=\"summary_large_image\" \/>\n<meta name=\"twitter:label1\" content=\"Escrito por\" \/>\n\t<meta name=\"twitter:data1\" content=\"Redacci\u00f3n QP\" \/>\n\t<meta name=\"twitter:label2\" content=\"Tiempo de lectura\" \/>\n\t<meta name=\"twitter:data2\" content=\"2 minutos\" \/>\n<script type=\"application\/ld+json\" class=\"yoast-schema-graph\">{\"@context\":\"https:\\\/\\\/schema.org\",\"@graph\":[{\"@type\":\"Article\",\"@id\":\"https:\\\/\\\/quehacerpolitico.mx\\\/?p=39291#article\",\"isPartOf\":{\"@id\":\"https:\\\/\\\/quehacerpolitico.mx\\\/?p=39291\"},\"author\":{\"name\":\"Redacci\u00f3n QP\",\"@id\":\"https:\\\/\\\/quehacerpolitico.mx\\\/#\\\/schema\\\/person\\\/496d8ad2d1d3f8036101dca7ee39e585\"},\"headline\":\"Edil oaxaque\u00f1o dedica mensaje de amor a su esposa&#8230; en espectacular\",\"datePublished\":\"2019-09-24T19:12:26+00:00\",\"mainEntityOfPage\":{\"@id\":\"https:\\\/\\\/quehacerpolitico.mx\\\/?p=39291\"},\"wordCount\":322,\"commentCount\":0,\"image\":{\"@id\":\"https:\\\/\\\/quehacerpolitico.mx\\\/?p=39291#primaryimage\"},\"thumbnailUrl\":\"\",\"articleSection\":[\"Noticias\"],\"inLanguage\":\"es\",\"potentialAction\":[{\"@type\":\"CommentAction\",\"name\":\"Comment\",\"target\":[\"https:\\\/\\\/quehacerpolitico.mx\\\/?p=39291#respond\"]}]},{\"@type\":\"WebPage\",\"@id\":\"https:\\\/\\\/quehacerpolitico.mx\\\/?p=39291\",\"url\":\"https:\\\/\\\/quehacerpolitico.mx\\\/?p=39291\",\"name\":\"Edil oaxaque\u00f1o dedica mensaje de amor a su esposa... en espectacular -\",\"isPartOf\":{\"@id\":\"https:\\\/\\\/quehacerpolitico.mx\\\/#website\"},\"primaryImageOfPage\":{\"@id\":\"https:\\\/\\\/quehacerpolitico.mx\\\/?p=39291#primaryimage\"},\"image\":{\"@id\":\"https:\\\/\\\/quehacerpolitico.mx\\\/?p=39291#primaryimage\"},\"thumbnailUrl\":\"\",\"datePublished\":\"2019-09-24T19:12:26+00:00\",\"author\":{\"@id\":\"https:\\\/\\\/quehacerpolitico.mx\\\/#\\\/schema\\\/person\\\/496d8ad2d1d3f8036101dca7ee39e585\"},\"breadcrumb\":{\"@id\":\"https:\\\/\\\/quehacerpolitico.mx\\\/?p=39291#breadcrumb\"},\"inLanguage\":\"es\",\"potentialAction\":[{\"@type\":\"ReadAction\",\"target\":[\"https:\\\/\\\/quehacerpolitico.mx\\\/?p=39291\"]}]},{\"@type\":\"ImageObject\",\"inLanguage\":\"es\",\"@id\":\"https:\\\/\\\/quehacerpolitico.mx\\\/?p=39291#primaryimage\",\"url\":\"\",\"contentUrl\":\"\"},{\"@type\":\"BreadcrumbList\",\"@id\":\"https:\\\/\\\/quehacerpolitico.mx\\\/?p=39291#breadcrumb\",\"itemListElement\":[{\"@type\":\"ListItem\",\"position\":1,\"name\":\"Inicio\",\"item\":\"https:\\\/\\\/quehacerpolitico.mx\\\/\"},{\"@type\":\"ListItem\",\"position\":2,\"name\":\"Edil oaxaque\u00f1o dedica mensaje de amor a su esposa&#8230; en espectacular\"}]},{\"@type\":\"WebSite\",\"@id\":\"https:\\\/\\\/quehacerpolitico.mx\\\/#website\",\"url\":\"https:\\\/\\\/quehacerpolitico.mx\\\/\",\"name\":\"\",\"description\":\"\",\"potentialAction\":[{\"@type\":\"SearchAction\",\"target\":{\"@type\":\"EntryPoint\",\"urlTemplate\":\"https:\\\/\\\/quehacerpolitico.mx\\\/?s={search_term_string}\"},\"query-input\":{\"@type\":\"PropertyValueSpecification\",\"valueRequired\":true,\"valueName\":\"search_term_string\"}}],\"inLanguage\":\"es\"},{\"@type\":\"Person\",\"@id\":\"https:\\\/\\\/quehacerpolitico.mx\\\/#\\\/schema\\\/person\\\/496d8ad2d1d3f8036101dca7ee39e585\",\"name\":\"Redacci\u00f3n QP\",\"image\":{\"@type\":\"ImageObject\",\"inLanguage\":\"es\",\"@id\":\"https:\\\/\\\/secure.gravatar.com\\\/avatar\\\/c7164ed6fdec453195284ad24a5ae5b6e1eed2b848477fa2a4787ba9adf39a41?s=96&d=mm&r=g\",\"url\":\"https:\\\/\\\/secure.gravatar.com\\\/avatar\\\/c7164ed6fdec453195284ad24a5ae5b6e1eed2b848477fa2a4787ba9adf39a41?s=96&d=mm&r=g\",\"contentUrl\":\"https:\\\/\\\/secure.gravatar.com\\\/avatar\\\/c7164ed6fdec453195284ad24a5ae5b6e1eed2b848477fa2a4787ba9adf39a41?s=96&d=mm&r=g\",\"caption\":\"Redacci\u00f3n QP\"},\"url\":\"https:\\\/\\\/quehacerpolitico.mx\\\/?author=2\"}]}<\/script>\n<!-- \/ Yoast SEO plugin. -->","yoast_head_json":{"title":"Edil oaxaque\u00f1o dedica mensaje de amor a su esposa... en espectacular -","robots":{"index":"index","follow":"follow","max-snippet":"max-snippet:-1","max-image-preview":"max-image-preview:large","max-video-preview":"max-video-preview:-1"},"canonical":"https:\/\/quehacerpolitico.mx\/?p=39291","og_locale":"es_MX","og_type":"article","og_title":"Edil oaxaque\u00f1o dedica mensaje de amor a su esposa... en espectacular -","og_description":"Edil oaxaque\u00f1o dedica mensaje de amor a su esposa... en espectacular Por Redacci\u00f3n QP","og_url":"https:\/\/quehacerpolitico.mx\/?p=39291","article_published_time":"2019-09-24T19:12:26+00:00","author":"Redacci\u00f3n QP","twitter_card":"summary_large_image","twitter_misc":{"Escrito por":"Redacci\u00f3n QP","Tiempo de lectura":"2 minutos"},"schema":{"@context":"https:\/\/schema.org","@graph":[{"@type":"Article","@id":"https:\/\/quehacerpolitico.mx\/?p=39291#article","isPartOf":{"@id":"https:\/\/quehacerpolitico.mx\/?p=39291"},"author":{"name":"Redacci\u00f3n QP","@id":"https:\/\/quehacerpolitico.mx\/#\/schema\/person\/496d8ad2d1d3f8036101dca7ee39e585"},"headline":"Edil oaxaque\u00f1o dedica mensaje de amor a su esposa&#8230; en espectacular","datePublished":"2019-09-24T19:12:26+00:00","mainEntityOfPage":{"@id":"https:\/\/quehacerpolitico.mx\/?p=39291"},"wordCount":322,"commentCount":0,"image":{"@id":"https:\/\/quehacerpolitico.mx\/?p=39291#primaryimage"},"thumbnailUrl":"","articleSection":["Noticias"],"inLanguage":"es","potentialAction":[{"@type":"CommentAction","name":"Comment","target":["https:\/\/quehacerpolitico.mx\/?p=39291#respond"]}]},{"@type":"WebPage","@id":"https:\/\/quehacerpolitico.mx\/?p=39291","url":"https:\/\/quehacerpolitico.mx\/?p=39291","name":"Edil oaxaque\u00f1o dedica mensaje de amor a su esposa... en espectacular -","isPartOf":{"@id":"https:\/\/quehacerpolitico.mx\/#website"},"primaryImageOfPage":{"@id":"https:\/\/quehacerpolitico.mx\/?p=39291#primaryimage"},"image":{"@id":"https:\/\/quehacerpolitico.mx\/?p=39291#primaryimage"},"thumbnailUrl":"","datePublished":"2019-09-24T19:12:26+00:00","author":{"@id":"https:\/\/quehacerpolitico.mx\/#\/schema\/person\/496d8ad2d1d3f8036101dca7ee39e585"},"breadcrumb":{"@id":"https:\/\/quehacerpolitico.mx\/?p=39291#breadcrumb"},"inLanguage":"es","potentialAction":[{"@type":"ReadAction","target":["https:\/\/quehacerpolitico.mx\/?p=39291"]}]},{"@type":"ImageObject","inLanguage":"es","@id":"https:\/\/quehacerpolitico.mx\/?p=39291#primaryimage","url":"","contentUrl":""},{"@type":"BreadcrumbList","@id":"https:\/\/quehacerpolitico.mx\/?p=39291#breadcrumb","itemListElement":[{"@type":"ListItem","position":1,"name":"Inicio","item":"https:\/\/quehacerpolitico.mx\/"},{"@type":"ListItem","position":2,"name":"Edil oaxaque\u00f1o dedica mensaje de amor a su esposa&#8230; en espectacular"}]},{"@type":"WebSite","@id":"https:\/\/quehacerpolitico.mx\/#website","url":"https:\/\/quehacerpolitico.mx\/","name":"","description":"","potentialAction":[{"@type":"SearchAction","target":{"@type":"EntryPoint","urlTemplate":"https:\/\/quehacerpolitico.mx\/?s={search_term_string}"},"query-input":{"@type":"PropertyValueSpecification","valueRequired":true,"valueName":"search_term_string"}}],"inLanguage":"es"},{"@type":"Person","@id":"https:\/\/quehacerpolitico.mx\/#\/schema\/person\/496d8ad2d1d3f8036101dca7ee39e585","name":"Redacci\u00f3n QP","image":{"@type":"ImageObject","inLanguage":"es","@id":"https:\/\/secure.gravatar.com\/avatar\/c7164ed6fdec453195284ad24a5ae5b6e1eed2b848477fa2a4787ba9adf39a41?s=96&d=mm&r=g","url":"https:\/\/secure.gravatar.com\/avatar\/c7164ed6fdec453195284ad24a5ae5b6e1eed2b848477fa2a4787ba9adf39a41?s=96&d=mm&r=g","contentUrl":"https:\/\/secure.gravatar.com\/avatar\/c7164ed6fdec453195284ad24a5ae5b6e1eed2b848477fa2a4787ba9adf39a41?s=96&d=mm&r=g","caption":"Redacci\u00f3n QP"},"url":"https:\/\/quehacerpolitico.mx\/?author=2"}]}},"featured_image_urls":{"full":"","thumbnail":"","medium":"","medium_large":"","large":"","1536x1536":"","2048x2048":"","covernews-featured":"","covernews-medium":""},"author_info":{"display_name":"Redacci\u00f3n QP","author_link":"https:\/\/quehacerpolitico.mx\/?author=2"},"category_info":"<a href=\"https:\/\/quehacerpolitico.mx\/?cat=2\" rel=\"category\">Noticias<\/a>","tag_info":"Noticias","comment_count":"0","_links":{"self":[{"href":"https:\/\/quehacerpolitico.mx\/index.php?rest_route=\/wp\/v2\/posts\/39291","targetHints":{"allow":["GET"]}}],"collection":[{"href":"https:\/\/quehacerpolitico.mx\/index.php?rest_route=\/wp\/v2\/posts"}],"about":[{"href":"https:\/\/quehacerpolitico.mx\/index.php?rest_route=\/wp\/v2\/types\/post"}],"author":[{"embeddable":true,"href":"https:\/\/quehacerpolitico.mx\/index.php?rest_route=\/wp\/v2\/users\/2"}],"replies":[{"embeddable":true,"href":"https:\/\/quehacerpolitico.mx\/index.php?rest_route=%2Fwp%2Fv2%2Fcomments&post=39291"}],"version-history":[{"count":0,"href":"https:\/\/quehacerpolitico.mx\/index.php?rest_route=\/wp\/v2\/posts\/39291\/revisions"}],"wp:featuredmedia":[{"embeddable":true,"href":"https:\/\/quehacerpolitico.mx\/index.php?rest_route=\/"}],"wp:attachment":[{"href":"https:\/\/quehacerpolitico.mx\/index.php?rest_route=%2Fwp%2Fv2%2Fmedia&parent=39291"}],"wp:term":[{"taxonomy":"category","embeddable":true,"href":"https:\/\/quehacerpolitico.mx\/index.php?rest_route=%2Fwp%2Fv2%2Fcategories&post=39291"},{"taxonomy":"post_tag","embeddable":true,"href":"https:\/\/quehacerpolitico.mx\/index.php?rest_route=%2Fwp%2Fv2%2Ftags&post=39291"}],"curies":[{"name":"wp","href":"https:\/\/api.w.org\/{rel}","templated":true}]}}