{"id":39285,"date":"2019-09-24T17:50:09","date_gmt":"2019-09-24T17:50:09","guid":{"rendered":"http:\/\/quehacerpolitico.mx\/gobierno-de-cdmx-presenta-ante-el-congreso-de-la-cdmx-iniciativa-para-crear-banco-de-datos-de-adn\/"},"modified":"2019-09-24T17:50:09","modified_gmt":"2019-09-24T17:50:09","slug":"gobierno-de-cdmx-presenta-ante-el-congreso-de-la-cdmx-iniciativa-para-crear-banco-de-datos-de-adn","status":"publish","type":"post","link":"https:\/\/quehacerpolitico.mx\/?p=39285","title":{"rendered":"Gobierno de CDMX presenta ante el Congreso de la CDMX  iniciativa para crear banco de datos de ADN"},"content":{"rendered":"<p>Gobierno de CDMX presenta ante el Congreso de la CDMX iniciativa para crear banco de datos de ADN<br \/>Por Redacci\u00f3n QP<\/p>\n<p>El banco de ADN forma parte del plan de acci\u00f3n inmediata de atenci\u00f3n a la violencia contra las mujeres<\/p>\n<p>La secretaria de Gobierno de la Ciudad de M\u00e9xico, <strong>Rosa Icela Rodr\u00edguez Vel\u00e1zquez<\/strong>, entreg\u00f3 al Congreso local la iniciativa de Ley para crear del<strong> Banco de Datos de ADN<\/strong> para uso <strong>Forense.<\/strong><\/p>\n<p>En\u00a0representaci\u00f3n de la jefa de gobierno capitalino, Claudia Sheinbaum, <strong>Rodr\u00edguez Vel\u00e1zquez<\/strong> explic\u00f3 que el banco de ADN forma parte del plan de acci\u00f3n inmediata de atenci\u00f3n a la violencia contra las mujeres.<\/p>\n<p>En conferencia de prensa luego de la presentaci\u00f3n del documento, detall\u00f3 que el objetivo es contar con una base de datos gen\u00e9ticos para uso forense en la Ciudad de M\u00e9xico, al ser un tema elemental para atender el problema de la impunidad en materia de delitos sexuales.<\/p>\n<p>De esta forma, dicha iniciativa fue puesta a consideraci\u00f3n del Congreso, con fundamento en lo establecido en las constituciones Pol\u00edtica Mexicana y de la Ciudad de M\u00e9xico, en la <strong>Ley Org\u00e1nica de la Ciudad de M\u00e9xico<\/strong> y en el reglamento de la propia legislatura local.<\/p>\n<p>Asimismo, se puso a consideraci\u00f3n la adici\u00f3n a la <strong>Ley para Centros de Reclusi\u00f3n<\/strong>para la Ciudad de M\u00e9xico y la reforma al art\u00edculo 136 de la <strong>Ley del Sistema de Seguridad Ciudadana<\/strong> de la capital en materia de registro e identificaci\u00f3n biom\u00e9trica.<\/p>\n<p>La funcionaria local detall\u00f3 que el banco de ADN o de <strong>Perfiles Gen\u00e9ticos<\/strong> tiene como fin proporcionar informaci\u00f3n para esclarecer hechos objeto de investigaciones, vinculados a secuestro y delitos sexuales, como violaci\u00f3n y feminicidio, y en los que la v\u00edctima presente signos de violencia sexual de cualquier tipo.<\/p>\n<p>De esta manera, apunt\u00f3, se podr\u00e1 proceder a la detenci\u00f3n y en su caso, sanci\u00f3n de quienes sean hallados culpables, con lo que se combatir\u00e1 la impunidad contra la poblaci\u00f3n.<\/p>\n<p>El nuevo banco de <strong>ADN<\/strong> estar\u00eda conformado por cinco bases de dato de indicios, evidencias y personas detenidas e imputadas, as\u00ed como de personas sentencidas, v\u00edctimas y de personas que de manera voluntaria aporten su material gen\u00e9tico para el esclarecimiento de alg\u00fan delito.<\/p>\n<p>Asimismo, contar\u00eda con una base de las personas servidoras p\u00fablicas, de las instituciones de seguridad ciudadana, de procuraci\u00f3n de justicia, de los integrantes del gabinete de Seguridad Ciudadana y Procuraci\u00f3n de Justicia, as\u00ed como del titular de la Jefatura de Gobierno.<\/p>\n<blockquote class=\"twitter-tweet\" data-width=\"550\" data-dnt=\"true\">\n<p lang=\"es\" dir=\"ltr\">Por instrucci\u00f3n de <a href=\"https:\/\/twitter.com\/Claudiashein?ref_src=twsrc%5Etfw\">@Claudiashein<\/a> esta ma\u00f1ana entregamos al <a href=\"https:\/\/twitter.com\/Congreso_CdMex?ref_src=twsrc%5Etfw\">@Congreso_CdMex<\/a> la iniciativa de Ley por la que se crea el Banco de ADN para uso forense de la <a href=\"https:\/\/twitter.com\/hashtag\/CDMX?src=hash&amp;ref_src=twsrc%5Etfw\">#CDMX<\/a>, con lo que avanzamos en la lucha contra la violencia de g\u00e9nero. <a href=\"https:\/\/t.co\/Jdei66YJXD\">pic.twitter.com\/Jdei66YJXD<\/a><\/p>\n<p>&mdash; Rosa Icela Rodr\u00edguez Vel\u00e1zquez (@rosaicela_) <a href=\"https:\/\/twitter.com\/rosaicela_\/status\/1176510061151162368?ref_src=twsrc%5Etfw\">September 24, 2019<\/a><\/p><\/blockquote>\n<p><script async src=\"https:\/\/platform.twitter.com\/widgets.js\" charset=\"utf-8\"><\/script><\/p>\n<p><strong>Rosa Icela Rodr\u00edguez<\/strong> precis\u00f3 que esta iniciativa tendr\u00e1 como ejes rectores la protecci\u00f3n de los derechos humanos, del derecho e inter\u00e9s superior de las ni\u00f1as, ni\u00f1os y adolescentes; el derecho de las mujeres a vivir una vida libre de violencia y a la protecci\u00f3n de los datos personales.<\/p>\n<blockquote class=\"twitter-tweet\" data-width=\"550\" data-dnt=\"true\">\n<p lang=\"es\" dir=\"ltr\">\ud83d\udd34 <a href=\"https:\/\/twitter.com\/hashtag\/EnDirecto?src=hash&amp;ref_src=twsrc%5Etfw\">#EnDirecto<\/a> <a href=\"https:\/\/twitter.com\/Claudiashein?ref_src=twsrc%5Etfw\">@Claudiashein<\/a> inform\u00f3 que envi\u00f3 al Congreso de la CDMX la iniciativa para crear el banco de ADN para identificar a los agresores sexuales y su reincidencia. <a href=\"https:\/\/twitter.com\/ilichvaldez?ref_src=twsrc%5Etfw\">@ilichvaldez<\/a> con los detalles. <a href=\"https:\/\/twitter.com\/hashtag\/TelediarioEnEl6?src=hash&amp;ref_src=twsrc%5Etfw\">#TelediarioEnEl6<\/a> con <a href=\"https:\/\/twitter.com\/azucenau?ref_src=twsrc%5Etfw\">@azucenau<\/a> y <a href=\"https:\/\/twitter.com\/janupi?ref_src=twsrc%5Etfw\">@janupi<\/a> | <a href=\"https:\/\/t.co\/AZ4VHKwDqv\">https:\/\/t.co\/AZ4VHKwDqv<\/a> <a href=\"https:\/\/t.co\/WUr7SYwC84\">pic.twitter.com\/WUr7SYwC84<\/a><\/p>\n<p>&mdash; @telediario (@telediario) <a href=\"https:\/\/twitter.com\/telediario\/status\/1176549630449815552?ref_src=twsrc%5Etfw\">September 24, 2019<\/a><\/p><\/blockquote>\n<p><script async src=\"https:\/\/platform.twitter.com\/widgets.js\" charset=\"utf-8\"><\/script><\/p>\n<p>Aclar\u00f3 que la informaci\u00f3n de este banco s\u00f3lo podr\u00e1 ser utilizada para fines de identificaci\u00f3n de los agresores sexuales y secuestradores por las autoridades facultadas para ello.<\/p>\n<p>A su vez, Sheinbaum Pardo dijo que la iniciativa permitir\u00eda el uso de uno de los \u201cinstrumentos cient\u00edficos y tecnol\u00f3gicos, quiz\u00e1 m\u00e1s poderosos, que permiten la identificaci\u00f3n de los agresores, el banco de ADN para el uso forense, una medida que ha mostrado su eficacia en otras ciudades del mundo\u201d.<\/p>\n<p>Mediante un video difundido en su cuenta\u00a0<strong>@Claudiashein<\/strong> de Twitter, sostuvo que \u201ces una herramienta innovadora de la ciencia criminal\u00edstica que estamos orientando a la protecci\u00f3n de las mujeres y que permite trazar informaci\u00f3n biogr\u00e1fica y gen\u00e9tica, identifica al agresor pero sobre todo su reincidencia\u201d.<\/p>\n<blockquote class=\"twitter-tweet\" data-width=\"550\" data-dnt=\"true\">\n<p lang=\"es\" dir=\"ltr\">Buen d\u00eda. Como me compromet\u00ed, para fortalecer la estrategia de erradicaci\u00f3n de la violencia hacia las mujeres, hoy envi\u00e9 al Congreso Local la iniciativa de Ley para la Creaci\u00f3n del Banco de ADN para uso Forense. <a href=\"https:\/\/t.co\/HTNy84eJ4v\">pic.twitter.com\/HTNy84eJ4v<\/a><\/p>\n<p>&mdash; Claudia Sheinbaum Pardo (@Claudiashein) <a href=\"https:\/\/twitter.com\/Claudiashein\/status\/1176504595218161666?ref_src=twsrc%5Etfw\">September 24, 2019<\/a><\/p><\/blockquote>\n<p><script async src=\"https:\/\/platform.twitter.com\/widgets.js\" charset=\"utf-8\"><\/script><\/p>\n<p>\u201cHaremos todo lo que est\u00e1 en nuestras manos para que la ciudad sea el espacio seguro que merecen las mujeres\u201d, puntualiz\u00f3 la mandataria local.<\/p>\n<p>Con informaci\u00f3n de NTX\u00a0<\/p>\n","protected":false},"excerpt":{"rendered":"<p>Gobierno de CDMX presenta ante el Congreso de la CDMX  iniciativa para crear banco de datos de ADN<br \/>\npor Redacci\u00f3n QP<\/p>\n","protected":false},"author":2,"featured_media":39284,"comment_status":"open","ping_status":"open","sticky":false,"template":"","format":"standard","meta":{"_monsterinsights_skip_tracking":false,"_monsterinsights_sitenote_active":false,"_monsterinsights_sitenote_note":"","_monsterinsights_sitenote_category":0,"footnotes":""},"categories":[55],"tags":[],"class_list":["post-39285","post","type-post","status-publish","format-standard","has-post-thumbnail","hentry","category-cdmx"],"yoast_head":"<!-- This site is optimized with the Yoast SEO plugin v27.3 - https:\/\/yoast.com\/product\/yoast-seo-wordpress\/ -->\n<title>Gobierno de CDMX presenta ante el Congreso de la CDMX iniciativa para crear banco de datos de ADN -<\/title>\n<meta name=\"robots\" content=\"index, follow, max-snippet:-1, max-image-preview:large, max-video-preview:-1\" \/>\n<link rel=\"canonical\" href=\"https:\/\/quehacerpolitico.mx\/?p=39285\" \/>\n<meta property=\"og:locale\" content=\"es_MX\" \/>\n<meta property=\"og:type\" content=\"article\" \/>\n<meta property=\"og:title\" content=\"Gobierno de CDMX presenta ante el Congreso de la CDMX iniciativa para crear banco de datos de ADN -\" \/>\n<meta property=\"og:description\" content=\"Gobierno de CDMX presenta ante el Congreso de la CDMX iniciativa para crear banco de datos de ADN por Redacci\u00f3n QP\" \/>\n<meta property=\"og:url\" content=\"https:\/\/quehacerpolitico.mx\/?p=39285\" \/>\n<meta property=\"article:published_time\" content=\"2019-09-24T17:50:09+00:00\" \/>\n<meta name=\"author\" content=\"Redacci\u00f3n QP\" \/>\n<meta name=\"twitter:card\" content=\"summary_large_image\" \/>\n<meta name=\"twitter:label1\" content=\"Escrito por\" \/>\n\t<meta name=\"twitter:data1\" content=\"Redacci\u00f3n QP\" \/>\n\t<meta name=\"twitter:label2\" content=\"Tiempo de lectura\" \/>\n\t<meta name=\"twitter:data2\" content=\"3 minutos\" \/>\n<script type=\"application\/ld+json\" class=\"yoast-schema-graph\">{\"@context\":\"https:\\\/\\\/schema.org\",\"@graph\":[{\"@type\":\"Article\",\"@id\":\"https:\\\/\\\/quehacerpolitico.mx\\\/?p=39285#article\",\"isPartOf\":{\"@id\":\"https:\\\/\\\/quehacerpolitico.mx\\\/?p=39285\"},\"author\":{\"name\":\"Redacci\u00f3n QP\",\"@id\":\"https:\\\/\\\/quehacerpolitico.mx\\\/#\\\/schema\\\/person\\\/496d8ad2d1d3f8036101dca7ee39e585\"},\"headline\":\"Gobierno de CDMX presenta ante el Congreso de la CDMX iniciativa para crear banco de datos de ADN\",\"datePublished\":\"2019-09-24T17:50:09+00:00\",\"mainEntityOfPage\":{\"@id\":\"https:\\\/\\\/quehacerpolitico.mx\\\/?p=39285\"},\"wordCount\":694,\"commentCount\":0,\"image\":{\"@id\":\"https:\\\/\\\/quehacerpolitico.mx\\\/?p=39285#primaryimage\"},\"thumbnailUrl\":\"\",\"articleSection\":[\"CDMX\"],\"inLanguage\":\"es\",\"potentialAction\":[{\"@type\":\"CommentAction\",\"name\":\"Comment\",\"target\":[\"https:\\\/\\\/quehacerpolitico.mx\\\/?p=39285#respond\"]}]},{\"@type\":\"WebPage\",\"@id\":\"https:\\\/\\\/quehacerpolitico.mx\\\/?p=39285\",\"url\":\"https:\\\/\\\/quehacerpolitico.mx\\\/?p=39285\",\"name\":\"Gobierno de CDMX presenta ante el Congreso de la CDMX iniciativa para crear banco de datos de ADN -\",\"isPartOf\":{\"@id\":\"https:\\\/\\\/quehacerpolitico.mx\\\/#website\"},\"primaryImageOfPage\":{\"@id\":\"https:\\\/\\\/quehacerpolitico.mx\\\/?p=39285#primaryimage\"},\"image\":{\"@id\":\"https:\\\/\\\/quehacerpolitico.mx\\\/?p=39285#primaryimage\"},\"thumbnailUrl\":\"\",\"datePublished\":\"2019-09-24T17:50:09+00:00\",\"author\":{\"@id\":\"https:\\\/\\\/quehacerpolitico.mx\\\/#\\\/schema\\\/person\\\/496d8ad2d1d3f8036101dca7ee39e585\"},\"breadcrumb\":{\"@id\":\"https:\\\/\\\/quehacerpolitico.mx\\\/?p=39285#breadcrumb\"},\"inLanguage\":\"es\",\"potentialAction\":[{\"@type\":\"ReadAction\",\"target\":[\"https:\\\/\\\/quehacerpolitico.mx\\\/?p=39285\"]}]},{\"@type\":\"ImageObject\",\"inLanguage\":\"es\",\"@id\":\"https:\\\/\\\/quehacerpolitico.mx\\\/?p=39285#primaryimage\",\"url\":\"\",\"contentUrl\":\"\"},{\"@type\":\"BreadcrumbList\",\"@id\":\"https:\\\/\\\/quehacerpolitico.mx\\\/?p=39285#breadcrumb\",\"itemListElement\":[{\"@type\":\"ListItem\",\"position\":1,\"name\":\"Inicio\",\"item\":\"https:\\\/\\\/quehacerpolitico.mx\\\/\"},{\"@type\":\"ListItem\",\"position\":2,\"name\":\"Gobierno de CDMX presenta ante el Congreso de la CDMX iniciativa para crear banco de datos de ADN\"}]},{\"@type\":\"WebSite\",\"@id\":\"https:\\\/\\\/quehacerpolitico.mx\\\/#website\",\"url\":\"https:\\\/\\\/quehacerpolitico.mx\\\/\",\"name\":\"\",\"description\":\"\",\"potentialAction\":[{\"@type\":\"SearchAction\",\"target\":{\"@type\":\"EntryPoint\",\"urlTemplate\":\"https:\\\/\\\/quehacerpolitico.mx\\\/?s={search_term_string}\"},\"query-input\":{\"@type\":\"PropertyValueSpecification\",\"valueRequired\":true,\"valueName\":\"search_term_string\"}}],\"inLanguage\":\"es\"},{\"@type\":\"Person\",\"@id\":\"https:\\\/\\\/quehacerpolitico.mx\\\/#\\\/schema\\\/person\\\/496d8ad2d1d3f8036101dca7ee39e585\",\"name\":\"Redacci\u00f3n QP\",\"image\":{\"@type\":\"ImageObject\",\"inLanguage\":\"es\",\"@id\":\"https:\\\/\\\/secure.gravatar.com\\\/avatar\\\/c7164ed6fdec453195284ad24a5ae5b6e1eed2b848477fa2a4787ba9adf39a41?s=96&d=mm&r=g\",\"url\":\"https:\\\/\\\/secure.gravatar.com\\\/avatar\\\/c7164ed6fdec453195284ad24a5ae5b6e1eed2b848477fa2a4787ba9adf39a41?s=96&d=mm&r=g\",\"contentUrl\":\"https:\\\/\\\/secure.gravatar.com\\\/avatar\\\/c7164ed6fdec453195284ad24a5ae5b6e1eed2b848477fa2a4787ba9adf39a41?s=96&d=mm&r=g\",\"caption\":\"Redacci\u00f3n QP\"},\"url\":\"https:\\\/\\\/quehacerpolitico.mx\\\/?author=2\"}]}<\/script>\n<!-- \/ Yoast SEO plugin. -->","yoast_head_json":{"title":"Gobierno de CDMX presenta ante el Congreso de la CDMX iniciativa para crear banco de datos de ADN -","robots":{"index":"index","follow":"follow","max-snippet":"max-snippet:-1","max-image-preview":"max-image-preview:large","max-video-preview":"max-video-preview:-1"},"canonical":"https:\/\/quehacerpolitico.mx\/?p=39285","og_locale":"es_MX","og_type":"article","og_title":"Gobierno de CDMX presenta ante el Congreso de la CDMX iniciativa para crear banco de datos de ADN -","og_description":"Gobierno de CDMX presenta ante el Congreso de la CDMX iniciativa para crear banco de datos de ADN por Redacci\u00f3n QP","og_url":"https:\/\/quehacerpolitico.mx\/?p=39285","article_published_time":"2019-09-24T17:50:09+00:00","author":"Redacci\u00f3n QP","twitter_card":"summary_large_image","twitter_misc":{"Escrito por":"Redacci\u00f3n QP","Tiempo de lectura":"3 minutos"},"schema":{"@context":"https:\/\/schema.org","@graph":[{"@type":"Article","@id":"https:\/\/quehacerpolitico.mx\/?p=39285#article","isPartOf":{"@id":"https:\/\/quehacerpolitico.mx\/?p=39285"},"author":{"name":"Redacci\u00f3n QP","@id":"https:\/\/quehacerpolitico.mx\/#\/schema\/person\/496d8ad2d1d3f8036101dca7ee39e585"},"headline":"Gobierno de CDMX presenta ante el Congreso de la CDMX iniciativa para crear banco de datos de ADN","datePublished":"2019-09-24T17:50:09+00:00","mainEntityOfPage":{"@id":"https:\/\/quehacerpolitico.mx\/?p=39285"},"wordCount":694,"commentCount":0,"image":{"@id":"https:\/\/quehacerpolitico.mx\/?p=39285#primaryimage"},"thumbnailUrl":"","articleSection":["CDMX"],"inLanguage":"es","potentialAction":[{"@type":"CommentAction","name":"Comment","target":["https:\/\/quehacerpolitico.mx\/?p=39285#respond"]}]},{"@type":"WebPage","@id":"https:\/\/quehacerpolitico.mx\/?p=39285","url":"https:\/\/quehacerpolitico.mx\/?p=39285","name":"Gobierno de CDMX presenta ante el Congreso de la CDMX iniciativa para crear banco de datos de ADN -","isPartOf":{"@id":"https:\/\/quehacerpolitico.mx\/#website"},"primaryImageOfPage":{"@id":"https:\/\/quehacerpolitico.mx\/?p=39285#primaryimage"},"image":{"@id":"https:\/\/quehacerpolitico.mx\/?p=39285#primaryimage"},"thumbnailUrl":"","datePublished":"2019-09-24T17:50:09+00:00","author":{"@id":"https:\/\/quehacerpolitico.mx\/#\/schema\/person\/496d8ad2d1d3f8036101dca7ee39e585"},"breadcrumb":{"@id":"https:\/\/quehacerpolitico.mx\/?p=39285#breadcrumb"},"inLanguage":"es","potentialAction":[{"@type":"ReadAction","target":["https:\/\/quehacerpolitico.mx\/?p=39285"]}]},{"@type":"ImageObject","inLanguage":"es","@id":"https:\/\/quehacerpolitico.mx\/?p=39285#primaryimage","url":"","contentUrl":""},{"@type":"BreadcrumbList","@id":"https:\/\/quehacerpolitico.mx\/?p=39285#breadcrumb","itemListElement":[{"@type":"ListItem","position":1,"name":"Inicio","item":"https:\/\/quehacerpolitico.mx\/"},{"@type":"ListItem","position":2,"name":"Gobierno de CDMX presenta ante el Congreso de la CDMX iniciativa para crear banco de datos de ADN"}]},{"@type":"WebSite","@id":"https:\/\/quehacerpolitico.mx\/#website","url":"https:\/\/quehacerpolitico.mx\/","name":"","description":"","potentialAction":[{"@type":"SearchAction","target":{"@type":"EntryPoint","urlTemplate":"https:\/\/quehacerpolitico.mx\/?s={search_term_string}"},"query-input":{"@type":"PropertyValueSpecification","valueRequired":true,"valueName":"search_term_string"}}],"inLanguage":"es"},{"@type":"Person","@id":"https:\/\/quehacerpolitico.mx\/#\/schema\/person\/496d8ad2d1d3f8036101dca7ee39e585","name":"Redacci\u00f3n QP","image":{"@type":"ImageObject","inLanguage":"es","@id":"https:\/\/secure.gravatar.com\/avatar\/c7164ed6fdec453195284ad24a5ae5b6e1eed2b848477fa2a4787ba9adf39a41?s=96&d=mm&r=g","url":"https:\/\/secure.gravatar.com\/avatar\/c7164ed6fdec453195284ad24a5ae5b6e1eed2b848477fa2a4787ba9adf39a41?s=96&d=mm&r=g","contentUrl":"https:\/\/secure.gravatar.com\/avatar\/c7164ed6fdec453195284ad24a5ae5b6e1eed2b848477fa2a4787ba9adf39a41?s=96&d=mm&r=g","caption":"Redacci\u00f3n QP"},"url":"https:\/\/quehacerpolitico.mx\/?author=2"}]}},"featured_image_urls":{"full":"","thumbnail":"","medium":"","medium_large":"","large":"","1536x1536":"","2048x2048":"","covernews-featured":"","covernews-medium":""},"author_info":{"display_name":"Redacci\u00f3n QP","author_link":"https:\/\/quehacerpolitico.mx\/?author=2"},"category_info":"<a href=\"https:\/\/quehacerpolitico.mx\/?cat=55\" rel=\"category\">CDMX<\/a>","tag_info":"CDMX","comment_count":"0","_links":{"self":[{"href":"https:\/\/quehacerpolitico.mx\/index.php?rest_route=\/wp\/v2\/posts\/39285","targetHints":{"allow":["GET"]}}],"collection":[{"href":"https:\/\/quehacerpolitico.mx\/index.php?rest_route=\/wp\/v2\/posts"}],"about":[{"href":"https:\/\/quehacerpolitico.mx\/index.php?rest_route=\/wp\/v2\/types\/post"}],"author":[{"embeddable":true,"href":"https:\/\/quehacerpolitico.mx\/index.php?rest_route=\/wp\/v2\/users\/2"}],"replies":[{"embeddable":true,"href":"https:\/\/quehacerpolitico.mx\/index.php?rest_route=%2Fwp%2Fv2%2Fcomments&post=39285"}],"version-history":[{"count":0,"href":"https:\/\/quehacerpolitico.mx\/index.php?rest_route=\/wp\/v2\/posts\/39285\/revisions"}],"wp:featuredmedia":[{"embeddable":true,"href":"https:\/\/quehacerpolitico.mx\/index.php?rest_route=\/"}],"wp:attachment":[{"href":"https:\/\/quehacerpolitico.mx\/index.php?rest_route=%2Fwp%2Fv2%2Fmedia&parent=39285"}],"wp:term":[{"taxonomy":"category","embeddable":true,"href":"https:\/\/quehacerpolitico.mx\/index.php?rest_route=%2Fwp%2Fv2%2Fcategories&post=39285"},{"taxonomy":"post_tag","embeddable":true,"href":"https:\/\/quehacerpolitico.mx\/index.php?rest_route=%2Fwp%2Fv2%2Ftags&post=39285"}],"curies":[{"name":"wp","href":"https:\/\/api.w.org\/{rel}","templated":true}]}}