{"id":39267,"date":"2019-09-24T16:12:19","date_gmt":"2019-09-24T16:12:19","guid":{"rendered":"http:\/\/quehacerpolitico.mx\/presencia-de-manifestantes-en-san-lazaro\/"},"modified":"2019-09-24T16:12:19","modified_gmt":"2019-09-24T16:12:19","slug":"presencia-de-manifestantes-en-san-lazaro","status":"publish","type":"post","link":"https:\/\/quehacerpolitico.mx\/?p=39267","title":{"rendered":"Presencia de manifestantes en San L\u00e1zaro"},"content":{"rendered":"<p>Presencia de manifestantes en San L\u00e1zaro <br \/>Por Redacci\u00f3n QP<\/p>\n<p>Se sugiere a los automovilistas evitar la zona y usar como alternativa vial: Eje 1 Oriente Circunvalaci\u00f3n, Fray Servando Teresa de Mier, calzada Ignacio Zaragoza, Eduardo Molina y H\u00e9roe de Nacozari<\/p>\n<p>El Centro de Informaci\u00f3n Vial de la Secretar\u00eda de Seguridad Ciudadana de la capital inform\u00f3 que hay presencia de manifestantes en <strong>Emiliano Zapata,<\/strong> entre<strong>Congreso de la Uni\u00f3n<\/strong> y <strong>Eduardo Molina.<\/strong><\/p>\n<blockquote class=\"twitter-tweet\" data-width=\"550\" data-dnt=\"true\">\n<p lang=\"es\" dir=\"ltr\">\ud83d\udd34 <a href=\"https:\/\/twitter.com\/hashtag\/EnDirecto?src=hash&amp;ref_src=twsrc%5Etfw\">#EnDirecto<\/a> Transportistas protestan en las inmediaciones de la <a href=\"https:\/\/twitter.com\/Mx_Diputados?ref_src=twsrc%5Etfw\">@Mx_Diputados<\/a> <a href=\"https:\/\/twitter.com\/CarlosTejedaA?ref_src=twsrc%5Etfw\">@CarlosTejedaA<\/a> con los detalles <a href=\"https:\/\/twitter.com\/hashtag\/TelediarioEnEl6?src=hash&amp;ref_src=twsrc%5Etfw\">#TelediarioEnEl6<\/a> con <a href=\"https:\/\/twitter.com\/liliana_sosa?ref_src=twsrc%5Etfw\">@liliana_sosa<\/a> | <a href=\"https:\/\/t.co\/VqUPqVgacF\">https:\/\/t.co\/VqUPqVgacF<\/a> \ud83d\udc47 <a href=\"https:\/\/t.co\/ojWnFlM8uZ\">pic.twitter.com\/ojWnFlM8uZ<\/a><\/p>\n<p>&mdash; @telediario (@telediario) <a href=\"https:\/\/twitter.com\/telediario\/status\/1176509232377524224?ref_src=twsrc%5Etfw\">September 24, 2019<\/a><\/p><\/blockquote>\n<p><script async src=\"https:\/\/platform.twitter.com\/widgets.js\" charset=\"utf-8\"><\/script><\/p>\n<p>En su cuenta de <strong>Twitter,<\/strong> @OVIALCDMX, sugiri\u00f3 a los automovilistas evitar la zona y usar como alternativa vial: Eje 1 Oriente Circunvalaci\u00f3n, Fray Servando Teresa de Mier, calzada Ignacio Zaragoza, Eduardo Molina y H\u00e9roe de Nacozari.<\/p>\n<blockquote class=\"twitter-tweet\" data-width=\"550\" data-dnt=\"true\">\n<p lang=\"es\" dir=\"ltr\">10:20 <a href=\"https:\/\/twitter.com\/hashtag\/Precauci%C3%B3nVial?src=hash&amp;ref_src=twsrc%5Etfw\">#Precauci\u00f3nVial<\/a> cerrada la circulaci\u00f3n de <a href=\"https:\/\/twitter.com\/hashtag\/EmilianoZapata?src=hash&amp;ref_src=twsrc%5Etfw\">#EmilianoZapata<\/a> entre Congreso de la Uni\u00f3n y Eduardo Molina, por manifestantes. Consulte aqu\u00ed <a href=\"https:\/\/twitter.com\/hashtag\/AlternativaVial?src=hash&amp;ref_src=twsrc%5Etfw\">#AlternativaVial<\/a> <a href=\"https:\/\/twitter.com\/nacholozano?ref_src=twsrc%5Etfw\">@nacholozano<\/a>  <a href=\"https:\/\/twitter.com\/efrenarguelles?ref_src=twsrc%5Etfw\">@efrenarguelles<\/a>  <a href=\"https:\/\/twitter.com\/ricardovitela?ref_src=twsrc%5Etfw\">@ricardovitela<\/a> <a href=\"https:\/\/t.co\/98XIUQXpda\">pic.twitter.com\/98XIUQXpda<\/a><\/p>\n<p>&mdash; OVIAL_SSCCDMX (@OVIALCDMX) <a href=\"https:\/\/twitter.com\/OVIALCDMX\/status\/1176516983631708161?ref_src=twsrc%5Etfw\">September 24, 2019<\/a><\/p><\/blockquote>\n<p><script async src=\"https:\/\/platform.twitter.com\/widgets.js\" charset=\"utf-8\"><\/script><\/p>\n<p>Por su parte, el Centro de Comando, Control, C\u00f3mputo, Comunicaciones y Contacto Ciudadano de la Ciudad de M\u00e9xico alert\u00f3 sobre un bloqueo sobre <strong>Eje 3 Oriente<\/strong> al norte y Oriente 116, en la colonia<strong> Los Picos de Iztacalco,<\/strong> por lo que aconsej\u00f3 transitar por <strong>Circuito Interior<\/strong> y evitar la zona.<\/p>\n<p>Con informaci\u00f3n de NTX\u00a0<\/p>\n","protected":false},"excerpt":{"rendered":"<p>Presencia de manifestantes en San L\u00e1zaro<br \/>\nPor Redacci\u00f3n QP<\/p>\n","protected":false},"author":2,"featured_media":39266,"comment_status":"open","ping_status":"open","sticky":false,"template":"","format":"standard","meta":{"_monsterinsights_skip_tracking":false,"_monsterinsights_sitenote_active":false,"_monsterinsights_sitenote_note":"","_monsterinsights_sitenote_category":0,"footnotes":""},"categories":[55],"tags":[],"class_list":["post-39267","post","type-post","status-publish","format-standard","has-post-thumbnail","hentry","category-cdmx"],"yoast_head":"<!-- This site is optimized with the Yoast SEO plugin v27.3 - https:\/\/yoast.com\/product\/yoast-seo-wordpress\/ -->\n<title>Presencia de manifestantes en San L\u00e1zaro -<\/title>\n<meta name=\"robots\" content=\"index, follow, max-snippet:-1, max-image-preview:large, max-video-preview:-1\" \/>\n<link rel=\"canonical\" href=\"https:\/\/quehacerpolitico.mx\/?p=39267\" \/>\n<meta property=\"og:locale\" content=\"es_MX\" \/>\n<meta property=\"og:type\" content=\"article\" \/>\n<meta property=\"og:title\" content=\"Presencia de manifestantes en San L\u00e1zaro -\" \/>\n<meta property=\"og:description\" content=\"Presencia de manifestantes en San L\u00e1zaro Por Redacci\u00f3n QP\" \/>\n<meta property=\"og:url\" content=\"https:\/\/quehacerpolitico.mx\/?p=39267\" \/>\n<meta property=\"article:published_time\" content=\"2019-09-24T16:12:19+00:00\" \/>\n<meta name=\"author\" content=\"Redacci\u00f3n QP\" \/>\n<meta name=\"twitter:card\" content=\"summary_large_image\" \/>\n<meta name=\"twitter:label1\" content=\"Escrito por\" \/>\n\t<meta name=\"twitter:data1\" content=\"Redacci\u00f3n QP\" \/>\n\t<meta name=\"twitter:label2\" content=\"Tiempo de lectura\" \/>\n\t<meta name=\"twitter:data2\" content=\"1 minuto\" \/>\n<script type=\"application\/ld+json\" class=\"yoast-schema-graph\">{\"@context\":\"https:\\\/\\\/schema.org\",\"@graph\":[{\"@type\":\"Article\",\"@id\":\"https:\\\/\\\/quehacerpolitico.mx\\\/?p=39267#article\",\"isPartOf\":{\"@id\":\"https:\\\/\\\/quehacerpolitico.mx\\\/?p=39267\"},\"author\":{\"name\":\"Redacci\u00f3n QP\",\"@id\":\"https:\\\/\\\/quehacerpolitico.mx\\\/#\\\/schema\\\/person\\\/496d8ad2d1d3f8036101dca7ee39e585\"},\"headline\":\"Presencia de manifestantes en San L\u00e1zaro\",\"datePublished\":\"2019-09-24T16:12:19+00:00\",\"mainEntityOfPage\":{\"@id\":\"https:\\\/\\\/quehacerpolitico.mx\\\/?p=39267\"},\"wordCount\":187,\"commentCount\":0,\"image\":{\"@id\":\"https:\\\/\\\/quehacerpolitico.mx\\\/?p=39267#primaryimage\"},\"thumbnailUrl\":\"\",\"articleSection\":[\"CDMX\"],\"inLanguage\":\"es\",\"potentialAction\":[{\"@type\":\"CommentAction\",\"name\":\"Comment\",\"target\":[\"https:\\\/\\\/quehacerpolitico.mx\\\/?p=39267#respond\"]}]},{\"@type\":\"WebPage\",\"@id\":\"https:\\\/\\\/quehacerpolitico.mx\\\/?p=39267\",\"url\":\"https:\\\/\\\/quehacerpolitico.mx\\\/?p=39267\",\"name\":\"Presencia de manifestantes en San L\u00e1zaro -\",\"isPartOf\":{\"@id\":\"https:\\\/\\\/quehacerpolitico.mx\\\/#website\"},\"primaryImageOfPage\":{\"@id\":\"https:\\\/\\\/quehacerpolitico.mx\\\/?p=39267#primaryimage\"},\"image\":{\"@id\":\"https:\\\/\\\/quehacerpolitico.mx\\\/?p=39267#primaryimage\"},\"thumbnailUrl\":\"\",\"datePublished\":\"2019-09-24T16:12:19+00:00\",\"author\":{\"@id\":\"https:\\\/\\\/quehacerpolitico.mx\\\/#\\\/schema\\\/person\\\/496d8ad2d1d3f8036101dca7ee39e585\"},\"breadcrumb\":{\"@id\":\"https:\\\/\\\/quehacerpolitico.mx\\\/?p=39267#breadcrumb\"},\"inLanguage\":\"es\",\"potentialAction\":[{\"@type\":\"ReadAction\",\"target\":[\"https:\\\/\\\/quehacerpolitico.mx\\\/?p=39267\"]}]},{\"@type\":\"ImageObject\",\"inLanguage\":\"es\",\"@id\":\"https:\\\/\\\/quehacerpolitico.mx\\\/?p=39267#primaryimage\",\"url\":\"\",\"contentUrl\":\"\"},{\"@type\":\"BreadcrumbList\",\"@id\":\"https:\\\/\\\/quehacerpolitico.mx\\\/?p=39267#breadcrumb\",\"itemListElement\":[{\"@type\":\"ListItem\",\"position\":1,\"name\":\"Inicio\",\"item\":\"https:\\\/\\\/quehacerpolitico.mx\\\/\"},{\"@type\":\"ListItem\",\"position\":2,\"name\":\"Presencia de manifestantes en San L\u00e1zaro\"}]},{\"@type\":\"WebSite\",\"@id\":\"https:\\\/\\\/quehacerpolitico.mx\\\/#website\",\"url\":\"https:\\\/\\\/quehacerpolitico.mx\\\/\",\"name\":\"\",\"description\":\"\",\"potentialAction\":[{\"@type\":\"SearchAction\",\"target\":{\"@type\":\"EntryPoint\",\"urlTemplate\":\"https:\\\/\\\/quehacerpolitico.mx\\\/?s={search_term_string}\"},\"query-input\":{\"@type\":\"PropertyValueSpecification\",\"valueRequired\":true,\"valueName\":\"search_term_string\"}}],\"inLanguage\":\"es\"},{\"@type\":\"Person\",\"@id\":\"https:\\\/\\\/quehacerpolitico.mx\\\/#\\\/schema\\\/person\\\/496d8ad2d1d3f8036101dca7ee39e585\",\"name\":\"Redacci\u00f3n QP\",\"image\":{\"@type\":\"ImageObject\",\"inLanguage\":\"es\",\"@id\":\"https:\\\/\\\/secure.gravatar.com\\\/avatar\\\/c7164ed6fdec453195284ad24a5ae5b6e1eed2b848477fa2a4787ba9adf39a41?s=96&d=mm&r=g\",\"url\":\"https:\\\/\\\/secure.gravatar.com\\\/avatar\\\/c7164ed6fdec453195284ad24a5ae5b6e1eed2b848477fa2a4787ba9adf39a41?s=96&d=mm&r=g\",\"contentUrl\":\"https:\\\/\\\/secure.gravatar.com\\\/avatar\\\/c7164ed6fdec453195284ad24a5ae5b6e1eed2b848477fa2a4787ba9adf39a41?s=96&d=mm&r=g\",\"caption\":\"Redacci\u00f3n QP\"},\"url\":\"https:\\\/\\\/quehacerpolitico.mx\\\/?author=2\"}]}<\/script>\n<!-- \/ Yoast SEO plugin. -->","yoast_head_json":{"title":"Presencia de manifestantes en San L\u00e1zaro -","robots":{"index":"index","follow":"follow","max-snippet":"max-snippet:-1","max-image-preview":"max-image-preview:large","max-video-preview":"max-video-preview:-1"},"canonical":"https:\/\/quehacerpolitico.mx\/?p=39267","og_locale":"es_MX","og_type":"article","og_title":"Presencia de manifestantes en San L\u00e1zaro -","og_description":"Presencia de manifestantes en San L\u00e1zaro Por Redacci\u00f3n QP","og_url":"https:\/\/quehacerpolitico.mx\/?p=39267","article_published_time":"2019-09-24T16:12:19+00:00","author":"Redacci\u00f3n QP","twitter_card":"summary_large_image","twitter_misc":{"Escrito por":"Redacci\u00f3n QP","Tiempo de lectura":"1 minuto"},"schema":{"@context":"https:\/\/schema.org","@graph":[{"@type":"Article","@id":"https:\/\/quehacerpolitico.mx\/?p=39267#article","isPartOf":{"@id":"https:\/\/quehacerpolitico.mx\/?p=39267"},"author":{"name":"Redacci\u00f3n QP","@id":"https:\/\/quehacerpolitico.mx\/#\/schema\/person\/496d8ad2d1d3f8036101dca7ee39e585"},"headline":"Presencia de manifestantes en San L\u00e1zaro","datePublished":"2019-09-24T16:12:19+00:00","mainEntityOfPage":{"@id":"https:\/\/quehacerpolitico.mx\/?p=39267"},"wordCount":187,"commentCount":0,"image":{"@id":"https:\/\/quehacerpolitico.mx\/?p=39267#primaryimage"},"thumbnailUrl":"","articleSection":["CDMX"],"inLanguage":"es","potentialAction":[{"@type":"CommentAction","name":"Comment","target":["https:\/\/quehacerpolitico.mx\/?p=39267#respond"]}]},{"@type":"WebPage","@id":"https:\/\/quehacerpolitico.mx\/?p=39267","url":"https:\/\/quehacerpolitico.mx\/?p=39267","name":"Presencia de manifestantes en San L\u00e1zaro -","isPartOf":{"@id":"https:\/\/quehacerpolitico.mx\/#website"},"primaryImageOfPage":{"@id":"https:\/\/quehacerpolitico.mx\/?p=39267#primaryimage"},"image":{"@id":"https:\/\/quehacerpolitico.mx\/?p=39267#primaryimage"},"thumbnailUrl":"","datePublished":"2019-09-24T16:12:19+00:00","author":{"@id":"https:\/\/quehacerpolitico.mx\/#\/schema\/person\/496d8ad2d1d3f8036101dca7ee39e585"},"breadcrumb":{"@id":"https:\/\/quehacerpolitico.mx\/?p=39267#breadcrumb"},"inLanguage":"es","potentialAction":[{"@type":"ReadAction","target":["https:\/\/quehacerpolitico.mx\/?p=39267"]}]},{"@type":"ImageObject","inLanguage":"es","@id":"https:\/\/quehacerpolitico.mx\/?p=39267#primaryimage","url":"","contentUrl":""},{"@type":"BreadcrumbList","@id":"https:\/\/quehacerpolitico.mx\/?p=39267#breadcrumb","itemListElement":[{"@type":"ListItem","position":1,"name":"Inicio","item":"https:\/\/quehacerpolitico.mx\/"},{"@type":"ListItem","position":2,"name":"Presencia de manifestantes en San L\u00e1zaro"}]},{"@type":"WebSite","@id":"https:\/\/quehacerpolitico.mx\/#website","url":"https:\/\/quehacerpolitico.mx\/","name":"","description":"","potentialAction":[{"@type":"SearchAction","target":{"@type":"EntryPoint","urlTemplate":"https:\/\/quehacerpolitico.mx\/?s={search_term_string}"},"query-input":{"@type":"PropertyValueSpecification","valueRequired":true,"valueName":"search_term_string"}}],"inLanguage":"es"},{"@type":"Person","@id":"https:\/\/quehacerpolitico.mx\/#\/schema\/person\/496d8ad2d1d3f8036101dca7ee39e585","name":"Redacci\u00f3n QP","image":{"@type":"ImageObject","inLanguage":"es","@id":"https:\/\/secure.gravatar.com\/avatar\/c7164ed6fdec453195284ad24a5ae5b6e1eed2b848477fa2a4787ba9adf39a41?s=96&d=mm&r=g","url":"https:\/\/secure.gravatar.com\/avatar\/c7164ed6fdec453195284ad24a5ae5b6e1eed2b848477fa2a4787ba9adf39a41?s=96&d=mm&r=g","contentUrl":"https:\/\/secure.gravatar.com\/avatar\/c7164ed6fdec453195284ad24a5ae5b6e1eed2b848477fa2a4787ba9adf39a41?s=96&d=mm&r=g","caption":"Redacci\u00f3n QP"},"url":"https:\/\/quehacerpolitico.mx\/?author=2"}]}},"featured_image_urls":{"full":"","thumbnail":"","medium":"","medium_large":"","large":"","1536x1536":"","2048x2048":"","covernews-featured":"","covernews-medium":""},"author_info":{"display_name":"Redacci\u00f3n QP","author_link":"https:\/\/quehacerpolitico.mx\/?author=2"},"category_info":"<a href=\"https:\/\/quehacerpolitico.mx\/?cat=55\" rel=\"category\">CDMX<\/a>","tag_info":"CDMX","comment_count":"0","_links":{"self":[{"href":"https:\/\/quehacerpolitico.mx\/index.php?rest_route=\/wp\/v2\/posts\/39267","targetHints":{"allow":["GET"]}}],"collection":[{"href":"https:\/\/quehacerpolitico.mx\/index.php?rest_route=\/wp\/v2\/posts"}],"about":[{"href":"https:\/\/quehacerpolitico.mx\/index.php?rest_route=\/wp\/v2\/types\/post"}],"author":[{"embeddable":true,"href":"https:\/\/quehacerpolitico.mx\/index.php?rest_route=\/wp\/v2\/users\/2"}],"replies":[{"embeddable":true,"href":"https:\/\/quehacerpolitico.mx\/index.php?rest_route=%2Fwp%2Fv2%2Fcomments&post=39267"}],"version-history":[{"count":0,"href":"https:\/\/quehacerpolitico.mx\/index.php?rest_route=\/wp\/v2\/posts\/39267\/revisions"}],"wp:featuredmedia":[{"embeddable":true,"href":"https:\/\/quehacerpolitico.mx\/index.php?rest_route=\/"}],"wp:attachment":[{"href":"https:\/\/quehacerpolitico.mx\/index.php?rest_route=%2Fwp%2Fv2%2Fmedia&parent=39267"}],"wp:term":[{"taxonomy":"category","embeddable":true,"href":"https:\/\/quehacerpolitico.mx\/index.php?rest_route=%2Fwp%2Fv2%2Fcategories&post=39267"},{"taxonomy":"post_tag","embeddable":true,"href":"https:\/\/quehacerpolitico.mx\/index.php?rest_route=%2Fwp%2Fv2%2Ftags&post=39267"}],"curies":[{"name":"wp","href":"https:\/\/api.w.org\/{rel}","templated":true}]}}