{"id":39261,"date":"2019-09-24T15:17:10","date_gmt":"2019-09-24T15:17:10","guid":{"rendered":"http:\/\/quehacerpolitico.mx\/movilizaciones-en-la-cdmx-para-hoy-alertas\/"},"modified":"2019-09-24T15:17:10","modified_gmt":"2019-09-24T15:17:10","slug":"movilizaciones-en-la-cdmx-para-hoy-alertas","status":"publish","type":"post","link":"https:\/\/quehacerpolitico.mx\/?p=39261","title":{"rendered":"Movilizaciones en la CDMX para hoy alertas!!!"},"content":{"rendered":"<p>Movilizaciones en la CDMX para hoy alertas!!!<br \/>Por Redacci\u00f3n QP<\/p>\n<p>Debido a las movilizaciones sociales autoridades aconsejan salir con tiempo para evitar retrasos<\/p>\n<p>Al menos ocho <strong>movilizaciones<\/strong> sociales se prev\u00e9n para este martes en calles de las alcald\u00edas <strong>Cuauht\u00e9moc<\/strong>, <strong>Iztacalco<\/strong> y <strong>Venustiano Carranza<\/strong>, ante lo cual autoridades capitalinas recomiendan a la poblaci\u00f3n tomar previsiones.<\/p>\n<blockquote class=\"twitter-tweet\" data-width=\"550\" data-dnt=\"true\">\n<p lang=\"es\" dir=\"ltr\">10:05 <a href=\"https:\/\/twitter.com\/hashtag\/Precauci%C3%B3nVial?src=hash&amp;ref_src=twsrc%5Etfw\">#Precauci\u00f3nVial<\/a> concentraci\u00f3n de manifestantes en <a href=\"https:\/\/twitter.com\/hashtag\/EmilianoZapata?src=hash&amp;ref_src=twsrc%5Etfw\">#EmilianoZapata<\/a> entre Congreso de la Uni\u00f3n y Eduardo Molina. Consulte aqu\u00ed <a href=\"https:\/\/twitter.com\/hashtag\/AlternativaVial?src=hash&amp;ref_src=twsrc%5Etfw\">#AlternativaVial<\/a> <a href=\"https:\/\/twitter.com\/LeonardoCurzio?ref_src=twsrc%5Etfw\">@LeonardoCurzio<\/a>  <br \/>@MariaAMolinaB  <a href=\"https:\/\/twitter.com\/isidrocorro?ref_src=twsrc%5Etfw\">@isidrocorro<\/a> <a href=\"https:\/\/t.co\/fACcyb9G5u\">pic.twitter.com\/fACcyb9G5u<\/a><\/p>\n<p>&mdash; OVIAL_SSCCDMX (@OVIALCDMX) <a href=\"https:\/\/twitter.com\/OVIALCDMX\/status\/1176512865437704193?ref_src=twsrc%5Etfw\">September 24, 2019<\/a><\/p><\/blockquote>\n<p><script async src=\"https:\/\/platform.twitter.com\/widgets.js\" charset=\"utf-8\"><\/script><\/p>\n<p>En su cuenta @C5_CDMX en Twitter, el Centro de Comando, Control, C\u00f3mputo, Comunicaciones y Contacto Ciudadano de la Ciudad de M\u00e9xico report\u00f3 desde las 06:00 horas la presencia de maestros en las inmediaciones del Senado de la Rep\u00fablica, ubicado en Paseo de la Reforma, colonia Tabacalera, en la alcald\u00eda Cuauht\u00e9moc.<\/p>\n<p>https:\/\/twitter.com\/c5_cdmx\/status\/1176467705102311425?s=21<\/p>\n<p>Indic\u00f3 que a partir de las 07:00 horas habitantes de la colonia Barrio de San Miguel se manifestar\u00e1n en la avenida Francisco del Paso y calle Vicente Guerrero, en la alcald\u00eda Iztacalco, para exigir el suministro de agua por la red hidr\u00e1ulica.<\/p>\n<blockquote class=\"twitter-tweet\" data-width=\"550\" data-dnt=\"true\">\n<p lang=\"es\" dir=\"ltr\">09:56 <a href=\"https:\/\/twitter.com\/hashtag\/Precauci%C3%B3nVial?src=hash&amp;ref_src=twsrc%5Etfw\">#Precauci\u00f3nVial<\/a> cerrada la circulaci\u00f3n de <a href=\"https:\/\/twitter.com\/hashtag\/Donceles?src=hash&amp;ref_src=twsrc%5Etfw\">#Donceles<\/a> a partir de Eje Central y Allende desde Rep. de Cuba, por manifestantes en el Congreso de la Ciudad de M\u00e9xico. Consulte aqu\u00ed <a href=\"https:\/\/twitter.com\/hashtag\/AlternativaVial?src=hash&amp;ref_src=twsrc%5Etfw\">#AlternativaVial<\/a> <a href=\"https:\/\/twitter.com\/memosegura11?ref_src=twsrc%5Etfw\">@memosegura11<\/a>  <a href=\"https:\/\/twitter.com\/ERIKCAMACHOTV?ref_src=twsrc%5Etfw\">@ERIKCAMACHOTV<\/a>  <a href=\"https:\/\/twitter.com\/campossuarez?ref_src=twsrc%5Etfw\">@campossuarez<\/a> <a href=\"https:\/\/t.co\/zhmmXJAlSx\">pic.twitter.com\/zhmmXJAlSx<\/a><\/p>\n<p>&mdash; OVIAL_SSCCDMX (@OVIALCDMX) <a href=\"https:\/\/twitter.com\/OVIALCDMX\/status\/1176510600295276544?ref_src=twsrc%5Etfw\">September 24, 2019<\/a><\/p><\/blockquote>\n<p><script async src=\"https:\/\/platform.twitter.com\/widgets.js\" charset=\"utf-8\"><\/script><\/p>\n<p>El organismo capitalino tambi\u00e9n se\u00f1al\u00f3 que se prev\u00e9 la presencia de activistas y organizaciones sociales a favor de los derechos de los animales en la puerta uno de la C\u00e1mara de Diputados, en avenida Emiliano Zapata, colonia 10 de Mayo, alcald\u00eda Venustiano Carranza.<\/p>\n<blockquote class=\"twitter-tweet\" data-width=\"550\" data-dnt=\"true\">\n<p lang=\"es\" dir=\"ltr\">09:46  <a href=\"https:\/\/twitter.com\/hashtag\/Precauci%C3%B3nVial?src=hash&amp;ref_src=twsrc%5Etfw\">#Precauci\u00f3nVial<\/a> cerrada la circulaci\u00f3n en lateral de Paseo de la <a href=\"https:\/\/twitter.com\/hashtag\/Reforma?src=hash&amp;ref_src=twsrc%5Etfw\">#Reforma<\/a> y Par\u00eds al Poniente, por manifestantes. Consulte <a href=\"https:\/\/twitter.com\/hashtag\/AlternativaVial?src=hash&amp;ref_src=twsrc%5Etfw\">#AlternativaVial<\/a><a href=\"https:\/\/twitter.com\/Foro_TV?ref_src=twsrc%5Etfw\">@Foro_TV<\/a>  <a href=\"https:\/\/twitter.com\/RamkarC?ref_src=twsrc%5Etfw\">@RamkarC<\/a>  <a href=\"https:\/\/twitter.com\/HUAToo?ref_src=twsrc%5Etfw\">@Huatoo<\/a> <a href=\"https:\/\/t.co\/f6SXEpvKV5\">pic.twitter.com\/f6SXEpvKV5<\/a><\/p>\n<p>&mdash; OVIAL_SSCCDMX (@OVIALCDMX) <a href=\"https:\/\/twitter.com\/OVIALCDMX\/status\/1176508083486547968?ref_src=twsrc%5Etfw\">September 24, 2019<\/a><\/p><\/blockquote>\n<p><script async src=\"https:\/\/platform.twitter.com\/widgets.js\" charset=\"utf-8\"><\/script><\/p>\n<p>Tambi\u00e9n en la C\u00e1mara de Diputados, integrantes de la Alianza Mexicana de Organizaciones de Transportistas A.C. se dar\u00e1n cita a las 10:00 horas.<\/p>\n<blockquote class=\"twitter-tweet\" data-width=\"550\" data-dnt=\"true\">\n<p lang=\"es\" dir=\"ltr\">09:27 <a href=\"https:\/\/twitter.com\/hashtag\/Precauci%C3%B3nVial?src=hash&amp;ref_src=twsrc%5Etfw\">#Precauci\u00f3nVial<\/a> cerrada la circulaci\u00f3n de <a href=\"https:\/\/twitter.com\/hashtag\/Donceles?src=hash&amp;ref_src=twsrc%5Etfw\">#Donceles<\/a> a la altura de Allende, por manifestantes. Consulte aqu\u00ed <a href=\"https:\/\/twitter.com\/hashtag\/AlternativaVial?src=hash&amp;ref_src=twsrc%5Etfw\">#AlternativaVial<\/a> <a href=\"https:\/\/twitter.com\/Milenio?ref_src=twsrc%5Etfw\">@Milenio<\/a>  <a href=\"https:\/\/twitter.com\/sdpnoticias?ref_src=twsrc%5Etfw\">@sdpnoticias<\/a>  <a href=\"https:\/\/twitter.com\/Pajaropolitico?ref_src=twsrc%5Etfw\">@Pajaropolitico<\/a> <a href=\"https:\/\/t.co\/A2hbwdCoyg\">pic.twitter.com\/A2hbwdCoyg<\/a><\/p>\n<p>&mdash; OVIAL_SSCCDMX (@OVIALCDMX) <a href=\"https:\/\/twitter.com\/OVIALCDMX\/status\/1176503496448675840?ref_src=twsrc%5Etfw\">September 24, 2019<\/a><\/p><\/blockquote>\n<p><script async src=\"https:\/\/platform.twitter.com\/widgets.js\" charset=\"utf-8\"><\/script><\/p>\n<p>Adem\u00e1s, vecinos de la colonia Campamento 2 de Octubre, en la alcald\u00eda Iztacalco, llevar\u00e1n a cabo desde las 10:00 horas una protesta en avenida Canal de Apatlaco y Calzada de la Viga, en la colonia Santiago Sur, para solicitar el abastecimiento de agua potable por medio de la red hidr\u00e1ulica en la zona.<\/p>\n<blockquote class=\"twitter-tweet\" data-width=\"550\" data-dnt=\"true\">\n<p lang=\"es\" dir=\"ltr\">09:21 <a href=\"https:\/\/twitter.com\/hashtag\/Precauci%C3%B3nVial?src=hash&amp;ref_src=twsrc%5Etfw\">#Precauci\u00f3nVial<\/a> concentraci\u00f3n de manifestantes en <a href=\"https:\/\/twitter.com\/hashtag\/EmilianoZapata?src=hash&amp;ref_src=twsrc%5Etfw\">#EmilianoZapata<\/a> entre Congreso de la Uni\u00f3n y Eduardo Molina. Consulte aqu\u00ed <a href=\"https:\/\/twitter.com\/hashtag\/AlternativaVial?src=hash&amp;ref_src=twsrc%5Etfw\">#AlternativaVial<\/a> <a href=\"https:\/\/twitter.com\/ExpansionMx?ref_src=twsrc%5Etfw\">@ExpansionMx<\/a>  <a href=\"https:\/\/twitter.com\/Reforma?ref_src=twsrc%5Etfw\">@Reforma<\/a>  <a href=\"https:\/\/twitter.com\/LaCronicaDeHoy?ref_src=twsrc%5Etfw\">@LaCronicaDeHoy<\/a> <a href=\"https:\/\/t.co\/YYmoC3kHZ0\">pic.twitter.com\/YYmoC3kHZ0<\/a><\/p>\n<p>&mdash; OVIAL_SSCCDMX (@OVIALCDMX) <a href=\"https:\/\/twitter.com\/OVIALCDMX\/status\/1176501694588276737?ref_src=twsrc%5Etfw\">September 24, 2019<\/a><\/p><\/blockquote>\n<p><script async src=\"https:\/\/platform.twitter.com\/widgets.js\" charset=\"utf-8\"><\/script><\/p>\n<p>A las 14:00 horas, estudiantes del Colegio de Bachilleres de la Ciudad de M\u00e9xico marchar\u00e1n del \u00c1ngel de la Independencia, en Paseo de la Reforma, rumbo a la Secretar\u00eda de Educaci\u00f3n P\u00fablica, en Rep\u00fablica de Brasil, Centro Hist\u00f3rico, agreg\u00f3 el organismo capitalino.<\/p>\n<blockquote class=\"twitter-tweet\" data-width=\"550\" data-dnt=\"true\">\n<p lang=\"es\" dir=\"ltr\">09:09 <a href=\"https:\/\/twitter.com\/hashtag\/Precauci%C3%B3Vial?src=hash&amp;ref_src=twsrc%5Etfw\">#Precauci\u00f3Vial<\/a> concentraci\u00f3n de manifestantes en el Congreso de la Ciudad de M\u00e9xico, ubicado en <a href=\"https:\/\/twitter.com\/hashtag\/Donceles?src=hash&amp;ref_src=twsrc%5Etfw\">#Donceles<\/a> y Allende. Consulte aqu\u00ed <a href=\"https:\/\/twitter.com\/hashtag\/AlternativaVial?src=hash&amp;ref_src=twsrc%5Etfw\">#AlternativaVial<\/a> <a href=\"https:\/\/twitter.com\/CiroGomezL?ref_src=twsrc%5Etfw\">@CiroGomezL<\/a>  <a href=\"https:\/\/twitter.com\/mirimore?ref_src=twsrc%5Etfw\">@mirimore<\/a>  <a href=\"https:\/\/twitter.com\/lomurguia?ref_src=twsrc%5Etfw\">@lomurguia<\/a> <a href=\"https:\/\/t.co\/mo7BtwTnyu\">pic.twitter.com\/mo7BtwTnyu<\/a><\/p>\n<p>&mdash; OVIAL_SSCCDMX (@OVIALCDMX) <a href=\"https:\/\/twitter.com\/OVIALCDMX\/status\/1176499019746381824?ref_src=twsrc%5Etfw\">September 24, 2019<\/a><\/p><\/blockquote>\n<p><script async src=\"https:\/\/platform.twitter.com\/widgets.js\" charset=\"utf-8\"><\/script><\/p>\n<p>Indic\u00f3 que durante el d\u00eda comerciantes ubicados en Eje 1 Norte y Manuel Doblado se manifestar\u00e1n para exigir espacios para la venta en la v\u00eda p\u00fablica y un alto a los operativos.<\/p>\n<p>Adem\u00e1s, integrantes de la Coordinadora de Trabajadores \u201cValent\u00edn Campa\u201d y otros colectivos de Pemex se concentrar\u00e1n en el Senado de la Rep\u00fablica, en Paseo de la Reforma, colonia Tabacalera.<\/p>\n<p>Con Informaci\u00f3n de NTX\u00a0<\/p>\n","protected":false},"excerpt":{"rendered":"<p>Movilizaciones en la CDMX para hoy alertas!!!<br \/>\nPor Redacci\u00f3n QP<\/p>\n","protected":false},"author":2,"featured_media":39260,"comment_status":"open","ping_status":"open","sticky":false,"template":"","format":"standard","meta":{"_monsterinsights_skip_tracking":false,"_monsterinsights_sitenote_active":false,"_monsterinsights_sitenote_note":"","_monsterinsights_sitenote_category":0,"footnotes":""},"categories":[55],"tags":[],"class_list":["post-39261","post","type-post","status-publish","format-standard","has-post-thumbnail","hentry","category-cdmx"],"yoast_head":"<!-- This site is optimized with the Yoast SEO plugin v27.3 - https:\/\/yoast.com\/product\/yoast-seo-wordpress\/ -->\n<title>Movilizaciones en la CDMX para hoy alertas!!! -<\/title>\n<meta name=\"robots\" content=\"index, follow, max-snippet:-1, max-image-preview:large, max-video-preview:-1\" \/>\n<link rel=\"canonical\" href=\"https:\/\/quehacerpolitico.mx\/?p=39261\" \/>\n<meta property=\"og:locale\" content=\"es_MX\" \/>\n<meta property=\"og:type\" content=\"article\" \/>\n<meta property=\"og:title\" content=\"Movilizaciones en la CDMX para hoy alertas!!! -\" \/>\n<meta property=\"og:description\" content=\"Movilizaciones en la CDMX para hoy alertas!!! Por Redacci\u00f3n QP\" \/>\n<meta property=\"og:url\" content=\"https:\/\/quehacerpolitico.mx\/?p=39261\" \/>\n<meta property=\"article:published_time\" content=\"2019-09-24T15:17:10+00:00\" \/>\n<meta name=\"author\" content=\"Redacci\u00f3n QP\" \/>\n<meta name=\"twitter:card\" content=\"summary_large_image\" \/>\n<meta name=\"twitter:label1\" content=\"Escrito por\" \/>\n\t<meta name=\"twitter:data1\" content=\"Redacci\u00f3n QP\" \/>\n\t<meta name=\"twitter:label2\" content=\"Tiempo de lectura\" \/>\n\t<meta name=\"twitter:data2\" content=\"2 minutos\" \/>\n<script type=\"application\/ld+json\" class=\"yoast-schema-graph\">{\"@context\":\"https:\\\/\\\/schema.org\",\"@graph\":[{\"@type\":\"Article\",\"@id\":\"https:\\\/\\\/quehacerpolitico.mx\\\/?p=39261#article\",\"isPartOf\":{\"@id\":\"https:\\\/\\\/quehacerpolitico.mx\\\/?p=39261\"},\"author\":{\"name\":\"Redacci\u00f3n QP\",\"@id\":\"https:\\\/\\\/quehacerpolitico.mx\\\/#\\\/schema\\\/person\\\/496d8ad2d1d3f8036101dca7ee39e585\"},\"headline\":\"Movilizaciones en la CDMX para hoy alertas!!!\",\"datePublished\":\"2019-09-24T15:17:10+00:00\",\"mainEntityOfPage\":{\"@id\":\"https:\\\/\\\/quehacerpolitico.mx\\\/?p=39261\"},\"wordCount\":456,\"commentCount\":0,\"image\":{\"@id\":\"https:\\\/\\\/quehacerpolitico.mx\\\/?p=39261#primaryimage\"},\"thumbnailUrl\":\"\",\"articleSection\":[\"CDMX\"],\"inLanguage\":\"es\",\"potentialAction\":[{\"@type\":\"CommentAction\",\"name\":\"Comment\",\"target\":[\"https:\\\/\\\/quehacerpolitico.mx\\\/?p=39261#respond\"]}]},{\"@type\":\"WebPage\",\"@id\":\"https:\\\/\\\/quehacerpolitico.mx\\\/?p=39261\",\"url\":\"https:\\\/\\\/quehacerpolitico.mx\\\/?p=39261\",\"name\":\"Movilizaciones en la CDMX para hoy alertas!!! -\",\"isPartOf\":{\"@id\":\"https:\\\/\\\/quehacerpolitico.mx\\\/#website\"},\"primaryImageOfPage\":{\"@id\":\"https:\\\/\\\/quehacerpolitico.mx\\\/?p=39261#primaryimage\"},\"image\":{\"@id\":\"https:\\\/\\\/quehacerpolitico.mx\\\/?p=39261#primaryimage\"},\"thumbnailUrl\":\"\",\"datePublished\":\"2019-09-24T15:17:10+00:00\",\"author\":{\"@id\":\"https:\\\/\\\/quehacerpolitico.mx\\\/#\\\/schema\\\/person\\\/496d8ad2d1d3f8036101dca7ee39e585\"},\"breadcrumb\":{\"@id\":\"https:\\\/\\\/quehacerpolitico.mx\\\/?p=39261#breadcrumb\"},\"inLanguage\":\"es\",\"potentialAction\":[{\"@type\":\"ReadAction\",\"target\":[\"https:\\\/\\\/quehacerpolitico.mx\\\/?p=39261\"]}]},{\"@type\":\"ImageObject\",\"inLanguage\":\"es\",\"@id\":\"https:\\\/\\\/quehacerpolitico.mx\\\/?p=39261#primaryimage\",\"url\":\"\",\"contentUrl\":\"\"},{\"@type\":\"BreadcrumbList\",\"@id\":\"https:\\\/\\\/quehacerpolitico.mx\\\/?p=39261#breadcrumb\",\"itemListElement\":[{\"@type\":\"ListItem\",\"position\":1,\"name\":\"Inicio\",\"item\":\"https:\\\/\\\/quehacerpolitico.mx\\\/\"},{\"@type\":\"ListItem\",\"position\":2,\"name\":\"Movilizaciones en la CDMX para hoy alertas!!!\"}]},{\"@type\":\"WebSite\",\"@id\":\"https:\\\/\\\/quehacerpolitico.mx\\\/#website\",\"url\":\"https:\\\/\\\/quehacerpolitico.mx\\\/\",\"name\":\"\",\"description\":\"\",\"potentialAction\":[{\"@type\":\"SearchAction\",\"target\":{\"@type\":\"EntryPoint\",\"urlTemplate\":\"https:\\\/\\\/quehacerpolitico.mx\\\/?s={search_term_string}\"},\"query-input\":{\"@type\":\"PropertyValueSpecification\",\"valueRequired\":true,\"valueName\":\"search_term_string\"}}],\"inLanguage\":\"es\"},{\"@type\":\"Person\",\"@id\":\"https:\\\/\\\/quehacerpolitico.mx\\\/#\\\/schema\\\/person\\\/496d8ad2d1d3f8036101dca7ee39e585\",\"name\":\"Redacci\u00f3n QP\",\"image\":{\"@type\":\"ImageObject\",\"inLanguage\":\"es\",\"@id\":\"https:\\\/\\\/secure.gravatar.com\\\/avatar\\\/c7164ed6fdec453195284ad24a5ae5b6e1eed2b848477fa2a4787ba9adf39a41?s=96&d=mm&r=g\",\"url\":\"https:\\\/\\\/secure.gravatar.com\\\/avatar\\\/c7164ed6fdec453195284ad24a5ae5b6e1eed2b848477fa2a4787ba9adf39a41?s=96&d=mm&r=g\",\"contentUrl\":\"https:\\\/\\\/secure.gravatar.com\\\/avatar\\\/c7164ed6fdec453195284ad24a5ae5b6e1eed2b848477fa2a4787ba9adf39a41?s=96&d=mm&r=g\",\"caption\":\"Redacci\u00f3n QP\"},\"url\":\"https:\\\/\\\/quehacerpolitico.mx\\\/?author=2\"}]}<\/script>\n<!-- \/ Yoast SEO plugin. -->","yoast_head_json":{"title":"Movilizaciones en la CDMX para hoy alertas!!! -","robots":{"index":"index","follow":"follow","max-snippet":"max-snippet:-1","max-image-preview":"max-image-preview:large","max-video-preview":"max-video-preview:-1"},"canonical":"https:\/\/quehacerpolitico.mx\/?p=39261","og_locale":"es_MX","og_type":"article","og_title":"Movilizaciones en la CDMX para hoy alertas!!! -","og_description":"Movilizaciones en la CDMX para hoy alertas!!! Por Redacci\u00f3n QP","og_url":"https:\/\/quehacerpolitico.mx\/?p=39261","article_published_time":"2019-09-24T15:17:10+00:00","author":"Redacci\u00f3n QP","twitter_card":"summary_large_image","twitter_misc":{"Escrito por":"Redacci\u00f3n QP","Tiempo de lectura":"2 minutos"},"schema":{"@context":"https:\/\/schema.org","@graph":[{"@type":"Article","@id":"https:\/\/quehacerpolitico.mx\/?p=39261#article","isPartOf":{"@id":"https:\/\/quehacerpolitico.mx\/?p=39261"},"author":{"name":"Redacci\u00f3n QP","@id":"https:\/\/quehacerpolitico.mx\/#\/schema\/person\/496d8ad2d1d3f8036101dca7ee39e585"},"headline":"Movilizaciones en la CDMX para hoy alertas!!!","datePublished":"2019-09-24T15:17:10+00:00","mainEntityOfPage":{"@id":"https:\/\/quehacerpolitico.mx\/?p=39261"},"wordCount":456,"commentCount":0,"image":{"@id":"https:\/\/quehacerpolitico.mx\/?p=39261#primaryimage"},"thumbnailUrl":"","articleSection":["CDMX"],"inLanguage":"es","potentialAction":[{"@type":"CommentAction","name":"Comment","target":["https:\/\/quehacerpolitico.mx\/?p=39261#respond"]}]},{"@type":"WebPage","@id":"https:\/\/quehacerpolitico.mx\/?p=39261","url":"https:\/\/quehacerpolitico.mx\/?p=39261","name":"Movilizaciones en la CDMX para hoy alertas!!! -","isPartOf":{"@id":"https:\/\/quehacerpolitico.mx\/#website"},"primaryImageOfPage":{"@id":"https:\/\/quehacerpolitico.mx\/?p=39261#primaryimage"},"image":{"@id":"https:\/\/quehacerpolitico.mx\/?p=39261#primaryimage"},"thumbnailUrl":"","datePublished":"2019-09-24T15:17:10+00:00","author":{"@id":"https:\/\/quehacerpolitico.mx\/#\/schema\/person\/496d8ad2d1d3f8036101dca7ee39e585"},"breadcrumb":{"@id":"https:\/\/quehacerpolitico.mx\/?p=39261#breadcrumb"},"inLanguage":"es","potentialAction":[{"@type":"ReadAction","target":["https:\/\/quehacerpolitico.mx\/?p=39261"]}]},{"@type":"ImageObject","inLanguage":"es","@id":"https:\/\/quehacerpolitico.mx\/?p=39261#primaryimage","url":"","contentUrl":""},{"@type":"BreadcrumbList","@id":"https:\/\/quehacerpolitico.mx\/?p=39261#breadcrumb","itemListElement":[{"@type":"ListItem","position":1,"name":"Inicio","item":"https:\/\/quehacerpolitico.mx\/"},{"@type":"ListItem","position":2,"name":"Movilizaciones en la CDMX para hoy alertas!!!"}]},{"@type":"WebSite","@id":"https:\/\/quehacerpolitico.mx\/#website","url":"https:\/\/quehacerpolitico.mx\/","name":"","description":"","potentialAction":[{"@type":"SearchAction","target":{"@type":"EntryPoint","urlTemplate":"https:\/\/quehacerpolitico.mx\/?s={search_term_string}"},"query-input":{"@type":"PropertyValueSpecification","valueRequired":true,"valueName":"search_term_string"}}],"inLanguage":"es"},{"@type":"Person","@id":"https:\/\/quehacerpolitico.mx\/#\/schema\/person\/496d8ad2d1d3f8036101dca7ee39e585","name":"Redacci\u00f3n QP","image":{"@type":"ImageObject","inLanguage":"es","@id":"https:\/\/secure.gravatar.com\/avatar\/c7164ed6fdec453195284ad24a5ae5b6e1eed2b848477fa2a4787ba9adf39a41?s=96&d=mm&r=g","url":"https:\/\/secure.gravatar.com\/avatar\/c7164ed6fdec453195284ad24a5ae5b6e1eed2b848477fa2a4787ba9adf39a41?s=96&d=mm&r=g","contentUrl":"https:\/\/secure.gravatar.com\/avatar\/c7164ed6fdec453195284ad24a5ae5b6e1eed2b848477fa2a4787ba9adf39a41?s=96&d=mm&r=g","caption":"Redacci\u00f3n QP"},"url":"https:\/\/quehacerpolitico.mx\/?author=2"}]}},"featured_image_urls":{"full":"","thumbnail":"","medium":"","medium_large":"","large":"","1536x1536":"","2048x2048":"","covernews-featured":"","covernews-medium":""},"author_info":{"display_name":"Redacci\u00f3n QP","author_link":"https:\/\/quehacerpolitico.mx\/?author=2"},"category_info":"<a href=\"https:\/\/quehacerpolitico.mx\/?cat=55\" rel=\"category\">CDMX<\/a>","tag_info":"CDMX","comment_count":"0","_links":{"self":[{"href":"https:\/\/quehacerpolitico.mx\/index.php?rest_route=\/wp\/v2\/posts\/39261","targetHints":{"allow":["GET"]}}],"collection":[{"href":"https:\/\/quehacerpolitico.mx\/index.php?rest_route=\/wp\/v2\/posts"}],"about":[{"href":"https:\/\/quehacerpolitico.mx\/index.php?rest_route=\/wp\/v2\/types\/post"}],"author":[{"embeddable":true,"href":"https:\/\/quehacerpolitico.mx\/index.php?rest_route=\/wp\/v2\/users\/2"}],"replies":[{"embeddable":true,"href":"https:\/\/quehacerpolitico.mx\/index.php?rest_route=%2Fwp%2Fv2%2Fcomments&post=39261"}],"version-history":[{"count":0,"href":"https:\/\/quehacerpolitico.mx\/index.php?rest_route=\/wp\/v2\/posts\/39261\/revisions"}],"wp:featuredmedia":[{"embeddable":true,"href":"https:\/\/quehacerpolitico.mx\/index.php?rest_route=\/"}],"wp:attachment":[{"href":"https:\/\/quehacerpolitico.mx\/index.php?rest_route=%2Fwp%2Fv2%2Fmedia&parent=39261"}],"wp:term":[{"taxonomy":"category","embeddable":true,"href":"https:\/\/quehacerpolitico.mx\/index.php?rest_route=%2Fwp%2Fv2%2Fcategories&post=39261"},{"taxonomy":"post_tag","embeddable":true,"href":"https:\/\/quehacerpolitico.mx\/index.php?rest_route=%2Fwp%2Fv2%2Ftags&post=39261"}],"curies":[{"name":"wp","href":"https:\/\/api.w.org\/{rel}","templated":true}]}}