{"id":39258,"date":"2019-09-24T15:02:04","date_gmt":"2019-09-24T15:02:04","guid":{"rendered":"http:\/\/quehacerpolitico.mx\/internacionales-carolina-alonso-romei-trump-desata-polemica-al-burlarse-de-greta-thunberg\/"},"modified":"2019-09-24T15:02:04","modified_gmt":"2019-09-24T15:02:04","slug":"internacionales-carolina-alonso-romei-trump-desata-polemica-al-burlarse-de-greta-thunberg","status":"publish","type":"post","link":"https:\/\/quehacerpolitico.mx\/?p=39258","title":{"rendered":"Internacionales\/\/\/Carolina Alonso Romei\/\/\/Trump desata pol\u00e9mica al burlarse de Greta Thunberg"},"content":{"rendered":"<h1 class=\"news-title\">Trump desata pol\u00e9mica al burlarse de Greta Thunberg<br \/>Por Carolina Alonso Romei\u00a0<\/h1>\n<p>Internacionalista\u00a0<\/p>\n<p>El mandatario utiliz\u00f3 su cuenta de Twitter para re\u00edrse de la condici\u00f3n de la activista sueca<\/p>\n<p>El presidente de Estados Unidos, Donald Trump, <strong>reaccion\u00f3 al apasionado discurso ante la ONU de la activista sueca Greta Thunberg\u00a0<\/strong>con un mensaje en tono de burla, un tuit que provoc\u00f3 este martes controversia debido a que la adolescente padece el s\u00edndrome de Asperger.<\/p>\n<div id=\"div-gpt-ad-1548262875188-0\" data-google-query-id=\"CI2wjebb6eQCFcZxAQodMw4Hiw\">\n<div id=\"google_ads_iframe_\/1001694\/INF_intext_1_0__container__\">A \u00faltima hora del lunes, horas despu\u00e9s de que Thunberg mostrara su enfado con los l\u00edderes mundiales durante la Cumbre para la Acci\u00f3n Clim\u00e1tica de la ONU, Trump recurri\u00f3 a Twitter para <strong>citar un mensaje en esta red sobre la rabia que mostr\u00f3 la joven sueca de 16 a\u00f1os en su discurso y escribir un comentario aparentemente sarc\u00e1stico.<\/strong><\/div>\n<\/div>\n<p>&#8220;Parece que es una ni\u00f1a muy feliz, entusiasmada por un futuro brillante y maravilloso. \u00a1Qu\u00e9 bonito verlo!&#8221;, tuite\u00f3 el mandatario.<\/p>\n<blockquote class=\"twitter-tweet\" data-width=\"550\" data-dnt=\"true\">\n<p lang=\"en\" dir=\"ltr\">She seems like a very happy young girl looking forward to a bright and wonderful future. So nice to see! <a href=\"https:\/\/t.co\/1tQG6QcVKO\">https:\/\/t.co\/1tQG6QcVKO<\/a><\/p>\n<p>&mdash; Donald J. Trump (@realDonaldTrump) <a href=\"https:\/\/twitter.com\/realDonaldTrump\/status\/1176339522113679360?ref_src=twsrc%5Etfw\">September 24, 2019<\/a><\/p><\/blockquote>\n<p><script async src=\"https:\/\/platform.twitter.com\/widgets.js\" charset=\"utf-8\"><\/script><\/p>\n<p>El mensaje motiv\u00f3 comentarios de rechazo en Twitter, donde algunos recordaron que, durante su campa\u00f1a electoral en 2016, el presidente tambi\u00e9n se burl\u00f3 de un periodista discapacitado.<\/p>\n<p>&#8220;Ya est\u00e1, oficialmente ha acabado conmigo. Un l\u00edder mundial horrible, meti\u00e9ndose con una ni\u00f1a de 16 a\u00f1os con Asperger por hablar apasionadamente sobre datos cient\u00edficos&#8221;, escribi\u00f3 en su cuenta oficial de Twitter el actor estadounidense Willie Garson, conocido por las series &#8220;White Collar&#8221; y &#8220;Sex and the city&#8221;.<\/p>\n<p>El tuit de Trump se produjo poco despu\u00e9s de que en su cadena de televisi\u00f3n favorita, Fox News, el presentador Michael Knowles criticara tambi\u00e9n a Thunberg de forma a\u00fan m\u00e1s directa, al afirmar que es <strong>&#8220;una ni\u00f1a sueca mentalmente enferma de la que se est\u00e1n aprovechando sus padres y la izquierda internacional&#8221;.<\/strong><\/p>\n<p>La cadena Fox News emiti\u00f3 despu\u00e9s un comunicado en el que se disculpaba con Thunberg y con su audiencia por el comentario &#8220;vergonzoso&#8221; de Knowles, pero el propio comentarista incidi\u00f3 en su postura al escribir en Twitter que &#8220;no hay nada malo en vivir con una enfermedad mental&#8221;.<\/p>\n<p>Despu\u00e9s de su vehemente discurso ante la ONU de este lunes, en el que <strong>reproch\u00f3 a los l\u00edderes que le hayan robado sus &#8220;sue\u00f1os&#8221; y su &#8220;infancia&#8221; con &#8220;sus palabras vac\u00edas&#8221;, <\/strong>Thunberg se cruz\u00f3 con Trump en el vest\u00edbulo de Naciones Unidas y torci\u00f3 los labios en una mueca al verle.<\/p>\n<p>Con Informaci\u00f3n de EFE<\/p>\n","protected":false},"excerpt":{"rendered":"<p>Trump desata pol\u00e9mica al burlarse de Greta Thunberg<br \/>\nPor Carolina Alonso Romei<br \/>\nInternacionalista<\/p>\n","protected":false},"author":2,"featured_media":39257,"comment_status":"open","ping_status":"open","sticky":false,"template":"","format":"standard","meta":{"_monsterinsights_skip_tracking":false,"_monsterinsights_sitenote_active":false,"_monsterinsights_sitenote_note":"","_monsterinsights_sitenote_category":0,"footnotes":""},"categories":[1],"tags":[],"class_list":["post-39258","post","type-post","status-publish","format-standard","has-post-thumbnail","hentry","category-sin-categoria"],"yoast_head":"<!-- This site is optimized with the Yoast SEO plugin v27.3 - https:\/\/yoast.com\/product\/yoast-seo-wordpress\/ -->\n<title>Internacionales\/\/\/Carolina Alonso Romei\/\/\/Trump desata pol\u00e9mica al burlarse de Greta Thunberg -<\/title>\n<meta name=\"robots\" content=\"index, follow, max-snippet:-1, max-image-preview:large, max-video-preview:-1\" \/>\n<link rel=\"canonical\" href=\"https:\/\/quehacerpolitico.mx\/?p=39258\" \/>\n<meta property=\"og:locale\" content=\"es_MX\" \/>\n<meta property=\"og:type\" content=\"article\" \/>\n<meta property=\"og:title\" content=\"Internacionales\/\/\/Carolina Alonso Romei\/\/\/Trump desata pol\u00e9mica al burlarse de Greta Thunberg -\" \/>\n<meta property=\"og:description\" content=\"Trump desata pol\u00e9mica al burlarse de Greta Thunberg Por Carolina Alonso Romei Internacionalista\" \/>\n<meta property=\"og:url\" content=\"https:\/\/quehacerpolitico.mx\/?p=39258\" \/>\n<meta property=\"article:published_time\" content=\"2019-09-24T15:02:04+00:00\" \/>\n<meta name=\"author\" content=\"Redacci\u00f3n QP\" \/>\n<meta name=\"twitter:card\" content=\"summary_large_image\" \/>\n<meta name=\"twitter:label1\" content=\"Escrito por\" \/>\n\t<meta name=\"twitter:data1\" content=\"Redacci\u00f3n QP\" \/>\n\t<meta name=\"twitter:label2\" content=\"Tiempo de lectura\" \/>\n\t<meta name=\"twitter:data2\" content=\"2 minutos\" \/>\n<script type=\"application\/ld+json\" class=\"yoast-schema-graph\">{\"@context\":\"https:\\\/\\\/schema.org\",\"@graph\":[{\"@type\":\"Article\",\"@id\":\"https:\\\/\\\/quehacerpolitico.mx\\\/?p=39258#article\",\"isPartOf\":{\"@id\":\"https:\\\/\\\/quehacerpolitico.mx\\\/?p=39258\"},\"author\":{\"name\":\"Redacci\u00f3n QP\",\"@id\":\"https:\\\/\\\/quehacerpolitico.mx\\\/#\\\/schema\\\/person\\\/496d8ad2d1d3f8036101dca7ee39e585\"},\"headline\":\"Internacionales\\\/\\\/\\\/Carolina Alonso Romei\\\/\\\/\\\/Trump desata pol\u00e9mica al burlarse de Greta Thunberg\",\"datePublished\":\"2019-09-24T15:02:04+00:00\",\"mainEntityOfPage\":{\"@id\":\"https:\\\/\\\/quehacerpolitico.mx\\\/?p=39258\"},\"wordCount\":428,\"commentCount\":0,\"image\":{\"@id\":\"https:\\\/\\\/quehacerpolitico.mx\\\/?p=39258#primaryimage\"},\"thumbnailUrl\":\"\",\"articleSection\":[\"Internacionales\"],\"inLanguage\":\"es\",\"potentialAction\":[{\"@type\":\"CommentAction\",\"name\":\"Comment\",\"target\":[\"https:\\\/\\\/quehacerpolitico.mx\\\/?p=39258#respond\"]}]},{\"@type\":\"WebPage\",\"@id\":\"https:\\\/\\\/quehacerpolitico.mx\\\/?p=39258\",\"url\":\"https:\\\/\\\/quehacerpolitico.mx\\\/?p=39258\",\"name\":\"Internacionales\\\/\\\/\\\/Carolina Alonso Romei\\\/\\\/\\\/Trump desata pol\u00e9mica al burlarse de Greta Thunberg -\",\"isPartOf\":{\"@id\":\"https:\\\/\\\/quehacerpolitico.mx\\\/#website\"},\"primaryImageOfPage\":{\"@id\":\"https:\\\/\\\/quehacerpolitico.mx\\\/?p=39258#primaryimage\"},\"image\":{\"@id\":\"https:\\\/\\\/quehacerpolitico.mx\\\/?p=39258#primaryimage\"},\"thumbnailUrl\":\"\",\"datePublished\":\"2019-09-24T15:02:04+00:00\",\"author\":{\"@id\":\"https:\\\/\\\/quehacerpolitico.mx\\\/#\\\/schema\\\/person\\\/496d8ad2d1d3f8036101dca7ee39e585\"},\"breadcrumb\":{\"@id\":\"https:\\\/\\\/quehacerpolitico.mx\\\/?p=39258#breadcrumb\"},\"inLanguage\":\"es\",\"potentialAction\":[{\"@type\":\"ReadAction\",\"target\":[\"https:\\\/\\\/quehacerpolitico.mx\\\/?p=39258\"]}]},{\"@type\":\"ImageObject\",\"inLanguage\":\"es\",\"@id\":\"https:\\\/\\\/quehacerpolitico.mx\\\/?p=39258#primaryimage\",\"url\":\"\",\"contentUrl\":\"\"},{\"@type\":\"BreadcrumbList\",\"@id\":\"https:\\\/\\\/quehacerpolitico.mx\\\/?p=39258#breadcrumb\",\"itemListElement\":[{\"@type\":\"ListItem\",\"position\":1,\"name\":\"Inicio\",\"item\":\"https:\\\/\\\/quehacerpolitico.mx\\\/\"},{\"@type\":\"ListItem\",\"position\":2,\"name\":\"Internacionales\\\/\\\/\\\/Carolina Alonso Romei\\\/\\\/\\\/Trump desata pol\u00e9mica al burlarse de Greta Thunberg\"}]},{\"@type\":\"WebSite\",\"@id\":\"https:\\\/\\\/quehacerpolitico.mx\\\/#website\",\"url\":\"https:\\\/\\\/quehacerpolitico.mx\\\/\",\"name\":\"\",\"description\":\"\",\"potentialAction\":[{\"@type\":\"SearchAction\",\"target\":{\"@type\":\"EntryPoint\",\"urlTemplate\":\"https:\\\/\\\/quehacerpolitico.mx\\\/?s={search_term_string}\"},\"query-input\":{\"@type\":\"PropertyValueSpecification\",\"valueRequired\":true,\"valueName\":\"search_term_string\"}}],\"inLanguage\":\"es\"},{\"@type\":\"Person\",\"@id\":\"https:\\\/\\\/quehacerpolitico.mx\\\/#\\\/schema\\\/person\\\/496d8ad2d1d3f8036101dca7ee39e585\",\"name\":\"Redacci\u00f3n QP\",\"image\":{\"@type\":\"ImageObject\",\"inLanguage\":\"es\",\"@id\":\"https:\\\/\\\/secure.gravatar.com\\\/avatar\\\/c7164ed6fdec453195284ad24a5ae5b6e1eed2b848477fa2a4787ba9adf39a41?s=96&d=mm&r=g\",\"url\":\"https:\\\/\\\/secure.gravatar.com\\\/avatar\\\/c7164ed6fdec453195284ad24a5ae5b6e1eed2b848477fa2a4787ba9adf39a41?s=96&d=mm&r=g\",\"contentUrl\":\"https:\\\/\\\/secure.gravatar.com\\\/avatar\\\/c7164ed6fdec453195284ad24a5ae5b6e1eed2b848477fa2a4787ba9adf39a41?s=96&d=mm&r=g\",\"caption\":\"Redacci\u00f3n QP\"},\"url\":\"https:\\\/\\\/quehacerpolitico.mx\\\/?author=2\"}]}<\/script>\n<!-- \/ Yoast SEO plugin. -->","yoast_head_json":{"title":"Internacionales\/\/\/Carolina Alonso Romei\/\/\/Trump desata pol\u00e9mica al burlarse de Greta Thunberg -","robots":{"index":"index","follow":"follow","max-snippet":"max-snippet:-1","max-image-preview":"max-image-preview:large","max-video-preview":"max-video-preview:-1"},"canonical":"https:\/\/quehacerpolitico.mx\/?p=39258","og_locale":"es_MX","og_type":"article","og_title":"Internacionales\/\/\/Carolina Alonso Romei\/\/\/Trump desata pol\u00e9mica al burlarse de Greta Thunberg -","og_description":"Trump desata pol\u00e9mica al burlarse de Greta Thunberg Por Carolina Alonso Romei Internacionalista","og_url":"https:\/\/quehacerpolitico.mx\/?p=39258","article_published_time":"2019-09-24T15:02:04+00:00","author":"Redacci\u00f3n QP","twitter_card":"summary_large_image","twitter_misc":{"Escrito por":"Redacci\u00f3n QP","Tiempo de lectura":"2 minutos"},"schema":{"@context":"https:\/\/schema.org","@graph":[{"@type":"Article","@id":"https:\/\/quehacerpolitico.mx\/?p=39258#article","isPartOf":{"@id":"https:\/\/quehacerpolitico.mx\/?p=39258"},"author":{"name":"Redacci\u00f3n QP","@id":"https:\/\/quehacerpolitico.mx\/#\/schema\/person\/496d8ad2d1d3f8036101dca7ee39e585"},"headline":"Internacionales\/\/\/Carolina Alonso Romei\/\/\/Trump desata pol\u00e9mica al burlarse de Greta Thunberg","datePublished":"2019-09-24T15:02:04+00:00","mainEntityOfPage":{"@id":"https:\/\/quehacerpolitico.mx\/?p=39258"},"wordCount":428,"commentCount":0,"image":{"@id":"https:\/\/quehacerpolitico.mx\/?p=39258#primaryimage"},"thumbnailUrl":"","articleSection":["Internacionales"],"inLanguage":"es","potentialAction":[{"@type":"CommentAction","name":"Comment","target":["https:\/\/quehacerpolitico.mx\/?p=39258#respond"]}]},{"@type":"WebPage","@id":"https:\/\/quehacerpolitico.mx\/?p=39258","url":"https:\/\/quehacerpolitico.mx\/?p=39258","name":"Internacionales\/\/\/Carolina Alonso Romei\/\/\/Trump desata pol\u00e9mica al burlarse de Greta Thunberg -","isPartOf":{"@id":"https:\/\/quehacerpolitico.mx\/#website"},"primaryImageOfPage":{"@id":"https:\/\/quehacerpolitico.mx\/?p=39258#primaryimage"},"image":{"@id":"https:\/\/quehacerpolitico.mx\/?p=39258#primaryimage"},"thumbnailUrl":"","datePublished":"2019-09-24T15:02:04+00:00","author":{"@id":"https:\/\/quehacerpolitico.mx\/#\/schema\/person\/496d8ad2d1d3f8036101dca7ee39e585"},"breadcrumb":{"@id":"https:\/\/quehacerpolitico.mx\/?p=39258#breadcrumb"},"inLanguage":"es","potentialAction":[{"@type":"ReadAction","target":["https:\/\/quehacerpolitico.mx\/?p=39258"]}]},{"@type":"ImageObject","inLanguage":"es","@id":"https:\/\/quehacerpolitico.mx\/?p=39258#primaryimage","url":"","contentUrl":""},{"@type":"BreadcrumbList","@id":"https:\/\/quehacerpolitico.mx\/?p=39258#breadcrumb","itemListElement":[{"@type":"ListItem","position":1,"name":"Inicio","item":"https:\/\/quehacerpolitico.mx\/"},{"@type":"ListItem","position":2,"name":"Internacionales\/\/\/Carolina Alonso Romei\/\/\/Trump desata pol\u00e9mica al burlarse de Greta Thunberg"}]},{"@type":"WebSite","@id":"https:\/\/quehacerpolitico.mx\/#website","url":"https:\/\/quehacerpolitico.mx\/","name":"","description":"","potentialAction":[{"@type":"SearchAction","target":{"@type":"EntryPoint","urlTemplate":"https:\/\/quehacerpolitico.mx\/?s={search_term_string}"},"query-input":{"@type":"PropertyValueSpecification","valueRequired":true,"valueName":"search_term_string"}}],"inLanguage":"es"},{"@type":"Person","@id":"https:\/\/quehacerpolitico.mx\/#\/schema\/person\/496d8ad2d1d3f8036101dca7ee39e585","name":"Redacci\u00f3n QP","image":{"@type":"ImageObject","inLanguage":"es","@id":"https:\/\/secure.gravatar.com\/avatar\/c7164ed6fdec453195284ad24a5ae5b6e1eed2b848477fa2a4787ba9adf39a41?s=96&d=mm&r=g","url":"https:\/\/secure.gravatar.com\/avatar\/c7164ed6fdec453195284ad24a5ae5b6e1eed2b848477fa2a4787ba9adf39a41?s=96&d=mm&r=g","contentUrl":"https:\/\/secure.gravatar.com\/avatar\/c7164ed6fdec453195284ad24a5ae5b6e1eed2b848477fa2a4787ba9adf39a41?s=96&d=mm&r=g","caption":"Redacci\u00f3n QP"},"url":"https:\/\/quehacerpolitico.mx\/?author=2"}]}},"featured_image_urls":{"full":"","thumbnail":"","medium":"","medium_large":"","large":"","1536x1536":"","2048x2048":"","covernews-featured":"","covernews-medium":""},"author_info":{"display_name":"Redacci\u00f3n QP","author_link":"https:\/\/quehacerpolitico.mx\/?author=2"},"category_info":"<a href=\"https:\/\/quehacerpolitico.mx\/?cat=1\" rel=\"category\">Internacionales<\/a>","tag_info":"Internacionales","comment_count":"0","_links":{"self":[{"href":"https:\/\/quehacerpolitico.mx\/index.php?rest_route=\/wp\/v2\/posts\/39258","targetHints":{"allow":["GET"]}}],"collection":[{"href":"https:\/\/quehacerpolitico.mx\/index.php?rest_route=\/wp\/v2\/posts"}],"about":[{"href":"https:\/\/quehacerpolitico.mx\/index.php?rest_route=\/wp\/v2\/types\/post"}],"author":[{"embeddable":true,"href":"https:\/\/quehacerpolitico.mx\/index.php?rest_route=\/wp\/v2\/users\/2"}],"replies":[{"embeddable":true,"href":"https:\/\/quehacerpolitico.mx\/index.php?rest_route=%2Fwp%2Fv2%2Fcomments&post=39258"}],"version-history":[{"count":0,"href":"https:\/\/quehacerpolitico.mx\/index.php?rest_route=\/wp\/v2\/posts\/39258\/revisions"}],"wp:featuredmedia":[{"embeddable":true,"href":"https:\/\/quehacerpolitico.mx\/index.php?rest_route=\/"}],"wp:attachment":[{"href":"https:\/\/quehacerpolitico.mx\/index.php?rest_route=%2Fwp%2Fv2%2Fmedia&parent=39258"}],"wp:term":[{"taxonomy":"category","embeddable":true,"href":"https:\/\/quehacerpolitico.mx\/index.php?rest_route=%2Fwp%2Fv2%2Fcategories&post=39258"},{"taxonomy":"post_tag","embeddable":true,"href":"https:\/\/quehacerpolitico.mx\/index.php?rest_route=%2Fwp%2Fv2%2Ftags&post=39258"}],"curies":[{"name":"wp","href":"https:\/\/api.w.org\/{rel}","templated":true}]}}