{"id":39237,"date":"2019-09-24T13:40:33","date_gmt":"2019-09-24T13:40:33","guid":{"rendered":"http:\/\/quehacerpolitico.mx\/voces-del-periodista-desde-filomeno-mata-8-mouris-salloum-george-nuevo-acuerdo-comercial-y-politica-laboral\/"},"modified":"2019-09-24T13:40:33","modified_gmt":"2019-09-24T13:40:33","slug":"voces-del-periodista-desde-filomeno-mata-8-mouris-salloum-george-nuevo-acuerdo-comercial-y-politica-laboral","status":"publish","type":"post","link":"https:\/\/quehacerpolitico.mx\/?p=39237","title":{"rendered":"Voces del Periodista Desde Filomeno Mata 8\/\/\/Mouris Salloum George\/\/\/Nuevo acuerdo comercial y pol\u00edtica laboral"},"content":{"rendered":"<h1 class=\"entry-title penci-entry-title penci-title-\">Nuevo acuerdo comercial y pol\u00edtica laboral<br \/>Por Mouris Salloum George<br \/>Director General del Club de Periodistas de Mexico AC<\/h1>\n<p>Particularmente desde que, en la d\u00e9cada de los setenta, fue adoptada la <strong><em>Carta de los derechos y deberes econ\u00f3micos de los Estados<\/em><\/strong>, en cada Asamblea General de la ONU se habla del imperativo de <strong><em>paz<\/em><\/strong>.<\/p>\n<p>Los Premios Nobel de <strong>la Paz <\/strong>se encuentran peri\u00f3dicamente e insisten heroicamente en ese humanitario objetivo. Tomamos al azar su cita en Barcelona en noviembre de 2015: La paz, suscribieron entonces los galardonados, <strong><em>no es s\u00f3lo la ausencia de la guerra: Es el respeto a los derechos sociales, econ\u00f3micos y culturales y su disfrute por todos<\/em><\/strong>.<\/p>\n<p>Los Nobel se reunieron el pasado fin de semana en M\u00e9rida, Yucat\u00e1n. Su agenda subray\u00f3 la preocupaci\u00f3n por la irrefrenable proliferaci\u00f3n de <strong>armamento nuclear<\/strong> y el nulo compromiso de las potencias por revertir el peligro. Si queremos la paz, concluyeron, <strong><em>debemos prepararnos para la paz<\/em><\/strong>.<\/p>\n<p>Sigue activa la prioridad: El respeto a los derechos sociales y econ\u00f3micos de todos.<\/p>\n<p><strong>La AFL-CIO sigue en pie de guerra; ahora, contra el T-MEC<\/strong><\/p>\n<p>A principios de septiembre, dirigentes de la m\u00e1s poderosa sindical de los Estados Unidos, la AFL-CIO, estuvieron en M\u00e9xico, donde se reunieron en Palacio Nacional con el presidente Andr\u00e9s Manuel L\u00f3pez Obrador-<\/p>\n<p>La oportunidad fue aprovechada por Arturo Cano, colaborador de <strong><em>La Jornada<\/em><\/strong>, para entrevistar al l\u00edder m\u00e1ximo de aquella organizaci\u00f3n, <strong>Richard Trumka<\/strong>.<\/p>\n<p>En una recapitulaci\u00f3n marco se record\u00f3 la resistencia de la AFL-CIO, previa a la firma del Tratado de Libre Comercio en 1993, en que se <strong>denunciaron los baj\u00edsimos salarios en M\u00e9xico<\/strong>, realidad que se convirti\u00f3 en consigna sindical en el vecino pa\u00eds. Hace de ello <strong>m\u00e1s de un cuarto de siglo<\/strong>.<\/p>\n<p>Ahora, Richard Trumka tom\u00f3 distancia del nuevo acuerdo comercial y expres\u00f3 sus dudas <strong><em>sobre las capacidades de M\u00e9xico para alinear sus leyes -y sobre todo su cumplimiento- a las exigencias en materia laboral<\/em><\/strong>.<\/p>\n<p>Advirti\u00f3 el dirigente obrero estadunidense que los poderes que se han beneficiado con el <em>statu quo <\/em>laboral en M\u00e9xico <strong>van impedir<\/strong> que se realicen cambios a la <strong>pol\u00edtica de Trabajo<\/strong> aun con las reformas ya legisladas: El T-MEC tiene que corregir el cap\u00edtulo laboral. De lo contrario, anunci\u00f3, <strong><em>seguiremos diciendo no a su aprobaci\u00f3n<\/em><\/strong>. (Obviamente, ante El Capitolio.)<\/p>\n<p>Ayer, en gira por Campeche, el conductor de la cuarta transformaci\u00f3n reconoci\u00f3 que, en efecto, el nivel de salarios en M\u00e9xico <strong>est\u00e1 por debajo de<\/strong> <strong>China, Honduras, El Salvador y Guatemala<\/strong>, pero\u2026<\/p>\n<p>Pero la mejor\u00eda, acot\u00f3, tiene que hacerse de manera paulatina\u2026 <strong><em>poco a poco<\/em><\/strong>.<\/p>\n<p>Un cuarto de siglo de espera. Canad\u00e1 y los Estados Unidos est\u00e1n en campa\u00f1a electoral; en el primer pa\u00eds, los votantes deciden en octubre pr\u00f3ximo. En el segundo, hasta noviembre de 2020. \u00bfC\u00f3mo se mide en M\u00e9xico un <strong><em>poco a poco<\/em><\/strong>? No est\u00e1 en nuestras manos resolver la ecuaci\u00f3n.<\/p>\n","protected":false},"excerpt":{"rendered":"<p>Nuevo acuerdo comercial y pol\u00edtica laboral<br \/>\nPor Mouris Salloum George<br \/>\nDirector General del Club de Periodistas de Mexico AC<\/p>\n","protected":false},"author":2,"featured_media":39236,"comment_status":"open","ping_status":"open","sticky":false,"template":"","format":"standard","meta":{"_monsterinsights_skip_tracking":false,"_monsterinsights_sitenote_active":false,"_monsterinsights_sitenote_note":"","_monsterinsights_sitenote_category":0,"footnotes":""},"categories":[2],"tags":[],"class_list":["post-39237","post","type-post","status-publish","format-standard","has-post-thumbnail","hentry","category-noticias"],"yoast_head":"<!-- This site is optimized with the Yoast SEO plugin v27.3 - https:\/\/yoast.com\/product\/yoast-seo-wordpress\/ -->\n<title>Voces del Periodista Desde Filomeno Mata 8\/\/\/Mouris Salloum George\/\/\/Nuevo acuerdo comercial y pol\u00edtica laboral -<\/title>\n<meta name=\"robots\" content=\"index, follow, max-snippet:-1, max-image-preview:large, max-video-preview:-1\" \/>\n<link rel=\"canonical\" href=\"https:\/\/quehacerpolitico.mx\/?p=39237\" \/>\n<meta property=\"og:locale\" content=\"es_MX\" \/>\n<meta property=\"og:type\" content=\"article\" \/>\n<meta property=\"og:title\" content=\"Voces del Periodista Desde Filomeno Mata 8\/\/\/Mouris Salloum George\/\/\/Nuevo acuerdo comercial y pol\u00edtica laboral -\" \/>\n<meta property=\"og:description\" content=\"Nuevo acuerdo comercial y pol\u00edtica laboral Por Mouris Salloum George Director General del Club de Periodistas de Mexico AC\" \/>\n<meta property=\"og:url\" content=\"https:\/\/quehacerpolitico.mx\/?p=39237\" \/>\n<meta property=\"article:published_time\" content=\"2019-09-24T13:40:33+00:00\" \/>\n<meta name=\"author\" content=\"Redacci\u00f3n QP\" \/>\n<meta name=\"twitter:card\" content=\"summary_large_image\" \/>\n<meta name=\"twitter:label1\" content=\"Escrito por\" \/>\n\t<meta name=\"twitter:data1\" content=\"Redacci\u00f3n QP\" \/>\n\t<meta name=\"twitter:label2\" content=\"Tiempo de lectura\" \/>\n\t<meta name=\"twitter:data2\" content=\"2 minutos\" \/>\n<script type=\"application\/ld+json\" class=\"yoast-schema-graph\">{\"@context\":\"https:\\\/\\\/schema.org\",\"@graph\":[{\"@type\":\"Article\",\"@id\":\"https:\\\/\\\/quehacerpolitico.mx\\\/?p=39237#article\",\"isPartOf\":{\"@id\":\"https:\\\/\\\/quehacerpolitico.mx\\\/?p=39237\"},\"author\":{\"name\":\"Redacci\u00f3n QP\",\"@id\":\"https:\\\/\\\/quehacerpolitico.mx\\\/#\\\/schema\\\/person\\\/496d8ad2d1d3f8036101dca7ee39e585\"},\"headline\":\"Voces del Periodista Desde Filomeno Mata 8\\\/\\\/\\\/Mouris Salloum George\\\/\\\/\\\/Nuevo acuerdo comercial y pol\u00edtica laboral\",\"datePublished\":\"2019-09-24T13:40:33+00:00\",\"mainEntityOfPage\":{\"@id\":\"https:\\\/\\\/quehacerpolitico.mx\\\/?p=39237\"},\"wordCount\":518,\"commentCount\":0,\"image\":{\"@id\":\"https:\\\/\\\/quehacerpolitico.mx\\\/?p=39237#primaryimage\"},\"thumbnailUrl\":\"\",\"articleSection\":[\"Noticias\"],\"inLanguage\":\"es\",\"potentialAction\":[{\"@type\":\"CommentAction\",\"name\":\"Comment\",\"target\":[\"https:\\\/\\\/quehacerpolitico.mx\\\/?p=39237#respond\"]}]},{\"@type\":\"WebPage\",\"@id\":\"https:\\\/\\\/quehacerpolitico.mx\\\/?p=39237\",\"url\":\"https:\\\/\\\/quehacerpolitico.mx\\\/?p=39237\",\"name\":\"Voces del Periodista Desde Filomeno Mata 8\\\/\\\/\\\/Mouris Salloum George\\\/\\\/\\\/Nuevo acuerdo comercial y pol\u00edtica laboral -\",\"isPartOf\":{\"@id\":\"https:\\\/\\\/quehacerpolitico.mx\\\/#website\"},\"primaryImageOfPage\":{\"@id\":\"https:\\\/\\\/quehacerpolitico.mx\\\/?p=39237#primaryimage\"},\"image\":{\"@id\":\"https:\\\/\\\/quehacerpolitico.mx\\\/?p=39237#primaryimage\"},\"thumbnailUrl\":\"\",\"datePublished\":\"2019-09-24T13:40:33+00:00\",\"author\":{\"@id\":\"https:\\\/\\\/quehacerpolitico.mx\\\/#\\\/schema\\\/person\\\/496d8ad2d1d3f8036101dca7ee39e585\"},\"breadcrumb\":{\"@id\":\"https:\\\/\\\/quehacerpolitico.mx\\\/?p=39237#breadcrumb\"},\"inLanguage\":\"es\",\"potentialAction\":[{\"@type\":\"ReadAction\",\"target\":[\"https:\\\/\\\/quehacerpolitico.mx\\\/?p=39237\"]}]},{\"@type\":\"ImageObject\",\"inLanguage\":\"es\",\"@id\":\"https:\\\/\\\/quehacerpolitico.mx\\\/?p=39237#primaryimage\",\"url\":\"\",\"contentUrl\":\"\"},{\"@type\":\"BreadcrumbList\",\"@id\":\"https:\\\/\\\/quehacerpolitico.mx\\\/?p=39237#breadcrumb\",\"itemListElement\":[{\"@type\":\"ListItem\",\"position\":1,\"name\":\"Inicio\",\"item\":\"https:\\\/\\\/quehacerpolitico.mx\\\/\"},{\"@type\":\"ListItem\",\"position\":2,\"name\":\"Voces del Periodista Desde Filomeno Mata 8\\\/\\\/\\\/Mouris Salloum George\\\/\\\/\\\/Nuevo acuerdo comercial y pol\u00edtica laboral\"}]},{\"@type\":\"WebSite\",\"@id\":\"https:\\\/\\\/quehacerpolitico.mx\\\/#website\",\"url\":\"https:\\\/\\\/quehacerpolitico.mx\\\/\",\"name\":\"\",\"description\":\"\",\"potentialAction\":[{\"@type\":\"SearchAction\",\"target\":{\"@type\":\"EntryPoint\",\"urlTemplate\":\"https:\\\/\\\/quehacerpolitico.mx\\\/?s={search_term_string}\"},\"query-input\":{\"@type\":\"PropertyValueSpecification\",\"valueRequired\":true,\"valueName\":\"search_term_string\"}}],\"inLanguage\":\"es\"},{\"@type\":\"Person\",\"@id\":\"https:\\\/\\\/quehacerpolitico.mx\\\/#\\\/schema\\\/person\\\/496d8ad2d1d3f8036101dca7ee39e585\",\"name\":\"Redacci\u00f3n QP\",\"image\":{\"@type\":\"ImageObject\",\"inLanguage\":\"es\",\"@id\":\"https:\\\/\\\/secure.gravatar.com\\\/avatar\\\/c7164ed6fdec453195284ad24a5ae5b6e1eed2b848477fa2a4787ba9adf39a41?s=96&d=mm&r=g\",\"url\":\"https:\\\/\\\/secure.gravatar.com\\\/avatar\\\/c7164ed6fdec453195284ad24a5ae5b6e1eed2b848477fa2a4787ba9adf39a41?s=96&d=mm&r=g\",\"contentUrl\":\"https:\\\/\\\/secure.gravatar.com\\\/avatar\\\/c7164ed6fdec453195284ad24a5ae5b6e1eed2b848477fa2a4787ba9adf39a41?s=96&d=mm&r=g\",\"caption\":\"Redacci\u00f3n QP\"},\"url\":\"https:\\\/\\\/quehacerpolitico.mx\\\/?author=2\"}]}<\/script>\n<!-- \/ Yoast SEO plugin. -->","yoast_head_json":{"title":"Voces del Periodista Desde Filomeno Mata 8\/\/\/Mouris Salloum George\/\/\/Nuevo acuerdo comercial y pol\u00edtica laboral -","robots":{"index":"index","follow":"follow","max-snippet":"max-snippet:-1","max-image-preview":"max-image-preview:large","max-video-preview":"max-video-preview:-1"},"canonical":"https:\/\/quehacerpolitico.mx\/?p=39237","og_locale":"es_MX","og_type":"article","og_title":"Voces del Periodista Desde Filomeno Mata 8\/\/\/Mouris Salloum George\/\/\/Nuevo acuerdo comercial y pol\u00edtica laboral -","og_description":"Nuevo acuerdo comercial y pol\u00edtica laboral Por Mouris Salloum George Director General del Club de Periodistas de Mexico AC","og_url":"https:\/\/quehacerpolitico.mx\/?p=39237","article_published_time":"2019-09-24T13:40:33+00:00","author":"Redacci\u00f3n QP","twitter_card":"summary_large_image","twitter_misc":{"Escrito por":"Redacci\u00f3n QP","Tiempo de lectura":"2 minutos"},"schema":{"@context":"https:\/\/schema.org","@graph":[{"@type":"Article","@id":"https:\/\/quehacerpolitico.mx\/?p=39237#article","isPartOf":{"@id":"https:\/\/quehacerpolitico.mx\/?p=39237"},"author":{"name":"Redacci\u00f3n QP","@id":"https:\/\/quehacerpolitico.mx\/#\/schema\/person\/496d8ad2d1d3f8036101dca7ee39e585"},"headline":"Voces del Periodista Desde Filomeno Mata 8\/\/\/Mouris Salloum George\/\/\/Nuevo acuerdo comercial y pol\u00edtica laboral","datePublished":"2019-09-24T13:40:33+00:00","mainEntityOfPage":{"@id":"https:\/\/quehacerpolitico.mx\/?p=39237"},"wordCount":518,"commentCount":0,"image":{"@id":"https:\/\/quehacerpolitico.mx\/?p=39237#primaryimage"},"thumbnailUrl":"","articleSection":["Noticias"],"inLanguage":"es","potentialAction":[{"@type":"CommentAction","name":"Comment","target":["https:\/\/quehacerpolitico.mx\/?p=39237#respond"]}]},{"@type":"WebPage","@id":"https:\/\/quehacerpolitico.mx\/?p=39237","url":"https:\/\/quehacerpolitico.mx\/?p=39237","name":"Voces del Periodista Desde Filomeno Mata 8\/\/\/Mouris Salloum George\/\/\/Nuevo acuerdo comercial y pol\u00edtica laboral -","isPartOf":{"@id":"https:\/\/quehacerpolitico.mx\/#website"},"primaryImageOfPage":{"@id":"https:\/\/quehacerpolitico.mx\/?p=39237#primaryimage"},"image":{"@id":"https:\/\/quehacerpolitico.mx\/?p=39237#primaryimage"},"thumbnailUrl":"","datePublished":"2019-09-24T13:40:33+00:00","author":{"@id":"https:\/\/quehacerpolitico.mx\/#\/schema\/person\/496d8ad2d1d3f8036101dca7ee39e585"},"breadcrumb":{"@id":"https:\/\/quehacerpolitico.mx\/?p=39237#breadcrumb"},"inLanguage":"es","potentialAction":[{"@type":"ReadAction","target":["https:\/\/quehacerpolitico.mx\/?p=39237"]}]},{"@type":"ImageObject","inLanguage":"es","@id":"https:\/\/quehacerpolitico.mx\/?p=39237#primaryimage","url":"","contentUrl":""},{"@type":"BreadcrumbList","@id":"https:\/\/quehacerpolitico.mx\/?p=39237#breadcrumb","itemListElement":[{"@type":"ListItem","position":1,"name":"Inicio","item":"https:\/\/quehacerpolitico.mx\/"},{"@type":"ListItem","position":2,"name":"Voces del Periodista Desde Filomeno Mata 8\/\/\/Mouris Salloum George\/\/\/Nuevo acuerdo comercial y pol\u00edtica laboral"}]},{"@type":"WebSite","@id":"https:\/\/quehacerpolitico.mx\/#website","url":"https:\/\/quehacerpolitico.mx\/","name":"","description":"","potentialAction":[{"@type":"SearchAction","target":{"@type":"EntryPoint","urlTemplate":"https:\/\/quehacerpolitico.mx\/?s={search_term_string}"},"query-input":{"@type":"PropertyValueSpecification","valueRequired":true,"valueName":"search_term_string"}}],"inLanguage":"es"},{"@type":"Person","@id":"https:\/\/quehacerpolitico.mx\/#\/schema\/person\/496d8ad2d1d3f8036101dca7ee39e585","name":"Redacci\u00f3n QP","image":{"@type":"ImageObject","inLanguage":"es","@id":"https:\/\/secure.gravatar.com\/avatar\/c7164ed6fdec453195284ad24a5ae5b6e1eed2b848477fa2a4787ba9adf39a41?s=96&d=mm&r=g","url":"https:\/\/secure.gravatar.com\/avatar\/c7164ed6fdec453195284ad24a5ae5b6e1eed2b848477fa2a4787ba9adf39a41?s=96&d=mm&r=g","contentUrl":"https:\/\/secure.gravatar.com\/avatar\/c7164ed6fdec453195284ad24a5ae5b6e1eed2b848477fa2a4787ba9adf39a41?s=96&d=mm&r=g","caption":"Redacci\u00f3n QP"},"url":"https:\/\/quehacerpolitico.mx\/?author=2"}]}},"featured_image_urls":{"full":"","thumbnail":"","medium":"","medium_large":"","large":"","1536x1536":"","2048x2048":"","covernews-featured":"","covernews-medium":""},"author_info":{"display_name":"Redacci\u00f3n QP","author_link":"https:\/\/quehacerpolitico.mx\/?author=2"},"category_info":"<a href=\"https:\/\/quehacerpolitico.mx\/?cat=2\" rel=\"category\">Noticias<\/a>","tag_info":"Noticias","comment_count":"0","_links":{"self":[{"href":"https:\/\/quehacerpolitico.mx\/index.php?rest_route=\/wp\/v2\/posts\/39237","targetHints":{"allow":["GET"]}}],"collection":[{"href":"https:\/\/quehacerpolitico.mx\/index.php?rest_route=\/wp\/v2\/posts"}],"about":[{"href":"https:\/\/quehacerpolitico.mx\/index.php?rest_route=\/wp\/v2\/types\/post"}],"author":[{"embeddable":true,"href":"https:\/\/quehacerpolitico.mx\/index.php?rest_route=\/wp\/v2\/users\/2"}],"replies":[{"embeddable":true,"href":"https:\/\/quehacerpolitico.mx\/index.php?rest_route=%2Fwp%2Fv2%2Fcomments&post=39237"}],"version-history":[{"count":0,"href":"https:\/\/quehacerpolitico.mx\/index.php?rest_route=\/wp\/v2\/posts\/39237\/revisions"}],"wp:featuredmedia":[{"embeddable":true,"href":"https:\/\/quehacerpolitico.mx\/index.php?rest_route=\/"}],"wp:attachment":[{"href":"https:\/\/quehacerpolitico.mx\/index.php?rest_route=%2Fwp%2Fv2%2Fmedia&parent=39237"}],"wp:term":[{"taxonomy":"category","embeddable":true,"href":"https:\/\/quehacerpolitico.mx\/index.php?rest_route=%2Fwp%2Fv2%2Fcategories&post=39237"},{"taxonomy":"post_tag","embeddable":true,"href":"https:\/\/quehacerpolitico.mx\/index.php?rest_route=%2Fwp%2Fv2%2Ftags&post=39237"}],"curies":[{"name":"wp","href":"https:\/\/api.w.org\/{rel}","templated":true}]}}