{"id":38850,"date":"2019-09-19T17:10:56","date_gmt":"2019-09-19T17:10:56","guid":{"rendered":"http:\/\/quehacerpolitico.mx\/realizan-macrosimulacro-en-conmemoracion-de-sismos-de-2017-y-1985\/"},"modified":"2019-09-19T17:10:56","modified_gmt":"2019-09-19T17:10:56","slug":"realizan-macrosimulacro-en-conmemoracion-de-sismos-de-2017-y-1985","status":"publish","type":"post","link":"https:\/\/quehacerpolitico.mx\/?p=38850","title":{"rendered":"Realizan macrosimulacro en conmemoraci\u00f3n de sismos de 2017 y 1985"},"content":{"rendered":"<h1 class=\"news-title\">Realizan macrosimulacro en conmemoraci\u00f3n de sismos de 2017 y 1985<\/h1>\n<p>Por Redacci\u00f3n QP<\/p>\n<p>A las 10:00 horas, la alerta s\u00edsmica se activ\u00f3 a trav\u00e9s de los 12 mil 139 altavoces operables del C5 en la Ciudad de M\u00e9xico<\/p>\n<p>A las 10:00 horas en punto de este jueves, miles de capitalinos participaron en el macrosimulacro, en conmemoraci\u00f3n de los sismos del 19 de Septiembre de 2017 y de 1985.<\/p>\n<blockquote class=\"twitter-tweet\" data-width=\"550\" data-dnt=\"true\">\n<p lang=\"es\" dir=\"ltr\">\ud83d\udd34\ud83d\udce3 <a href=\"https:\/\/twitter.com\/hashtag\/EnDirecto?src=hash&amp;ref_src=twsrc%5Etfw\">#EnDirecto<\/a> | Suena Alerta S\u00edsmica por <a href=\"https:\/\/twitter.com\/hashtag\/MacroSimulacro2019?src=hash&amp;ref_src=twsrc%5Etfw\">#MacroSimulacro2019<\/a>; as\u00ed se vive fuera del Colegio R\u00e9bsamen, en la colonia Nueva Oriental Coapa, alcald\u00eda Tlalpan. <a href=\"https:\/\/twitter.com\/hashtag\/SomosTelediario?src=hash&amp;ref_src=twsrc%5Etfw\">#SomosTelediario<\/a><\/p>\n<p>\ud83d\udcf9: <a href=\"https:\/\/twitter.com\/davortega_7?ref_src=twsrc%5Etfw\">@davortega_7<\/a> <a href=\"https:\/\/t.co\/5DioIOaUAh\">pic.twitter.com\/5DioIOaUAh<\/a><\/p>\n<p>&mdash; @telediario (@telediario) <a href=\"https:\/\/twitter.com\/telediario\/status\/1174701312769974274?ref_src=twsrc%5Etfw\">September 19, 2019<\/a><\/p><\/blockquote>\n<p><script async src=\"https:\/\/platform.twitter.com\/widgets.js\" charset=\"utf-8\"><\/script><\/p>\n<div id=\"div-gpt-ad-1548262875188-0\" data-google-query-id=\"CK__h62r3eQCFQ_GwAodrNwImQ\">\n<div id=\"google_ads_iframe_\/1001694\/INF_intext_1_0__container__\"><strong>La alerta s\u00edsmica se activ\u00f3 a trav\u00e9s de los 12 mil 139 altavoces operables del C5<\/strong>, as\u00ed como de las estaciones de radio y televisi\u00f3n que cuentan con el servicio de alertamiento.<\/div>\n<\/div>\n<p>De igual forma, se activaron las alarmas colocadas en edificios p\u00fablicos y escuelas de la Ciudad. Se evacuan a los participantes y la Secretar\u00eda de Seguridad Ciudadana realiza cortes a la circulaci\u00f3n vehicular en diversas vialidades.<\/p>\n<blockquote class=\"twitter-tweet\" data-width=\"550\" data-dnt=\"true\">\n<p lang=\"es\" dir=\"ltr\">\ud83d\udd34\ud83d\udce3 As\u00ed se escuch\u00f3 la <a href=\"https:\/\/twitter.com\/hashtag\/AlertaS%C3%ADsmica?src=hash&amp;ref_src=twsrc%5Etfw\">#AlertaS\u00edsmica<\/a> en colonia Guerrero, Cuauht\u00e9moc por <a href=\"https:\/\/twitter.com\/hashtag\/MacroSimulacro2019?src=hash&amp;ref_src=twsrc%5Etfw\">#MacroSimulacro2019<\/a> <a href=\"https:\/\/twitter.com\/hashtag\/SomosTelediario?src=hash&amp;ref_src=twsrc%5Etfw\">#SomosTelediario<\/a> <\/p>\n<p>\ud83d\udcf9: <a href=\"https:\/\/twitter.com\/ENRIQUEPARRA_TV?ref_src=twsrc%5Etfw\">@ENRIQUEPARRA_TV<\/a> <a href=\"https:\/\/t.co\/NSHxwKb5gb\">pic.twitter.com\/NSHxwKb5gb<\/a><\/p>\n<p>&mdash; @telediario (@telediario) <a href=\"https:\/\/twitter.com\/telediario\/status\/1174705401734094849?ref_src=twsrc%5Etfw\">September 19, 2019<\/a><\/p><\/blockquote>\n<p><script async src=\"https:\/\/platform.twitter.com\/widgets.js\" charset=\"utf-8\"><\/script><\/p>\n<p><strong>En el ejercicio participan 10 mil 47 inmuebles, entre edificios p\u00fablicos, mercados, unidades habitacionales, PILARES, escuelas, embajadas, CETRAM, as\u00ed como el Instituto Polit\u00e9cnico Nacional (IPN), la Universidad Nacional Aut\u00f3noma de M\u00e9xico (UNAM), la Universidad Aut\u00f3noma Metropolitana (UAM), la Central de Abastos, el Instituto de la Juventud y seis mil 401 inmuebles particulares registrados<\/strong>.<\/p>\n<blockquote class=\"twitter-tweet\" data-width=\"550\" data-dnt=\"true\">\n<p lang=\"es\" dir=\"ltr\">As\u00ed se vivi\u00f3 en Ciudad Universitaria el <a href=\"https:\/\/twitter.com\/hashtag\/MacroSimulacro2019?src=hash&amp;ref_src=twsrc%5Etfw\">#MacroSimulacro2019<\/a> <\/p>\n<p>\ud83d\udcf9<a href=\"https:\/\/twitter.com\/ObturadorMX_?ref_src=twsrc%5Etfw\">@ObturadorMX_<\/a> <a href=\"https:\/\/t.co\/Nm350TpUnx\">pic.twitter.com\/Nm350TpUnx<\/a><\/p>\n<p>&mdash; Ruido en la Red (@RuidoEnLaRed) <a href=\"https:\/\/twitter.com\/RuidoEnLaRed\/status\/1174709293679034368?ref_src=twsrc%5Etfw\">September 19, 2019<\/a><\/p><\/blockquote>\n<p><script async src=\"https:\/\/platform.twitter.com\/widgets.js\" charset=\"utf-8\"><\/script><\/p>\n<p>En total, se ten\u00eda prevista la participaci\u00f3n de seis millones 174 mil 767 personas.<\/p>\n<blockquote class=\"twitter-tweet\" data-width=\"550\" data-dnt=\"true\">\n<p lang=\"es\" dir=\"ltr\">As\u00ed se escuch\u00f3 la <a href=\"https:\/\/twitter.com\/hashtag\/AlertaSismica?src=hash&amp;ref_src=twsrc%5Etfw\">#AlertaSismica<\/a> durante el <a href=\"https:\/\/twitter.com\/hashtag\/MacroSimulacro2019?src=hash&amp;ref_src=twsrc%5Etfw\">#MacroSimulacro2019<\/a> en Insurgentes y Reforma. <\/p>\n<p>\ud83d\udcf9<a href=\"https:\/\/twitter.com\/Gerardfoto?ref_src=twsrc%5Etfw\">@Gerardfoto<\/a> <a href=\"https:\/\/t.co\/bFbpr6EHSj\">pic.twitter.com\/bFbpr6EHSj<\/a><\/p>\n<p>&mdash; Ruido en la Red (@RuidoEnLaRed) <a href=\"https:\/\/twitter.com\/RuidoEnLaRed\/status\/1174702691836223490?ref_src=twsrc%5Etfw\">September 19, 2019<\/a><\/p><\/blockquote>\n<p><script async src=\"https:\/\/platform.twitter.com\/widgets.js\" charset=\"utf-8\"><\/script><\/p>\n<p>El macro simulacro 2019 que se llev\u00f3 a cabo esta ma\u00f1ana, simul\u00f3 un sismo hipot\u00e9tico de 8.6 grados de magnitud con epicentro en las costas de Oaxaca, dio a conocer el Servicio Sism\u00f3logos de la UNAM.<\/p>\n<blockquote class=\"twitter-tweet\" data-width=\"550\" data-dnt=\"true\">\n<p lang=\"es\" dir=\"ltr\">Las actividades del <a href=\"https:\/\/twitter.com\/hashtag\/MacroSimulacro?src=hash&amp;ref_src=twsrc%5Etfw\">#MacroSimulacro<\/a> 2019 se realizan considerando un sismo hipot\u00e9tico de magnitud 8.6 cuyo epicentro estar\u00eda ubicado en las costas de Oaxaca.<\/p>\n<p>Las redes sociales del SSN se mantienen en operaci\u00f3n de manera normal.<\/p>\n<p>&mdash; Sismol\u00f3gico Nacional (@SSNMexico) <a href=\"https:\/\/twitter.com\/SSNMexico\/status\/1174699689964449792?ref_src=twsrc%5Etfw\">September 19, 2019<\/a><\/p><\/blockquote>\n<p><script async src=\"https:\/\/platform.twitter.com\/widgets.js\" charset=\"utf-8\"><\/script><\/p>\n<p>Estas caracter\u00edsticas fueron propuestas para replicar las del sismo ocurrido el 28 de marzo de 1787, el m\u00e1s grande del que se tenga conocimiento en M\u00e9xico. Adem\u00e1s de realizarse en honor a todas las v\u00edctimas del 7 y 19 de septiembre de 2017 e igualmente del 19 de septiembre de 1985.<\/p>\n<blockquote class=\"twitter-tweet\" data-width=\"550\" data-dnt=\"true\">\n<p lang=\"es\" dir=\"ltr\">En Insurgentes y Reforma, durante el <a href=\"https:\/\/twitter.com\/hashtag\/MacroSimulacro2019?src=hash&amp;ref_src=twsrc%5Etfw\">#MacroSimulacro2019<\/a> se hizo una simulaci\u00f3n de heridos.<\/p>\n<p>\ud83d\udcf9<a href=\"https:\/\/twitter.com\/Gerardfoto?ref_src=twsrc%5Etfw\">@Gerardfoto<\/a> <a href=\"https:\/\/t.co\/OkNrLBKSHu\">pic.twitter.com\/OkNrLBKSHu<\/a><\/p>\n<p>&mdash; Ruido en la Red (@RuidoEnLaRed) <a href=\"https:\/\/twitter.com\/RuidoEnLaRed\/status\/1174707848774856706?ref_src=twsrc%5Etfw\">September 19, 2019<\/a><\/p><\/blockquote>\n<p><script async src=\"https:\/\/platform.twitter.com\/widgets.js\" charset=\"utf-8\"><\/script><\/p>\n<p><strong>&#8220;Precisamente, los simulacros nos recuerdan que M\u00e9xico es s\u00edsmicamente activo y permiten practicar las recomendaciones en materia de protecci\u00f3n civil sobre qu\u00e9 hacer antes, durante y despu\u00e9s de un sismo&#8221;<\/strong>, dijo la instituci\u00f3n.<\/p>\n<h4>\u00bfC\u00f3mo debo realizar el desalojo en el simulacro?<\/h4>\n<p>La UNAM recomienda utilizar tres etapas para realizar un simulacro, que en el momento de un sismo tambi\u00e9n deben cumplirse.<\/p>\n<p><strong>La primera es el repliegue, que debe durar al menos 60 segundos en lo que pasa el movimiento tel\u00farico<\/strong>. El repliegue debe realizarse en columnas o muros de carga sin cristales.<\/p>\n<blockquote class=\"twitter-tweet\" data-width=\"550\" data-dnt=\"true\">\n<p lang=\"es\" dir=\"ltr\">As\u00ed se vivi\u00f3 el <a href=\"https:\/\/twitter.com\/hashtag\/MacroSimulacro2019?src=hash&amp;ref_src=twsrc%5Etfw\">#MacroSimulacro2019<\/a> en las inmediaciones del Senado de la Rep\u00fablica. <\/p>\n<p>\ud83d\udcf9<a href=\"https:\/\/twitter.com\/Gerardfoto?ref_src=twsrc%5Etfw\">@Gerardfoto<\/a> <a href=\"https:\/\/t.co\/3BrtVUTyC8\">pic.twitter.com\/3BrtVUTyC8<\/a><\/p>\n<p>&mdash; Ruido en la Red (@RuidoEnLaRed) <a href=\"https:\/\/twitter.com\/RuidoEnLaRed\/status\/1174708782947078147?ref_src=twsrc%5Etfw\">September 19, 2019<\/a><\/p><\/blockquote>\n<p><script async src=\"https:\/\/platform.twitter.com\/widgets.js\" charset=\"utf-8\"><\/script><\/p>\n<p>Posteriormente, los brigadistas realizar\u00e1n la evacuaci\u00f3n del personal de las instalaciones. Si participas en un ejercicio como \u00e9ste, debes cooperar, con calma, para agilizar el simulacro.<\/p>\n<p>Finalmente se debe realizar la identificaci\u00f3n de las zonas de menor riesgo para ubicar ah\u00ed al personal evacuado. <strong>Generalmente, los estacionamientos, camellones o parques son las mejores zonas para esperar a que pase el sismo<\/strong>.<\/p>\n<blockquote class=\"twitter-tweet\" data-width=\"550\" data-dnt=\"true\">\n<p lang=\"es\" dir=\"ltr\">Corporaciones de auxilio apoyaron en la atenci\u00f3n de heridos simulados en el <a href=\"https:\/\/twitter.com\/hashtag\/MacroSimulacro2019?src=hash&amp;ref_src=twsrc%5Etfw\">#MacroSimulacro2019<\/a> <a href=\"https:\/\/twitter.com\/Gerardfoto?ref_src=twsrc%5Etfw\">@Gerardfoto<\/a> <a href=\"https:\/\/t.co\/Q3ui1ORE6t\">pic.twitter.com\/Q3ui1ORE6t<\/a><\/p>\n<p>&mdash; Ruido en la Red (@RuidoEnLaRed) <a href=\"https:\/\/twitter.com\/RuidoEnLaRed\/status\/1174709875198312448?ref_src=twsrc%5Etfw\">September 19, 2019<\/a><\/p><\/blockquote>\n<p><script async src=\"https:\/\/platform.twitter.com\/widgets.js\" charset=\"utf-8\"><\/script><\/p>\n<p>El ejercicio debe realizarse lo m\u00e1s apegado a lo que se har\u00eda en una situaci\u00f3n real.<\/p>\n<blockquote class=\"twitter-tweet\" data-width=\"550\" data-dnt=\"true\">\n<p lang=\"es\" dir=\"ltr\">En la Secretar\u00eda de Finanzas de CDMX, los trabajadores llevaron a cabo el <a href=\"https:\/\/twitter.com\/hashtag\/MacroSimulacro2019?src=hash&amp;ref_src=twsrc%5Etfw\">#MacroSimulacro2019<\/a> en la cual hicieron una dramatizaci\u00f3n de una persona herida. <\/p>\n<p>\ud83d\udcf9<a href=\"https:\/\/twitter.com\/ObturadorMX_?ref_src=twsrc%5Etfw\">@ObturadorMX_<\/a> <a href=\"https:\/\/t.co\/mlEJpq7Pyr\">pic.twitter.com\/mlEJpq7Pyr<\/a><\/p>\n<p>&mdash; Ruido en la Red (@RuidoEnLaRed) <a href=\"https:\/\/twitter.com\/RuidoEnLaRed\/status\/1174711356723007490?ref_src=twsrc%5Etfw\">September 19, 2019<\/a><\/p><\/blockquote>\n<p><script async src=\"https:\/\/platform.twitter.com\/widgets.js\" charset=\"utf-8\"><\/script><\/p>\n<p>Una vez concluido el Macrosimulacro 2019, <strong>la jefa de Gobierno, Claudia Sheinbaum Pardo, se reunir\u00e1 con representantes de los medios de comunicaci\u00f3n para informar los pormenores de este ejercicio<\/strong>.<\/p>\n<p>Con Informaci\u00f3n de SUN<\/p>\n","protected":false},"excerpt":{"rendered":"<p>Realizan macrosimulacro en conmemoraci\u00f3n de sismos de 2017 y 1985<br \/>\nPor Redacci\u00f3n QP<\/p>\n","protected":false},"author":2,"featured_media":38849,"comment_status":"open","ping_status":"open","sticky":false,"template":"","format":"standard","meta":{"_monsterinsights_skip_tracking":false,"_monsterinsights_sitenote_active":false,"_monsterinsights_sitenote_note":"","_monsterinsights_sitenote_category":0,"footnotes":""},"categories":[55],"tags":[],"class_list":["post-38850","post","type-post","status-publish","format-standard","has-post-thumbnail","hentry","category-cdmx"],"yoast_head":"<!-- This site is optimized with the Yoast SEO plugin v27.3 - https:\/\/yoast.com\/product\/yoast-seo-wordpress\/ -->\n<title>Realizan macrosimulacro en conmemoraci\u00f3n de sismos de 2017 y 1985 -<\/title>\n<meta name=\"robots\" content=\"index, follow, max-snippet:-1, max-image-preview:large, max-video-preview:-1\" \/>\n<link rel=\"canonical\" href=\"https:\/\/quehacerpolitico.mx\/?p=38850\" \/>\n<meta property=\"og:locale\" content=\"es_MX\" \/>\n<meta property=\"og:type\" content=\"article\" \/>\n<meta property=\"og:title\" content=\"Realizan macrosimulacro en conmemoraci\u00f3n de sismos de 2017 y 1985 -\" \/>\n<meta property=\"og:description\" content=\"Realizan macrosimulacro en conmemoraci\u00f3n de sismos de 2017 y 1985 Por Redacci\u00f3n QP\" \/>\n<meta property=\"og:url\" content=\"https:\/\/quehacerpolitico.mx\/?p=38850\" \/>\n<meta property=\"article:published_time\" content=\"2019-09-19T17:10:56+00:00\" \/>\n<meta name=\"author\" content=\"Redacci\u00f3n QP\" \/>\n<meta name=\"twitter:card\" content=\"summary_large_image\" \/>\n<meta name=\"twitter:label1\" content=\"Escrito por\" \/>\n\t<meta name=\"twitter:data1\" content=\"Redacci\u00f3n QP\" \/>\n\t<meta name=\"twitter:label2\" content=\"Tiempo de lectura\" \/>\n\t<meta name=\"twitter:data2\" content=\"3 minutos\" \/>\n<script type=\"application\/ld+json\" class=\"yoast-schema-graph\">{\"@context\":\"https:\\\/\\\/schema.org\",\"@graph\":[{\"@type\":\"Article\",\"@id\":\"https:\\\/\\\/quehacerpolitico.mx\\\/?p=38850#article\",\"isPartOf\":{\"@id\":\"https:\\\/\\\/quehacerpolitico.mx\\\/?p=38850\"},\"author\":{\"name\":\"Redacci\u00f3n QP\",\"@id\":\"https:\\\/\\\/quehacerpolitico.mx\\\/#\\\/schema\\\/person\\\/496d8ad2d1d3f8036101dca7ee39e585\"},\"headline\":\"Realizan macrosimulacro en conmemoraci\u00f3n de sismos de 2017 y 1985\",\"datePublished\":\"2019-09-19T17:10:56+00:00\",\"mainEntityOfPage\":{\"@id\":\"https:\\\/\\\/quehacerpolitico.mx\\\/?p=38850\"},\"wordCount\":571,\"commentCount\":0,\"image\":{\"@id\":\"https:\\\/\\\/quehacerpolitico.mx\\\/?p=38850#primaryimage\"},\"thumbnailUrl\":\"\",\"articleSection\":[\"CDMX\"],\"inLanguage\":\"es\",\"potentialAction\":[{\"@type\":\"CommentAction\",\"name\":\"Comment\",\"target\":[\"https:\\\/\\\/quehacerpolitico.mx\\\/?p=38850#respond\"]}]},{\"@type\":\"WebPage\",\"@id\":\"https:\\\/\\\/quehacerpolitico.mx\\\/?p=38850\",\"url\":\"https:\\\/\\\/quehacerpolitico.mx\\\/?p=38850\",\"name\":\"Realizan macrosimulacro en conmemoraci\u00f3n de sismos de 2017 y 1985 -\",\"isPartOf\":{\"@id\":\"https:\\\/\\\/quehacerpolitico.mx\\\/#website\"},\"primaryImageOfPage\":{\"@id\":\"https:\\\/\\\/quehacerpolitico.mx\\\/?p=38850#primaryimage\"},\"image\":{\"@id\":\"https:\\\/\\\/quehacerpolitico.mx\\\/?p=38850#primaryimage\"},\"thumbnailUrl\":\"\",\"datePublished\":\"2019-09-19T17:10:56+00:00\",\"author\":{\"@id\":\"https:\\\/\\\/quehacerpolitico.mx\\\/#\\\/schema\\\/person\\\/496d8ad2d1d3f8036101dca7ee39e585\"},\"breadcrumb\":{\"@id\":\"https:\\\/\\\/quehacerpolitico.mx\\\/?p=38850#breadcrumb\"},\"inLanguage\":\"es\",\"potentialAction\":[{\"@type\":\"ReadAction\",\"target\":[\"https:\\\/\\\/quehacerpolitico.mx\\\/?p=38850\"]}]},{\"@type\":\"ImageObject\",\"inLanguage\":\"es\",\"@id\":\"https:\\\/\\\/quehacerpolitico.mx\\\/?p=38850#primaryimage\",\"url\":\"\",\"contentUrl\":\"\"},{\"@type\":\"BreadcrumbList\",\"@id\":\"https:\\\/\\\/quehacerpolitico.mx\\\/?p=38850#breadcrumb\",\"itemListElement\":[{\"@type\":\"ListItem\",\"position\":1,\"name\":\"Inicio\",\"item\":\"https:\\\/\\\/quehacerpolitico.mx\\\/\"},{\"@type\":\"ListItem\",\"position\":2,\"name\":\"Realizan macrosimulacro en conmemoraci\u00f3n de sismos de 2017 y 1985\"}]},{\"@type\":\"WebSite\",\"@id\":\"https:\\\/\\\/quehacerpolitico.mx\\\/#website\",\"url\":\"https:\\\/\\\/quehacerpolitico.mx\\\/\",\"name\":\"\",\"description\":\"\",\"potentialAction\":[{\"@type\":\"SearchAction\",\"target\":{\"@type\":\"EntryPoint\",\"urlTemplate\":\"https:\\\/\\\/quehacerpolitico.mx\\\/?s={search_term_string}\"},\"query-input\":{\"@type\":\"PropertyValueSpecification\",\"valueRequired\":true,\"valueName\":\"search_term_string\"}}],\"inLanguage\":\"es\"},{\"@type\":\"Person\",\"@id\":\"https:\\\/\\\/quehacerpolitico.mx\\\/#\\\/schema\\\/person\\\/496d8ad2d1d3f8036101dca7ee39e585\",\"name\":\"Redacci\u00f3n QP\",\"image\":{\"@type\":\"ImageObject\",\"inLanguage\":\"es\",\"@id\":\"https:\\\/\\\/secure.gravatar.com\\\/avatar\\\/c7164ed6fdec453195284ad24a5ae5b6e1eed2b848477fa2a4787ba9adf39a41?s=96&d=mm&r=g\",\"url\":\"https:\\\/\\\/secure.gravatar.com\\\/avatar\\\/c7164ed6fdec453195284ad24a5ae5b6e1eed2b848477fa2a4787ba9adf39a41?s=96&d=mm&r=g\",\"contentUrl\":\"https:\\\/\\\/secure.gravatar.com\\\/avatar\\\/c7164ed6fdec453195284ad24a5ae5b6e1eed2b848477fa2a4787ba9adf39a41?s=96&d=mm&r=g\",\"caption\":\"Redacci\u00f3n QP\"},\"url\":\"https:\\\/\\\/quehacerpolitico.mx\\\/?author=2\"}]}<\/script>\n<!-- \/ Yoast SEO plugin. -->","yoast_head_json":{"title":"Realizan macrosimulacro en conmemoraci\u00f3n de sismos de 2017 y 1985 -","robots":{"index":"index","follow":"follow","max-snippet":"max-snippet:-1","max-image-preview":"max-image-preview:large","max-video-preview":"max-video-preview:-1"},"canonical":"https:\/\/quehacerpolitico.mx\/?p=38850","og_locale":"es_MX","og_type":"article","og_title":"Realizan macrosimulacro en conmemoraci\u00f3n de sismos de 2017 y 1985 -","og_description":"Realizan macrosimulacro en conmemoraci\u00f3n de sismos de 2017 y 1985 Por Redacci\u00f3n QP","og_url":"https:\/\/quehacerpolitico.mx\/?p=38850","article_published_time":"2019-09-19T17:10:56+00:00","author":"Redacci\u00f3n QP","twitter_card":"summary_large_image","twitter_misc":{"Escrito por":"Redacci\u00f3n QP","Tiempo de lectura":"3 minutos"},"schema":{"@context":"https:\/\/schema.org","@graph":[{"@type":"Article","@id":"https:\/\/quehacerpolitico.mx\/?p=38850#article","isPartOf":{"@id":"https:\/\/quehacerpolitico.mx\/?p=38850"},"author":{"name":"Redacci\u00f3n QP","@id":"https:\/\/quehacerpolitico.mx\/#\/schema\/person\/496d8ad2d1d3f8036101dca7ee39e585"},"headline":"Realizan macrosimulacro en conmemoraci\u00f3n de sismos de 2017 y 1985","datePublished":"2019-09-19T17:10:56+00:00","mainEntityOfPage":{"@id":"https:\/\/quehacerpolitico.mx\/?p=38850"},"wordCount":571,"commentCount":0,"image":{"@id":"https:\/\/quehacerpolitico.mx\/?p=38850#primaryimage"},"thumbnailUrl":"","articleSection":["CDMX"],"inLanguage":"es","potentialAction":[{"@type":"CommentAction","name":"Comment","target":["https:\/\/quehacerpolitico.mx\/?p=38850#respond"]}]},{"@type":"WebPage","@id":"https:\/\/quehacerpolitico.mx\/?p=38850","url":"https:\/\/quehacerpolitico.mx\/?p=38850","name":"Realizan macrosimulacro en conmemoraci\u00f3n de sismos de 2017 y 1985 -","isPartOf":{"@id":"https:\/\/quehacerpolitico.mx\/#website"},"primaryImageOfPage":{"@id":"https:\/\/quehacerpolitico.mx\/?p=38850#primaryimage"},"image":{"@id":"https:\/\/quehacerpolitico.mx\/?p=38850#primaryimage"},"thumbnailUrl":"","datePublished":"2019-09-19T17:10:56+00:00","author":{"@id":"https:\/\/quehacerpolitico.mx\/#\/schema\/person\/496d8ad2d1d3f8036101dca7ee39e585"},"breadcrumb":{"@id":"https:\/\/quehacerpolitico.mx\/?p=38850#breadcrumb"},"inLanguage":"es","potentialAction":[{"@type":"ReadAction","target":["https:\/\/quehacerpolitico.mx\/?p=38850"]}]},{"@type":"ImageObject","inLanguage":"es","@id":"https:\/\/quehacerpolitico.mx\/?p=38850#primaryimage","url":"","contentUrl":""},{"@type":"BreadcrumbList","@id":"https:\/\/quehacerpolitico.mx\/?p=38850#breadcrumb","itemListElement":[{"@type":"ListItem","position":1,"name":"Inicio","item":"https:\/\/quehacerpolitico.mx\/"},{"@type":"ListItem","position":2,"name":"Realizan macrosimulacro en conmemoraci\u00f3n de sismos de 2017 y 1985"}]},{"@type":"WebSite","@id":"https:\/\/quehacerpolitico.mx\/#website","url":"https:\/\/quehacerpolitico.mx\/","name":"","description":"","potentialAction":[{"@type":"SearchAction","target":{"@type":"EntryPoint","urlTemplate":"https:\/\/quehacerpolitico.mx\/?s={search_term_string}"},"query-input":{"@type":"PropertyValueSpecification","valueRequired":true,"valueName":"search_term_string"}}],"inLanguage":"es"},{"@type":"Person","@id":"https:\/\/quehacerpolitico.mx\/#\/schema\/person\/496d8ad2d1d3f8036101dca7ee39e585","name":"Redacci\u00f3n QP","image":{"@type":"ImageObject","inLanguage":"es","@id":"https:\/\/secure.gravatar.com\/avatar\/c7164ed6fdec453195284ad24a5ae5b6e1eed2b848477fa2a4787ba9adf39a41?s=96&d=mm&r=g","url":"https:\/\/secure.gravatar.com\/avatar\/c7164ed6fdec453195284ad24a5ae5b6e1eed2b848477fa2a4787ba9adf39a41?s=96&d=mm&r=g","contentUrl":"https:\/\/secure.gravatar.com\/avatar\/c7164ed6fdec453195284ad24a5ae5b6e1eed2b848477fa2a4787ba9adf39a41?s=96&d=mm&r=g","caption":"Redacci\u00f3n QP"},"url":"https:\/\/quehacerpolitico.mx\/?author=2"}]}},"featured_image_urls":{"full":"","thumbnail":"","medium":"","medium_large":"","large":"","1536x1536":"","2048x2048":"","covernews-featured":"","covernews-medium":""},"author_info":{"display_name":"Redacci\u00f3n QP","author_link":"https:\/\/quehacerpolitico.mx\/?author=2"},"category_info":"<a href=\"https:\/\/quehacerpolitico.mx\/?cat=55\" rel=\"category\">CDMX<\/a>","tag_info":"CDMX","comment_count":"0","_links":{"self":[{"href":"https:\/\/quehacerpolitico.mx\/index.php?rest_route=\/wp\/v2\/posts\/38850","targetHints":{"allow":["GET"]}}],"collection":[{"href":"https:\/\/quehacerpolitico.mx\/index.php?rest_route=\/wp\/v2\/posts"}],"about":[{"href":"https:\/\/quehacerpolitico.mx\/index.php?rest_route=\/wp\/v2\/types\/post"}],"author":[{"embeddable":true,"href":"https:\/\/quehacerpolitico.mx\/index.php?rest_route=\/wp\/v2\/users\/2"}],"replies":[{"embeddable":true,"href":"https:\/\/quehacerpolitico.mx\/index.php?rest_route=%2Fwp%2Fv2%2Fcomments&post=38850"}],"version-history":[{"count":0,"href":"https:\/\/quehacerpolitico.mx\/index.php?rest_route=\/wp\/v2\/posts\/38850\/revisions"}],"wp:featuredmedia":[{"embeddable":true,"href":"https:\/\/quehacerpolitico.mx\/index.php?rest_route=\/"}],"wp:attachment":[{"href":"https:\/\/quehacerpolitico.mx\/index.php?rest_route=%2Fwp%2Fv2%2Fmedia&parent=38850"}],"wp:term":[{"taxonomy":"category","embeddable":true,"href":"https:\/\/quehacerpolitico.mx\/index.php?rest_route=%2Fwp%2Fv2%2Fcategories&post=38850"},{"taxonomy":"post_tag","embeddable":true,"href":"https:\/\/quehacerpolitico.mx\/index.php?rest_route=%2Fwp%2Fv2%2Ftags&post=38850"}],"curies":[{"name":"wp","href":"https:\/\/api.w.org\/{rel}","templated":true}]}}