{"id":38612,"date":"2019-09-17T15:52:12","date_gmt":"2019-09-17T15:52:12","guid":{"rendered":"http:\/\/quehacerpolitico.mx\/internacionales-carolina-alonso-romei-lider-supremo-irani-descarta-negociaciones-con-eu\/"},"modified":"2019-09-17T15:52:12","modified_gmt":"2019-09-17T15:52:12","slug":"internacionales-carolina-alonso-romei-lider-supremo-irani-descarta-negociaciones-con-eu","status":"publish","type":"post","link":"https:\/\/quehacerpolitico.mx\/?p=38612","title":{"rendered":"Internacionales\/\/\/Carolina Alonso Romei\/\/\/L\u00edder supremo iran\u00ed descarta negociaciones con EU"},"content":{"rendered":"<h1 class=\"news-title\">L\u00edder supremo iran\u00ed descarta negociaciones con EU<\/h1>\n<p>Por Carolina Alonso Romei\u00a0<\/p>\n<p>Internacionalista\u00a0<\/p>\n<p>En medio de\u00a0la escalada de la tensi\u00f3n entre ambos pa\u00edses, Jamene\u00ed critica la pol\u00edtica de &#8220;m\u00e1xima presi\u00f3n&#8221; del gobierno de\u00a0Trump<\/p>\n<p>El l\u00edder supremo de Iran,\u00a0<strong>Ali Jamene\u00ed, descart\u00f3 este martes negociaciones &#8220;a ning\u00fan nivel&#8221;<\/strong> con Estados Unidos,\u00a0pese la escalada de la tensi\u00f3n entre ambos pa\u00edses a ra\u00edz de los recientes ataques contra refiner\u00edas saud\u00edes.<\/p>\n<div id=\"div-gpt-ad-1548262875188-0\" data-google-query-id=\"CKaswI6a2OQCFQLgZAod4fkBdA\">\n<div id=\"google_ads_iframe_\/1001694\/INF_intext_1_0__container__\">&#8220;Negociar significa la imposici\u00f3n de las demandas de EU a la Rep\u00fablica Isl\u00e1mica y es una manifestaci\u00f3n de la victoria de la campa\u00f1a de &#8216;m\u00e1xima presi\u00f3n&#8217; de EU&#8221; contra Ir\u00e1n, asever\u00f3 el l\u00edder en un discurso.<\/div>\n<\/div>\n<p>Jamene\u00ed critic\u00f3 que la Administraci\u00f3n estadounidense de Donald Trump ha incurrido en contradicciones al proponer en ocasiones un di\u00e1logo con Ir\u00e1n sin condiciones previas y al plantear tambi\u00e9n doce requisitos draconianos para entablar dichas conversaciones.<\/p>\n<p>&#8220;Esto es una muestra del desorden pol\u00edtico en la Casa Blanca o es un truco para confundir a la otra parte&#8221;, agreg\u00f3 el ayatol\u00e1.<\/p>\n<p>A juicio del l\u00edder iran\u00ed, la <strong>pol\u00edtica de &#8220;m\u00e1xima presi\u00f3n&#8221;<\/strong> de EU consiste en &#8220;una serie de sanciones y amenazas&#8221;, como las lanzadas estos d\u00edas con motivo de los ataques a Arabia Saud\u00ed, y tiene el objetivo de llevar a Ir\u00e1n a la mesa de negociaciones.<\/p>\n<p>Sin embargo, seg\u00fan Jamene\u00ed esa estrategia &#8220;es in\u00fatil&#8221; y &#8220;no ha logrado que Ir\u00e1n se arrodille&#8221; ante EU.<\/p>\n<p>Desde la llegada a la Casa Blanca de Trump, la pol\u00edtica estadounidense se ha centrado en presionar a Ir\u00e1n y, en el marco de esta campa\u00f1a, EU se retir\u00f3 del acuerdo nuclear de 2015 y volvi\u00f3 a imponer sanciones al pa\u00eds persa, incluido a su sector petrolero.<\/p>\n<p>A este acuerdo se refiri\u00f3 hoy Jamene\u00ed en su alocuci\u00f3n, al afirmar que la \u00fanica posibilidad de entablar un di\u00e1logo es el regreso de EU a este pacto multilateral y su levantamiento de las sanciones.<\/p>\n<p>&#8220;Si EU se retracta de sus palabras, se arrepiente y vuelve al acuerdo nuclear que ha violado, entonces puede participar en sesiones con los otros signatarios del acuerdo y mantener conversaciones con Ir\u00e1n&#8221;, apunt\u00f3.<\/p>\n<p>De lo contrario, el l\u00edder apostill\u00f3 que &#8220;no se mantendr\u00e1n conversaciones a ning\u00fan nivel entre las autoridades iran\u00edes y estadounidenses, ni en Nueva York ni en ninguna otra parte&#8221;.<\/p>\n<p>Desde la Casa Blanca hab\u00edan sugerido que podr\u00eda darse un encuentro entre Trump y el presidente iran\u00ed, Hasan Rohan\u00ed, a finales de mes en la Asamblea General de la ONU en Nueva York, un supuesto rechazado el lunes tambi\u00e9n por el Ministerio de Exteriores de Ir\u00e1n.<\/p>\n<p>La Administraci\u00f3n estadounidense se dice abierta al di\u00e1logo con Ir\u00e1n, pero adem\u00e1s de las sanciones ha incrementado en los \u00faltimos d\u00edas su presi\u00f3n al amenazar con represalias por el ataque del pasado s\u00e1bado contra la petrolera saud\u00ed Aramco, en el que Ir\u00e1n ha negado su implicaci\u00f3n.<\/p>\n<p>Trump asegur\u00f3 este lunes que no quiere ir a la guerra con Ir\u00e1n y que la v\u00eda diplom\u00e1tica no se ha agotado, pero advirti\u00f3 de que EU est\u00e1 &#8220;mejor preparado&#8221; en caso de que surja un conflicto entre ambos pa\u00edses.<\/p>\n<p>Seg\u00fan im\u00e1genes de sat\u00e9lite difundidas por la CNN, al parecer los drones que lanzaron el ataque proced\u00edan del noroeste, donde se ubican tanto Ir\u00e1n como Irak, y no del Yemen, al sur de Arabia Saud\u00ed.<\/p>\n<p>La coalici\u00f3n \u00e1rabe liderada por Riad contra los rebeldes hut\u00edes yemen\u00edes expuso, adem\u00e1s, que las armas del ataque eran &#8220;iran\u00edes&#8221; y que las acciones no fueron lanzadas desde el Yemen, aunque no precis\u00f3 su origen.<\/p>\n<p>Por su parte, el Gobierno saud\u00ed no ha acusado directamente a Ir\u00e1n y ha invitado a expertos internacionales a participar en la investigaci\u00f3n del ataque, que ha provocado la suspensi\u00f3n del 50 % de la producci\u00f3n de la mayor petrolera del mundo y el alza del precio del crudo.<\/p>\n<p>Estos ataques con drones fueron reivindicados por los rebeldes hut\u00edes, que cuentan con el respaldo de Ir\u00e1n, aunque las autoridades persas aseguran que este apoyo es solo pol\u00edtico y no incluye financiaci\u00f3n o armamento.<\/p>\n<p>Los insurgentes han atacado en otras ocasiones instalaciones saud\u00edes, aunque el da\u00f1o nunca fue de tanta envergadura, en respuesta a la intervenci\u00f3n militar de Arabia Saud\u00ed en el Yemen desde marzo de 2015.<\/p>\n<p>Rohan\u00ed justific\u00f3 el lunes que &#8220;el pueblo yemen\u00ed no puede simplemente quedarse mirando cuando destruyen su pa\u00eds&#8221; y que por eso defiende su territorio perpetrando &#8220;contraataques&#8221;, en una nueva negaci\u00f3n de la implicaci\u00f3n de Teher\u00e1n en la reciente ofensiva.<\/p>\n<p>Con Informaci\u00f3n de EFE<\/p>\n","protected":false},"excerpt":{"rendered":"<p>L\u00edder supremo iran\u00ed descarta negociaciones con EU<br \/>\nPor Carolina Alonso Romei<br \/>\nInternacionalista<\/p>\n","protected":false},"author":2,"featured_media":38611,"comment_status":"open","ping_status":"open","sticky":false,"template":"","format":"standard","meta":{"_monsterinsights_skip_tracking":false,"_monsterinsights_sitenote_active":false,"_monsterinsights_sitenote_note":"","_monsterinsights_sitenote_category":0,"footnotes":""},"categories":[1],"tags":[],"class_list":["post-38612","post","type-post","status-publish","format-standard","has-post-thumbnail","hentry","category-sin-categoria"],"yoast_head":"<!-- This site is optimized with the Yoast SEO plugin v27.3 - https:\/\/yoast.com\/product\/yoast-seo-wordpress\/ -->\n<title>Internacionales\/\/\/Carolina Alonso Romei\/\/\/L\u00edder supremo iran\u00ed descarta negociaciones con EU -<\/title>\n<meta name=\"robots\" content=\"index, follow, max-snippet:-1, max-image-preview:large, max-video-preview:-1\" \/>\n<link rel=\"canonical\" href=\"https:\/\/quehacerpolitico.mx\/?p=38612\" \/>\n<meta property=\"og:locale\" content=\"es_MX\" \/>\n<meta property=\"og:type\" content=\"article\" \/>\n<meta property=\"og:title\" content=\"Internacionales\/\/\/Carolina Alonso Romei\/\/\/L\u00edder supremo iran\u00ed descarta negociaciones con EU -\" \/>\n<meta property=\"og:description\" content=\"L\u00edder supremo iran\u00ed descarta negociaciones con EU Por Carolina Alonso Romei Internacionalista\" \/>\n<meta property=\"og:url\" content=\"https:\/\/quehacerpolitico.mx\/?p=38612\" \/>\n<meta property=\"article:published_time\" content=\"2019-09-17T15:52:12+00:00\" \/>\n<meta name=\"author\" content=\"Redacci\u00f3n QP\" \/>\n<meta name=\"twitter:card\" content=\"summary_large_image\" \/>\n<meta name=\"twitter:label1\" content=\"Escrito por\" \/>\n\t<meta name=\"twitter:data1\" content=\"Redacci\u00f3n QP\" \/>\n\t<meta name=\"twitter:label2\" content=\"Tiempo de lectura\" \/>\n\t<meta name=\"twitter:data2\" content=\"4 minutos\" \/>\n<script type=\"application\/ld+json\" class=\"yoast-schema-graph\">{\"@context\":\"https:\\\/\\\/schema.org\",\"@graph\":[{\"@type\":\"Article\",\"@id\":\"https:\\\/\\\/quehacerpolitico.mx\\\/?p=38612#article\",\"isPartOf\":{\"@id\":\"https:\\\/\\\/quehacerpolitico.mx\\\/?p=38612\"},\"author\":{\"name\":\"Redacci\u00f3n QP\",\"@id\":\"https:\\\/\\\/quehacerpolitico.mx\\\/#\\\/schema\\\/person\\\/496d8ad2d1d3f8036101dca7ee39e585\"},\"headline\":\"Internacionales\\\/\\\/\\\/Carolina Alonso Romei\\\/\\\/\\\/L\u00edder supremo iran\u00ed descarta negociaciones con EU\",\"datePublished\":\"2019-09-17T15:52:12+00:00\",\"mainEntityOfPage\":{\"@id\":\"https:\\\/\\\/quehacerpolitico.mx\\\/?p=38612\"},\"wordCount\":832,\"commentCount\":0,\"image\":{\"@id\":\"https:\\\/\\\/quehacerpolitico.mx\\\/?p=38612#primaryimage\"},\"thumbnailUrl\":\"\",\"articleSection\":[\"Internacionales\"],\"inLanguage\":\"es\",\"potentialAction\":[{\"@type\":\"CommentAction\",\"name\":\"Comment\",\"target\":[\"https:\\\/\\\/quehacerpolitico.mx\\\/?p=38612#respond\"]}]},{\"@type\":\"WebPage\",\"@id\":\"https:\\\/\\\/quehacerpolitico.mx\\\/?p=38612\",\"url\":\"https:\\\/\\\/quehacerpolitico.mx\\\/?p=38612\",\"name\":\"Internacionales\\\/\\\/\\\/Carolina Alonso Romei\\\/\\\/\\\/L\u00edder supremo iran\u00ed descarta negociaciones con EU -\",\"isPartOf\":{\"@id\":\"https:\\\/\\\/quehacerpolitico.mx\\\/#website\"},\"primaryImageOfPage\":{\"@id\":\"https:\\\/\\\/quehacerpolitico.mx\\\/?p=38612#primaryimage\"},\"image\":{\"@id\":\"https:\\\/\\\/quehacerpolitico.mx\\\/?p=38612#primaryimage\"},\"thumbnailUrl\":\"\",\"datePublished\":\"2019-09-17T15:52:12+00:00\",\"author\":{\"@id\":\"https:\\\/\\\/quehacerpolitico.mx\\\/#\\\/schema\\\/person\\\/496d8ad2d1d3f8036101dca7ee39e585\"},\"breadcrumb\":{\"@id\":\"https:\\\/\\\/quehacerpolitico.mx\\\/?p=38612#breadcrumb\"},\"inLanguage\":\"es\",\"potentialAction\":[{\"@type\":\"ReadAction\",\"target\":[\"https:\\\/\\\/quehacerpolitico.mx\\\/?p=38612\"]}]},{\"@type\":\"ImageObject\",\"inLanguage\":\"es\",\"@id\":\"https:\\\/\\\/quehacerpolitico.mx\\\/?p=38612#primaryimage\",\"url\":\"\",\"contentUrl\":\"\"},{\"@type\":\"BreadcrumbList\",\"@id\":\"https:\\\/\\\/quehacerpolitico.mx\\\/?p=38612#breadcrumb\",\"itemListElement\":[{\"@type\":\"ListItem\",\"position\":1,\"name\":\"Inicio\",\"item\":\"https:\\\/\\\/quehacerpolitico.mx\\\/\"},{\"@type\":\"ListItem\",\"position\":2,\"name\":\"Internacionales\\\/\\\/\\\/Carolina Alonso Romei\\\/\\\/\\\/L\u00edder supremo iran\u00ed descarta negociaciones con EU\"}]},{\"@type\":\"WebSite\",\"@id\":\"https:\\\/\\\/quehacerpolitico.mx\\\/#website\",\"url\":\"https:\\\/\\\/quehacerpolitico.mx\\\/\",\"name\":\"\",\"description\":\"\",\"potentialAction\":[{\"@type\":\"SearchAction\",\"target\":{\"@type\":\"EntryPoint\",\"urlTemplate\":\"https:\\\/\\\/quehacerpolitico.mx\\\/?s={search_term_string}\"},\"query-input\":{\"@type\":\"PropertyValueSpecification\",\"valueRequired\":true,\"valueName\":\"search_term_string\"}}],\"inLanguage\":\"es\"},{\"@type\":\"Person\",\"@id\":\"https:\\\/\\\/quehacerpolitico.mx\\\/#\\\/schema\\\/person\\\/496d8ad2d1d3f8036101dca7ee39e585\",\"name\":\"Redacci\u00f3n QP\",\"image\":{\"@type\":\"ImageObject\",\"inLanguage\":\"es\",\"@id\":\"https:\\\/\\\/secure.gravatar.com\\\/avatar\\\/c7164ed6fdec453195284ad24a5ae5b6e1eed2b848477fa2a4787ba9adf39a41?s=96&d=mm&r=g\",\"url\":\"https:\\\/\\\/secure.gravatar.com\\\/avatar\\\/c7164ed6fdec453195284ad24a5ae5b6e1eed2b848477fa2a4787ba9adf39a41?s=96&d=mm&r=g\",\"contentUrl\":\"https:\\\/\\\/secure.gravatar.com\\\/avatar\\\/c7164ed6fdec453195284ad24a5ae5b6e1eed2b848477fa2a4787ba9adf39a41?s=96&d=mm&r=g\",\"caption\":\"Redacci\u00f3n QP\"},\"url\":\"https:\\\/\\\/quehacerpolitico.mx\\\/?author=2\"}]}<\/script>\n<!-- \/ Yoast SEO plugin. -->","yoast_head_json":{"title":"Internacionales\/\/\/Carolina Alonso Romei\/\/\/L\u00edder supremo iran\u00ed descarta negociaciones con EU -","robots":{"index":"index","follow":"follow","max-snippet":"max-snippet:-1","max-image-preview":"max-image-preview:large","max-video-preview":"max-video-preview:-1"},"canonical":"https:\/\/quehacerpolitico.mx\/?p=38612","og_locale":"es_MX","og_type":"article","og_title":"Internacionales\/\/\/Carolina Alonso Romei\/\/\/L\u00edder supremo iran\u00ed descarta negociaciones con EU -","og_description":"L\u00edder supremo iran\u00ed descarta negociaciones con EU Por Carolina Alonso Romei Internacionalista","og_url":"https:\/\/quehacerpolitico.mx\/?p=38612","article_published_time":"2019-09-17T15:52:12+00:00","author":"Redacci\u00f3n QP","twitter_card":"summary_large_image","twitter_misc":{"Escrito por":"Redacci\u00f3n QP","Tiempo de lectura":"4 minutos"},"schema":{"@context":"https:\/\/schema.org","@graph":[{"@type":"Article","@id":"https:\/\/quehacerpolitico.mx\/?p=38612#article","isPartOf":{"@id":"https:\/\/quehacerpolitico.mx\/?p=38612"},"author":{"name":"Redacci\u00f3n QP","@id":"https:\/\/quehacerpolitico.mx\/#\/schema\/person\/496d8ad2d1d3f8036101dca7ee39e585"},"headline":"Internacionales\/\/\/Carolina Alonso Romei\/\/\/L\u00edder supremo iran\u00ed descarta negociaciones con EU","datePublished":"2019-09-17T15:52:12+00:00","mainEntityOfPage":{"@id":"https:\/\/quehacerpolitico.mx\/?p=38612"},"wordCount":832,"commentCount":0,"image":{"@id":"https:\/\/quehacerpolitico.mx\/?p=38612#primaryimage"},"thumbnailUrl":"","articleSection":["Internacionales"],"inLanguage":"es","potentialAction":[{"@type":"CommentAction","name":"Comment","target":["https:\/\/quehacerpolitico.mx\/?p=38612#respond"]}]},{"@type":"WebPage","@id":"https:\/\/quehacerpolitico.mx\/?p=38612","url":"https:\/\/quehacerpolitico.mx\/?p=38612","name":"Internacionales\/\/\/Carolina Alonso Romei\/\/\/L\u00edder supremo iran\u00ed descarta negociaciones con EU -","isPartOf":{"@id":"https:\/\/quehacerpolitico.mx\/#website"},"primaryImageOfPage":{"@id":"https:\/\/quehacerpolitico.mx\/?p=38612#primaryimage"},"image":{"@id":"https:\/\/quehacerpolitico.mx\/?p=38612#primaryimage"},"thumbnailUrl":"","datePublished":"2019-09-17T15:52:12+00:00","author":{"@id":"https:\/\/quehacerpolitico.mx\/#\/schema\/person\/496d8ad2d1d3f8036101dca7ee39e585"},"breadcrumb":{"@id":"https:\/\/quehacerpolitico.mx\/?p=38612#breadcrumb"},"inLanguage":"es","potentialAction":[{"@type":"ReadAction","target":["https:\/\/quehacerpolitico.mx\/?p=38612"]}]},{"@type":"ImageObject","inLanguage":"es","@id":"https:\/\/quehacerpolitico.mx\/?p=38612#primaryimage","url":"","contentUrl":""},{"@type":"BreadcrumbList","@id":"https:\/\/quehacerpolitico.mx\/?p=38612#breadcrumb","itemListElement":[{"@type":"ListItem","position":1,"name":"Inicio","item":"https:\/\/quehacerpolitico.mx\/"},{"@type":"ListItem","position":2,"name":"Internacionales\/\/\/Carolina Alonso Romei\/\/\/L\u00edder supremo iran\u00ed descarta negociaciones con EU"}]},{"@type":"WebSite","@id":"https:\/\/quehacerpolitico.mx\/#website","url":"https:\/\/quehacerpolitico.mx\/","name":"","description":"","potentialAction":[{"@type":"SearchAction","target":{"@type":"EntryPoint","urlTemplate":"https:\/\/quehacerpolitico.mx\/?s={search_term_string}"},"query-input":{"@type":"PropertyValueSpecification","valueRequired":true,"valueName":"search_term_string"}}],"inLanguage":"es"},{"@type":"Person","@id":"https:\/\/quehacerpolitico.mx\/#\/schema\/person\/496d8ad2d1d3f8036101dca7ee39e585","name":"Redacci\u00f3n QP","image":{"@type":"ImageObject","inLanguage":"es","@id":"https:\/\/secure.gravatar.com\/avatar\/c7164ed6fdec453195284ad24a5ae5b6e1eed2b848477fa2a4787ba9adf39a41?s=96&d=mm&r=g","url":"https:\/\/secure.gravatar.com\/avatar\/c7164ed6fdec453195284ad24a5ae5b6e1eed2b848477fa2a4787ba9adf39a41?s=96&d=mm&r=g","contentUrl":"https:\/\/secure.gravatar.com\/avatar\/c7164ed6fdec453195284ad24a5ae5b6e1eed2b848477fa2a4787ba9adf39a41?s=96&d=mm&r=g","caption":"Redacci\u00f3n QP"},"url":"https:\/\/quehacerpolitico.mx\/?author=2"}]}},"featured_image_urls":{"full":"","thumbnail":"","medium":"","medium_large":"","large":"","1536x1536":"","2048x2048":"","covernews-featured":"","covernews-medium":""},"author_info":{"display_name":"Redacci\u00f3n QP","author_link":"https:\/\/quehacerpolitico.mx\/?author=2"},"category_info":"<a href=\"https:\/\/quehacerpolitico.mx\/?cat=1\" rel=\"category\">Internacionales<\/a>","tag_info":"Internacionales","comment_count":"0","_links":{"self":[{"href":"https:\/\/quehacerpolitico.mx\/index.php?rest_route=\/wp\/v2\/posts\/38612","targetHints":{"allow":["GET"]}}],"collection":[{"href":"https:\/\/quehacerpolitico.mx\/index.php?rest_route=\/wp\/v2\/posts"}],"about":[{"href":"https:\/\/quehacerpolitico.mx\/index.php?rest_route=\/wp\/v2\/types\/post"}],"author":[{"embeddable":true,"href":"https:\/\/quehacerpolitico.mx\/index.php?rest_route=\/wp\/v2\/users\/2"}],"replies":[{"embeddable":true,"href":"https:\/\/quehacerpolitico.mx\/index.php?rest_route=%2Fwp%2Fv2%2Fcomments&post=38612"}],"version-history":[{"count":0,"href":"https:\/\/quehacerpolitico.mx\/index.php?rest_route=\/wp\/v2\/posts\/38612\/revisions"}],"wp:featuredmedia":[{"embeddable":true,"href":"https:\/\/quehacerpolitico.mx\/index.php?rest_route=\/"}],"wp:attachment":[{"href":"https:\/\/quehacerpolitico.mx\/index.php?rest_route=%2Fwp%2Fv2%2Fmedia&parent=38612"}],"wp:term":[{"taxonomy":"category","embeddable":true,"href":"https:\/\/quehacerpolitico.mx\/index.php?rest_route=%2Fwp%2Fv2%2Fcategories&post=38612"},{"taxonomy":"post_tag","embeddable":true,"href":"https:\/\/quehacerpolitico.mx\/index.php?rest_route=%2Fwp%2Fv2%2Ftags&post=38612"}],"curies":[{"name":"wp","href":"https:\/\/api.w.org\/{rel}","templated":true}]}}