{"id":38609,"date":"2019-09-17T15:44:08","date_gmt":"2019-09-17T15:44:08","guid":{"rendered":"http:\/\/quehacerpolitico.mx\/precio-del-petroleo-esta-protegido-en-mexico-dice-amlo-tras-ataque-en-arabia\/"},"modified":"2019-09-17T15:44:08","modified_gmt":"2019-09-17T15:44:08","slug":"precio-del-petroleo-esta-protegido-en-mexico-dice-amlo-tras-ataque-en-arabia","status":"publish","type":"post","link":"https:\/\/quehacerpolitico.mx\/?p=38609","title":{"rendered":"Precio del petr\u00f3leo est\u00e1 protegido en M\u00e9xico, dice AMLO tras ataque en Arabia"},"content":{"rendered":"<h1 class=\"news-title\">Precio del petr\u00f3leo est\u00e1 protegido en M\u00e9xico, dice AMLO tras ataque en Arabia<\/h1>\n<p>Por Redacci\u00f3n QP<\/p>\n<p>El Presidente asegura que no habr\u00e1 variaciones en los precios de las gasolinas en el pa\u00eds<\/p>\n<p>El Presidente de M\u00e9xico, Andres Manuel L\u00f3pez Obrador,\u00a0asegur\u00f3 este martes que <strong>el suministro y los precios del crudo est\u00e1n &#8220;protegidos&#8221; <\/strong>en la naci\u00f3n tras los ataques de Arabia Saudita,\u00a0que han puesto en vilo el mercado.<\/p>\n<div id=\"div-gpt-ad-1548262875188-0\" data-google-query-id=\"COuZhceY2OQCFUXOZAodSLYP-w\">\n<div id=\"google_ads_iframe_\/1001694\/INF_intext_1_0__container__\">&#8220;Ahora, con este atentado en plantas de Arabia Saudita, a pesar de los ajustes en el precio del crudo a la alza, nosotros estamos protegidos&#8221;, apunt\u00f3 el l\u00edder de Morena desde Palacio Nacional en Ciudad de M\u00e9xico.<\/div>\n<\/div>\n<p>El Presidente asegur\u00f3 a los mexicanos que <strong>no habr\u00e1 variaciones en los precios<\/strong> de las gasolinas<\/p>\n<p>&#8220;Vamos a seguir manteniendo el <strong>compromiso de que no aumenten los precios de los combustibles en t\u00e9rminos reales<\/strong>. Porque a pesar de esta situaci\u00f3n especial en lo externo, en nuestro pa\u00eds vamos a mantener la estabilidad&#8221;, indic\u00f3.<\/p>\n<p>Inform\u00f3 que este mismo martes se reunir\u00e1n la cartera de Hacienda y Pemex\u00a0para analizar la actual situaci\u00f3n.<\/p>\n<p>Y explic\u00f3 que si bien el alza los <strong>beneficia por un lado<\/strong> porque M\u00e9xico es un pa\u00eds productor de petr\u00f3leo, <strong>tambi\u00e9n puede generar impactos negativos<\/strong> porque la naci\u00f3n es importadora de gasolinas y diesel.<\/p>\n<p>&#8220;Hay que ver c\u00f3mo est\u00e1 el equilibrio. Tenemos asegurado abasto de gasolinas sin ning\u00fan problema por la importaci\u00f3n, y tambi\u00e9n ha aumentando la capacidad de refinaci\u00f3n de las seis refiner\u00edas de Pemex&#8221;, apunt\u00f3.<\/p>\n<p>El s\u00e1bado dos refiner\u00edas de la petrolera estatal saud\u00ed Aramco, clave para el abastecimiento mundial de crudo, fueron atacadas con drones, lo que caus\u00f3 una <strong>reducci\u00f3n de cerca del 50 % de su producci\u00f3n<\/strong>.<\/p>\n<p>Estos ataques con drones fueron reivindicados por los rebeldes hut\u00edes, que cuentan con el respaldo de Ir\u00e1n, aunque las autoridades persas aseguran que este apoyo es solo pol\u00edtico y no incluye financiaci\u00f3n o armamento.<\/p>\n<p>Este 16 de septiembre, Arabia Saud\u00ed emiti\u00f3 su primera reacci\u00f3n oficial al ataque el s\u00e1bado con drones contra dos plantas de su petrolera Aramco anunciando una investigaci\u00f3n con expertos internacionales y afirmando que las &#8220;amenazas iran\u00edes&#8221; contra el reino afectan al mundo entero.<\/p>\n<div class=\"banner b2\">\n<div id=\"div-gpt-ad-1505954097040-2\" data-google-query-id=\"COmZhceY2OQCFUXOZAodSLYP-w\">Con Informaci\u00f3n de EFE<\/div>\n<\/div>\n","protected":false},"excerpt":{"rendered":"<p>Precio del petr\u00f3leo est\u00e1 protegido en M\u00e9xico, dice AMLO tras ataque en Arabia<br \/>\nPor Redacci\u00f3n QP<\/p>\n","protected":false},"author":2,"featured_media":38608,"comment_status":"open","ping_status":"open","sticky":false,"template":"","format":"standard","meta":{"_monsterinsights_skip_tracking":false,"_monsterinsights_sitenote_active":false,"_monsterinsights_sitenote_note":"","_monsterinsights_sitenote_category":0,"footnotes":""},"categories":[56],"tags":[],"class_list":["post-38609","post","type-post","status-publish","format-standard","has-post-thumbnail","hentry","category-economia"],"yoast_head":"<!-- This site is optimized with the Yoast SEO plugin v27.3 - https:\/\/yoast.com\/product\/yoast-seo-wordpress\/ -->\n<title>Precio del petr\u00f3leo est\u00e1 protegido en M\u00e9xico, dice AMLO tras ataque en Arabia -<\/title>\n<meta name=\"robots\" content=\"index, follow, max-snippet:-1, max-image-preview:large, max-video-preview:-1\" \/>\n<link rel=\"canonical\" href=\"https:\/\/quehacerpolitico.mx\/?p=38609\" \/>\n<meta property=\"og:locale\" content=\"es_MX\" \/>\n<meta property=\"og:type\" content=\"article\" \/>\n<meta property=\"og:title\" content=\"Precio del petr\u00f3leo est\u00e1 protegido en M\u00e9xico, dice AMLO tras ataque en Arabia -\" \/>\n<meta property=\"og:description\" content=\"Precio del petr\u00f3leo est\u00e1 protegido en M\u00e9xico, dice AMLO tras ataque en Arabia Por Redacci\u00f3n QP\" \/>\n<meta property=\"og:url\" content=\"https:\/\/quehacerpolitico.mx\/?p=38609\" \/>\n<meta property=\"article:published_time\" content=\"2019-09-17T15:44:08+00:00\" \/>\n<meta name=\"author\" content=\"Redacci\u00f3n QP\" \/>\n<meta name=\"twitter:card\" content=\"summary_large_image\" \/>\n<meta name=\"twitter:label1\" content=\"Escrito por\" \/>\n\t<meta name=\"twitter:data1\" content=\"Redacci\u00f3n QP\" \/>\n\t<meta name=\"twitter:label2\" content=\"Tiempo de lectura\" \/>\n\t<meta name=\"twitter:data2\" content=\"2 minutos\" \/>\n<script type=\"application\/ld+json\" class=\"yoast-schema-graph\">{\"@context\":\"https:\\\/\\\/schema.org\",\"@graph\":[{\"@type\":\"Article\",\"@id\":\"https:\\\/\\\/quehacerpolitico.mx\\\/?p=38609#article\",\"isPartOf\":{\"@id\":\"https:\\\/\\\/quehacerpolitico.mx\\\/?p=38609\"},\"author\":{\"name\":\"Redacci\u00f3n QP\",\"@id\":\"https:\\\/\\\/quehacerpolitico.mx\\\/#\\\/schema\\\/person\\\/496d8ad2d1d3f8036101dca7ee39e585\"},\"headline\":\"Precio del petr\u00f3leo est\u00e1 protegido en M\u00e9xico, dice AMLO tras ataque en Arabia\",\"datePublished\":\"2019-09-17T15:44:08+00:00\",\"mainEntityOfPage\":{\"@id\":\"https:\\\/\\\/quehacerpolitico.mx\\\/?p=38609\"},\"wordCount\":410,\"commentCount\":0,\"image\":{\"@id\":\"https:\\\/\\\/quehacerpolitico.mx\\\/?p=38609#primaryimage\"},\"thumbnailUrl\":\"\",\"articleSection\":[\"Econom\u00eda\"],\"inLanguage\":\"es\",\"potentialAction\":[{\"@type\":\"CommentAction\",\"name\":\"Comment\",\"target\":[\"https:\\\/\\\/quehacerpolitico.mx\\\/?p=38609#respond\"]}]},{\"@type\":\"WebPage\",\"@id\":\"https:\\\/\\\/quehacerpolitico.mx\\\/?p=38609\",\"url\":\"https:\\\/\\\/quehacerpolitico.mx\\\/?p=38609\",\"name\":\"Precio del petr\u00f3leo est\u00e1 protegido en M\u00e9xico, dice AMLO tras ataque en Arabia -\",\"isPartOf\":{\"@id\":\"https:\\\/\\\/quehacerpolitico.mx\\\/#website\"},\"primaryImageOfPage\":{\"@id\":\"https:\\\/\\\/quehacerpolitico.mx\\\/?p=38609#primaryimage\"},\"image\":{\"@id\":\"https:\\\/\\\/quehacerpolitico.mx\\\/?p=38609#primaryimage\"},\"thumbnailUrl\":\"\",\"datePublished\":\"2019-09-17T15:44:08+00:00\",\"author\":{\"@id\":\"https:\\\/\\\/quehacerpolitico.mx\\\/#\\\/schema\\\/person\\\/496d8ad2d1d3f8036101dca7ee39e585\"},\"breadcrumb\":{\"@id\":\"https:\\\/\\\/quehacerpolitico.mx\\\/?p=38609#breadcrumb\"},\"inLanguage\":\"es\",\"potentialAction\":[{\"@type\":\"ReadAction\",\"target\":[\"https:\\\/\\\/quehacerpolitico.mx\\\/?p=38609\"]}]},{\"@type\":\"ImageObject\",\"inLanguage\":\"es\",\"@id\":\"https:\\\/\\\/quehacerpolitico.mx\\\/?p=38609#primaryimage\",\"url\":\"\",\"contentUrl\":\"\"},{\"@type\":\"BreadcrumbList\",\"@id\":\"https:\\\/\\\/quehacerpolitico.mx\\\/?p=38609#breadcrumb\",\"itemListElement\":[{\"@type\":\"ListItem\",\"position\":1,\"name\":\"Inicio\",\"item\":\"https:\\\/\\\/quehacerpolitico.mx\\\/\"},{\"@type\":\"ListItem\",\"position\":2,\"name\":\"Precio del petr\u00f3leo est\u00e1 protegido en M\u00e9xico, dice AMLO tras ataque en Arabia\"}]},{\"@type\":\"WebSite\",\"@id\":\"https:\\\/\\\/quehacerpolitico.mx\\\/#website\",\"url\":\"https:\\\/\\\/quehacerpolitico.mx\\\/\",\"name\":\"\",\"description\":\"\",\"potentialAction\":[{\"@type\":\"SearchAction\",\"target\":{\"@type\":\"EntryPoint\",\"urlTemplate\":\"https:\\\/\\\/quehacerpolitico.mx\\\/?s={search_term_string}\"},\"query-input\":{\"@type\":\"PropertyValueSpecification\",\"valueRequired\":true,\"valueName\":\"search_term_string\"}}],\"inLanguage\":\"es\"},{\"@type\":\"Person\",\"@id\":\"https:\\\/\\\/quehacerpolitico.mx\\\/#\\\/schema\\\/person\\\/496d8ad2d1d3f8036101dca7ee39e585\",\"name\":\"Redacci\u00f3n QP\",\"image\":{\"@type\":\"ImageObject\",\"inLanguage\":\"es\",\"@id\":\"https:\\\/\\\/secure.gravatar.com\\\/avatar\\\/c7164ed6fdec453195284ad24a5ae5b6e1eed2b848477fa2a4787ba9adf39a41?s=96&d=mm&r=g\",\"url\":\"https:\\\/\\\/secure.gravatar.com\\\/avatar\\\/c7164ed6fdec453195284ad24a5ae5b6e1eed2b848477fa2a4787ba9adf39a41?s=96&d=mm&r=g\",\"contentUrl\":\"https:\\\/\\\/secure.gravatar.com\\\/avatar\\\/c7164ed6fdec453195284ad24a5ae5b6e1eed2b848477fa2a4787ba9adf39a41?s=96&d=mm&r=g\",\"caption\":\"Redacci\u00f3n QP\"},\"url\":\"https:\\\/\\\/quehacerpolitico.mx\\\/?author=2\"}]}<\/script>\n<!-- \/ Yoast SEO plugin. -->","yoast_head_json":{"title":"Precio del petr\u00f3leo est\u00e1 protegido en M\u00e9xico, dice AMLO tras ataque en Arabia -","robots":{"index":"index","follow":"follow","max-snippet":"max-snippet:-1","max-image-preview":"max-image-preview:large","max-video-preview":"max-video-preview:-1"},"canonical":"https:\/\/quehacerpolitico.mx\/?p=38609","og_locale":"es_MX","og_type":"article","og_title":"Precio del petr\u00f3leo est\u00e1 protegido en M\u00e9xico, dice AMLO tras ataque en Arabia -","og_description":"Precio del petr\u00f3leo est\u00e1 protegido en M\u00e9xico, dice AMLO tras ataque en Arabia Por Redacci\u00f3n QP","og_url":"https:\/\/quehacerpolitico.mx\/?p=38609","article_published_time":"2019-09-17T15:44:08+00:00","author":"Redacci\u00f3n QP","twitter_card":"summary_large_image","twitter_misc":{"Escrito por":"Redacci\u00f3n QP","Tiempo de lectura":"2 minutos"},"schema":{"@context":"https:\/\/schema.org","@graph":[{"@type":"Article","@id":"https:\/\/quehacerpolitico.mx\/?p=38609#article","isPartOf":{"@id":"https:\/\/quehacerpolitico.mx\/?p=38609"},"author":{"name":"Redacci\u00f3n QP","@id":"https:\/\/quehacerpolitico.mx\/#\/schema\/person\/496d8ad2d1d3f8036101dca7ee39e585"},"headline":"Precio del petr\u00f3leo est\u00e1 protegido en M\u00e9xico, dice AMLO tras ataque en Arabia","datePublished":"2019-09-17T15:44:08+00:00","mainEntityOfPage":{"@id":"https:\/\/quehacerpolitico.mx\/?p=38609"},"wordCount":410,"commentCount":0,"image":{"@id":"https:\/\/quehacerpolitico.mx\/?p=38609#primaryimage"},"thumbnailUrl":"","articleSection":["Econom\u00eda"],"inLanguage":"es","potentialAction":[{"@type":"CommentAction","name":"Comment","target":["https:\/\/quehacerpolitico.mx\/?p=38609#respond"]}]},{"@type":"WebPage","@id":"https:\/\/quehacerpolitico.mx\/?p=38609","url":"https:\/\/quehacerpolitico.mx\/?p=38609","name":"Precio del petr\u00f3leo est\u00e1 protegido en M\u00e9xico, dice AMLO tras ataque en Arabia -","isPartOf":{"@id":"https:\/\/quehacerpolitico.mx\/#website"},"primaryImageOfPage":{"@id":"https:\/\/quehacerpolitico.mx\/?p=38609#primaryimage"},"image":{"@id":"https:\/\/quehacerpolitico.mx\/?p=38609#primaryimage"},"thumbnailUrl":"","datePublished":"2019-09-17T15:44:08+00:00","author":{"@id":"https:\/\/quehacerpolitico.mx\/#\/schema\/person\/496d8ad2d1d3f8036101dca7ee39e585"},"breadcrumb":{"@id":"https:\/\/quehacerpolitico.mx\/?p=38609#breadcrumb"},"inLanguage":"es","potentialAction":[{"@type":"ReadAction","target":["https:\/\/quehacerpolitico.mx\/?p=38609"]}]},{"@type":"ImageObject","inLanguage":"es","@id":"https:\/\/quehacerpolitico.mx\/?p=38609#primaryimage","url":"","contentUrl":""},{"@type":"BreadcrumbList","@id":"https:\/\/quehacerpolitico.mx\/?p=38609#breadcrumb","itemListElement":[{"@type":"ListItem","position":1,"name":"Inicio","item":"https:\/\/quehacerpolitico.mx\/"},{"@type":"ListItem","position":2,"name":"Precio del petr\u00f3leo est\u00e1 protegido en M\u00e9xico, dice AMLO tras ataque en Arabia"}]},{"@type":"WebSite","@id":"https:\/\/quehacerpolitico.mx\/#website","url":"https:\/\/quehacerpolitico.mx\/","name":"","description":"","potentialAction":[{"@type":"SearchAction","target":{"@type":"EntryPoint","urlTemplate":"https:\/\/quehacerpolitico.mx\/?s={search_term_string}"},"query-input":{"@type":"PropertyValueSpecification","valueRequired":true,"valueName":"search_term_string"}}],"inLanguage":"es"},{"@type":"Person","@id":"https:\/\/quehacerpolitico.mx\/#\/schema\/person\/496d8ad2d1d3f8036101dca7ee39e585","name":"Redacci\u00f3n QP","image":{"@type":"ImageObject","inLanguage":"es","@id":"https:\/\/secure.gravatar.com\/avatar\/c7164ed6fdec453195284ad24a5ae5b6e1eed2b848477fa2a4787ba9adf39a41?s=96&d=mm&r=g","url":"https:\/\/secure.gravatar.com\/avatar\/c7164ed6fdec453195284ad24a5ae5b6e1eed2b848477fa2a4787ba9adf39a41?s=96&d=mm&r=g","contentUrl":"https:\/\/secure.gravatar.com\/avatar\/c7164ed6fdec453195284ad24a5ae5b6e1eed2b848477fa2a4787ba9adf39a41?s=96&d=mm&r=g","caption":"Redacci\u00f3n QP"},"url":"https:\/\/quehacerpolitico.mx\/?author=2"}]}},"featured_image_urls":{"full":"","thumbnail":"","medium":"","medium_large":"","large":"","1536x1536":"","2048x2048":"","covernews-featured":"","covernews-medium":""},"author_info":{"display_name":"Redacci\u00f3n QP","author_link":"https:\/\/quehacerpolitico.mx\/?author=2"},"category_info":"<a href=\"https:\/\/quehacerpolitico.mx\/?cat=56\" rel=\"category\">Econom\u00eda<\/a>","tag_info":"Econom\u00eda","comment_count":"0","_links":{"self":[{"href":"https:\/\/quehacerpolitico.mx\/index.php?rest_route=\/wp\/v2\/posts\/38609","targetHints":{"allow":["GET"]}}],"collection":[{"href":"https:\/\/quehacerpolitico.mx\/index.php?rest_route=\/wp\/v2\/posts"}],"about":[{"href":"https:\/\/quehacerpolitico.mx\/index.php?rest_route=\/wp\/v2\/types\/post"}],"author":[{"embeddable":true,"href":"https:\/\/quehacerpolitico.mx\/index.php?rest_route=\/wp\/v2\/users\/2"}],"replies":[{"embeddable":true,"href":"https:\/\/quehacerpolitico.mx\/index.php?rest_route=%2Fwp%2Fv2%2Fcomments&post=38609"}],"version-history":[{"count":0,"href":"https:\/\/quehacerpolitico.mx\/index.php?rest_route=\/wp\/v2\/posts\/38609\/revisions"}],"wp:featuredmedia":[{"embeddable":true,"href":"https:\/\/quehacerpolitico.mx\/index.php?rest_route=\/"}],"wp:attachment":[{"href":"https:\/\/quehacerpolitico.mx\/index.php?rest_route=%2Fwp%2Fv2%2Fmedia&parent=38609"}],"wp:term":[{"taxonomy":"category","embeddable":true,"href":"https:\/\/quehacerpolitico.mx\/index.php?rest_route=%2Fwp%2Fv2%2Fcategories&post=38609"},{"taxonomy":"post_tag","embeddable":true,"href":"https:\/\/quehacerpolitico.mx\/index.php?rest_route=%2Fwp%2Fv2%2Ftags&post=38609"}],"curies":[{"name":"wp","href":"https:\/\/api.w.org\/{rel}","templated":true}]}}