{"id":38593,"date":"2019-09-17T15:08:08","date_gmt":"2019-09-17T15:08:08","guid":{"rendered":"http:\/\/quehacerpolitico.mx\/ley-de-amnistia-beneficiaria-a-los-mas-humildes-asegura-lopez-obrador\/"},"modified":"2019-09-17T15:08:08","modified_gmt":"2019-09-17T15:08:08","slug":"ley-de-amnistia-beneficiaria-a-los-mas-humildes-asegura-lopez-obrador","status":"publish","type":"post","link":"https:\/\/quehacerpolitico.mx\/?p=38593","title":{"rendered":"Ley de Amnist\u00eda beneficiar\u00eda a los m\u00e1s humildes, asegura L\u00f3pez Obrador"},"content":{"rendered":"<p>Ley de Amnist\u00eda beneficiar\u00eda a los m\u00e1s humildes, asegura L\u00f3pez Obrador<\/p>\n<p>Por Redacci\u00f3n QP<\/p>\n<p>El presidente Andr\u00e9s Manuel L\u00f3pez Obrador explic\u00f3 que su propuesta de Ley de Amnist\u00eda, enviada este domingo al Congreso, busca la reinserci\u00f3n de personas que est\u00e1n detenidas por delitos menores, sobre todo de los m\u00e1s humildes, y que desean reincorporarse a la vida p\u00fablica.<\/p>\n<p>Sin embargo, apunt\u00f3 en su conferencia de prensa matutina, para ser aplicada, antes debe pasar por la autorizaci\u00f3n de las v\u00edctimas, adem\u00e1s de valorar el tipo de delitos y el compromiso de los infractores de no volver a cometer il\u00edcitos.<\/p>\n<p>En su conferencia de prensa matutina, el Ejecutivo federal expuso que dicha iniciativa tiene que ver con la gente humilde que no fue asistida, que no tuvo acceso a un abogado.<\/p>\n<p>Se\u00f1al\u00f3 que el prop\u00f3sito es dejar en libertad a ind\u00edgenas que est\u00e1n en la c\u00e1rcel de manera injusta, sobre todo a las mujeres y ancianos que no tuvieron una defensa adecuada, que no se les asisti\u00f3 y los delitos por los que son acusados no son delitos graves, de sangre, de violencia.<\/p>\n<p>Indic\u00f3 que se atiende de manera particular los casos de los considerados presos pol\u00edticos, como el de algunos maestros que fueron a la c\u00e1rcel acusados injustamente de lavado de dinero, pues \u201cse demostr\u00f3 que fueron delitos fabricados, ah\u00ed se sigue otro procedimiento, m\u00e1s complicado, pero se lleva a cabo\u201d.<\/p>\n<p>\u201cLo de la iniciativa de ley de amnist\u00eda es para que salgan m\u00e1s con menos delitos y gente m\u00e1s humilde de las c\u00e1rceles\u201d, subray\u00f3 el presidente L\u00f3pez Obrador, quien reiter\u00f3 que no hay impunidad ni hay corrupci\u00f3n tolerada arriba, en la parte m\u00e1s alta del gobierno, de arriba para abajo como se limpian las escaleras, ya lo puedo decir no hay corrupci\u00f3n\u201d, puntualiz\u00f3.<\/p>\n<p>El pasado domingo 15 de septiembre, L\u00f3pez Obrador envi\u00f3 a la C\u00e1mara de Diputados la propuesta de Ley de Amnist\u00eda que ofreci\u00f3 durante su campa\u00f1a, con la que busca dejar en libertad a personas presas por delitos espec\u00edficos luego de analizar diversos factores de cada caso.<\/p>\n<p>El coordinador de los diputados de Morena, Mario Delgado Carrillo, inform\u00f3 que su fracci\u00f3n parlamentara recibi\u00f3 la iniciativa, en el marco del 209 aniversario del Grito de Independencia, cuando Miguel Hidalgo y Costilla &#8220;liber\u00f3 a presos pol\u00edticos del r\u00e9gimen virreinal y a gente del pueblo&#8221;.<\/p>\n<blockquote class=\"twitter-tweet\" data-width=\"550\" data-dnt=\"true\">\n<p lang=\"es\" dir=\"ltr\">El amor a M\u00e9xico est\u00e1 por encima de cualquier partido, inter\u00e9s personal o de grupo. Conferencia matutina. <a href=\"https:\/\/t.co\/TyC5qsz1CM\">https:\/\/t.co\/TyC5qsz1CM<\/a><\/p>\n<p>&mdash; Andr\u00e9s Manuel (@lopezobrador_) <a href=\"https:\/\/twitter.com\/lopezobrador_\/status\/1173930032571416576?ref_src=twsrc%5Etfw\">September 17, 2019<\/a><\/p><\/blockquote>\n<p><script async src=\"https:\/\/platform.twitter.com\/widgets.js\" charset=\"utf-8\"><\/script><\/p>\n<p>Con Informaci\u00f3n de NTX\u00a0<\/p>\n","protected":false},"excerpt":{"rendered":"<p>Ley de Amnist\u00eda beneficiar\u00eda a los m\u00e1s humildes, asegura L\u00f3pez Obrador<br \/>\nPor Redacci\u00f3n QP<\/p>\n","protected":false},"author":2,"featured_media":38592,"comment_status":"open","ping_status":"open","sticky":false,"template":"","format":"standard","meta":{"_monsterinsights_skip_tracking":false,"_monsterinsights_sitenote_active":false,"_monsterinsights_sitenote_note":"","_monsterinsights_sitenote_category":0,"footnotes":""},"categories":[2],"tags":[],"class_list":["post-38593","post","type-post","status-publish","format-standard","has-post-thumbnail","hentry","category-noticias"],"yoast_head":"<!-- This site is optimized with the Yoast SEO plugin v27.3 - https:\/\/yoast.com\/product\/yoast-seo-wordpress\/ -->\n<title>Ley de Amnist\u00eda beneficiar\u00eda a los m\u00e1s humildes, asegura L\u00f3pez Obrador -<\/title>\n<meta name=\"robots\" content=\"index, follow, max-snippet:-1, max-image-preview:large, max-video-preview:-1\" \/>\n<link rel=\"canonical\" href=\"https:\/\/quehacerpolitico.mx\/?p=38593\" \/>\n<meta property=\"og:locale\" content=\"es_MX\" \/>\n<meta property=\"og:type\" content=\"article\" \/>\n<meta property=\"og:title\" content=\"Ley de Amnist\u00eda beneficiar\u00eda a los m\u00e1s humildes, asegura L\u00f3pez Obrador -\" \/>\n<meta property=\"og:description\" content=\"Ley de Amnist\u00eda beneficiar\u00eda a los m\u00e1s humildes, asegura L\u00f3pez Obrador Por Redacci\u00f3n QP\" \/>\n<meta property=\"og:url\" content=\"https:\/\/quehacerpolitico.mx\/?p=38593\" \/>\n<meta property=\"article:published_time\" content=\"2019-09-17T15:08:08+00:00\" \/>\n<meta name=\"author\" content=\"Redacci\u00f3n QP\" \/>\n<meta name=\"twitter:card\" content=\"summary_large_image\" \/>\n<meta name=\"twitter:label1\" content=\"Escrito por\" \/>\n\t<meta name=\"twitter:data1\" content=\"Redacci\u00f3n QP\" \/>\n\t<meta name=\"twitter:label2\" content=\"Tiempo de lectura\" \/>\n\t<meta name=\"twitter:data2\" content=\"2 minutos\" \/>\n<script type=\"application\/ld+json\" class=\"yoast-schema-graph\">{\"@context\":\"https:\\\/\\\/schema.org\",\"@graph\":[{\"@type\":\"Article\",\"@id\":\"https:\\\/\\\/quehacerpolitico.mx\\\/?p=38593#article\",\"isPartOf\":{\"@id\":\"https:\\\/\\\/quehacerpolitico.mx\\\/?p=38593\"},\"author\":{\"name\":\"Redacci\u00f3n QP\",\"@id\":\"https:\\\/\\\/quehacerpolitico.mx\\\/#\\\/schema\\\/person\\\/496d8ad2d1d3f8036101dca7ee39e585\"},\"headline\":\"Ley de Amnist\u00eda beneficiar\u00eda a los m\u00e1s humildes, asegura L\u00f3pez Obrador\",\"datePublished\":\"2019-09-17T15:08:08+00:00\",\"mainEntityOfPage\":{\"@id\":\"https:\\\/\\\/quehacerpolitico.mx\\\/?p=38593\"},\"wordCount\":448,\"commentCount\":0,\"image\":{\"@id\":\"https:\\\/\\\/quehacerpolitico.mx\\\/?p=38593#primaryimage\"},\"thumbnailUrl\":\"\",\"articleSection\":[\"Noticias\"],\"inLanguage\":\"es\",\"potentialAction\":[{\"@type\":\"CommentAction\",\"name\":\"Comment\",\"target\":[\"https:\\\/\\\/quehacerpolitico.mx\\\/?p=38593#respond\"]}]},{\"@type\":\"WebPage\",\"@id\":\"https:\\\/\\\/quehacerpolitico.mx\\\/?p=38593\",\"url\":\"https:\\\/\\\/quehacerpolitico.mx\\\/?p=38593\",\"name\":\"Ley de Amnist\u00eda beneficiar\u00eda a los m\u00e1s humildes, asegura L\u00f3pez Obrador -\",\"isPartOf\":{\"@id\":\"https:\\\/\\\/quehacerpolitico.mx\\\/#website\"},\"primaryImageOfPage\":{\"@id\":\"https:\\\/\\\/quehacerpolitico.mx\\\/?p=38593#primaryimage\"},\"image\":{\"@id\":\"https:\\\/\\\/quehacerpolitico.mx\\\/?p=38593#primaryimage\"},\"thumbnailUrl\":\"\",\"datePublished\":\"2019-09-17T15:08:08+00:00\",\"author\":{\"@id\":\"https:\\\/\\\/quehacerpolitico.mx\\\/#\\\/schema\\\/person\\\/496d8ad2d1d3f8036101dca7ee39e585\"},\"breadcrumb\":{\"@id\":\"https:\\\/\\\/quehacerpolitico.mx\\\/?p=38593#breadcrumb\"},\"inLanguage\":\"es\",\"potentialAction\":[{\"@type\":\"ReadAction\",\"target\":[\"https:\\\/\\\/quehacerpolitico.mx\\\/?p=38593\"]}]},{\"@type\":\"ImageObject\",\"inLanguage\":\"es\",\"@id\":\"https:\\\/\\\/quehacerpolitico.mx\\\/?p=38593#primaryimage\",\"url\":\"\",\"contentUrl\":\"\"},{\"@type\":\"BreadcrumbList\",\"@id\":\"https:\\\/\\\/quehacerpolitico.mx\\\/?p=38593#breadcrumb\",\"itemListElement\":[{\"@type\":\"ListItem\",\"position\":1,\"name\":\"Inicio\",\"item\":\"https:\\\/\\\/quehacerpolitico.mx\\\/\"},{\"@type\":\"ListItem\",\"position\":2,\"name\":\"Ley de Amnist\u00eda beneficiar\u00eda a los m\u00e1s humildes, asegura L\u00f3pez Obrador\"}]},{\"@type\":\"WebSite\",\"@id\":\"https:\\\/\\\/quehacerpolitico.mx\\\/#website\",\"url\":\"https:\\\/\\\/quehacerpolitico.mx\\\/\",\"name\":\"\",\"description\":\"\",\"potentialAction\":[{\"@type\":\"SearchAction\",\"target\":{\"@type\":\"EntryPoint\",\"urlTemplate\":\"https:\\\/\\\/quehacerpolitico.mx\\\/?s={search_term_string}\"},\"query-input\":{\"@type\":\"PropertyValueSpecification\",\"valueRequired\":true,\"valueName\":\"search_term_string\"}}],\"inLanguage\":\"es\"},{\"@type\":\"Person\",\"@id\":\"https:\\\/\\\/quehacerpolitico.mx\\\/#\\\/schema\\\/person\\\/496d8ad2d1d3f8036101dca7ee39e585\",\"name\":\"Redacci\u00f3n QP\",\"image\":{\"@type\":\"ImageObject\",\"inLanguage\":\"es\",\"@id\":\"https:\\\/\\\/secure.gravatar.com\\\/avatar\\\/c7164ed6fdec453195284ad24a5ae5b6e1eed2b848477fa2a4787ba9adf39a41?s=96&d=mm&r=g\",\"url\":\"https:\\\/\\\/secure.gravatar.com\\\/avatar\\\/c7164ed6fdec453195284ad24a5ae5b6e1eed2b848477fa2a4787ba9adf39a41?s=96&d=mm&r=g\",\"contentUrl\":\"https:\\\/\\\/secure.gravatar.com\\\/avatar\\\/c7164ed6fdec453195284ad24a5ae5b6e1eed2b848477fa2a4787ba9adf39a41?s=96&d=mm&r=g\",\"caption\":\"Redacci\u00f3n QP\"},\"url\":\"https:\\\/\\\/quehacerpolitico.mx\\\/?author=2\"}]}<\/script>\n<!-- \/ Yoast SEO plugin. -->","yoast_head_json":{"title":"Ley de Amnist\u00eda beneficiar\u00eda a los m\u00e1s humildes, asegura L\u00f3pez Obrador -","robots":{"index":"index","follow":"follow","max-snippet":"max-snippet:-1","max-image-preview":"max-image-preview:large","max-video-preview":"max-video-preview:-1"},"canonical":"https:\/\/quehacerpolitico.mx\/?p=38593","og_locale":"es_MX","og_type":"article","og_title":"Ley de Amnist\u00eda beneficiar\u00eda a los m\u00e1s humildes, asegura L\u00f3pez Obrador -","og_description":"Ley de Amnist\u00eda beneficiar\u00eda a los m\u00e1s humildes, asegura L\u00f3pez Obrador Por Redacci\u00f3n QP","og_url":"https:\/\/quehacerpolitico.mx\/?p=38593","article_published_time":"2019-09-17T15:08:08+00:00","author":"Redacci\u00f3n QP","twitter_card":"summary_large_image","twitter_misc":{"Escrito por":"Redacci\u00f3n QP","Tiempo de lectura":"2 minutos"},"schema":{"@context":"https:\/\/schema.org","@graph":[{"@type":"Article","@id":"https:\/\/quehacerpolitico.mx\/?p=38593#article","isPartOf":{"@id":"https:\/\/quehacerpolitico.mx\/?p=38593"},"author":{"name":"Redacci\u00f3n QP","@id":"https:\/\/quehacerpolitico.mx\/#\/schema\/person\/496d8ad2d1d3f8036101dca7ee39e585"},"headline":"Ley de Amnist\u00eda beneficiar\u00eda a los m\u00e1s humildes, asegura L\u00f3pez Obrador","datePublished":"2019-09-17T15:08:08+00:00","mainEntityOfPage":{"@id":"https:\/\/quehacerpolitico.mx\/?p=38593"},"wordCount":448,"commentCount":0,"image":{"@id":"https:\/\/quehacerpolitico.mx\/?p=38593#primaryimage"},"thumbnailUrl":"","articleSection":["Noticias"],"inLanguage":"es","potentialAction":[{"@type":"CommentAction","name":"Comment","target":["https:\/\/quehacerpolitico.mx\/?p=38593#respond"]}]},{"@type":"WebPage","@id":"https:\/\/quehacerpolitico.mx\/?p=38593","url":"https:\/\/quehacerpolitico.mx\/?p=38593","name":"Ley de Amnist\u00eda beneficiar\u00eda a los m\u00e1s humildes, asegura L\u00f3pez Obrador -","isPartOf":{"@id":"https:\/\/quehacerpolitico.mx\/#website"},"primaryImageOfPage":{"@id":"https:\/\/quehacerpolitico.mx\/?p=38593#primaryimage"},"image":{"@id":"https:\/\/quehacerpolitico.mx\/?p=38593#primaryimage"},"thumbnailUrl":"","datePublished":"2019-09-17T15:08:08+00:00","author":{"@id":"https:\/\/quehacerpolitico.mx\/#\/schema\/person\/496d8ad2d1d3f8036101dca7ee39e585"},"breadcrumb":{"@id":"https:\/\/quehacerpolitico.mx\/?p=38593#breadcrumb"},"inLanguage":"es","potentialAction":[{"@type":"ReadAction","target":["https:\/\/quehacerpolitico.mx\/?p=38593"]}]},{"@type":"ImageObject","inLanguage":"es","@id":"https:\/\/quehacerpolitico.mx\/?p=38593#primaryimage","url":"","contentUrl":""},{"@type":"BreadcrumbList","@id":"https:\/\/quehacerpolitico.mx\/?p=38593#breadcrumb","itemListElement":[{"@type":"ListItem","position":1,"name":"Inicio","item":"https:\/\/quehacerpolitico.mx\/"},{"@type":"ListItem","position":2,"name":"Ley de Amnist\u00eda beneficiar\u00eda a los m\u00e1s humildes, asegura L\u00f3pez Obrador"}]},{"@type":"WebSite","@id":"https:\/\/quehacerpolitico.mx\/#website","url":"https:\/\/quehacerpolitico.mx\/","name":"","description":"","potentialAction":[{"@type":"SearchAction","target":{"@type":"EntryPoint","urlTemplate":"https:\/\/quehacerpolitico.mx\/?s={search_term_string}"},"query-input":{"@type":"PropertyValueSpecification","valueRequired":true,"valueName":"search_term_string"}}],"inLanguage":"es"},{"@type":"Person","@id":"https:\/\/quehacerpolitico.mx\/#\/schema\/person\/496d8ad2d1d3f8036101dca7ee39e585","name":"Redacci\u00f3n QP","image":{"@type":"ImageObject","inLanguage":"es","@id":"https:\/\/secure.gravatar.com\/avatar\/c7164ed6fdec453195284ad24a5ae5b6e1eed2b848477fa2a4787ba9adf39a41?s=96&d=mm&r=g","url":"https:\/\/secure.gravatar.com\/avatar\/c7164ed6fdec453195284ad24a5ae5b6e1eed2b848477fa2a4787ba9adf39a41?s=96&d=mm&r=g","contentUrl":"https:\/\/secure.gravatar.com\/avatar\/c7164ed6fdec453195284ad24a5ae5b6e1eed2b848477fa2a4787ba9adf39a41?s=96&d=mm&r=g","caption":"Redacci\u00f3n QP"},"url":"https:\/\/quehacerpolitico.mx\/?author=2"}]}},"featured_image_urls":{"full":"","thumbnail":"","medium":"","medium_large":"","large":"","1536x1536":"","2048x2048":"","covernews-featured":"","covernews-medium":""},"author_info":{"display_name":"Redacci\u00f3n QP","author_link":"https:\/\/quehacerpolitico.mx\/?author=2"},"category_info":"<a href=\"https:\/\/quehacerpolitico.mx\/?cat=2\" rel=\"category\">Noticias<\/a>","tag_info":"Noticias","comment_count":"0","_links":{"self":[{"href":"https:\/\/quehacerpolitico.mx\/index.php?rest_route=\/wp\/v2\/posts\/38593","targetHints":{"allow":["GET"]}}],"collection":[{"href":"https:\/\/quehacerpolitico.mx\/index.php?rest_route=\/wp\/v2\/posts"}],"about":[{"href":"https:\/\/quehacerpolitico.mx\/index.php?rest_route=\/wp\/v2\/types\/post"}],"author":[{"embeddable":true,"href":"https:\/\/quehacerpolitico.mx\/index.php?rest_route=\/wp\/v2\/users\/2"}],"replies":[{"embeddable":true,"href":"https:\/\/quehacerpolitico.mx\/index.php?rest_route=%2Fwp%2Fv2%2Fcomments&post=38593"}],"version-history":[{"count":0,"href":"https:\/\/quehacerpolitico.mx\/index.php?rest_route=\/wp\/v2\/posts\/38593\/revisions"}],"wp:featuredmedia":[{"embeddable":true,"href":"https:\/\/quehacerpolitico.mx\/index.php?rest_route=\/"}],"wp:attachment":[{"href":"https:\/\/quehacerpolitico.mx\/index.php?rest_route=%2Fwp%2Fv2%2Fmedia&parent=38593"}],"wp:term":[{"taxonomy":"category","embeddable":true,"href":"https:\/\/quehacerpolitico.mx\/index.php?rest_route=%2Fwp%2Fv2%2Fcategories&post=38593"},{"taxonomy":"post_tag","embeddable":true,"href":"https:\/\/quehacerpolitico.mx\/index.php?rest_route=%2Fwp%2Fv2%2Ftags&post=38593"}],"curies":[{"name":"wp","href":"https:\/\/api.w.org\/{rel}","templated":true}]}}