{"id":38140,"date":"2019-09-11T21:56:45","date_gmt":"2019-09-11T21:56:45","guid":{"rendered":"http:\/\/quehacerpolitico.mx\/migrante-africana-registra-a-su-hijo-con-el-nombre-de-andres-manuel-lopez-obrador\/"},"modified":"2019-09-11T21:56:45","modified_gmt":"2019-09-11T21:56:45","slug":"migrante-africana-registra-a-su-hijo-con-el-nombre-de-andres-manuel-lopez-obrador","status":"publish","type":"post","link":"https:\/\/quehacerpolitico.mx\/?p=38140","title":{"rendered":"Migrante africana registra a su hijo con el nombre de Andr\u00e9s Manuel L\u00f3pez Obrador"},"content":{"rendered":"<h1 class=\"news-title\">Migrante africana registra a su hijo con el nombre de Andr\u00e9s Manuel L\u00f3pez Obrador<\/h1>\n<p>Por Redacci\u00f3n QP<\/p>\n<p>La mujer y su beb\u00e9 nacido en M\u00e9xico permanecen afuera de la estaci\u00f3n migratoria de Tapachula<\/p>\n<div class=\"mod-photogallery\" data-pagination=\".swiper-pagination\" data-id=\"article-photogallery\">\n<div class=\"swiper-container swiper-container-horizontal\">\n<div class=\"swiper-wrapper\">\n<figure class=\"swiper-slide swiper-image active swiper-slide-active\" data-index=\"0\">\n<div class=\"swiper-responsive\" data-openfullscreen=\"\"><img loading=\"lazy\" decoding=\"async\" title=\"Kumba tuvo a su beb\u00e9 en la ciudad de Tapachula la semana pasada. En la imagen, ayer en la casa de campa\u00f1a donde se refugia afuera de la estaci\u00f3n migratoria Siglo 21 en Tapachula.EFE\/ARCHIVO\" src=\"https:\/\/www.informador.mx\/__export\/1568235996493\/sites\/elinformador\/img\/2019\/09\/11\/10migrantechiapasefe.jpg_1970638775.jpg\" alt=\"Kumba tuvo a su beb\u00e9 en la ciudad de Tapachula la semana pasada. En la imagen, ayer en la casa de campa\u00f1a donde se refugia afuera de la estaci\u00f3n migratoria Siglo 21 en Tapachula.EFE\/ARCHIVO\" width=\"320\" height=\"320\" data-fullscreen=\"\/__export\/1568235996493\/sites\/elinformador\/img\/2019\/09\/11\/10migrantechiapasefe.jpg_1709026569.jpg\" \/><\/div><figcaption class=\"swiper-caption\"><\/figcaption><\/figure>\n<figure class=\"swiper-slide swiper-image swiper-slide-next\" data-index=\"0\">\n<div class=\"swiper-responsive\" data-openfullscreen=\"\"><button class=\"swiper-fullscreen icon icon__fullscreen_outline\"><\/button><img loading=\"lazy\" decoding=\"async\" title=\"EFE\/ARCHIVO\" src=\"https:\/\/www.informador.mx\/__export\/1568236077030\/sites\/elinformador\/img\/2019\/09\/11\/10congolenaefe.jpg_1970638775.jpg\" alt=\"EFE\/ARCHIVO\" width=\"320\" height=\"320\" data-fullscreen=\"\/__export\/1568236077030\/sites\/elinformador\/img\/2019\/09\/11\/10congolenaefe.jpg_1709026569.jpg\" \/><\/div><figcaption class=\"swiper-caption\"><\/figcaption><\/figure>\n<\/div>\n<\/div>\n<\/div>\n<div class=\"news-body row\">\n<p>Con el nombre de &#8220;<strong>Andr\u00e9s Manuel L\u00f3pez Obrador Nsakala Miguelita<\/strong>&#8221; fue registrado esta ma\u00f1ana de mi\u00e9rcoles un beb\u00e9 de padres africanos, que naci\u00f3 hace ocho d\u00edas en el Hospital Regional de Tapachula, Chiapas, localizada a unos 45 kil\u00f3metros de la frontera con Guatemala.<\/p>\n<div id=\"div-gpt-ad-1548262875188-0\" data-google-query-id=\"CJ7N4cfgyeQCFUQ7TwodVEwGkg\">\n<div id=\"google_ads_iframe_\/1001694\/INF_intext_1_0__container__\">Kumba, madre del ni\u00f1o, es una de las <strong>migrantes africanas que permanece afuera de la estaci\u00f3n migratoria Siglo 21<\/strong> junto con unos 200 de sus connacionales que se han enfrentado con la Guardia Nacional y la Polic\u00eda Federal, en protesta para exigir al gobierno de M\u00e9xico les otorgue el oficio de salida para que puedan continuar su viaje a Estados Unidos\u00a0y solicitar refugio.<\/div>\n<\/div>\n<p>La madre del menor, quien dej\u00f3 en su pa\u00eds a tres menores hijos con su padre y con tres meses de embarazo, en su escaso espa\u00f1ol explic\u00f3 que <strong>en tres meses recorri\u00f3 varios pa\u00edses de Centro y Sudam\u00e9rica<\/strong> hasta llegar a M\u00e9xico el pasado mes de julio.<\/p>\n<p>Abund\u00f3 que desde esa fecha, junto con el resto de sus connacionales han dormido en peque\u00f1as casas de campa\u00f1as, a escasos metros de la estaci\u00f3n migratoria Siglo 21, pero desde hace 20 d\u00edas se mantienen en la explanada exterior en espera de que les entreguen el oficio de salida para que pueda continuar su viaje.<\/p>\n<p>Kumba, quien acudi\u00f3 al Registro Civil n\u00famero tres con sus testigos, explic\u00f3 que decidi\u00f3 poner el nombre del Presidente de M\u00e9xico a su hijo\u00a0<strong>debido a que lo considera una persona honesta<\/strong>.<\/p>\n<p>La mujer, con el peque\u00f1o en brazos, fue recibida por Carlos Antonio L\u00f3pez Tapia, oficial del Registro Civil n\u00famero tres de esta ciudad.<\/p>\n<p>Tras cumplir con la documentaci\u00f3n y requisitos de acuerdo con el Art\u00edculo 47, el oficial del Registro Civil dijo que ahora <strong>el ni\u00f1o mexicano Andr\u00e9s Manuel L\u00f3pez Obrador Nsakla Miguelita<\/strong>adquiri\u00f3 todos los derechos como lo establece la Carta Magna en el Art\u00edculo 30 Constitucional.<\/p>\n<p>El funcionario estatal entreg\u00f3 a la madre un oficio donde solicitan la inscripci\u00f3n de nacimiento en la oficial\u00eda para efectos de obtener el certificado de nacimiento.<\/p>\n<p>Ante medios de comunicaci\u00f3n, la mujer africana hizo un llamado al Gobierno de M\u00e9xico para que le otorguen el <strong>oficio de salida y pueda continuar su viaje a la frontera Norte<\/strong>, ya que la casa de campa\u00f1a donde actualmente vive con su menor hijo no cuenta con las condiciones necesarias y sufre las inclemencias del tiempo como el calor y la lluvia.<\/p>\n<p>L\u00f3pez Tapia dio a conocer que en que en el primer semestre del a\u00f1o se han registrado a <strong>12 menores de Hait\u00ed, Angola y El Congo<\/strong>, debido a la emergencia migratoria que se tiene en el pa\u00eds.<\/p>\n<p>Este martes, el Presidente L\u00f3pez Obrador se enter\u00f3 de la noticia durante su conferencia matutina en Palacio Nacional y afirm\u00f3 que se siente orgulloso por la decisi\u00f3n de la pareja.<\/p>\n<p>&#8220;No lo sab\u00eda y me da mucho orgullo. Pero es su decisi\u00f3n\u2026 le mando un abrazo cari\u00f1os\u00edsimo porque los migrantes sufren mucho&#8221;, refiri\u00f3.<\/p>\n<p>Con Informaci\u00f3n de SUN<\/p>\n<\/div>\n","protected":false},"excerpt":{"rendered":"<p>Migrante africana registra a su hijo con el nombre de Andr\u00e9s Manuel L\u00f3pez Obrador<br \/>\nPor Redacci\u00f3n QP<\/p>\n","protected":false},"author":2,"featured_media":38139,"comment_status":"open","ping_status":"open","sticky":false,"template":"","format":"standard","meta":{"_monsterinsights_skip_tracking":false,"_monsterinsights_sitenote_active":false,"_monsterinsights_sitenote_note":"","_monsterinsights_sitenote_category":0,"footnotes":""},"categories":[2],"tags":[],"class_list":["post-38140","post","type-post","status-publish","format-standard","has-post-thumbnail","hentry","category-noticias"],"yoast_head":"<!-- This site is optimized with the Yoast SEO plugin v27.3 - https:\/\/yoast.com\/product\/yoast-seo-wordpress\/ -->\n<title>Migrante africana registra a su hijo con el nombre de Andr\u00e9s Manuel L\u00f3pez Obrador -<\/title>\n<meta name=\"robots\" content=\"index, follow, max-snippet:-1, max-image-preview:large, max-video-preview:-1\" \/>\n<link rel=\"canonical\" href=\"https:\/\/quehacerpolitico.mx\/?p=38140\" \/>\n<meta property=\"og:locale\" content=\"es_MX\" \/>\n<meta property=\"og:type\" content=\"article\" \/>\n<meta property=\"og:title\" content=\"Migrante africana registra a su hijo con el nombre de Andr\u00e9s Manuel L\u00f3pez Obrador -\" \/>\n<meta property=\"og:description\" content=\"Migrante africana registra a su hijo con el nombre de Andr\u00e9s Manuel L\u00f3pez Obrador Por Redacci\u00f3n QP\" \/>\n<meta property=\"og:url\" content=\"https:\/\/quehacerpolitico.mx\/?p=38140\" \/>\n<meta property=\"article:published_time\" content=\"2019-09-11T21:56:45+00:00\" \/>\n<meta name=\"author\" content=\"Redacci\u00f3n QP\" \/>\n<meta name=\"twitter:card\" content=\"summary_large_image\" \/>\n<meta name=\"twitter:label1\" content=\"Escrito por\" \/>\n\t<meta name=\"twitter:data1\" content=\"Redacci\u00f3n QP\" \/>\n\t<meta name=\"twitter:label2\" content=\"Tiempo de lectura\" \/>\n\t<meta name=\"twitter:data2\" content=\"3 minutos\" \/>\n<script type=\"application\/ld+json\" class=\"yoast-schema-graph\">{\"@context\":\"https:\\\/\\\/schema.org\",\"@graph\":[{\"@type\":\"Article\",\"@id\":\"https:\\\/\\\/quehacerpolitico.mx\\\/?p=38140#article\",\"isPartOf\":{\"@id\":\"https:\\\/\\\/quehacerpolitico.mx\\\/?p=38140\"},\"author\":{\"name\":\"Redacci\u00f3n QP\",\"@id\":\"https:\\\/\\\/quehacerpolitico.mx\\\/#\\\/schema\\\/person\\\/496d8ad2d1d3f8036101dca7ee39e585\"},\"headline\":\"Migrante africana registra a su hijo con el nombre de Andr\u00e9s Manuel L\u00f3pez Obrador\",\"datePublished\":\"2019-09-11T21:56:45+00:00\",\"mainEntityOfPage\":{\"@id\":\"https:\\\/\\\/quehacerpolitico.mx\\\/?p=38140\"},\"wordCount\":581,\"commentCount\":0,\"image\":{\"@id\":\"https:\\\/\\\/quehacerpolitico.mx\\\/?p=38140#primaryimage\"},\"thumbnailUrl\":\"\",\"articleSection\":[\"Noticias\"],\"inLanguage\":\"es\",\"potentialAction\":[{\"@type\":\"CommentAction\",\"name\":\"Comment\",\"target\":[\"https:\\\/\\\/quehacerpolitico.mx\\\/?p=38140#respond\"]}]},{\"@type\":\"WebPage\",\"@id\":\"https:\\\/\\\/quehacerpolitico.mx\\\/?p=38140\",\"url\":\"https:\\\/\\\/quehacerpolitico.mx\\\/?p=38140\",\"name\":\"Migrante africana registra a su hijo con el nombre de Andr\u00e9s Manuel L\u00f3pez Obrador -\",\"isPartOf\":{\"@id\":\"https:\\\/\\\/quehacerpolitico.mx\\\/#website\"},\"primaryImageOfPage\":{\"@id\":\"https:\\\/\\\/quehacerpolitico.mx\\\/?p=38140#primaryimage\"},\"image\":{\"@id\":\"https:\\\/\\\/quehacerpolitico.mx\\\/?p=38140#primaryimage\"},\"thumbnailUrl\":\"\",\"datePublished\":\"2019-09-11T21:56:45+00:00\",\"author\":{\"@id\":\"https:\\\/\\\/quehacerpolitico.mx\\\/#\\\/schema\\\/person\\\/496d8ad2d1d3f8036101dca7ee39e585\"},\"breadcrumb\":{\"@id\":\"https:\\\/\\\/quehacerpolitico.mx\\\/?p=38140#breadcrumb\"},\"inLanguage\":\"es\",\"potentialAction\":[{\"@type\":\"ReadAction\",\"target\":[\"https:\\\/\\\/quehacerpolitico.mx\\\/?p=38140\"]}]},{\"@type\":\"ImageObject\",\"inLanguage\":\"es\",\"@id\":\"https:\\\/\\\/quehacerpolitico.mx\\\/?p=38140#primaryimage\",\"url\":\"\",\"contentUrl\":\"\"},{\"@type\":\"BreadcrumbList\",\"@id\":\"https:\\\/\\\/quehacerpolitico.mx\\\/?p=38140#breadcrumb\",\"itemListElement\":[{\"@type\":\"ListItem\",\"position\":1,\"name\":\"Inicio\",\"item\":\"https:\\\/\\\/quehacerpolitico.mx\\\/\"},{\"@type\":\"ListItem\",\"position\":2,\"name\":\"Migrante africana registra a su hijo con el nombre de Andr\u00e9s Manuel L\u00f3pez Obrador\"}]},{\"@type\":\"WebSite\",\"@id\":\"https:\\\/\\\/quehacerpolitico.mx\\\/#website\",\"url\":\"https:\\\/\\\/quehacerpolitico.mx\\\/\",\"name\":\"\",\"description\":\"\",\"potentialAction\":[{\"@type\":\"SearchAction\",\"target\":{\"@type\":\"EntryPoint\",\"urlTemplate\":\"https:\\\/\\\/quehacerpolitico.mx\\\/?s={search_term_string}\"},\"query-input\":{\"@type\":\"PropertyValueSpecification\",\"valueRequired\":true,\"valueName\":\"search_term_string\"}}],\"inLanguage\":\"es\"},{\"@type\":\"Person\",\"@id\":\"https:\\\/\\\/quehacerpolitico.mx\\\/#\\\/schema\\\/person\\\/496d8ad2d1d3f8036101dca7ee39e585\",\"name\":\"Redacci\u00f3n QP\",\"image\":{\"@type\":\"ImageObject\",\"inLanguage\":\"es\",\"@id\":\"https:\\\/\\\/secure.gravatar.com\\\/avatar\\\/c7164ed6fdec453195284ad24a5ae5b6e1eed2b848477fa2a4787ba9adf39a41?s=96&d=mm&r=g\",\"url\":\"https:\\\/\\\/secure.gravatar.com\\\/avatar\\\/c7164ed6fdec453195284ad24a5ae5b6e1eed2b848477fa2a4787ba9adf39a41?s=96&d=mm&r=g\",\"contentUrl\":\"https:\\\/\\\/secure.gravatar.com\\\/avatar\\\/c7164ed6fdec453195284ad24a5ae5b6e1eed2b848477fa2a4787ba9adf39a41?s=96&d=mm&r=g\",\"caption\":\"Redacci\u00f3n QP\"},\"url\":\"https:\\\/\\\/quehacerpolitico.mx\\\/?author=2\"}]}<\/script>\n<!-- \/ Yoast SEO plugin. -->","yoast_head_json":{"title":"Migrante africana registra a su hijo con el nombre de Andr\u00e9s Manuel L\u00f3pez Obrador -","robots":{"index":"index","follow":"follow","max-snippet":"max-snippet:-1","max-image-preview":"max-image-preview:large","max-video-preview":"max-video-preview:-1"},"canonical":"https:\/\/quehacerpolitico.mx\/?p=38140","og_locale":"es_MX","og_type":"article","og_title":"Migrante africana registra a su hijo con el nombre de Andr\u00e9s Manuel L\u00f3pez Obrador -","og_description":"Migrante africana registra a su hijo con el nombre de Andr\u00e9s Manuel L\u00f3pez Obrador Por Redacci\u00f3n QP","og_url":"https:\/\/quehacerpolitico.mx\/?p=38140","article_published_time":"2019-09-11T21:56:45+00:00","author":"Redacci\u00f3n QP","twitter_card":"summary_large_image","twitter_misc":{"Escrito por":"Redacci\u00f3n QP","Tiempo de lectura":"3 minutos"},"schema":{"@context":"https:\/\/schema.org","@graph":[{"@type":"Article","@id":"https:\/\/quehacerpolitico.mx\/?p=38140#article","isPartOf":{"@id":"https:\/\/quehacerpolitico.mx\/?p=38140"},"author":{"name":"Redacci\u00f3n QP","@id":"https:\/\/quehacerpolitico.mx\/#\/schema\/person\/496d8ad2d1d3f8036101dca7ee39e585"},"headline":"Migrante africana registra a su hijo con el nombre de Andr\u00e9s Manuel L\u00f3pez Obrador","datePublished":"2019-09-11T21:56:45+00:00","mainEntityOfPage":{"@id":"https:\/\/quehacerpolitico.mx\/?p=38140"},"wordCount":581,"commentCount":0,"image":{"@id":"https:\/\/quehacerpolitico.mx\/?p=38140#primaryimage"},"thumbnailUrl":"","articleSection":["Noticias"],"inLanguage":"es","potentialAction":[{"@type":"CommentAction","name":"Comment","target":["https:\/\/quehacerpolitico.mx\/?p=38140#respond"]}]},{"@type":"WebPage","@id":"https:\/\/quehacerpolitico.mx\/?p=38140","url":"https:\/\/quehacerpolitico.mx\/?p=38140","name":"Migrante africana registra a su hijo con el nombre de Andr\u00e9s Manuel L\u00f3pez Obrador -","isPartOf":{"@id":"https:\/\/quehacerpolitico.mx\/#website"},"primaryImageOfPage":{"@id":"https:\/\/quehacerpolitico.mx\/?p=38140#primaryimage"},"image":{"@id":"https:\/\/quehacerpolitico.mx\/?p=38140#primaryimage"},"thumbnailUrl":"","datePublished":"2019-09-11T21:56:45+00:00","author":{"@id":"https:\/\/quehacerpolitico.mx\/#\/schema\/person\/496d8ad2d1d3f8036101dca7ee39e585"},"breadcrumb":{"@id":"https:\/\/quehacerpolitico.mx\/?p=38140#breadcrumb"},"inLanguage":"es","potentialAction":[{"@type":"ReadAction","target":["https:\/\/quehacerpolitico.mx\/?p=38140"]}]},{"@type":"ImageObject","inLanguage":"es","@id":"https:\/\/quehacerpolitico.mx\/?p=38140#primaryimage","url":"","contentUrl":""},{"@type":"BreadcrumbList","@id":"https:\/\/quehacerpolitico.mx\/?p=38140#breadcrumb","itemListElement":[{"@type":"ListItem","position":1,"name":"Inicio","item":"https:\/\/quehacerpolitico.mx\/"},{"@type":"ListItem","position":2,"name":"Migrante africana registra a su hijo con el nombre de Andr\u00e9s Manuel L\u00f3pez Obrador"}]},{"@type":"WebSite","@id":"https:\/\/quehacerpolitico.mx\/#website","url":"https:\/\/quehacerpolitico.mx\/","name":"","description":"","potentialAction":[{"@type":"SearchAction","target":{"@type":"EntryPoint","urlTemplate":"https:\/\/quehacerpolitico.mx\/?s={search_term_string}"},"query-input":{"@type":"PropertyValueSpecification","valueRequired":true,"valueName":"search_term_string"}}],"inLanguage":"es"},{"@type":"Person","@id":"https:\/\/quehacerpolitico.mx\/#\/schema\/person\/496d8ad2d1d3f8036101dca7ee39e585","name":"Redacci\u00f3n QP","image":{"@type":"ImageObject","inLanguage":"es","@id":"https:\/\/secure.gravatar.com\/avatar\/c7164ed6fdec453195284ad24a5ae5b6e1eed2b848477fa2a4787ba9adf39a41?s=96&d=mm&r=g","url":"https:\/\/secure.gravatar.com\/avatar\/c7164ed6fdec453195284ad24a5ae5b6e1eed2b848477fa2a4787ba9adf39a41?s=96&d=mm&r=g","contentUrl":"https:\/\/secure.gravatar.com\/avatar\/c7164ed6fdec453195284ad24a5ae5b6e1eed2b848477fa2a4787ba9adf39a41?s=96&d=mm&r=g","caption":"Redacci\u00f3n QP"},"url":"https:\/\/quehacerpolitico.mx\/?author=2"}]}},"featured_image_urls":{"full":"","thumbnail":"","medium":"","medium_large":"","large":"","1536x1536":"","2048x2048":"","covernews-featured":"","covernews-medium":""},"author_info":{"display_name":"Redacci\u00f3n QP","author_link":"https:\/\/quehacerpolitico.mx\/?author=2"},"category_info":"<a href=\"https:\/\/quehacerpolitico.mx\/?cat=2\" rel=\"category\">Noticias<\/a>","tag_info":"Noticias","comment_count":"0","_links":{"self":[{"href":"https:\/\/quehacerpolitico.mx\/index.php?rest_route=\/wp\/v2\/posts\/38140","targetHints":{"allow":["GET"]}}],"collection":[{"href":"https:\/\/quehacerpolitico.mx\/index.php?rest_route=\/wp\/v2\/posts"}],"about":[{"href":"https:\/\/quehacerpolitico.mx\/index.php?rest_route=\/wp\/v2\/types\/post"}],"author":[{"embeddable":true,"href":"https:\/\/quehacerpolitico.mx\/index.php?rest_route=\/wp\/v2\/users\/2"}],"replies":[{"embeddable":true,"href":"https:\/\/quehacerpolitico.mx\/index.php?rest_route=%2Fwp%2Fv2%2Fcomments&post=38140"}],"version-history":[{"count":0,"href":"https:\/\/quehacerpolitico.mx\/index.php?rest_route=\/wp\/v2\/posts\/38140\/revisions"}],"wp:featuredmedia":[{"embeddable":true,"href":"https:\/\/quehacerpolitico.mx\/index.php?rest_route=\/"}],"wp:attachment":[{"href":"https:\/\/quehacerpolitico.mx\/index.php?rest_route=%2Fwp%2Fv2%2Fmedia&parent=38140"}],"wp:term":[{"taxonomy":"category","embeddable":true,"href":"https:\/\/quehacerpolitico.mx\/index.php?rest_route=%2Fwp%2Fv2%2Fcategories&post=38140"},{"taxonomy":"post_tag","embeddable":true,"href":"https:\/\/quehacerpolitico.mx\/index.php?rest_route=%2Fwp%2Fv2%2Ftags&post=38140"}],"curies":[{"name":"wp","href":"https:\/\/api.w.org\/{rel}","templated":true}]}}