{"id":38137,"date":"2019-09-11T21:48:58","date_gmt":"2019-09-11T21:48:58","guid":{"rendered":"http:\/\/quehacerpolitico.mx\/hoy-que-estan-en-el-gobierno-no-dan-una-dice-pri-a-morena\/"},"modified":"2019-09-11T21:48:58","modified_gmt":"2019-09-11T21:48:58","slug":"hoy-que-estan-en-el-gobierno-no-dan-una-dice-pri-a-morena","status":"publish","type":"post","link":"https:\/\/quehacerpolitico.mx\/?p=38137","title":{"rendered":"&#8220;Hoy que est\u00e1n en el gobierno, no dan una&#8221;, dice PRI a Morena"},"content":{"rendered":"<h1 class=\"news-title\">&#8220;Hoy que est\u00e1n en el gobierno, no dan una&#8221;, dice PRI a Morena<\/h1>\n<p>Por Redacci\u00f3n QP<\/p>\n<p>Alejandro Moreno asegura que les preocupa &#8220;la visi\u00f3n asistencialista del gobierno actual&#8221;, que no generar\u00e1 empleos<\/p>\n<p>El presidente del Partido Revolucionario Institucional (PRI), Alejandro Moreno C\u00e1rdenas, asegur\u00f3 que quienes acusan a las administraciones pasadas de la situaci\u00f3n actual del pa\u00eds, &#8220;criticaron por muchos a\u00f1os, y hoy que est\u00e1n en el gobierno, no dan una&#8221;.<\/p>\n<p>Moreno ofreci\u00f3 una conferencia de prensa en la sede nacional del PRI, <strong>donde present\u00f3 gr\u00e1ficas con los recortes hechos en el Proyecto de Presupuesto de Egresos federales para 2020, y asegur\u00f3 que les preocupa \u2018la visi\u00f3n asistencialista del gobierno actual\u2019, que no generar\u00e1 empleos<\/strong>.<\/p>\n<blockquote class=\"twitter-tweet\" data-width=\"550\" data-dnt=\"true\">\n<p lang=\"es\" dir=\"ltr\"><a href=\"https:\/\/twitter.com\/hashtag\/NosPreocupaQue?src=hash&amp;ref_src=twsrc%5Etfw\">#NosPreocupaQue<\/a> no hay inversi\u00f3n, ni crecimiento ni generaci\u00f3n de empleos para las familias mexicanas. <a href=\"https:\/\/t.co\/ElXtqjoKWA\">pic.twitter.com\/ElXtqjoKWA<\/a><\/p>\n<p>&mdash; Alejandro Moreno (@alitomorenoc) <a href=\"https:\/\/twitter.com\/alitomorenoc\/status\/1171844862058160128?ref_src=twsrc%5Etfw\">September 11, 2019<\/a><\/p><\/blockquote>\n<p><script async src=\"https:\/\/platform.twitter.com\/widgets.js\" charset=\"utf-8\"><\/script><\/p>\n<p>Afirm\u00f3 que nueve de cada 10 pesos del presupuesto federal se destinar\u00e1n a solamente tres programas sociales: el de pensiones a adultos mayores, a personas con discapacidad y de reforestaci\u00f3n.<\/p>\n<div class=\"banner b2\">\n<div id=\"div-gpt-ad-1505954097040-2\" data-google-query-id=\"CKyMu_DeyeQCFU3HwAodFuoLcQ\">\n<p>En contraste, dijo, <strong>se eliminaron programas como el de empleo temporal, atenci\u00f3n a jornaleros agr\u00edcolas y el de comedores comunitarios<\/strong>.<\/p>\n<p>&#8220;Nos preocupa que el presupuesto se est\u00e9 destinando solamente al asistencialismo que en nada beneficia al crecimiento y desarrollo del pa\u00eds. Nadie est\u00e1 en contra de que se apoye a los grupos vulnerables, pero esta es una pol\u00edtica que no tiene destino ni rumbo, vamos a tener complicaciones&#8221;, se\u00f1al\u00f3.<\/p>\n<p>Sobre el recorte de 19 mil 181 millones de pesos a los programas para impulsar el campo y sobre las manifestaciones que han mantenido grupos campesinos en varios lugares del pa\u00eds por estas acciones, Moreno afirm\u00f3 que los apoyar\u00e1n.<\/p>\n<p><strong>Tambi\u00e9n mostr\u00f3 preocupaci\u00f3n por los recortes al sector tur\u00edstico, que fueron cercanos a los tres mil 751 millones de pesos<\/strong>.<\/p>\n<p>El l\u00edder priista tambi\u00e9n llam\u00f3 a las fracciones parlamentarias en el Congreso a &#8220;ser responsables&#8221; para construir un presupuesto equilibrado. <strong>&#8220;En el Congreso son mayor\u00eda, pero tiene que estar por delante la raz\u00f3n&#8221;<\/strong>, dijo.<\/p>\n<p>Con respecto a la Ley de Ingresos y la iniciativa presentada por el coordinador de Morena en el Senado, Ricardo Monreal, para cobrar impuestos y cuota de contenido nacional a las plataformas digitales de entretenimiento, Moreno C\u00e1rdenas dijo que ellos estar\u00edan a favor, pero revisar\u00e1n el tema con el grupo parlamentario en la C\u00e1mara Alta.<\/p>\n<p>Sin embargo, <strong>aclar\u00f3 que &#8220;el PRI est\u00e1 en contra de la creaci\u00f3n de nuevos impuestos que no beneficien a la poblaci\u00f3n&#8221;<\/strong>.<\/p>\n<p>Con Informaci\u00f3n de SUN<\/p>\n<\/div>\n<\/div>\n","protected":false},"excerpt":{"rendered":"<p>&#8220;Hoy que est\u00e1n en el gobierno, no dan una&#8221;, dice PRI a Morena<br \/>\nPor Redacci\u00f3n QP<\/p>\n","protected":false},"author":2,"featured_media":38136,"comment_status":"open","ping_status":"open","sticky":false,"template":"","format":"standard","meta":{"_monsterinsights_skip_tracking":false,"_monsterinsights_sitenote_active":false,"_monsterinsights_sitenote_note":"","_monsterinsights_sitenote_category":0,"footnotes":""},"categories":[2],"tags":[],"class_list":["post-38137","post","type-post","status-publish","format-standard","has-post-thumbnail","hentry","category-noticias"],"yoast_head":"<!-- This site is optimized with the Yoast SEO plugin v27.3 - https:\/\/yoast.com\/product\/yoast-seo-wordpress\/ -->\n<title>&quot;Hoy que est\u00e1n en el gobierno, no dan una&quot;, dice PRI a Morena -<\/title>\n<meta name=\"robots\" content=\"index, follow, max-snippet:-1, max-image-preview:large, max-video-preview:-1\" \/>\n<link rel=\"canonical\" href=\"https:\/\/quehacerpolitico.mx\/?p=38137\" \/>\n<meta property=\"og:locale\" content=\"es_MX\" \/>\n<meta property=\"og:type\" content=\"article\" \/>\n<meta property=\"og:title\" content=\"&quot;Hoy que est\u00e1n en el gobierno, no dan una&quot;, dice PRI a Morena -\" \/>\n<meta property=\"og:description\" content=\"&quot;Hoy que est\u00e1n en el gobierno, no dan una&quot;, dice PRI a Morena Por Redacci\u00f3n QP\" \/>\n<meta property=\"og:url\" content=\"https:\/\/quehacerpolitico.mx\/?p=38137\" \/>\n<meta property=\"article:published_time\" content=\"2019-09-11T21:48:58+00:00\" \/>\n<meta name=\"author\" content=\"Redacci\u00f3n QP\" \/>\n<meta name=\"twitter:card\" content=\"summary_large_image\" \/>\n<meta name=\"twitter:label1\" content=\"Escrito por\" \/>\n\t<meta name=\"twitter:data1\" content=\"Redacci\u00f3n QP\" \/>\n\t<meta name=\"twitter:label2\" content=\"Tiempo de lectura\" \/>\n\t<meta name=\"twitter:data2\" content=\"2 minutos\" \/>\n<script type=\"application\/ld+json\" class=\"yoast-schema-graph\">{\"@context\":\"https:\\\/\\\/schema.org\",\"@graph\":[{\"@type\":\"Article\",\"@id\":\"https:\\\/\\\/quehacerpolitico.mx\\\/?p=38137#article\",\"isPartOf\":{\"@id\":\"https:\\\/\\\/quehacerpolitico.mx\\\/?p=38137\"},\"author\":{\"name\":\"Redacci\u00f3n QP\",\"@id\":\"https:\\\/\\\/quehacerpolitico.mx\\\/#\\\/schema\\\/person\\\/496d8ad2d1d3f8036101dca7ee39e585\"},\"headline\":\"&#8220;Hoy que est\u00e1n en el gobierno, no dan una&#8221;, dice PRI a Morena\",\"datePublished\":\"2019-09-11T21:48:58+00:00\",\"mainEntityOfPage\":{\"@id\":\"https:\\\/\\\/quehacerpolitico.mx\\\/?p=38137\"},\"wordCount\":434,\"commentCount\":0,\"image\":{\"@id\":\"https:\\\/\\\/quehacerpolitico.mx\\\/?p=38137#primaryimage\"},\"thumbnailUrl\":\"\",\"articleSection\":[\"Noticias\"],\"inLanguage\":\"es\",\"potentialAction\":[{\"@type\":\"CommentAction\",\"name\":\"Comment\",\"target\":[\"https:\\\/\\\/quehacerpolitico.mx\\\/?p=38137#respond\"]}]},{\"@type\":\"WebPage\",\"@id\":\"https:\\\/\\\/quehacerpolitico.mx\\\/?p=38137\",\"url\":\"https:\\\/\\\/quehacerpolitico.mx\\\/?p=38137\",\"name\":\"\\\"Hoy que est\u00e1n en el gobierno, no dan una\\\", dice PRI a Morena -\",\"isPartOf\":{\"@id\":\"https:\\\/\\\/quehacerpolitico.mx\\\/#website\"},\"primaryImageOfPage\":{\"@id\":\"https:\\\/\\\/quehacerpolitico.mx\\\/?p=38137#primaryimage\"},\"image\":{\"@id\":\"https:\\\/\\\/quehacerpolitico.mx\\\/?p=38137#primaryimage\"},\"thumbnailUrl\":\"\",\"datePublished\":\"2019-09-11T21:48:58+00:00\",\"author\":{\"@id\":\"https:\\\/\\\/quehacerpolitico.mx\\\/#\\\/schema\\\/person\\\/496d8ad2d1d3f8036101dca7ee39e585\"},\"breadcrumb\":{\"@id\":\"https:\\\/\\\/quehacerpolitico.mx\\\/?p=38137#breadcrumb\"},\"inLanguage\":\"es\",\"potentialAction\":[{\"@type\":\"ReadAction\",\"target\":[\"https:\\\/\\\/quehacerpolitico.mx\\\/?p=38137\"]}]},{\"@type\":\"ImageObject\",\"inLanguage\":\"es\",\"@id\":\"https:\\\/\\\/quehacerpolitico.mx\\\/?p=38137#primaryimage\",\"url\":\"\",\"contentUrl\":\"\"},{\"@type\":\"BreadcrumbList\",\"@id\":\"https:\\\/\\\/quehacerpolitico.mx\\\/?p=38137#breadcrumb\",\"itemListElement\":[{\"@type\":\"ListItem\",\"position\":1,\"name\":\"Inicio\",\"item\":\"https:\\\/\\\/quehacerpolitico.mx\\\/\"},{\"@type\":\"ListItem\",\"position\":2,\"name\":\"&#8220;Hoy que est\u00e1n en el gobierno, no dan una&#8221;, dice PRI a Morena\"}]},{\"@type\":\"WebSite\",\"@id\":\"https:\\\/\\\/quehacerpolitico.mx\\\/#website\",\"url\":\"https:\\\/\\\/quehacerpolitico.mx\\\/\",\"name\":\"\",\"description\":\"\",\"potentialAction\":[{\"@type\":\"SearchAction\",\"target\":{\"@type\":\"EntryPoint\",\"urlTemplate\":\"https:\\\/\\\/quehacerpolitico.mx\\\/?s={search_term_string}\"},\"query-input\":{\"@type\":\"PropertyValueSpecification\",\"valueRequired\":true,\"valueName\":\"search_term_string\"}}],\"inLanguage\":\"es\"},{\"@type\":\"Person\",\"@id\":\"https:\\\/\\\/quehacerpolitico.mx\\\/#\\\/schema\\\/person\\\/496d8ad2d1d3f8036101dca7ee39e585\",\"name\":\"Redacci\u00f3n QP\",\"image\":{\"@type\":\"ImageObject\",\"inLanguage\":\"es\",\"@id\":\"https:\\\/\\\/secure.gravatar.com\\\/avatar\\\/c7164ed6fdec453195284ad24a5ae5b6e1eed2b848477fa2a4787ba9adf39a41?s=96&d=mm&r=g\",\"url\":\"https:\\\/\\\/secure.gravatar.com\\\/avatar\\\/c7164ed6fdec453195284ad24a5ae5b6e1eed2b848477fa2a4787ba9adf39a41?s=96&d=mm&r=g\",\"contentUrl\":\"https:\\\/\\\/secure.gravatar.com\\\/avatar\\\/c7164ed6fdec453195284ad24a5ae5b6e1eed2b848477fa2a4787ba9adf39a41?s=96&d=mm&r=g\",\"caption\":\"Redacci\u00f3n QP\"},\"url\":\"https:\\\/\\\/quehacerpolitico.mx\\\/?author=2\"}]}<\/script>\n<!-- \/ Yoast SEO plugin. -->","yoast_head_json":{"title":"\"Hoy que est\u00e1n en el gobierno, no dan una\", dice PRI a Morena -","robots":{"index":"index","follow":"follow","max-snippet":"max-snippet:-1","max-image-preview":"max-image-preview:large","max-video-preview":"max-video-preview:-1"},"canonical":"https:\/\/quehacerpolitico.mx\/?p=38137","og_locale":"es_MX","og_type":"article","og_title":"\"Hoy que est\u00e1n en el gobierno, no dan una\", dice PRI a Morena -","og_description":"\"Hoy que est\u00e1n en el gobierno, no dan una\", dice PRI a Morena Por Redacci\u00f3n QP","og_url":"https:\/\/quehacerpolitico.mx\/?p=38137","article_published_time":"2019-09-11T21:48:58+00:00","author":"Redacci\u00f3n QP","twitter_card":"summary_large_image","twitter_misc":{"Escrito por":"Redacci\u00f3n QP","Tiempo de lectura":"2 minutos"},"schema":{"@context":"https:\/\/schema.org","@graph":[{"@type":"Article","@id":"https:\/\/quehacerpolitico.mx\/?p=38137#article","isPartOf":{"@id":"https:\/\/quehacerpolitico.mx\/?p=38137"},"author":{"name":"Redacci\u00f3n QP","@id":"https:\/\/quehacerpolitico.mx\/#\/schema\/person\/496d8ad2d1d3f8036101dca7ee39e585"},"headline":"&#8220;Hoy que est\u00e1n en el gobierno, no dan una&#8221;, dice PRI a Morena","datePublished":"2019-09-11T21:48:58+00:00","mainEntityOfPage":{"@id":"https:\/\/quehacerpolitico.mx\/?p=38137"},"wordCount":434,"commentCount":0,"image":{"@id":"https:\/\/quehacerpolitico.mx\/?p=38137#primaryimage"},"thumbnailUrl":"","articleSection":["Noticias"],"inLanguage":"es","potentialAction":[{"@type":"CommentAction","name":"Comment","target":["https:\/\/quehacerpolitico.mx\/?p=38137#respond"]}]},{"@type":"WebPage","@id":"https:\/\/quehacerpolitico.mx\/?p=38137","url":"https:\/\/quehacerpolitico.mx\/?p=38137","name":"\"Hoy que est\u00e1n en el gobierno, no dan una\", dice PRI a Morena -","isPartOf":{"@id":"https:\/\/quehacerpolitico.mx\/#website"},"primaryImageOfPage":{"@id":"https:\/\/quehacerpolitico.mx\/?p=38137#primaryimage"},"image":{"@id":"https:\/\/quehacerpolitico.mx\/?p=38137#primaryimage"},"thumbnailUrl":"","datePublished":"2019-09-11T21:48:58+00:00","author":{"@id":"https:\/\/quehacerpolitico.mx\/#\/schema\/person\/496d8ad2d1d3f8036101dca7ee39e585"},"breadcrumb":{"@id":"https:\/\/quehacerpolitico.mx\/?p=38137#breadcrumb"},"inLanguage":"es","potentialAction":[{"@type":"ReadAction","target":["https:\/\/quehacerpolitico.mx\/?p=38137"]}]},{"@type":"ImageObject","inLanguage":"es","@id":"https:\/\/quehacerpolitico.mx\/?p=38137#primaryimage","url":"","contentUrl":""},{"@type":"BreadcrumbList","@id":"https:\/\/quehacerpolitico.mx\/?p=38137#breadcrumb","itemListElement":[{"@type":"ListItem","position":1,"name":"Inicio","item":"https:\/\/quehacerpolitico.mx\/"},{"@type":"ListItem","position":2,"name":"&#8220;Hoy que est\u00e1n en el gobierno, no dan una&#8221;, dice PRI a Morena"}]},{"@type":"WebSite","@id":"https:\/\/quehacerpolitico.mx\/#website","url":"https:\/\/quehacerpolitico.mx\/","name":"","description":"","potentialAction":[{"@type":"SearchAction","target":{"@type":"EntryPoint","urlTemplate":"https:\/\/quehacerpolitico.mx\/?s={search_term_string}"},"query-input":{"@type":"PropertyValueSpecification","valueRequired":true,"valueName":"search_term_string"}}],"inLanguage":"es"},{"@type":"Person","@id":"https:\/\/quehacerpolitico.mx\/#\/schema\/person\/496d8ad2d1d3f8036101dca7ee39e585","name":"Redacci\u00f3n QP","image":{"@type":"ImageObject","inLanguage":"es","@id":"https:\/\/secure.gravatar.com\/avatar\/c7164ed6fdec453195284ad24a5ae5b6e1eed2b848477fa2a4787ba9adf39a41?s=96&d=mm&r=g","url":"https:\/\/secure.gravatar.com\/avatar\/c7164ed6fdec453195284ad24a5ae5b6e1eed2b848477fa2a4787ba9adf39a41?s=96&d=mm&r=g","contentUrl":"https:\/\/secure.gravatar.com\/avatar\/c7164ed6fdec453195284ad24a5ae5b6e1eed2b848477fa2a4787ba9adf39a41?s=96&d=mm&r=g","caption":"Redacci\u00f3n QP"},"url":"https:\/\/quehacerpolitico.mx\/?author=2"}]}},"featured_image_urls":{"full":"","thumbnail":"","medium":"","medium_large":"","large":"","1536x1536":"","2048x2048":"","covernews-featured":"","covernews-medium":""},"author_info":{"display_name":"Redacci\u00f3n QP","author_link":"https:\/\/quehacerpolitico.mx\/?author=2"},"category_info":"<a href=\"https:\/\/quehacerpolitico.mx\/?cat=2\" rel=\"category\">Noticias<\/a>","tag_info":"Noticias","comment_count":"0","_links":{"self":[{"href":"https:\/\/quehacerpolitico.mx\/index.php?rest_route=\/wp\/v2\/posts\/38137","targetHints":{"allow":["GET"]}}],"collection":[{"href":"https:\/\/quehacerpolitico.mx\/index.php?rest_route=\/wp\/v2\/posts"}],"about":[{"href":"https:\/\/quehacerpolitico.mx\/index.php?rest_route=\/wp\/v2\/types\/post"}],"author":[{"embeddable":true,"href":"https:\/\/quehacerpolitico.mx\/index.php?rest_route=\/wp\/v2\/users\/2"}],"replies":[{"embeddable":true,"href":"https:\/\/quehacerpolitico.mx\/index.php?rest_route=%2Fwp%2Fv2%2Fcomments&post=38137"}],"version-history":[{"count":0,"href":"https:\/\/quehacerpolitico.mx\/index.php?rest_route=\/wp\/v2\/posts\/38137\/revisions"}],"wp:featuredmedia":[{"embeddable":true,"href":"https:\/\/quehacerpolitico.mx\/index.php?rest_route=\/"}],"wp:attachment":[{"href":"https:\/\/quehacerpolitico.mx\/index.php?rest_route=%2Fwp%2Fv2%2Fmedia&parent=38137"}],"wp:term":[{"taxonomy":"category","embeddable":true,"href":"https:\/\/quehacerpolitico.mx\/index.php?rest_route=%2Fwp%2Fv2%2Fcategories&post=38137"},{"taxonomy":"post_tag","embeddable":true,"href":"https:\/\/quehacerpolitico.mx\/index.php?rest_route=%2Fwp%2Fv2%2Ftags&post=38137"}],"curies":[{"name":"wp","href":"https:\/\/api.w.org\/{rel}","templated":true}]}}