{"id":38131,"date":"2019-09-11T20:59:31","date_gmt":"2019-09-11T20:59:31","guid":{"rendered":"http:\/\/quehacerpolitico.mx\/suspenden-fiestas-patrias-por-violencia-en-buenavista-michoacan\/"},"modified":"2019-09-11T20:59:31","modified_gmt":"2019-09-11T20:59:31","slug":"suspenden-fiestas-patrias-por-violencia-en-buenavista-michoacan","status":"publish","type":"post","link":"https:\/\/quehacerpolitico.mx\/?p=38131","title":{"rendered":"Suspenden Fiestas Patrias por violencia en Buenavista, Michoac\u00e1n"},"content":{"rendered":"<h1 class=\"news-title\">Suspenden Fiestas Patrias por violencia en Buenavista, Michoac\u00e1n<\/h1>\n<p>Por Redacci\u00f3n QP<\/p>\n<p>Debido a la inseguridad, los diferentes sectores de la sociedad, en com\u00fan acuerdo con el Cabildo, deciden suspender todos los eventos p\u00fablicos<\/p>\n<p>El alcalde de Buenavista, Michoac\u00e1n, Gordiano Zepeda Ch\u00e1vez, inform\u00f3 que <strong>al no haber condiciones de seguridad, el Cabildo y diferentes sectores de la sociedad decidieron suspender los festejos del 15 y 16 de Septiembre<\/strong>, en ese municipio de la Tierra Caliente.<\/p>\n<blockquote class=\"twitter-tweet\" data-width=\"550\" data-dnt=\"true\">\n<p lang=\"es\" dir=\"ltr\"><a href=\"https:\/\/twitter.com\/hashtag\/Buenavista?src=hash&amp;ref_src=twsrc%5Etfw\">#Buenavista<\/a> suspende los festejos patrios por la inseguridad que se vive en <a href=\"https:\/\/twitter.com\/hashtag\/Michoacan?src=hash&amp;ref_src=twsrc%5Etfw\">#Michoacan<\/a>, lo anuncia el Presidente Municipal Gordiano Zepeda mediante un comunicado. <\/p>\n<p>El primero en anunciar la cancelaci\u00f3n de sus fiestas fue <a href=\"https:\/\/twitter.com\/hashtag\/Tepalcatepec?src=hash&amp;ref_src=twsrc%5Etfw\">#Tepalcatepec<\/a>.<a href=\"https:\/\/twitter.com\/hashtag\/Michoac%C3%A1nSeEscucha?src=hash&amp;ref_src=twsrc%5Etfw\">#Michoac\u00e1nSeEscucha<\/a> <a href=\"https:\/\/t.co\/TPqAEc9Bf4\">pic.twitter.com\/TPqAEc9Bf4<\/a><\/p>\n<p>&mdash; Omar Rodr\u00edguez (@Omarmorelia) <a href=\"https:\/\/twitter.com\/Omarmorelia\/status\/1171791272123752449?ref_src=twsrc%5Etfw\">September 11, 2019<\/a><\/p><\/blockquote>\n<p><script async src=\"https:\/\/platform.twitter.com\/widgets.js\" charset=\"utf-8\"><\/script><\/p>\n<div id=\"div-gpt-ad-1548262875188-0\" data-google-query-id=\"CK__junTyeQCFU9xAQodMIALmQ\">\n<div id=\"google_ads_iframe_\/1001694\/INF_intext_1_0__container__\">Mediante comunicado, el Gordiano Ch\u00e1vez record\u00f3 que <strong>apenas el pasado domingo se desat\u00f3 una balacera a unos metros de la plaza principal<\/strong> de la cabecera municipal donde se encontraban reunidas un gran n\u00famero de familias en un evento cultural.<\/div>\n<div>\u00a0<\/div>\n<div>En el texto se\u00f1ala que debido a la inseguridad, los diferentes sectores de la sociedad, en com\u00fan acuerdo con el Cabildo, decidieron suspender todos los eventos p\u00fablicos con motivo de las celebraciones del mes patrio.<\/div>\n<div>\n<p>&#8220;El grupo de personas que se ha estado presentando a manifestarse constantemente en el ayuntamiento y que piden paz y tranquilidad para el pueblo, ha se\u00f1alado que no permitir\u00e1n que se desarrollan las fiestas patrias por lo que nos hace suponer que se puedan presentar eventos que expongan a las familias ni\u00f1as ni\u00f1os y asistentes eventos c\u00edvicos y culturales&#8221;, se\u00f1al\u00f3 el presidente municipal.<\/p>\n<p>&#8220;Agradezco la comprensi\u00f3n de toda la sociedad bonavistense por esta decisi\u00f3n, pero ante todo, la integridad y seguridad de las familias de bien, es lo primero&#8221;, agreg\u00f3.<\/p>\n<p><strong>Buenavista es el segundo municipio de Michoac\u00e1n donde se suspenden las celebraciones de Fiestas Patrias por violencia<\/strong>y temor a un atentado contra la poblaci\u00f3n.<\/p>\n<p><strong>El pasado 2 de septiembre, el Cabildo y el Consejo de Seguridad de Tepalcatepec decidieron suspender las actividades<\/strong> del mes patrio por temor a que el C\u00e1rtel Nueva Generaci\u00f3n (CNG) cometa un atentado en contra de la poblaci\u00f3n.<\/p>\n<p>La decisi\u00f3n fue tomada por las autoridades municipales, luego de los ataques del 30 de agosto y de que dos d\u00edas despu\u00e9s se reactivara la alerta roja en ese municipio de la Tierra Caliente.<\/p>\n<p>&#8220;Tememos que haya un atentado de gente que se pueda filtrar y que pueda ocasionar alg\u00fan da\u00f1o a los habitantes del municipio de Tepalcatepec&#8221;, se\u00f1al\u00f3 el alcalde Felipe Mart\u00ednez P\u00e9rez.<\/p>\n<p>Ante esas amenazas, anunci\u00f3 que han suspendido el Grito de Independencia, la verbena popular y el desfile c\u00edvico del 16 de Septiembre, as\u00ed como otras festividades.<\/p>\n<p>A pesar de que el gobierno de Michoacan anunci\u00f3 que s\u00ed habr\u00eda festividades en Tepalcatepec, las autoridades municipales confirmaron que hasta este momento, sigue en pie la suspensi\u00f3n de las mismas.<\/p>\n<p>Con Informaci\u00f3n de SUN<\/p>\n<\/div>\n<\/div>\n","protected":false},"excerpt":{"rendered":"<p>Suspenden Fiestas Patrias por violencia en Buenavista, Michoac\u00e1n<br \/>\nPor Redacci\u00f3n QP<\/p>\n","protected":false},"author":2,"featured_media":38130,"comment_status":"open","ping_status":"open","sticky":false,"template":"","format":"standard","meta":{"_monsterinsights_skip_tracking":false,"_monsterinsights_sitenote_active":false,"_monsterinsights_sitenote_note":"","_monsterinsights_sitenote_category":0,"footnotes":""},"categories":[2],"tags":[],"class_list":["post-38131","post","type-post","status-publish","format-standard","has-post-thumbnail","hentry","category-noticias"],"yoast_head":"<!-- This site is optimized with the Yoast SEO plugin v27.3 - https:\/\/yoast.com\/product\/yoast-seo-wordpress\/ -->\n<title>Suspenden Fiestas Patrias por violencia en Buenavista, Michoac\u00e1n -<\/title>\n<meta name=\"robots\" content=\"index, follow, max-snippet:-1, max-image-preview:large, max-video-preview:-1\" \/>\n<link rel=\"canonical\" href=\"https:\/\/quehacerpolitico.mx\/?p=38131\" \/>\n<meta property=\"og:locale\" content=\"es_MX\" \/>\n<meta property=\"og:type\" content=\"article\" \/>\n<meta property=\"og:title\" content=\"Suspenden Fiestas Patrias por violencia en Buenavista, Michoac\u00e1n -\" \/>\n<meta property=\"og:description\" content=\"Suspenden Fiestas Patrias por violencia en Buenavista, Michoac\u00e1n Por Redacci\u00f3n QP\" \/>\n<meta property=\"og:url\" content=\"https:\/\/quehacerpolitico.mx\/?p=38131\" \/>\n<meta property=\"article:published_time\" content=\"2019-09-11T20:59:31+00:00\" \/>\n<meta name=\"author\" content=\"Redacci\u00f3n QP\" \/>\n<meta name=\"twitter:card\" content=\"summary_large_image\" \/>\n<meta name=\"twitter:label1\" content=\"Escrito por\" \/>\n\t<meta name=\"twitter:data1\" content=\"Redacci\u00f3n QP\" \/>\n\t<meta name=\"twitter:label2\" content=\"Tiempo de lectura\" \/>\n\t<meta name=\"twitter:data2\" content=\"2 minutos\" \/>\n<script type=\"application\/ld+json\" class=\"yoast-schema-graph\">{\"@context\":\"https:\\\/\\\/schema.org\",\"@graph\":[{\"@type\":\"Article\",\"@id\":\"https:\\\/\\\/quehacerpolitico.mx\\\/?p=38131#article\",\"isPartOf\":{\"@id\":\"https:\\\/\\\/quehacerpolitico.mx\\\/?p=38131\"},\"author\":{\"name\":\"Redacci\u00f3n QP\",\"@id\":\"https:\\\/\\\/quehacerpolitico.mx\\\/#\\\/schema\\\/person\\\/496d8ad2d1d3f8036101dca7ee39e585\"},\"headline\":\"Suspenden Fiestas Patrias por violencia en Buenavista, Michoac\u00e1n\",\"datePublished\":\"2019-09-11T20:59:31+00:00\",\"mainEntityOfPage\":{\"@id\":\"https:\\\/\\\/quehacerpolitico.mx\\\/?p=38131\"},\"wordCount\":471,\"commentCount\":0,\"image\":{\"@id\":\"https:\\\/\\\/quehacerpolitico.mx\\\/?p=38131#primaryimage\"},\"thumbnailUrl\":\"\",\"articleSection\":[\"Noticias\"],\"inLanguage\":\"es\",\"potentialAction\":[{\"@type\":\"CommentAction\",\"name\":\"Comment\",\"target\":[\"https:\\\/\\\/quehacerpolitico.mx\\\/?p=38131#respond\"]}]},{\"@type\":\"WebPage\",\"@id\":\"https:\\\/\\\/quehacerpolitico.mx\\\/?p=38131\",\"url\":\"https:\\\/\\\/quehacerpolitico.mx\\\/?p=38131\",\"name\":\"Suspenden Fiestas Patrias por violencia en Buenavista, Michoac\u00e1n -\",\"isPartOf\":{\"@id\":\"https:\\\/\\\/quehacerpolitico.mx\\\/#website\"},\"primaryImageOfPage\":{\"@id\":\"https:\\\/\\\/quehacerpolitico.mx\\\/?p=38131#primaryimage\"},\"image\":{\"@id\":\"https:\\\/\\\/quehacerpolitico.mx\\\/?p=38131#primaryimage\"},\"thumbnailUrl\":\"\",\"datePublished\":\"2019-09-11T20:59:31+00:00\",\"author\":{\"@id\":\"https:\\\/\\\/quehacerpolitico.mx\\\/#\\\/schema\\\/person\\\/496d8ad2d1d3f8036101dca7ee39e585\"},\"breadcrumb\":{\"@id\":\"https:\\\/\\\/quehacerpolitico.mx\\\/?p=38131#breadcrumb\"},\"inLanguage\":\"es\",\"potentialAction\":[{\"@type\":\"ReadAction\",\"target\":[\"https:\\\/\\\/quehacerpolitico.mx\\\/?p=38131\"]}]},{\"@type\":\"ImageObject\",\"inLanguage\":\"es\",\"@id\":\"https:\\\/\\\/quehacerpolitico.mx\\\/?p=38131#primaryimage\",\"url\":\"\",\"contentUrl\":\"\"},{\"@type\":\"BreadcrumbList\",\"@id\":\"https:\\\/\\\/quehacerpolitico.mx\\\/?p=38131#breadcrumb\",\"itemListElement\":[{\"@type\":\"ListItem\",\"position\":1,\"name\":\"Inicio\",\"item\":\"https:\\\/\\\/quehacerpolitico.mx\\\/\"},{\"@type\":\"ListItem\",\"position\":2,\"name\":\"Suspenden Fiestas Patrias por violencia en Buenavista, Michoac\u00e1n\"}]},{\"@type\":\"WebSite\",\"@id\":\"https:\\\/\\\/quehacerpolitico.mx\\\/#website\",\"url\":\"https:\\\/\\\/quehacerpolitico.mx\\\/\",\"name\":\"\",\"description\":\"\",\"potentialAction\":[{\"@type\":\"SearchAction\",\"target\":{\"@type\":\"EntryPoint\",\"urlTemplate\":\"https:\\\/\\\/quehacerpolitico.mx\\\/?s={search_term_string}\"},\"query-input\":{\"@type\":\"PropertyValueSpecification\",\"valueRequired\":true,\"valueName\":\"search_term_string\"}}],\"inLanguage\":\"es\"},{\"@type\":\"Person\",\"@id\":\"https:\\\/\\\/quehacerpolitico.mx\\\/#\\\/schema\\\/person\\\/496d8ad2d1d3f8036101dca7ee39e585\",\"name\":\"Redacci\u00f3n QP\",\"image\":{\"@type\":\"ImageObject\",\"inLanguage\":\"es\",\"@id\":\"https:\\\/\\\/secure.gravatar.com\\\/avatar\\\/c7164ed6fdec453195284ad24a5ae5b6e1eed2b848477fa2a4787ba9adf39a41?s=96&d=mm&r=g\",\"url\":\"https:\\\/\\\/secure.gravatar.com\\\/avatar\\\/c7164ed6fdec453195284ad24a5ae5b6e1eed2b848477fa2a4787ba9adf39a41?s=96&d=mm&r=g\",\"contentUrl\":\"https:\\\/\\\/secure.gravatar.com\\\/avatar\\\/c7164ed6fdec453195284ad24a5ae5b6e1eed2b848477fa2a4787ba9adf39a41?s=96&d=mm&r=g\",\"caption\":\"Redacci\u00f3n QP\"},\"url\":\"https:\\\/\\\/quehacerpolitico.mx\\\/?author=2\"}]}<\/script>\n<!-- \/ Yoast SEO plugin. -->","yoast_head_json":{"title":"Suspenden Fiestas Patrias por violencia en Buenavista, Michoac\u00e1n -","robots":{"index":"index","follow":"follow","max-snippet":"max-snippet:-1","max-image-preview":"max-image-preview:large","max-video-preview":"max-video-preview:-1"},"canonical":"https:\/\/quehacerpolitico.mx\/?p=38131","og_locale":"es_MX","og_type":"article","og_title":"Suspenden Fiestas Patrias por violencia en Buenavista, Michoac\u00e1n -","og_description":"Suspenden Fiestas Patrias por violencia en Buenavista, Michoac\u00e1n Por Redacci\u00f3n QP","og_url":"https:\/\/quehacerpolitico.mx\/?p=38131","article_published_time":"2019-09-11T20:59:31+00:00","author":"Redacci\u00f3n QP","twitter_card":"summary_large_image","twitter_misc":{"Escrito por":"Redacci\u00f3n QP","Tiempo de lectura":"2 minutos"},"schema":{"@context":"https:\/\/schema.org","@graph":[{"@type":"Article","@id":"https:\/\/quehacerpolitico.mx\/?p=38131#article","isPartOf":{"@id":"https:\/\/quehacerpolitico.mx\/?p=38131"},"author":{"name":"Redacci\u00f3n QP","@id":"https:\/\/quehacerpolitico.mx\/#\/schema\/person\/496d8ad2d1d3f8036101dca7ee39e585"},"headline":"Suspenden Fiestas Patrias por violencia en Buenavista, Michoac\u00e1n","datePublished":"2019-09-11T20:59:31+00:00","mainEntityOfPage":{"@id":"https:\/\/quehacerpolitico.mx\/?p=38131"},"wordCount":471,"commentCount":0,"image":{"@id":"https:\/\/quehacerpolitico.mx\/?p=38131#primaryimage"},"thumbnailUrl":"","articleSection":["Noticias"],"inLanguage":"es","potentialAction":[{"@type":"CommentAction","name":"Comment","target":["https:\/\/quehacerpolitico.mx\/?p=38131#respond"]}]},{"@type":"WebPage","@id":"https:\/\/quehacerpolitico.mx\/?p=38131","url":"https:\/\/quehacerpolitico.mx\/?p=38131","name":"Suspenden Fiestas Patrias por violencia en Buenavista, Michoac\u00e1n -","isPartOf":{"@id":"https:\/\/quehacerpolitico.mx\/#website"},"primaryImageOfPage":{"@id":"https:\/\/quehacerpolitico.mx\/?p=38131#primaryimage"},"image":{"@id":"https:\/\/quehacerpolitico.mx\/?p=38131#primaryimage"},"thumbnailUrl":"","datePublished":"2019-09-11T20:59:31+00:00","author":{"@id":"https:\/\/quehacerpolitico.mx\/#\/schema\/person\/496d8ad2d1d3f8036101dca7ee39e585"},"breadcrumb":{"@id":"https:\/\/quehacerpolitico.mx\/?p=38131#breadcrumb"},"inLanguage":"es","potentialAction":[{"@type":"ReadAction","target":["https:\/\/quehacerpolitico.mx\/?p=38131"]}]},{"@type":"ImageObject","inLanguage":"es","@id":"https:\/\/quehacerpolitico.mx\/?p=38131#primaryimage","url":"","contentUrl":""},{"@type":"BreadcrumbList","@id":"https:\/\/quehacerpolitico.mx\/?p=38131#breadcrumb","itemListElement":[{"@type":"ListItem","position":1,"name":"Inicio","item":"https:\/\/quehacerpolitico.mx\/"},{"@type":"ListItem","position":2,"name":"Suspenden Fiestas Patrias por violencia en Buenavista, Michoac\u00e1n"}]},{"@type":"WebSite","@id":"https:\/\/quehacerpolitico.mx\/#website","url":"https:\/\/quehacerpolitico.mx\/","name":"","description":"","potentialAction":[{"@type":"SearchAction","target":{"@type":"EntryPoint","urlTemplate":"https:\/\/quehacerpolitico.mx\/?s={search_term_string}"},"query-input":{"@type":"PropertyValueSpecification","valueRequired":true,"valueName":"search_term_string"}}],"inLanguage":"es"},{"@type":"Person","@id":"https:\/\/quehacerpolitico.mx\/#\/schema\/person\/496d8ad2d1d3f8036101dca7ee39e585","name":"Redacci\u00f3n QP","image":{"@type":"ImageObject","inLanguage":"es","@id":"https:\/\/secure.gravatar.com\/avatar\/c7164ed6fdec453195284ad24a5ae5b6e1eed2b848477fa2a4787ba9adf39a41?s=96&d=mm&r=g","url":"https:\/\/secure.gravatar.com\/avatar\/c7164ed6fdec453195284ad24a5ae5b6e1eed2b848477fa2a4787ba9adf39a41?s=96&d=mm&r=g","contentUrl":"https:\/\/secure.gravatar.com\/avatar\/c7164ed6fdec453195284ad24a5ae5b6e1eed2b848477fa2a4787ba9adf39a41?s=96&d=mm&r=g","caption":"Redacci\u00f3n QP"},"url":"https:\/\/quehacerpolitico.mx\/?author=2"}]}},"featured_image_urls":{"full":"","thumbnail":"","medium":"","medium_large":"","large":"","1536x1536":"","2048x2048":"","covernews-featured":"","covernews-medium":""},"author_info":{"display_name":"Redacci\u00f3n QP","author_link":"https:\/\/quehacerpolitico.mx\/?author=2"},"category_info":"<a href=\"https:\/\/quehacerpolitico.mx\/?cat=2\" rel=\"category\">Noticias<\/a>","tag_info":"Noticias","comment_count":"0","_links":{"self":[{"href":"https:\/\/quehacerpolitico.mx\/index.php?rest_route=\/wp\/v2\/posts\/38131","targetHints":{"allow":["GET"]}}],"collection":[{"href":"https:\/\/quehacerpolitico.mx\/index.php?rest_route=\/wp\/v2\/posts"}],"about":[{"href":"https:\/\/quehacerpolitico.mx\/index.php?rest_route=\/wp\/v2\/types\/post"}],"author":[{"embeddable":true,"href":"https:\/\/quehacerpolitico.mx\/index.php?rest_route=\/wp\/v2\/users\/2"}],"replies":[{"embeddable":true,"href":"https:\/\/quehacerpolitico.mx\/index.php?rest_route=%2Fwp%2Fv2%2Fcomments&post=38131"}],"version-history":[{"count":0,"href":"https:\/\/quehacerpolitico.mx\/index.php?rest_route=\/wp\/v2\/posts\/38131\/revisions"}],"wp:featuredmedia":[{"embeddable":true,"href":"https:\/\/quehacerpolitico.mx\/index.php?rest_route=\/"}],"wp:attachment":[{"href":"https:\/\/quehacerpolitico.mx\/index.php?rest_route=%2Fwp%2Fv2%2Fmedia&parent=38131"}],"wp:term":[{"taxonomy":"category","embeddable":true,"href":"https:\/\/quehacerpolitico.mx\/index.php?rest_route=%2Fwp%2Fv2%2Fcategories&post=38131"},{"taxonomy":"post_tag","embeddable":true,"href":"https:\/\/quehacerpolitico.mx\/index.php?rest_route=%2Fwp%2Fv2%2Ftags&post=38131"}],"curies":[{"name":"wp","href":"https:\/\/api.w.org\/{rel}","templated":true}]}}