{"id":38128,"date":"2019-09-11T20:16:21","date_gmt":"2019-09-11T20:16:21","guid":{"rendered":"http:\/\/quehacerpolitico.mx\/gobierno-federal-operara-con-10-mil-burocratas-menos\/"},"modified":"2019-09-11T20:16:21","modified_gmt":"2019-09-11T20:16:21","slug":"gobierno-federal-operara-con-10-mil-burocratas-menos","status":"publish","type":"post","link":"https:\/\/quehacerpolitico.mx\/?p=38128","title":{"rendered":"Gobierno federal operar\u00e1 con 10 mil bur\u00f3cratas menos"},"content":{"rendered":"<h1 class=\"news-title\">Gobierno federal operar\u00e1 con 10 mil bur\u00f3cratas menos<\/h1>\n<p>Por Redacci\u00f3n QP<\/p>\n<p>La Secretar\u00eda de Gobernaci\u00f3n es la dependencia por el ajuste de trabajadores, seg\u00fan el Presupuesto de Egresos<\/p>\n<p><iframe loading=\"lazy\" title=\"Burocracia de la 4T se achica; se van 10 mil funcionarios\" width=\"640\" height=\"360\" src=\"https:\/\/www.youtube.com\/embed\/HoNuPs1jYHY?feature=oembed\" frameborder=\"0\" allow=\"accelerometer; autoplay; clipboard-write; encrypted-media; gyroscope; picture-in-picture; web-share\" referrerpolicy=\"strict-origin-when-cross-origin\" allowfullscreen><\/iframe><\/p>\n<p>La llamada Cuarta Transformaci\u00f3n planea echar a andar el Gobierno Federal\u00a0en 2020 con <strong>10 mil servidores p\u00fablicos menos<\/strong> que los registrados al final del sexenio de Enrique Pe\u00f1a Nieto, as\u00ed como generar <strong>ahorros que superan los 20 millones de pesos<\/strong> tan solo en el pago de remuneraciones a los titulares de las diversas instituciones.<\/p>\n<p>Las <strong>21 dependencias<\/strong> de la administraci\u00f3n p\u00fablica <strong>y la nueva Secretar\u00eda de Seguridad y Protecci\u00f3n Ciudadana<\/strong> trabajar\u00e1n con <strong>888 mil 257 bur\u00f3cratas a partir de enero<\/strong>, de acuerdo con el proyecto de Presupuesto de Egresos de la Federaci\u00f3n 2020,\u00a0que present\u00f3 Arturo Herrera Guti\u00e9rrez, titular de Hacienda, el domingo pasado.<\/p>\n<div id=\"div-pos-2\">Se trata de una <strong>disminuci\u00f3n de 10 mil 272 plazas<\/strong> con relaci\u00f3n a las 898 mil 529 reportadas en 2018.<\/div>\n<div>\n<p>La Secretar\u00eda de Gobernaci\u00f3n (Segob) es la dependencia gubernamental <strong>m\u00e1s afectada<\/strong> con la propuesta, porque su plantilla se reduce de 80 mil 121 empleados en 2018 a 11 mil 90 en 2020, aunque 68 mil 376 plazas fueron trasladadas a la reci\u00e9n creada Secretar\u00eda de Seguridad y Protecci\u00f3n Ciudadana, entidad encargada de convocar a la Guardia Nacional<\/p>\n<p>En la Secretar\u00eda de Energ\u00eda (Sener) y la Secretar\u00eda de Bienestar\u00a0despedir\u00e1n a <strong>dos de cada tres trabajadores<\/strong>. El personal de la primera disminuye de 26 mil 393 a 7 mil 444, y el de la segunda de 15 mil 302 a 5 mil 67 puestos. Esta \u00faltima dependencia se encarga de implementar programas prioritarios del gobierno, como las pensiones para adultos mayores y las becas para que j\u00f3venes se incorporen al campo laboral.<\/p>\n<p>La transici\u00f3n a la Cuarta Transformaci\u00f3n conlleva tambi\u00e9n una reducci\u00f3n del personal en la Secretar\u00eda de Medio Ambiente y Recursos Naturales (Semarnat), as\u00ed como en la Secretar\u00eda Comunicaciones y Transportes (SCT).<\/p>\n<h4>Dependencias favorecidas<\/h4>\n<p>De las 22 dependencias, cinco podr\u00e1n contar con m\u00e1s personal el siguiente a\u00f1o, principalmente la Secretar\u00eda de la Defensa Nacional (Sedena), cuya n\u00f3mina se incrementa <strong>de 215 mil 236 a 230 mil 69 elementos<\/strong>, luego del traslado de parte de su personal a la Guardia Nacional.<\/p>\n<p>La Secretar\u00eda de Agricultura y Desarrollo Rural (Sedar) dispondr\u00e1 de 30 mil 353 empleados en 2020 frente a los 22 mil 664 de 2018, mientras que el personal de la Secretar\u00eda de Marina aumenta de 66 mil 614 a 68 mil 725 elementos.<\/p>\n<p>El director general de la consultor\u00eda Inteligencia P\u00fablica, Marco Cancino, expres\u00f3 <strong>preocupaci\u00f3n por el recorte de personal <\/strong>y la fuga de talento en diversas dependencias, porque se debi\u00f3 hacer antes un an\u00e1lisis minucioso de la estructura laboral.<\/p>\n<p>&#8220;Sabemos que exist\u00edan duplicidades y aviadores, pero el recorte debi\u00f3 responder a un an\u00e1lisis para no comprometer la viabilidad de los programas presupuestarios del siguiente a\u00f1o, porque en un principio se puede poner en aprietos la ejecuci\u00f3n de muchos de \u00e9stos&#8221;, opin\u00f3 el especialista.<\/p>\n<p>Cancino anticipa m\u00e1s despidos de servidores p\u00fablicos durante 2020, si la recaudaci\u00f3n del gobierno resulta insuficiente para financiar sus programas prioritarios.<\/p>\n<h4>Ahorros en salarios<\/h4>\n<p>En la b\u00fasqueda de consolidar la austeridad republicana, el Gobierno federal va a ahorrar 20 millones 469 mil pesos en el pago de remuneraciones a los titulares de cada dependencia con relaci\u00f3n a 2018.<\/p>\n<p>Contrario a lo esperado, el principal ahorro no proviene del ajuste salarial al Presidente Andr\u00e9s Manuel L\u00f3pez Obrador, sino de la <strong>modificaci\u00f3n a las remuneraciones del fiscal general de la Rep\u00fablica<\/strong>, cuyas percepciones brutas anuales ser\u00e1n por dos millones 266 mil pesos en 2020, contra los 3 millones 491 mil pesos que ganaba el entonces Procurador General de la Rep\u00fablica en 2018, lo que equivale a un mill\u00f3n 225 mil pesos menos.<\/p>\n<p>El Presidente <strong>L\u00f3pez Obrador percibir\u00e1 dos millones 400 mil pesos<\/strong>, mientras que Enrique Pe\u00f1a Nieto obtuvo tres millones 551 mil pesos durante el \u00faltimo a\u00f1o de su administraci\u00f3n, una diferencia de un mill\u00f3n 151 mil pesos.<\/p>\n<p>Muchos de estos ahorros pueden parar en transferencias a programas del gobierno y en el financiamiento de proyectos como la construcci\u00f3n de la refiner\u00eda de Dos Bocas y el aeropuerto de Santa Luc\u00eda, opin\u00f3 Cancino.<\/p>\n<p>&#8220;La reducci\u00f3n de salarios parece mandar el mensaje pol\u00edtico de que no puede haber gobierno rico y un pueblo pobre, pero en realidad los ahorros lucen insignificantes frente al tama\u00f1o del presupuesto de la Federaci\u00f3n&#8221;, expuso el analista.<\/p>\n<p>Con Informaci\u00f3n de SUN<\/p>\n<\/div>\n","protected":false},"excerpt":{"rendered":"<p>Gobierno federal operar\u00e1 con 10 mil bur\u00f3cratas menos<br \/>\nPor Redacci\u00f3n QP<\/p>\n","protected":false},"author":2,"featured_media":38127,"comment_status":"open","ping_status":"open","sticky":false,"template":"","format":"standard","meta":{"_monsterinsights_skip_tracking":false,"_monsterinsights_sitenote_active":false,"_monsterinsights_sitenote_note":"","_monsterinsights_sitenote_category":0,"footnotes":""},"categories":[56],"tags":[],"class_list":["post-38128","post","type-post","status-publish","format-standard","has-post-thumbnail","hentry","category-economia"],"yoast_head":"<!-- This site is optimized with the Yoast SEO plugin v27.3 - https:\/\/yoast.com\/product\/yoast-seo-wordpress\/ -->\n<title>Gobierno federal operar\u00e1 con 10 mil bur\u00f3cratas menos -<\/title>\n<meta name=\"robots\" content=\"index, follow, max-snippet:-1, max-image-preview:large, max-video-preview:-1\" \/>\n<link rel=\"canonical\" href=\"https:\/\/quehacerpolitico.mx\/?p=38128\" \/>\n<meta property=\"og:locale\" content=\"es_MX\" \/>\n<meta property=\"og:type\" content=\"article\" \/>\n<meta property=\"og:title\" content=\"Gobierno federal operar\u00e1 con 10 mil bur\u00f3cratas menos -\" \/>\n<meta property=\"og:description\" content=\"Gobierno federal operar\u00e1 con 10 mil bur\u00f3cratas menos Por Redacci\u00f3n QP\" \/>\n<meta property=\"og:url\" content=\"https:\/\/quehacerpolitico.mx\/?p=38128\" \/>\n<meta property=\"article:published_time\" content=\"2019-09-11T20:16:21+00:00\" \/>\n<meta name=\"author\" content=\"Redacci\u00f3n QP\" \/>\n<meta name=\"twitter:card\" content=\"summary_large_image\" \/>\n<meta name=\"twitter:label1\" content=\"Escrito por\" \/>\n\t<meta name=\"twitter:data1\" content=\"Redacci\u00f3n QP\" \/>\n\t<meta name=\"twitter:label2\" content=\"Tiempo de lectura\" \/>\n\t<meta name=\"twitter:data2\" content=\"4 minutos\" \/>\n<script type=\"application\/ld+json\" class=\"yoast-schema-graph\">{\"@context\":\"https:\\\/\\\/schema.org\",\"@graph\":[{\"@type\":\"Article\",\"@id\":\"https:\\\/\\\/quehacerpolitico.mx\\\/?p=38128#article\",\"isPartOf\":{\"@id\":\"https:\\\/\\\/quehacerpolitico.mx\\\/?p=38128\"},\"author\":{\"name\":\"Redacci\u00f3n QP\",\"@id\":\"https:\\\/\\\/quehacerpolitico.mx\\\/#\\\/schema\\\/person\\\/496d8ad2d1d3f8036101dca7ee39e585\"},\"headline\":\"Gobierno federal operar\u00e1 con 10 mil bur\u00f3cratas menos\",\"datePublished\":\"2019-09-11T20:16:21+00:00\",\"mainEntityOfPage\":{\"@id\":\"https:\\\/\\\/quehacerpolitico.mx\\\/?p=38128\"},\"wordCount\":761,\"commentCount\":0,\"image\":{\"@id\":\"https:\\\/\\\/quehacerpolitico.mx\\\/?p=38128#primaryimage\"},\"thumbnailUrl\":\"\",\"articleSection\":[\"Econom\u00eda\"],\"inLanguage\":\"es\",\"potentialAction\":[{\"@type\":\"CommentAction\",\"name\":\"Comment\",\"target\":[\"https:\\\/\\\/quehacerpolitico.mx\\\/?p=38128#respond\"]}]},{\"@type\":\"WebPage\",\"@id\":\"https:\\\/\\\/quehacerpolitico.mx\\\/?p=38128\",\"url\":\"https:\\\/\\\/quehacerpolitico.mx\\\/?p=38128\",\"name\":\"Gobierno federal operar\u00e1 con 10 mil bur\u00f3cratas menos -\",\"isPartOf\":{\"@id\":\"https:\\\/\\\/quehacerpolitico.mx\\\/#website\"},\"primaryImageOfPage\":{\"@id\":\"https:\\\/\\\/quehacerpolitico.mx\\\/?p=38128#primaryimage\"},\"image\":{\"@id\":\"https:\\\/\\\/quehacerpolitico.mx\\\/?p=38128#primaryimage\"},\"thumbnailUrl\":\"\",\"datePublished\":\"2019-09-11T20:16:21+00:00\",\"author\":{\"@id\":\"https:\\\/\\\/quehacerpolitico.mx\\\/#\\\/schema\\\/person\\\/496d8ad2d1d3f8036101dca7ee39e585\"},\"breadcrumb\":{\"@id\":\"https:\\\/\\\/quehacerpolitico.mx\\\/?p=38128#breadcrumb\"},\"inLanguage\":\"es\",\"potentialAction\":[{\"@type\":\"ReadAction\",\"target\":[\"https:\\\/\\\/quehacerpolitico.mx\\\/?p=38128\"]}]},{\"@type\":\"ImageObject\",\"inLanguage\":\"es\",\"@id\":\"https:\\\/\\\/quehacerpolitico.mx\\\/?p=38128#primaryimage\",\"url\":\"\",\"contentUrl\":\"\"},{\"@type\":\"BreadcrumbList\",\"@id\":\"https:\\\/\\\/quehacerpolitico.mx\\\/?p=38128#breadcrumb\",\"itemListElement\":[{\"@type\":\"ListItem\",\"position\":1,\"name\":\"Inicio\",\"item\":\"https:\\\/\\\/quehacerpolitico.mx\\\/\"},{\"@type\":\"ListItem\",\"position\":2,\"name\":\"Gobierno federal operar\u00e1 con 10 mil bur\u00f3cratas menos\"}]},{\"@type\":\"WebSite\",\"@id\":\"https:\\\/\\\/quehacerpolitico.mx\\\/#website\",\"url\":\"https:\\\/\\\/quehacerpolitico.mx\\\/\",\"name\":\"\",\"description\":\"\",\"potentialAction\":[{\"@type\":\"SearchAction\",\"target\":{\"@type\":\"EntryPoint\",\"urlTemplate\":\"https:\\\/\\\/quehacerpolitico.mx\\\/?s={search_term_string}\"},\"query-input\":{\"@type\":\"PropertyValueSpecification\",\"valueRequired\":true,\"valueName\":\"search_term_string\"}}],\"inLanguage\":\"es\"},{\"@type\":\"Person\",\"@id\":\"https:\\\/\\\/quehacerpolitico.mx\\\/#\\\/schema\\\/person\\\/496d8ad2d1d3f8036101dca7ee39e585\",\"name\":\"Redacci\u00f3n QP\",\"image\":{\"@type\":\"ImageObject\",\"inLanguage\":\"es\",\"@id\":\"https:\\\/\\\/secure.gravatar.com\\\/avatar\\\/c7164ed6fdec453195284ad24a5ae5b6e1eed2b848477fa2a4787ba9adf39a41?s=96&d=mm&r=g\",\"url\":\"https:\\\/\\\/secure.gravatar.com\\\/avatar\\\/c7164ed6fdec453195284ad24a5ae5b6e1eed2b848477fa2a4787ba9adf39a41?s=96&d=mm&r=g\",\"contentUrl\":\"https:\\\/\\\/secure.gravatar.com\\\/avatar\\\/c7164ed6fdec453195284ad24a5ae5b6e1eed2b848477fa2a4787ba9adf39a41?s=96&d=mm&r=g\",\"caption\":\"Redacci\u00f3n QP\"},\"url\":\"https:\\\/\\\/quehacerpolitico.mx\\\/?author=2\"}]}<\/script>\n<!-- \/ Yoast SEO plugin. -->","yoast_head_json":{"title":"Gobierno federal operar\u00e1 con 10 mil bur\u00f3cratas menos -","robots":{"index":"index","follow":"follow","max-snippet":"max-snippet:-1","max-image-preview":"max-image-preview:large","max-video-preview":"max-video-preview:-1"},"canonical":"https:\/\/quehacerpolitico.mx\/?p=38128","og_locale":"es_MX","og_type":"article","og_title":"Gobierno federal operar\u00e1 con 10 mil bur\u00f3cratas menos -","og_description":"Gobierno federal operar\u00e1 con 10 mil bur\u00f3cratas menos Por Redacci\u00f3n QP","og_url":"https:\/\/quehacerpolitico.mx\/?p=38128","article_published_time":"2019-09-11T20:16:21+00:00","author":"Redacci\u00f3n QP","twitter_card":"summary_large_image","twitter_misc":{"Escrito por":"Redacci\u00f3n QP","Tiempo de lectura":"4 minutos"},"schema":{"@context":"https:\/\/schema.org","@graph":[{"@type":"Article","@id":"https:\/\/quehacerpolitico.mx\/?p=38128#article","isPartOf":{"@id":"https:\/\/quehacerpolitico.mx\/?p=38128"},"author":{"name":"Redacci\u00f3n QP","@id":"https:\/\/quehacerpolitico.mx\/#\/schema\/person\/496d8ad2d1d3f8036101dca7ee39e585"},"headline":"Gobierno federal operar\u00e1 con 10 mil bur\u00f3cratas menos","datePublished":"2019-09-11T20:16:21+00:00","mainEntityOfPage":{"@id":"https:\/\/quehacerpolitico.mx\/?p=38128"},"wordCount":761,"commentCount":0,"image":{"@id":"https:\/\/quehacerpolitico.mx\/?p=38128#primaryimage"},"thumbnailUrl":"","articleSection":["Econom\u00eda"],"inLanguage":"es","potentialAction":[{"@type":"CommentAction","name":"Comment","target":["https:\/\/quehacerpolitico.mx\/?p=38128#respond"]}]},{"@type":"WebPage","@id":"https:\/\/quehacerpolitico.mx\/?p=38128","url":"https:\/\/quehacerpolitico.mx\/?p=38128","name":"Gobierno federal operar\u00e1 con 10 mil bur\u00f3cratas menos -","isPartOf":{"@id":"https:\/\/quehacerpolitico.mx\/#website"},"primaryImageOfPage":{"@id":"https:\/\/quehacerpolitico.mx\/?p=38128#primaryimage"},"image":{"@id":"https:\/\/quehacerpolitico.mx\/?p=38128#primaryimage"},"thumbnailUrl":"","datePublished":"2019-09-11T20:16:21+00:00","author":{"@id":"https:\/\/quehacerpolitico.mx\/#\/schema\/person\/496d8ad2d1d3f8036101dca7ee39e585"},"breadcrumb":{"@id":"https:\/\/quehacerpolitico.mx\/?p=38128#breadcrumb"},"inLanguage":"es","potentialAction":[{"@type":"ReadAction","target":["https:\/\/quehacerpolitico.mx\/?p=38128"]}]},{"@type":"ImageObject","inLanguage":"es","@id":"https:\/\/quehacerpolitico.mx\/?p=38128#primaryimage","url":"","contentUrl":""},{"@type":"BreadcrumbList","@id":"https:\/\/quehacerpolitico.mx\/?p=38128#breadcrumb","itemListElement":[{"@type":"ListItem","position":1,"name":"Inicio","item":"https:\/\/quehacerpolitico.mx\/"},{"@type":"ListItem","position":2,"name":"Gobierno federal operar\u00e1 con 10 mil bur\u00f3cratas menos"}]},{"@type":"WebSite","@id":"https:\/\/quehacerpolitico.mx\/#website","url":"https:\/\/quehacerpolitico.mx\/","name":"","description":"","potentialAction":[{"@type":"SearchAction","target":{"@type":"EntryPoint","urlTemplate":"https:\/\/quehacerpolitico.mx\/?s={search_term_string}"},"query-input":{"@type":"PropertyValueSpecification","valueRequired":true,"valueName":"search_term_string"}}],"inLanguage":"es"},{"@type":"Person","@id":"https:\/\/quehacerpolitico.mx\/#\/schema\/person\/496d8ad2d1d3f8036101dca7ee39e585","name":"Redacci\u00f3n QP","image":{"@type":"ImageObject","inLanguage":"es","@id":"https:\/\/secure.gravatar.com\/avatar\/c7164ed6fdec453195284ad24a5ae5b6e1eed2b848477fa2a4787ba9adf39a41?s=96&d=mm&r=g","url":"https:\/\/secure.gravatar.com\/avatar\/c7164ed6fdec453195284ad24a5ae5b6e1eed2b848477fa2a4787ba9adf39a41?s=96&d=mm&r=g","contentUrl":"https:\/\/secure.gravatar.com\/avatar\/c7164ed6fdec453195284ad24a5ae5b6e1eed2b848477fa2a4787ba9adf39a41?s=96&d=mm&r=g","caption":"Redacci\u00f3n QP"},"url":"https:\/\/quehacerpolitico.mx\/?author=2"}]}},"featured_image_urls":{"full":"","thumbnail":"","medium":"","medium_large":"","large":"","1536x1536":"","2048x2048":"","covernews-featured":"","covernews-medium":""},"author_info":{"display_name":"Redacci\u00f3n QP","author_link":"https:\/\/quehacerpolitico.mx\/?author=2"},"category_info":"<a href=\"https:\/\/quehacerpolitico.mx\/?cat=56\" rel=\"category\">Econom\u00eda<\/a>","tag_info":"Econom\u00eda","comment_count":"0","_links":{"self":[{"href":"https:\/\/quehacerpolitico.mx\/index.php?rest_route=\/wp\/v2\/posts\/38128","targetHints":{"allow":["GET"]}}],"collection":[{"href":"https:\/\/quehacerpolitico.mx\/index.php?rest_route=\/wp\/v2\/posts"}],"about":[{"href":"https:\/\/quehacerpolitico.mx\/index.php?rest_route=\/wp\/v2\/types\/post"}],"author":[{"embeddable":true,"href":"https:\/\/quehacerpolitico.mx\/index.php?rest_route=\/wp\/v2\/users\/2"}],"replies":[{"embeddable":true,"href":"https:\/\/quehacerpolitico.mx\/index.php?rest_route=%2Fwp%2Fv2%2Fcomments&post=38128"}],"version-history":[{"count":0,"href":"https:\/\/quehacerpolitico.mx\/index.php?rest_route=\/wp\/v2\/posts\/38128\/revisions"}],"wp:featuredmedia":[{"embeddable":true,"href":"https:\/\/quehacerpolitico.mx\/index.php?rest_route=\/"}],"wp:attachment":[{"href":"https:\/\/quehacerpolitico.mx\/index.php?rest_route=%2Fwp%2Fv2%2Fmedia&parent=38128"}],"wp:term":[{"taxonomy":"category","embeddable":true,"href":"https:\/\/quehacerpolitico.mx\/index.php?rest_route=%2Fwp%2Fv2%2Fcategories&post=38128"},{"taxonomy":"post_tag","embeddable":true,"href":"https:\/\/quehacerpolitico.mx\/index.php?rest_route=%2Fwp%2Fv2%2Ftags&post=38128"}],"curies":[{"name":"wp","href":"https:\/\/api.w.org\/{rel}","templated":true}]}}