{"id":37979,"date":"2019-09-10T17:11:15","date_gmt":"2019-09-10T17:11:15","guid":{"rendered":"http:\/\/quehacerpolitico.mx\/grupo-criminal-pide-a-pobladores-de-tepalcatepec-correr-a-el-abuelo\/"},"modified":"2019-09-10T17:11:15","modified_gmt":"2019-09-10T17:11:15","slug":"grupo-criminal-pide-a-pobladores-de-tepalcatepec-correr-a-el-abuelo","status":"publish","type":"post","link":"https:\/\/quehacerpolitico.mx\/?p=37979","title":{"rendered":"Grupo criminal pide a pobladores de Tepalcatepec correr a &#8220;El Abuelo&#8221;"},"content":{"rendered":"<h1 class=\"news-title\">Grupo criminal pide a pobladores de Tepalcatepec correr a &#8220;El Abuelo&#8221;<\/h1>\n<p>Por Redacci\u00f3n QP<\/p>\n<p>A trav\u00e9s de un video, el CNG asegura\u00a0que la lucha que sostienen no es contra el pueblo de Tepalcatepec, sino contra el ex l\u00edder de las autodefensas<\/p>\n<p>En un video difundido en redes sociales, el Cartel Nueva Generaci\u00f3n (CNG) env\u00eda un nuevo mensaje a pobladores de Tepalcatepec, en el que les <strong>pide correr del municipio a Juan Jos\u00e9 Far\u00edas, &#8220;El Abuelo&#8221;, ex l\u00edder de las autodefensas<\/strong>, y a su c\u00e1rtel.<\/p>\n<p>En la grabaci\u00f3n, un hombre acompa\u00f1ado de varios sujetos con pasamonta\u00f1as, vestidos con ropa militar e insignias del CNG y fuertemente armados, <strong>asegura que la lucha que sostienen no es contra el pueblo de Tepalcatepec, sino contra &#8220;El Abuelo&#8221;<\/strong>.<\/p>\n<p>https:\/\/www.facebook.com\/VeracruzCodigoRojo\/videos\/480139136154409?sfns=mo<\/p>\n<p>El video muestra a un sujeto sentado tras una mesa leyendo un mensaje. &#8220;<strong>Por medio de este comunicado les queremos aclarar por parte del se\u00f1or &#8216;Mencho&#8217; y su c\u00e1rtel, que es el CJNG, que el pleito no es con los ciudadanos de Tepalcatepec, es con &#8216;El Abuelo&#8217; y su C\u00e1rtel<\/strong>&#8220;, se\u00f1al\u00f3.<\/p>\n<p>Indic\u00f3, adem\u00e1s, que &#8220;abran los ojos que los est\u00e1 utilizando para realizar sus actos delictivos y beneficiarse a sus costillas, que por cierto parece &#8220;Templario&#8221; o &#8220;Viagra&#8221;, <strong>ya le empez\u00f3 a cobrar cuota a los negocios del pueblo, mientras \u00e9l, su dinero, sus hijos lo gastan comprando lujosos autos del a\u00f1o<\/strong>&#8220;.<\/p>\n<p>Y agreg\u00f3: &#8220;<strong>Les reitero una cosa, el pleito no es con el pueblo ni con la ciudadan\u00eda<\/strong>, para que vean que as\u00ed es, ustedes corran al &#8216;Abuelo&#8217; (Juan Jos\u00e9 Far\u00edas \u00c1lvarez) y su c\u00e1rtel de Tepalcatepec, y ustedes qu\u00e9dense tranquilos en su pueblo&#8221;.<\/p>\n<p>&#8220;Si quieren que termine esta guerra, saquen al &#8216;Abuelo&#8217; y su c\u00e1rtel de Tepalcatepec, y ver\u00e1n que regresar\u00e1 la tranquilidad a este pueblo&#8221;, a\u00f1adi\u00f3.<\/p>\n<p>Con Informaci\u00f3n de SUN<\/p>\n","protected":false},"excerpt":{"rendered":"<p>Grupo criminal pide a pobladores de Tepalcatepec correr a &#8220;El Abuelo&#8221;<br \/>\nPor Redacci\u00f3n QP<\/p>\n","protected":false},"author":2,"featured_media":37978,"comment_status":"open","ping_status":"open","sticky":false,"template":"","format":"standard","meta":{"_monsterinsights_skip_tracking":false,"_monsterinsights_sitenote_active":false,"_monsterinsights_sitenote_note":"","_monsterinsights_sitenote_category":0,"footnotes":""},"categories":[2],"tags":[],"class_list":["post-37979","post","type-post","status-publish","format-standard","has-post-thumbnail","hentry","category-noticias"],"yoast_head":"<!-- This site is optimized with the Yoast SEO plugin v27.3 - https:\/\/yoast.com\/product\/yoast-seo-wordpress\/ -->\n<title>Grupo criminal pide a pobladores de Tepalcatepec correr a &quot;El Abuelo&quot; -<\/title>\n<meta name=\"robots\" content=\"index, follow, max-snippet:-1, max-image-preview:large, max-video-preview:-1\" \/>\n<link rel=\"canonical\" href=\"https:\/\/quehacerpolitico.mx\/?p=37979\" \/>\n<meta property=\"og:locale\" content=\"es_MX\" \/>\n<meta property=\"og:type\" content=\"article\" \/>\n<meta property=\"og:title\" content=\"Grupo criminal pide a pobladores de Tepalcatepec correr a &quot;El Abuelo&quot; -\" \/>\n<meta property=\"og:description\" content=\"Grupo criminal pide a pobladores de Tepalcatepec correr a &quot;El Abuelo&quot; Por Redacci\u00f3n QP\" \/>\n<meta property=\"og:url\" content=\"https:\/\/quehacerpolitico.mx\/?p=37979\" \/>\n<meta property=\"article:published_time\" content=\"2019-09-10T17:11:15+00:00\" \/>\n<meta name=\"author\" content=\"Redacci\u00f3n QP\" \/>\n<meta name=\"twitter:card\" content=\"summary_large_image\" \/>\n<meta name=\"twitter:label1\" content=\"Escrito por\" \/>\n\t<meta name=\"twitter:data1\" content=\"Redacci\u00f3n QP\" \/>\n\t<meta name=\"twitter:label2\" content=\"Tiempo de lectura\" \/>\n\t<meta name=\"twitter:data2\" content=\"2 minutos\" \/>\n<script type=\"application\/ld+json\" class=\"yoast-schema-graph\">{\"@context\":\"https:\\\/\\\/schema.org\",\"@graph\":[{\"@type\":\"Article\",\"@id\":\"https:\\\/\\\/quehacerpolitico.mx\\\/?p=37979#article\",\"isPartOf\":{\"@id\":\"https:\\\/\\\/quehacerpolitico.mx\\\/?p=37979\"},\"author\":{\"name\":\"Redacci\u00f3n QP\",\"@id\":\"https:\\\/\\\/quehacerpolitico.mx\\\/#\\\/schema\\\/person\\\/496d8ad2d1d3f8036101dca7ee39e585\"},\"headline\":\"Grupo criminal pide a pobladores de Tepalcatepec correr a &#8220;El Abuelo&#8221;\",\"datePublished\":\"2019-09-10T17:11:15+00:00\",\"mainEntityOfPage\":{\"@id\":\"https:\\\/\\\/quehacerpolitico.mx\\\/?p=37979\"},\"wordCount\":341,\"commentCount\":0,\"image\":{\"@id\":\"https:\\\/\\\/quehacerpolitico.mx\\\/?p=37979#primaryimage\"},\"thumbnailUrl\":\"\",\"articleSection\":[\"Noticias\"],\"inLanguage\":\"es\",\"potentialAction\":[{\"@type\":\"CommentAction\",\"name\":\"Comment\",\"target\":[\"https:\\\/\\\/quehacerpolitico.mx\\\/?p=37979#respond\"]}]},{\"@type\":\"WebPage\",\"@id\":\"https:\\\/\\\/quehacerpolitico.mx\\\/?p=37979\",\"url\":\"https:\\\/\\\/quehacerpolitico.mx\\\/?p=37979\",\"name\":\"Grupo criminal pide a pobladores de Tepalcatepec correr a \\\"El Abuelo\\\" -\",\"isPartOf\":{\"@id\":\"https:\\\/\\\/quehacerpolitico.mx\\\/#website\"},\"primaryImageOfPage\":{\"@id\":\"https:\\\/\\\/quehacerpolitico.mx\\\/?p=37979#primaryimage\"},\"image\":{\"@id\":\"https:\\\/\\\/quehacerpolitico.mx\\\/?p=37979#primaryimage\"},\"thumbnailUrl\":\"\",\"datePublished\":\"2019-09-10T17:11:15+00:00\",\"author\":{\"@id\":\"https:\\\/\\\/quehacerpolitico.mx\\\/#\\\/schema\\\/person\\\/496d8ad2d1d3f8036101dca7ee39e585\"},\"breadcrumb\":{\"@id\":\"https:\\\/\\\/quehacerpolitico.mx\\\/?p=37979#breadcrumb\"},\"inLanguage\":\"es\",\"potentialAction\":[{\"@type\":\"ReadAction\",\"target\":[\"https:\\\/\\\/quehacerpolitico.mx\\\/?p=37979\"]}]},{\"@type\":\"ImageObject\",\"inLanguage\":\"es\",\"@id\":\"https:\\\/\\\/quehacerpolitico.mx\\\/?p=37979#primaryimage\",\"url\":\"\",\"contentUrl\":\"\"},{\"@type\":\"BreadcrumbList\",\"@id\":\"https:\\\/\\\/quehacerpolitico.mx\\\/?p=37979#breadcrumb\",\"itemListElement\":[{\"@type\":\"ListItem\",\"position\":1,\"name\":\"Inicio\",\"item\":\"https:\\\/\\\/quehacerpolitico.mx\\\/\"},{\"@type\":\"ListItem\",\"position\":2,\"name\":\"Grupo criminal pide a pobladores de Tepalcatepec correr a &#8220;El Abuelo&#8221;\"}]},{\"@type\":\"WebSite\",\"@id\":\"https:\\\/\\\/quehacerpolitico.mx\\\/#website\",\"url\":\"https:\\\/\\\/quehacerpolitico.mx\\\/\",\"name\":\"\",\"description\":\"\",\"potentialAction\":[{\"@type\":\"SearchAction\",\"target\":{\"@type\":\"EntryPoint\",\"urlTemplate\":\"https:\\\/\\\/quehacerpolitico.mx\\\/?s={search_term_string}\"},\"query-input\":{\"@type\":\"PropertyValueSpecification\",\"valueRequired\":true,\"valueName\":\"search_term_string\"}}],\"inLanguage\":\"es\"},{\"@type\":\"Person\",\"@id\":\"https:\\\/\\\/quehacerpolitico.mx\\\/#\\\/schema\\\/person\\\/496d8ad2d1d3f8036101dca7ee39e585\",\"name\":\"Redacci\u00f3n QP\",\"image\":{\"@type\":\"ImageObject\",\"inLanguage\":\"es\",\"@id\":\"https:\\\/\\\/secure.gravatar.com\\\/avatar\\\/c7164ed6fdec453195284ad24a5ae5b6e1eed2b848477fa2a4787ba9adf39a41?s=96&d=mm&r=g\",\"url\":\"https:\\\/\\\/secure.gravatar.com\\\/avatar\\\/c7164ed6fdec453195284ad24a5ae5b6e1eed2b848477fa2a4787ba9adf39a41?s=96&d=mm&r=g\",\"contentUrl\":\"https:\\\/\\\/secure.gravatar.com\\\/avatar\\\/c7164ed6fdec453195284ad24a5ae5b6e1eed2b848477fa2a4787ba9adf39a41?s=96&d=mm&r=g\",\"caption\":\"Redacci\u00f3n QP\"},\"url\":\"https:\\\/\\\/quehacerpolitico.mx\\\/?author=2\"}]}<\/script>\n<!-- \/ Yoast SEO plugin. -->","yoast_head_json":{"title":"Grupo criminal pide a pobladores de Tepalcatepec correr a \"El Abuelo\" -","robots":{"index":"index","follow":"follow","max-snippet":"max-snippet:-1","max-image-preview":"max-image-preview:large","max-video-preview":"max-video-preview:-1"},"canonical":"https:\/\/quehacerpolitico.mx\/?p=37979","og_locale":"es_MX","og_type":"article","og_title":"Grupo criminal pide a pobladores de Tepalcatepec correr a \"El Abuelo\" -","og_description":"Grupo criminal pide a pobladores de Tepalcatepec correr a \"El Abuelo\" Por Redacci\u00f3n QP","og_url":"https:\/\/quehacerpolitico.mx\/?p=37979","article_published_time":"2019-09-10T17:11:15+00:00","author":"Redacci\u00f3n QP","twitter_card":"summary_large_image","twitter_misc":{"Escrito por":"Redacci\u00f3n QP","Tiempo de lectura":"2 minutos"},"schema":{"@context":"https:\/\/schema.org","@graph":[{"@type":"Article","@id":"https:\/\/quehacerpolitico.mx\/?p=37979#article","isPartOf":{"@id":"https:\/\/quehacerpolitico.mx\/?p=37979"},"author":{"name":"Redacci\u00f3n QP","@id":"https:\/\/quehacerpolitico.mx\/#\/schema\/person\/496d8ad2d1d3f8036101dca7ee39e585"},"headline":"Grupo criminal pide a pobladores de Tepalcatepec correr a &#8220;El Abuelo&#8221;","datePublished":"2019-09-10T17:11:15+00:00","mainEntityOfPage":{"@id":"https:\/\/quehacerpolitico.mx\/?p=37979"},"wordCount":341,"commentCount":0,"image":{"@id":"https:\/\/quehacerpolitico.mx\/?p=37979#primaryimage"},"thumbnailUrl":"","articleSection":["Noticias"],"inLanguage":"es","potentialAction":[{"@type":"CommentAction","name":"Comment","target":["https:\/\/quehacerpolitico.mx\/?p=37979#respond"]}]},{"@type":"WebPage","@id":"https:\/\/quehacerpolitico.mx\/?p=37979","url":"https:\/\/quehacerpolitico.mx\/?p=37979","name":"Grupo criminal pide a pobladores de Tepalcatepec correr a \"El Abuelo\" -","isPartOf":{"@id":"https:\/\/quehacerpolitico.mx\/#website"},"primaryImageOfPage":{"@id":"https:\/\/quehacerpolitico.mx\/?p=37979#primaryimage"},"image":{"@id":"https:\/\/quehacerpolitico.mx\/?p=37979#primaryimage"},"thumbnailUrl":"","datePublished":"2019-09-10T17:11:15+00:00","author":{"@id":"https:\/\/quehacerpolitico.mx\/#\/schema\/person\/496d8ad2d1d3f8036101dca7ee39e585"},"breadcrumb":{"@id":"https:\/\/quehacerpolitico.mx\/?p=37979#breadcrumb"},"inLanguage":"es","potentialAction":[{"@type":"ReadAction","target":["https:\/\/quehacerpolitico.mx\/?p=37979"]}]},{"@type":"ImageObject","inLanguage":"es","@id":"https:\/\/quehacerpolitico.mx\/?p=37979#primaryimage","url":"","contentUrl":""},{"@type":"BreadcrumbList","@id":"https:\/\/quehacerpolitico.mx\/?p=37979#breadcrumb","itemListElement":[{"@type":"ListItem","position":1,"name":"Inicio","item":"https:\/\/quehacerpolitico.mx\/"},{"@type":"ListItem","position":2,"name":"Grupo criminal pide a pobladores de Tepalcatepec correr a &#8220;El Abuelo&#8221;"}]},{"@type":"WebSite","@id":"https:\/\/quehacerpolitico.mx\/#website","url":"https:\/\/quehacerpolitico.mx\/","name":"","description":"","potentialAction":[{"@type":"SearchAction","target":{"@type":"EntryPoint","urlTemplate":"https:\/\/quehacerpolitico.mx\/?s={search_term_string}"},"query-input":{"@type":"PropertyValueSpecification","valueRequired":true,"valueName":"search_term_string"}}],"inLanguage":"es"},{"@type":"Person","@id":"https:\/\/quehacerpolitico.mx\/#\/schema\/person\/496d8ad2d1d3f8036101dca7ee39e585","name":"Redacci\u00f3n QP","image":{"@type":"ImageObject","inLanguage":"es","@id":"https:\/\/secure.gravatar.com\/avatar\/c7164ed6fdec453195284ad24a5ae5b6e1eed2b848477fa2a4787ba9adf39a41?s=96&d=mm&r=g","url":"https:\/\/secure.gravatar.com\/avatar\/c7164ed6fdec453195284ad24a5ae5b6e1eed2b848477fa2a4787ba9adf39a41?s=96&d=mm&r=g","contentUrl":"https:\/\/secure.gravatar.com\/avatar\/c7164ed6fdec453195284ad24a5ae5b6e1eed2b848477fa2a4787ba9adf39a41?s=96&d=mm&r=g","caption":"Redacci\u00f3n QP"},"url":"https:\/\/quehacerpolitico.mx\/?author=2"}]}},"featured_image_urls":{"full":"","thumbnail":"","medium":"","medium_large":"","large":"","1536x1536":"","2048x2048":"","covernews-featured":"","covernews-medium":""},"author_info":{"display_name":"Redacci\u00f3n QP","author_link":"https:\/\/quehacerpolitico.mx\/?author=2"},"category_info":"<a href=\"https:\/\/quehacerpolitico.mx\/?cat=2\" rel=\"category\">Noticias<\/a>","tag_info":"Noticias","comment_count":"0","_links":{"self":[{"href":"https:\/\/quehacerpolitico.mx\/index.php?rest_route=\/wp\/v2\/posts\/37979","targetHints":{"allow":["GET"]}}],"collection":[{"href":"https:\/\/quehacerpolitico.mx\/index.php?rest_route=\/wp\/v2\/posts"}],"about":[{"href":"https:\/\/quehacerpolitico.mx\/index.php?rest_route=\/wp\/v2\/types\/post"}],"author":[{"embeddable":true,"href":"https:\/\/quehacerpolitico.mx\/index.php?rest_route=\/wp\/v2\/users\/2"}],"replies":[{"embeddable":true,"href":"https:\/\/quehacerpolitico.mx\/index.php?rest_route=%2Fwp%2Fv2%2Fcomments&post=37979"}],"version-history":[{"count":0,"href":"https:\/\/quehacerpolitico.mx\/index.php?rest_route=\/wp\/v2\/posts\/37979\/revisions"}],"wp:featuredmedia":[{"embeddable":true,"href":"https:\/\/quehacerpolitico.mx\/index.php?rest_route=\/"}],"wp:attachment":[{"href":"https:\/\/quehacerpolitico.mx\/index.php?rest_route=%2Fwp%2Fv2%2Fmedia&parent=37979"}],"wp:term":[{"taxonomy":"category","embeddable":true,"href":"https:\/\/quehacerpolitico.mx\/index.php?rest_route=%2Fwp%2Fv2%2Fcategories&post=37979"},{"taxonomy":"post_tag","embeddable":true,"href":"https:\/\/quehacerpolitico.mx\/index.php?rest_route=%2Fwp%2Fv2%2Ftags&post=37979"}],"curies":[{"name":"wp","href":"https:\/\/api.w.org\/{rel}","templated":true}]}}