{"id":37975,"date":"2019-09-10T17:02:51","date_gmt":"2019-09-10T17:02:51","guid":{"rendered":"http:\/\/quehacerpolitico.mx\/laura-rojas-rechaza-usar-fuerza-publica-para-quitar-a-integrantes-de-cnte\/"},"modified":"2019-09-10T17:02:51","modified_gmt":"2019-09-10T17:02:51","slug":"laura-rojas-rechaza-usar-fuerza-publica-para-quitar-a-integrantes-de-cnte","status":"publish","type":"post","link":"https:\/\/quehacerpolitico.mx\/?p=37975","title":{"rendered":"Laura Rojas rechaza usar fuerza p\u00fablica para quitar a integrantes de CNTE"},"content":{"rendered":"<h1 class=\"news-title\">Laura Rojas rechaza usar fuerza p\u00fablica para quitar a integrantes de CNTE<\/h1>\n<p>Por Redacci\u00f3n QP<\/p>\n<p>La presidenta de la C\u00e1mara de Diputados aclara que solicit\u00f3 el apoyo vial para garantizar un acceso al recinto para que el personal pudiera entrar y salir<\/p>\n<p>La presidenta de la C\u00e1mara de Diputados, Laura Rojas, rechaz\u00f3 la afirmaci\u00f3n del presidente de la Junta de Coordinaci\u00f3n Pol\u00edtica, Mario Delgado (Morena), de que ella solicit\u00f3 el uso de la fuerza p\u00fablica para criminalizar la manifestaci\u00f3n de los integrantes de la Coordinadora Nacional de la Educaci\u00f3n (CNTE), en las afueras del Palacio Legislativo de San L\u00e1zaro.<\/p>\n<div id=\"div-gpt-ad-1548262875188-0\" data-google-query-id=\"CLXx6sjcxuQCFQSVAQodvIIJdQ\">\n<div id=\"google_ads_iframe_\/1001694\/INF_intext_1_0__container__\">En entrevista, <strong>Laura Rojas precis\u00f3 que solicit\u00f3 el apoyo vial para garantizar, al menos, un acceso a la C\u00e1mara de Diputados, para que el personal pudiera entrar y salir de la sede legislativa y no haya una par\u00e1lisis legislativa<\/strong>.<\/div>\n<\/div>\n<p>Rechaz\u00f3 que haya solicitado la presencia de la fuerza p\u00fablica como afirm\u00f3 Mario Delgado en un comunicado, y dijo que buscaba un equilibrio entre el libre derecho de manifestaci\u00f3n, expresi\u00f3n de los integrantes de la CNTE y el derecho de trabajar de los integrantes de la C\u00e1mara de Diputados.<\/p>\n<p>&#8220;Se solicit\u00f3 el apoyo vial, no se solicit\u00f3 la presencia de la fuerza p\u00fablica, lo que se solicit\u00f3 fue que se asegurara un acceso, una v\u00eda de acceso libre para que los trabajos de la C\u00e1mara no se paralicen, si hay que dejar las cosas muy claras, hemos tenido en otras ocasiones bloqueos que han impedido que la gente salga y de ninguna manera se pidi\u00f3 el uso de la fuerza, de ninguna manera se pidi\u00f3 la represi\u00f3n, lo que se pidi\u00f3 fue el apoyo de seguridad vial, que es muy distinto, para que nos pudieran asegurar un acceso solamente y afortunadamente no fue necesario&#8221;, dijo la panista.<\/p>\n<p>Asimismo, <strong>asegur\u00f3 que la presencia de la seguridad vial afortunadamente no fue necesaria, pues los manifestantes a\u00fan no est\u00e1n bloqueando los accesos a la C\u00e1mara de Diputados<\/strong>.<\/p>\n<p>&#8220;Lo que solicitamos fue el apoyo de seguridad vial, no de la fuerza p\u00fablica que es diferente, lo que solicitamos fue el apoyo de seguridad vial para que nos garantizaran un acceso, afortunadamente no fue necesario, lo pedimos en caso preventivo afortunadamente no fue necesario porque los manifestantes no est\u00e1n bloqueando las entradas, ellos lo que quieren es di\u00e1logo entonces pues los grupos parlamentarios est\u00e1n y las comisiones est\u00e1n trabajando ya en atender a los manifestantes, <strong>nosotros nunca vamos a reprimir a ning\u00fan manifestante eso es muy importante decirlo, somos absolutamente respetuosos de la libertad de manifestaci\u00f3n, de la libertad de expresi\u00f3n, jam\u00e1s vamos a pedir el uso de la fuerza p\u00fablica para reprimir a nadie<\/strong>&#8220;, dijo la panista.<\/p>\n<p>Esta ma\u00f1ana de martes, <strong>Mario Delgado Carrillo, hizo un llamado a actuar con prudencia, &#8220;no criminalizar la protesta y no suponer ni adelantar juicios de lo que pudiera suceder con la llegada de los distintos contingentes&#8221;<\/strong>.<\/p>\n<p>Plante\u00f3 que se debe privilegiar el di\u00e1logo &#8220;y no la intervenci\u00f3n policial que pueda generar un riesgo de confrontaci\u00f3n indeseable en estos tiempos&#8221;.<\/p>\n<p>Delgado expres\u00f3 que la Jucopo y los coordinadores parlamentarios que lo integran siempre han estado dispuestos a platicar con todos los manifestantes y visitantes, &#8220;para encontrar soluciones por la v\u00eda pac\u00edfica&#8221;.<\/p>\n<p>Inform\u00f3 que la informaci\u00f3n que se tiene es que habr\u00e1 manifestaciones, &#8220;pero no hay certeza de que esto pueda representar un obst\u00e1culo para los trabajos y el ingreso de las y los diputados, ni que se ponga en riesgo la integridad de los mismos, ni del recinto&#8221;.<\/p>\n<p>Con Informaci\u00f3n de SUN<\/p>\n","protected":false},"excerpt":{"rendered":"<p>Laura Rojas rechaza usar fuerza p\u00fablica para quitar a integrantes de CNTE<br \/>\nPor Redacci\u00f3n QP<\/p>\n","protected":false},"author":2,"featured_media":37974,"comment_status":"open","ping_status":"open","sticky":false,"template":"","format":"standard","meta":{"_monsterinsights_skip_tracking":false,"_monsterinsights_sitenote_active":false,"_monsterinsights_sitenote_note":"","_monsterinsights_sitenote_category":0,"footnotes":""},"categories":[2],"tags":[],"class_list":["post-37975","post","type-post","status-publish","format-standard","has-post-thumbnail","hentry","category-noticias"],"yoast_head":"<!-- This site is optimized with the Yoast SEO plugin v27.3 - https:\/\/yoast.com\/product\/yoast-seo-wordpress\/ -->\n<title>Laura Rojas rechaza usar fuerza p\u00fablica para quitar a integrantes de CNTE -<\/title>\n<meta name=\"robots\" content=\"index, follow, max-snippet:-1, max-image-preview:large, max-video-preview:-1\" \/>\n<link rel=\"canonical\" href=\"https:\/\/quehacerpolitico.mx\/?p=37975\" \/>\n<meta property=\"og:locale\" content=\"es_MX\" \/>\n<meta property=\"og:type\" content=\"article\" \/>\n<meta property=\"og:title\" content=\"Laura Rojas rechaza usar fuerza p\u00fablica para quitar a integrantes de CNTE -\" \/>\n<meta property=\"og:description\" content=\"Laura Rojas rechaza usar fuerza p\u00fablica para quitar a integrantes de CNTE Por Redacci\u00f3n QP\" \/>\n<meta property=\"og:url\" content=\"https:\/\/quehacerpolitico.mx\/?p=37975\" \/>\n<meta property=\"article:published_time\" content=\"2019-09-10T17:02:51+00:00\" \/>\n<meta name=\"author\" content=\"Redacci\u00f3n QP\" \/>\n<meta name=\"twitter:card\" content=\"summary_large_image\" \/>\n<meta name=\"twitter:label1\" content=\"Escrito por\" \/>\n\t<meta name=\"twitter:data1\" content=\"Redacci\u00f3n QP\" \/>\n\t<meta name=\"twitter:label2\" content=\"Tiempo de lectura\" \/>\n\t<meta name=\"twitter:data2\" content=\"3 minutos\" \/>\n<script type=\"application\/ld+json\" class=\"yoast-schema-graph\">{\"@context\":\"https:\\\/\\\/schema.org\",\"@graph\":[{\"@type\":\"Article\",\"@id\":\"https:\\\/\\\/quehacerpolitico.mx\\\/?p=37975#article\",\"isPartOf\":{\"@id\":\"https:\\\/\\\/quehacerpolitico.mx\\\/?p=37975\"},\"author\":{\"name\":\"Redacci\u00f3n QP\",\"@id\":\"https:\\\/\\\/quehacerpolitico.mx\\\/#\\\/schema\\\/person\\\/496d8ad2d1d3f8036101dca7ee39e585\"},\"headline\":\"Laura Rojas rechaza usar fuerza p\u00fablica para quitar a integrantes de CNTE\",\"datePublished\":\"2019-09-10T17:02:51+00:00\",\"mainEntityOfPage\":{\"@id\":\"https:\\\/\\\/quehacerpolitico.mx\\\/?p=37975\"},\"wordCount\":638,\"commentCount\":0,\"image\":{\"@id\":\"https:\\\/\\\/quehacerpolitico.mx\\\/?p=37975#primaryimage\"},\"thumbnailUrl\":\"\",\"articleSection\":[\"Noticias\"],\"inLanguage\":\"es\",\"potentialAction\":[{\"@type\":\"CommentAction\",\"name\":\"Comment\",\"target\":[\"https:\\\/\\\/quehacerpolitico.mx\\\/?p=37975#respond\"]}]},{\"@type\":\"WebPage\",\"@id\":\"https:\\\/\\\/quehacerpolitico.mx\\\/?p=37975\",\"url\":\"https:\\\/\\\/quehacerpolitico.mx\\\/?p=37975\",\"name\":\"Laura Rojas rechaza usar fuerza p\u00fablica para quitar a integrantes de CNTE -\",\"isPartOf\":{\"@id\":\"https:\\\/\\\/quehacerpolitico.mx\\\/#website\"},\"primaryImageOfPage\":{\"@id\":\"https:\\\/\\\/quehacerpolitico.mx\\\/?p=37975#primaryimage\"},\"image\":{\"@id\":\"https:\\\/\\\/quehacerpolitico.mx\\\/?p=37975#primaryimage\"},\"thumbnailUrl\":\"\",\"datePublished\":\"2019-09-10T17:02:51+00:00\",\"author\":{\"@id\":\"https:\\\/\\\/quehacerpolitico.mx\\\/#\\\/schema\\\/person\\\/496d8ad2d1d3f8036101dca7ee39e585\"},\"breadcrumb\":{\"@id\":\"https:\\\/\\\/quehacerpolitico.mx\\\/?p=37975#breadcrumb\"},\"inLanguage\":\"es\",\"potentialAction\":[{\"@type\":\"ReadAction\",\"target\":[\"https:\\\/\\\/quehacerpolitico.mx\\\/?p=37975\"]}]},{\"@type\":\"ImageObject\",\"inLanguage\":\"es\",\"@id\":\"https:\\\/\\\/quehacerpolitico.mx\\\/?p=37975#primaryimage\",\"url\":\"\",\"contentUrl\":\"\"},{\"@type\":\"BreadcrumbList\",\"@id\":\"https:\\\/\\\/quehacerpolitico.mx\\\/?p=37975#breadcrumb\",\"itemListElement\":[{\"@type\":\"ListItem\",\"position\":1,\"name\":\"Inicio\",\"item\":\"https:\\\/\\\/quehacerpolitico.mx\\\/\"},{\"@type\":\"ListItem\",\"position\":2,\"name\":\"Laura Rojas rechaza usar fuerza p\u00fablica para quitar a integrantes de CNTE\"}]},{\"@type\":\"WebSite\",\"@id\":\"https:\\\/\\\/quehacerpolitico.mx\\\/#website\",\"url\":\"https:\\\/\\\/quehacerpolitico.mx\\\/\",\"name\":\"\",\"description\":\"\",\"potentialAction\":[{\"@type\":\"SearchAction\",\"target\":{\"@type\":\"EntryPoint\",\"urlTemplate\":\"https:\\\/\\\/quehacerpolitico.mx\\\/?s={search_term_string}\"},\"query-input\":{\"@type\":\"PropertyValueSpecification\",\"valueRequired\":true,\"valueName\":\"search_term_string\"}}],\"inLanguage\":\"es\"},{\"@type\":\"Person\",\"@id\":\"https:\\\/\\\/quehacerpolitico.mx\\\/#\\\/schema\\\/person\\\/496d8ad2d1d3f8036101dca7ee39e585\",\"name\":\"Redacci\u00f3n QP\",\"image\":{\"@type\":\"ImageObject\",\"inLanguage\":\"es\",\"@id\":\"https:\\\/\\\/secure.gravatar.com\\\/avatar\\\/c7164ed6fdec453195284ad24a5ae5b6e1eed2b848477fa2a4787ba9adf39a41?s=96&d=mm&r=g\",\"url\":\"https:\\\/\\\/secure.gravatar.com\\\/avatar\\\/c7164ed6fdec453195284ad24a5ae5b6e1eed2b848477fa2a4787ba9adf39a41?s=96&d=mm&r=g\",\"contentUrl\":\"https:\\\/\\\/secure.gravatar.com\\\/avatar\\\/c7164ed6fdec453195284ad24a5ae5b6e1eed2b848477fa2a4787ba9adf39a41?s=96&d=mm&r=g\",\"caption\":\"Redacci\u00f3n QP\"},\"url\":\"https:\\\/\\\/quehacerpolitico.mx\\\/?author=2\"}]}<\/script>\n<!-- \/ Yoast SEO plugin. -->","yoast_head_json":{"title":"Laura Rojas rechaza usar fuerza p\u00fablica para quitar a integrantes de CNTE -","robots":{"index":"index","follow":"follow","max-snippet":"max-snippet:-1","max-image-preview":"max-image-preview:large","max-video-preview":"max-video-preview:-1"},"canonical":"https:\/\/quehacerpolitico.mx\/?p=37975","og_locale":"es_MX","og_type":"article","og_title":"Laura Rojas rechaza usar fuerza p\u00fablica para quitar a integrantes de CNTE -","og_description":"Laura Rojas rechaza usar fuerza p\u00fablica para quitar a integrantes de CNTE Por Redacci\u00f3n QP","og_url":"https:\/\/quehacerpolitico.mx\/?p=37975","article_published_time":"2019-09-10T17:02:51+00:00","author":"Redacci\u00f3n QP","twitter_card":"summary_large_image","twitter_misc":{"Escrito por":"Redacci\u00f3n QP","Tiempo de lectura":"3 minutos"},"schema":{"@context":"https:\/\/schema.org","@graph":[{"@type":"Article","@id":"https:\/\/quehacerpolitico.mx\/?p=37975#article","isPartOf":{"@id":"https:\/\/quehacerpolitico.mx\/?p=37975"},"author":{"name":"Redacci\u00f3n QP","@id":"https:\/\/quehacerpolitico.mx\/#\/schema\/person\/496d8ad2d1d3f8036101dca7ee39e585"},"headline":"Laura Rojas rechaza usar fuerza p\u00fablica para quitar a integrantes de CNTE","datePublished":"2019-09-10T17:02:51+00:00","mainEntityOfPage":{"@id":"https:\/\/quehacerpolitico.mx\/?p=37975"},"wordCount":638,"commentCount":0,"image":{"@id":"https:\/\/quehacerpolitico.mx\/?p=37975#primaryimage"},"thumbnailUrl":"","articleSection":["Noticias"],"inLanguage":"es","potentialAction":[{"@type":"CommentAction","name":"Comment","target":["https:\/\/quehacerpolitico.mx\/?p=37975#respond"]}]},{"@type":"WebPage","@id":"https:\/\/quehacerpolitico.mx\/?p=37975","url":"https:\/\/quehacerpolitico.mx\/?p=37975","name":"Laura Rojas rechaza usar fuerza p\u00fablica para quitar a integrantes de CNTE -","isPartOf":{"@id":"https:\/\/quehacerpolitico.mx\/#website"},"primaryImageOfPage":{"@id":"https:\/\/quehacerpolitico.mx\/?p=37975#primaryimage"},"image":{"@id":"https:\/\/quehacerpolitico.mx\/?p=37975#primaryimage"},"thumbnailUrl":"","datePublished":"2019-09-10T17:02:51+00:00","author":{"@id":"https:\/\/quehacerpolitico.mx\/#\/schema\/person\/496d8ad2d1d3f8036101dca7ee39e585"},"breadcrumb":{"@id":"https:\/\/quehacerpolitico.mx\/?p=37975#breadcrumb"},"inLanguage":"es","potentialAction":[{"@type":"ReadAction","target":["https:\/\/quehacerpolitico.mx\/?p=37975"]}]},{"@type":"ImageObject","inLanguage":"es","@id":"https:\/\/quehacerpolitico.mx\/?p=37975#primaryimage","url":"","contentUrl":""},{"@type":"BreadcrumbList","@id":"https:\/\/quehacerpolitico.mx\/?p=37975#breadcrumb","itemListElement":[{"@type":"ListItem","position":1,"name":"Inicio","item":"https:\/\/quehacerpolitico.mx\/"},{"@type":"ListItem","position":2,"name":"Laura Rojas rechaza usar fuerza p\u00fablica para quitar a integrantes de CNTE"}]},{"@type":"WebSite","@id":"https:\/\/quehacerpolitico.mx\/#website","url":"https:\/\/quehacerpolitico.mx\/","name":"","description":"","potentialAction":[{"@type":"SearchAction","target":{"@type":"EntryPoint","urlTemplate":"https:\/\/quehacerpolitico.mx\/?s={search_term_string}"},"query-input":{"@type":"PropertyValueSpecification","valueRequired":true,"valueName":"search_term_string"}}],"inLanguage":"es"},{"@type":"Person","@id":"https:\/\/quehacerpolitico.mx\/#\/schema\/person\/496d8ad2d1d3f8036101dca7ee39e585","name":"Redacci\u00f3n QP","image":{"@type":"ImageObject","inLanguage":"es","@id":"https:\/\/secure.gravatar.com\/avatar\/c7164ed6fdec453195284ad24a5ae5b6e1eed2b848477fa2a4787ba9adf39a41?s=96&d=mm&r=g","url":"https:\/\/secure.gravatar.com\/avatar\/c7164ed6fdec453195284ad24a5ae5b6e1eed2b848477fa2a4787ba9adf39a41?s=96&d=mm&r=g","contentUrl":"https:\/\/secure.gravatar.com\/avatar\/c7164ed6fdec453195284ad24a5ae5b6e1eed2b848477fa2a4787ba9adf39a41?s=96&d=mm&r=g","caption":"Redacci\u00f3n QP"},"url":"https:\/\/quehacerpolitico.mx\/?author=2"}]}},"featured_image_urls":{"full":"","thumbnail":"","medium":"","medium_large":"","large":"","1536x1536":"","2048x2048":"","covernews-featured":"","covernews-medium":""},"author_info":{"display_name":"Redacci\u00f3n QP","author_link":"https:\/\/quehacerpolitico.mx\/?author=2"},"category_info":"<a href=\"https:\/\/quehacerpolitico.mx\/?cat=2\" rel=\"category\">Noticias<\/a>","tag_info":"Noticias","comment_count":"0","_links":{"self":[{"href":"https:\/\/quehacerpolitico.mx\/index.php?rest_route=\/wp\/v2\/posts\/37975","targetHints":{"allow":["GET"]}}],"collection":[{"href":"https:\/\/quehacerpolitico.mx\/index.php?rest_route=\/wp\/v2\/posts"}],"about":[{"href":"https:\/\/quehacerpolitico.mx\/index.php?rest_route=\/wp\/v2\/types\/post"}],"author":[{"embeddable":true,"href":"https:\/\/quehacerpolitico.mx\/index.php?rest_route=\/wp\/v2\/users\/2"}],"replies":[{"embeddable":true,"href":"https:\/\/quehacerpolitico.mx\/index.php?rest_route=%2Fwp%2Fv2%2Fcomments&post=37975"}],"version-history":[{"count":0,"href":"https:\/\/quehacerpolitico.mx\/index.php?rest_route=\/wp\/v2\/posts\/37975\/revisions"}],"wp:featuredmedia":[{"embeddable":true,"href":"https:\/\/quehacerpolitico.mx\/index.php?rest_route=\/"}],"wp:attachment":[{"href":"https:\/\/quehacerpolitico.mx\/index.php?rest_route=%2Fwp%2Fv2%2Fmedia&parent=37975"}],"wp:term":[{"taxonomy":"category","embeddable":true,"href":"https:\/\/quehacerpolitico.mx\/index.php?rest_route=%2Fwp%2Fv2%2Fcategories&post=37975"},{"taxonomy":"post_tag","embeddable":true,"href":"https:\/\/quehacerpolitico.mx\/index.php?rest_route=%2Fwp%2Fv2%2Ftags&post=37975"}],"curies":[{"name":"wp","href":"https:\/\/api.w.org\/{rel}","templated":true}]}}