{"id":37969,"date":"2019-09-10T16:27:55","date_gmt":"2019-09-10T16:27:55","guid":{"rendered":"http:\/\/quehacerpolitico.mx\/me-registre-para-gobierno-por-cinco-anos-jaime-bonilla\/"},"modified":"2019-09-10T16:27:55","modified_gmt":"2019-09-10T16:27:55","slug":"me-registre-para-gobierno-por-cinco-anos-jaime-bonilla","status":"publish","type":"post","link":"https:\/\/quehacerpolitico.mx\/?p=37969","title":{"rendered":"Me registr\u00e9 para gobierno por cinco a\u00f1os: Jaime Bonilla"},"content":{"rendered":"<h1 class=\"news-title\">Me registr\u00e9 para gobierno por cinco a\u00f1os: Jaime Bonilla<\/h1>\n<p>Por Redacci\u00f3n QP<\/p>\n<p>El mandatario electo de Baja California defiende la legalidad de su mandato por ese periodo<\/p>\n<p>El gobernador electo de Baja California\u00a0<strong>Jaime Bonilla Valdez<\/strong>, asegura que en el estado hizo un <strong>&#8220;home run por jard\u00edn central y con casa llena&#8221;<\/strong>.<\/p>\n<div id=\"div-gpt-ad-1548262875188-0\" data-google-query-id=\"CLijl5vVxuQCFVVsAQodXwMBUg\">\n<div id=\"google_ads_iframe_\/1001694\/INF_intext_1_0__container__\">Afirma que se registr\u00f3 para competir por <strong>una gubernatura de cinco a\u00f1os y no de dos<\/strong>, por lo que todo su proyecto de gobierno est\u00e1 listo para iniciar este a\u00f1o y para concluir en 2024.<\/div>\n<\/div>\n<p><strong>Acusa que la pol\u00e9mica generada en Baja California en torno a la temporalidad <\/strong>de la pr\u00f3xima gubernatura generada por el Instituto Nacional Electoral (INE) y el Tribunal Electoral del Poder Judicial de la Federaci\u00f3n (TEPJF), organismos que en ning\u00fan momento advirtieron cambiar la convocatoria original para quien buscara la gubernatura del estado, la cual, reitera Bonilla Valdez, qued\u00f3 que ser\u00eda por cinco a\u00f1os.<\/p>\n<p>En entrevista, el bajacaliforniano <strong>defiende la legalidad de su mandato<\/strong>, el cual deber\u00e1 iniciar el pr\u00f3ximo <strong>1 de noviembre<\/strong> y que tendr\u00e1 una duraci\u00f3n de cinco a\u00f1os, puesto que as\u00ed qued\u00f3 en la convocatoria.<\/p>\n<p>Acompa\u00f1ado de su pr\u00f3ximo secretario de gobierno, Amador Rodr\u00edguez, y de quien ser\u00e1 el fiscal en el estado, Guillermo Ruiz, justifica la temporalidad del mandato a partir de <strong>errores cometidos desde 2014<\/strong>, cuando se modific\u00f3 la Constituci\u00f3n del estado para que la siguiente gubernatura fuera de dos a\u00f1os.<\/p>\n<h5>\u00bfC\u00f3mo va tras dos meses de ser gobernador electo?<\/h5>\n<p>\u2014 Bien, estamos en el proceso de la transici\u00f3n. El doctor Amador Rodr\u00edguez est\u00e1 encargado de la transici\u00f3n por parte de las secretar\u00edas. Hace tres meses he estado capacitando a cerca de 800 personas, hemos tenido algunos bemoles sobre la transici\u00f3n porque no ha sido f\u00e1cil. Es un gobierno que est\u00e1 saliendo y que en 30 a\u00f1os no ha tenido transici\u00f3n (&#8230;) se hace muy dif\u00edcil entregar la estafeta.<\/p>\n<p>Puedo decir que <strong>hay algunos que todav\u00eda no [se] la creen<\/strong>.<\/p>\n<p>Por otro lado, el licenciado [Guillermo] Ruiz, nuestro futuro fiscal, tambi\u00e9n ha estado en la transici\u00f3n de los temas jur\u00eddicos. En lo general no ha sido f\u00e1cil, no alcanzan a comprenderlo, pero ah\u00ed vamos, a estirones y a empujones.<\/p>\n<h4>\u00bfSon m\u00e1s estirones o empujones?<\/h4>\n<p>\u2014 Creo que [son] m\u00e1s estirones, porque un empuj\u00f3n es cuando ya te metes, y aqu\u00ed son estirones para poder entrar.<\/p>\n<p><strong>Ellos no quieren soltar los detalles, los puntos finos de la transici\u00f3n<\/strong>; por ejemplo, las cuentas en lo financiero, las listas de n\u00f3minas, los se\u00f1alamientos de los aviadores que han estado por muchos a\u00f1os, el nepotismo que ha existido en este gobierno por muchos a\u00f1os, en los que primos, cu\u00f1ados, hermanas, pap\u00e1s e hijos est\u00e1n metidos en el gobierno y en la n\u00f3mina.<\/p>\n<h4>Su elecci\u00f3n ha sido pol\u00e9mica por la ampliaci\u00f3n del mandato de dos a cinco a\u00f1os, mismo que se desconoce en qu\u00e9 quedar\u00e1. \u00bfLo ve como beneficio o afectaci\u00f3n?<\/h4>\n<p>\u2014 Depende del lente con que se vea. Nosotros creemos que <strong>tenemos la raz\u00f3n jur\u00eddica y moral<\/strong>.<\/p>\n<p>Yo me registro por cinco a\u00f1os, nada m\u00e1s existe la convocatoria, la \u00faltima que se publica es la de cinco a\u00f1os. Independientemente de todo lo que se pueda decir, nunca se publica nada diferente.<\/p>\n<h4>Pero estaba impugnada.<\/h4>\n<p>\u2014 Impugnada, pero no resuelta.<\/p>\n<h4>\u00bfSus proyectos de gobierno fueron planeados para cinco a\u00f1os?<\/h4>\n<p>\u2014 <strong>Yo me registr\u00e9 para cinco a\u00f1os<\/strong> e hice un plan de gobierno para ese periodo de tiempo.<\/p>\n<h4>Dice tener raz\u00f3n jur\u00eddica y moral, \u00bfqu\u00e9 se debe entender por moral?<\/h4>\n<p>\u2014 [Es] moral porque nosotros hicimos el proceso correctamente y nos registramos por el periodo que dec\u00eda la convocatoria.<\/p>\n<p>Yo le pregunto al INE qu\u00e9 tanto, [ya que] ahora se da golpes de pecho, particularmente el se\u00f1or [Lorenzo] C\u00f3rdova, que si de veras sabe lo que pasa en el INE o en el Tribunal [Electoral del Poder Judicial de la Federaci\u00f3n], porque <strong>es el tribunal el que llev\u00f3 esto<\/strong> y ese organismo el que nunca cambia la convocatoria, hasta ahorita, meses despu\u00e9s de la elecci\u00f3n, no han hecho ni el intento.<\/p>\n<h4>Para usted, \u00bfqui\u00e9n o qui\u00e9nes son los culpables?<\/h4>\n<p>\u2014 Para m\u00ed, en lo personal, <strong>el Tribunal Electoral y el Instituto Nacional Electoral<\/strong> no hicieron su trabajo.<\/p>\n<h4>\u00bfQu\u00e9 pesa m\u00e1s para usted, lo jur\u00eddico o lo moral?<\/h4>\n<p>\u2014 Creo que las dos cosas son igual de importantes, no puedes ignorar lo moral en donde la mayor parte de la gente ten\u00eda conocimiento o idea que [la gubernatura] era por cinco a\u00f1os, puesto que nunca se cambi\u00f3 la convocatoria.<\/p>\n<p>No pueden arg\u00fcir, los contrarios o los detractores, que se le enga\u00f1\u00f3 al pueblo. Si se [le] enga\u00f1\u00f3, fue por parte del Tribunal Electoral, pues no public\u00f3 ni cambi\u00f3 la convocatoria.<\/p>\n<p>El Congreso vot\u00f3 despu\u00e9s de la elecci\u00f3n. Cuando en los comicios <strong>al PAN lo hacemos, no crema, sino polvo<\/strong>, no les queda de otra m\u00e1s que, a los mismos diputados, entender que su partido se hab\u00eda desintegrado en el estado, que hab\u00edan tenido amenazas por parte de Acci\u00f3n Nacional, quien les dijo que no eran libres de votar. El PAN ya no existe en Baja California.<\/p>\n<h4>\u00bfQu\u00e9 pasar\u00e1 si la \u00faltima modificaci\u00f3n no se llega a publicar en el Peri\u00f3dico Oficial?<\/h4>\n<p>\u2014 Se tiene que publicar.<\/p>\n<h4>En una Cuarta Transformaci\u00f3n esto no se ve muy bien.<\/h4>\n<p>\u2014 Hicimos trizas al PAN en su casa. Esto es una estrategia para desviar la atenci\u00f3n de c\u00f3mo les fue, es [una] estrategia de ellos muy t\u00edpica.<\/p>\n<h4>\u00bfEst\u00e1 de acuerdo con la consulta ciudadana en el estado?<\/h4>\n<p>\u2014 <strong>Es una cosa que dise\u00f1\u00f3 el Congreso y yo soy muy respetuoso de \u00e9l<\/strong>. Yo no puedo decirle al Congreso c\u00f3mo es que deben de votar. Yo s\u00ed respeto su soberan\u00eda.<\/p>\n<p>La verdad me hubiese gustado que ya se publicara, pues se tiene que hacer.<\/p>\n<p>Es muy f\u00e1cil venir y opinar sin tener el conocimiento de las cosas. Lo que va a pasar es que todas esas gentes que han opinado sin tener informaci\u00f3n, van a terminar con un huevo en la cara.<\/p>\n<p>Ah\u00ed est\u00e1 el caso de Porfirio\u00a0[Mu\u00f1oz Ledo], quien habl\u00f3 sobre quitar los poderes. Fue un error grave del se\u00f1or, opinar sin saber las cosas. Ya no ha dicho nada. Aparte, \u00e9l s\u00ed quiso extender el t\u00e9rmino [de su cargo], pero fue cr\u00edtico de lo que pasa en Baja California.<\/p>\n<h4>El Presidente Andr\u00e9s Manuel L\u00f3pez Obrador dijo que hay que respetar la ley, incluso en Baja California.<\/h4>\n<p>\u2014 \u00c9l dijo: &#8220;Todo el mundo parejo, no se modifica la ley&#8221;. Nosotros no somos los que la modificamos, fueron ellos, los mismos panistas la transformaron cuando la cambiaron [la gubernatura] a dos a\u00f1os. No fuimos nosotros.<\/p>\n<p>Luego se hizo por cinco a\u00f1os y yo me registro, luego la cambian ellos.<\/p>\n<h4>\u00bfQu\u00e9 le ha dicho el Presidente L\u00f3pez Obrador acerca de este tema?<\/h4>\n<p>\u2014 Ni siquiera tocamos el tema. Cuando nos hemos visto ha sido por otras cosas, <strong>\u00e9l es muy respetuoso<\/strong>.<\/p>\n<p>\u00c9l jam\u00e1s opinar\u00eda para tratar de cambiar una direcci\u00f3n.<\/p>\n<h4>\u00bfY si hay un descuido y en vez de cinco a\u00f1os se va a seis?<\/h4>\n<p>\u2014 No s\u00e9, no soy abogado, no s\u00e9 si eso quepa en la posibilidad. Lo \u00fanico que s\u00e9 es que me registr\u00e9 por cinco a\u00f1os y ahora dicen que fue por dos.<\/p>\n<h4>El PRD lo acusa de tener antecedentes penales, \u00bflos tiene?<\/h4>\n<p>\u2014 Pues claro que no. El instituto tiene todos mis documentos. Realmente no me preocupa mucho lo que un candidato perdedor pueda opinar, no tiene calidad moral para hacerlo.<\/p>\n<p>Me han impugnado la candidatura para diputado y gan\u00e9. Me impugnaron la de senador y ahora tambi\u00e9n la de la gubernatura.<\/p>\n<p>Son las mismas personas que han seguido sobre ese tema.<\/p>\n<h4>\u00bfLes hizo en Baja California home run por jard\u00edn central?<\/h4>\n<p>\u2014 [Y] con las bases llenas.<\/p>\n<h4>\u00bfUsted es mexicano?<\/h4>\n<p>\u2014 Yo soy m\u00e1s mexicano que quienes protestan que no lo soy, adem\u00e1s soy de Tijuana.<\/p>\n<p>Con Informaci\u00f3n de SUN<\/p>\n","protected":false},"excerpt":{"rendered":"<p>Me registr\u00e9 para gobierno por cinco a\u00f1os: Jaime Bonilla<br \/>\nPor Redacci\u00f3n QP<\/p>\n","protected":false},"author":2,"featured_media":37968,"comment_status":"open","ping_status":"open","sticky":false,"template":"","format":"standard","meta":{"_monsterinsights_skip_tracking":false,"_monsterinsights_sitenote_active":false,"_monsterinsights_sitenote_note":"","_monsterinsights_sitenote_category":0,"footnotes":""},"categories":[2],"tags":[],"class_list":["post-37969","post","type-post","status-publish","format-standard","has-post-thumbnail","hentry","category-noticias"],"yoast_head":"<!-- This site is optimized with the Yoast SEO plugin v27.3 - https:\/\/yoast.com\/product\/yoast-seo-wordpress\/ -->\n<title>Me registr\u00e9 para gobierno por cinco a\u00f1os: Jaime Bonilla -<\/title>\n<meta name=\"robots\" content=\"index, follow, max-snippet:-1, max-image-preview:large, max-video-preview:-1\" \/>\n<link rel=\"canonical\" href=\"https:\/\/quehacerpolitico.mx\/?p=37969\" \/>\n<meta property=\"og:locale\" content=\"es_MX\" \/>\n<meta property=\"og:type\" content=\"article\" \/>\n<meta property=\"og:title\" content=\"Me registr\u00e9 para gobierno por cinco a\u00f1os: Jaime Bonilla -\" \/>\n<meta property=\"og:description\" content=\"Me registr\u00e9 para gobierno por cinco a\u00f1os: Jaime Bonilla Por Redacci\u00f3n QP\" \/>\n<meta property=\"og:url\" content=\"https:\/\/quehacerpolitico.mx\/?p=37969\" \/>\n<meta property=\"article:published_time\" content=\"2019-09-10T16:27:55+00:00\" \/>\n<meta name=\"author\" content=\"Redacci\u00f3n QP\" \/>\n<meta name=\"twitter:card\" content=\"summary_large_image\" \/>\n<meta name=\"twitter:label1\" content=\"Escrito por\" \/>\n\t<meta name=\"twitter:data1\" content=\"Redacci\u00f3n QP\" \/>\n\t<meta name=\"twitter:label2\" content=\"Tiempo de lectura\" \/>\n\t<meta name=\"twitter:data2\" content=\"7 minutos\" \/>\n<script type=\"application\/ld+json\" class=\"yoast-schema-graph\">{\"@context\":\"https:\\\/\\\/schema.org\",\"@graph\":[{\"@type\":\"Article\",\"@id\":\"https:\\\/\\\/quehacerpolitico.mx\\\/?p=37969#article\",\"isPartOf\":{\"@id\":\"https:\\\/\\\/quehacerpolitico.mx\\\/?p=37969\"},\"author\":{\"name\":\"Redacci\u00f3n QP\",\"@id\":\"https:\\\/\\\/quehacerpolitico.mx\\\/#\\\/schema\\\/person\\\/496d8ad2d1d3f8036101dca7ee39e585\"},\"headline\":\"Me registr\u00e9 para gobierno por cinco a\u00f1os: Jaime Bonilla\",\"datePublished\":\"2019-09-10T16:27:55+00:00\",\"mainEntityOfPage\":{\"@id\":\"https:\\\/\\\/quehacerpolitico.mx\\\/?p=37969\"},\"wordCount\":1400,\"commentCount\":0,\"image\":{\"@id\":\"https:\\\/\\\/quehacerpolitico.mx\\\/?p=37969#primaryimage\"},\"thumbnailUrl\":\"\",\"articleSection\":[\"Noticias\"],\"inLanguage\":\"es\",\"potentialAction\":[{\"@type\":\"CommentAction\",\"name\":\"Comment\",\"target\":[\"https:\\\/\\\/quehacerpolitico.mx\\\/?p=37969#respond\"]}]},{\"@type\":\"WebPage\",\"@id\":\"https:\\\/\\\/quehacerpolitico.mx\\\/?p=37969\",\"url\":\"https:\\\/\\\/quehacerpolitico.mx\\\/?p=37969\",\"name\":\"Me registr\u00e9 para gobierno por cinco a\u00f1os: Jaime Bonilla -\",\"isPartOf\":{\"@id\":\"https:\\\/\\\/quehacerpolitico.mx\\\/#website\"},\"primaryImageOfPage\":{\"@id\":\"https:\\\/\\\/quehacerpolitico.mx\\\/?p=37969#primaryimage\"},\"image\":{\"@id\":\"https:\\\/\\\/quehacerpolitico.mx\\\/?p=37969#primaryimage\"},\"thumbnailUrl\":\"\",\"datePublished\":\"2019-09-10T16:27:55+00:00\",\"author\":{\"@id\":\"https:\\\/\\\/quehacerpolitico.mx\\\/#\\\/schema\\\/person\\\/496d8ad2d1d3f8036101dca7ee39e585\"},\"breadcrumb\":{\"@id\":\"https:\\\/\\\/quehacerpolitico.mx\\\/?p=37969#breadcrumb\"},\"inLanguage\":\"es\",\"potentialAction\":[{\"@type\":\"ReadAction\",\"target\":[\"https:\\\/\\\/quehacerpolitico.mx\\\/?p=37969\"]}]},{\"@type\":\"ImageObject\",\"inLanguage\":\"es\",\"@id\":\"https:\\\/\\\/quehacerpolitico.mx\\\/?p=37969#primaryimage\",\"url\":\"\",\"contentUrl\":\"\"},{\"@type\":\"BreadcrumbList\",\"@id\":\"https:\\\/\\\/quehacerpolitico.mx\\\/?p=37969#breadcrumb\",\"itemListElement\":[{\"@type\":\"ListItem\",\"position\":1,\"name\":\"Inicio\",\"item\":\"https:\\\/\\\/quehacerpolitico.mx\\\/\"},{\"@type\":\"ListItem\",\"position\":2,\"name\":\"Me registr\u00e9 para gobierno por cinco a\u00f1os: Jaime Bonilla\"}]},{\"@type\":\"WebSite\",\"@id\":\"https:\\\/\\\/quehacerpolitico.mx\\\/#website\",\"url\":\"https:\\\/\\\/quehacerpolitico.mx\\\/\",\"name\":\"\",\"description\":\"\",\"potentialAction\":[{\"@type\":\"SearchAction\",\"target\":{\"@type\":\"EntryPoint\",\"urlTemplate\":\"https:\\\/\\\/quehacerpolitico.mx\\\/?s={search_term_string}\"},\"query-input\":{\"@type\":\"PropertyValueSpecification\",\"valueRequired\":true,\"valueName\":\"search_term_string\"}}],\"inLanguage\":\"es\"},{\"@type\":\"Person\",\"@id\":\"https:\\\/\\\/quehacerpolitico.mx\\\/#\\\/schema\\\/person\\\/496d8ad2d1d3f8036101dca7ee39e585\",\"name\":\"Redacci\u00f3n QP\",\"image\":{\"@type\":\"ImageObject\",\"inLanguage\":\"es\",\"@id\":\"https:\\\/\\\/secure.gravatar.com\\\/avatar\\\/c7164ed6fdec453195284ad24a5ae5b6e1eed2b848477fa2a4787ba9adf39a41?s=96&d=mm&r=g\",\"url\":\"https:\\\/\\\/secure.gravatar.com\\\/avatar\\\/c7164ed6fdec453195284ad24a5ae5b6e1eed2b848477fa2a4787ba9adf39a41?s=96&d=mm&r=g\",\"contentUrl\":\"https:\\\/\\\/secure.gravatar.com\\\/avatar\\\/c7164ed6fdec453195284ad24a5ae5b6e1eed2b848477fa2a4787ba9adf39a41?s=96&d=mm&r=g\",\"caption\":\"Redacci\u00f3n QP\"},\"url\":\"https:\\\/\\\/quehacerpolitico.mx\\\/?author=2\"}]}<\/script>\n<!-- \/ Yoast SEO plugin. -->","yoast_head_json":{"title":"Me registr\u00e9 para gobierno por cinco a\u00f1os: Jaime Bonilla -","robots":{"index":"index","follow":"follow","max-snippet":"max-snippet:-1","max-image-preview":"max-image-preview:large","max-video-preview":"max-video-preview:-1"},"canonical":"https:\/\/quehacerpolitico.mx\/?p=37969","og_locale":"es_MX","og_type":"article","og_title":"Me registr\u00e9 para gobierno por cinco a\u00f1os: Jaime Bonilla -","og_description":"Me registr\u00e9 para gobierno por cinco a\u00f1os: Jaime Bonilla Por Redacci\u00f3n QP","og_url":"https:\/\/quehacerpolitico.mx\/?p=37969","article_published_time":"2019-09-10T16:27:55+00:00","author":"Redacci\u00f3n QP","twitter_card":"summary_large_image","twitter_misc":{"Escrito por":"Redacci\u00f3n QP","Tiempo de lectura":"7 minutos"},"schema":{"@context":"https:\/\/schema.org","@graph":[{"@type":"Article","@id":"https:\/\/quehacerpolitico.mx\/?p=37969#article","isPartOf":{"@id":"https:\/\/quehacerpolitico.mx\/?p=37969"},"author":{"name":"Redacci\u00f3n QP","@id":"https:\/\/quehacerpolitico.mx\/#\/schema\/person\/496d8ad2d1d3f8036101dca7ee39e585"},"headline":"Me registr\u00e9 para gobierno por cinco a\u00f1os: Jaime Bonilla","datePublished":"2019-09-10T16:27:55+00:00","mainEntityOfPage":{"@id":"https:\/\/quehacerpolitico.mx\/?p=37969"},"wordCount":1400,"commentCount":0,"image":{"@id":"https:\/\/quehacerpolitico.mx\/?p=37969#primaryimage"},"thumbnailUrl":"","articleSection":["Noticias"],"inLanguage":"es","potentialAction":[{"@type":"CommentAction","name":"Comment","target":["https:\/\/quehacerpolitico.mx\/?p=37969#respond"]}]},{"@type":"WebPage","@id":"https:\/\/quehacerpolitico.mx\/?p=37969","url":"https:\/\/quehacerpolitico.mx\/?p=37969","name":"Me registr\u00e9 para gobierno por cinco a\u00f1os: Jaime Bonilla -","isPartOf":{"@id":"https:\/\/quehacerpolitico.mx\/#website"},"primaryImageOfPage":{"@id":"https:\/\/quehacerpolitico.mx\/?p=37969#primaryimage"},"image":{"@id":"https:\/\/quehacerpolitico.mx\/?p=37969#primaryimage"},"thumbnailUrl":"","datePublished":"2019-09-10T16:27:55+00:00","author":{"@id":"https:\/\/quehacerpolitico.mx\/#\/schema\/person\/496d8ad2d1d3f8036101dca7ee39e585"},"breadcrumb":{"@id":"https:\/\/quehacerpolitico.mx\/?p=37969#breadcrumb"},"inLanguage":"es","potentialAction":[{"@type":"ReadAction","target":["https:\/\/quehacerpolitico.mx\/?p=37969"]}]},{"@type":"ImageObject","inLanguage":"es","@id":"https:\/\/quehacerpolitico.mx\/?p=37969#primaryimage","url":"","contentUrl":""},{"@type":"BreadcrumbList","@id":"https:\/\/quehacerpolitico.mx\/?p=37969#breadcrumb","itemListElement":[{"@type":"ListItem","position":1,"name":"Inicio","item":"https:\/\/quehacerpolitico.mx\/"},{"@type":"ListItem","position":2,"name":"Me registr\u00e9 para gobierno por cinco a\u00f1os: Jaime Bonilla"}]},{"@type":"WebSite","@id":"https:\/\/quehacerpolitico.mx\/#website","url":"https:\/\/quehacerpolitico.mx\/","name":"","description":"","potentialAction":[{"@type":"SearchAction","target":{"@type":"EntryPoint","urlTemplate":"https:\/\/quehacerpolitico.mx\/?s={search_term_string}"},"query-input":{"@type":"PropertyValueSpecification","valueRequired":true,"valueName":"search_term_string"}}],"inLanguage":"es"},{"@type":"Person","@id":"https:\/\/quehacerpolitico.mx\/#\/schema\/person\/496d8ad2d1d3f8036101dca7ee39e585","name":"Redacci\u00f3n QP","image":{"@type":"ImageObject","inLanguage":"es","@id":"https:\/\/secure.gravatar.com\/avatar\/c7164ed6fdec453195284ad24a5ae5b6e1eed2b848477fa2a4787ba9adf39a41?s=96&d=mm&r=g","url":"https:\/\/secure.gravatar.com\/avatar\/c7164ed6fdec453195284ad24a5ae5b6e1eed2b848477fa2a4787ba9adf39a41?s=96&d=mm&r=g","contentUrl":"https:\/\/secure.gravatar.com\/avatar\/c7164ed6fdec453195284ad24a5ae5b6e1eed2b848477fa2a4787ba9adf39a41?s=96&d=mm&r=g","caption":"Redacci\u00f3n QP"},"url":"https:\/\/quehacerpolitico.mx\/?author=2"}]}},"featured_image_urls":{"full":"","thumbnail":"","medium":"","medium_large":"","large":"","1536x1536":"","2048x2048":"","covernews-featured":"","covernews-medium":""},"author_info":{"display_name":"Redacci\u00f3n QP","author_link":"https:\/\/quehacerpolitico.mx\/?author=2"},"category_info":"<a href=\"https:\/\/quehacerpolitico.mx\/?cat=2\" rel=\"category\">Noticias<\/a>","tag_info":"Noticias","comment_count":"0","_links":{"self":[{"href":"https:\/\/quehacerpolitico.mx\/index.php?rest_route=\/wp\/v2\/posts\/37969","targetHints":{"allow":["GET"]}}],"collection":[{"href":"https:\/\/quehacerpolitico.mx\/index.php?rest_route=\/wp\/v2\/posts"}],"about":[{"href":"https:\/\/quehacerpolitico.mx\/index.php?rest_route=\/wp\/v2\/types\/post"}],"author":[{"embeddable":true,"href":"https:\/\/quehacerpolitico.mx\/index.php?rest_route=\/wp\/v2\/users\/2"}],"replies":[{"embeddable":true,"href":"https:\/\/quehacerpolitico.mx\/index.php?rest_route=%2Fwp%2Fv2%2Fcomments&post=37969"}],"version-history":[{"count":0,"href":"https:\/\/quehacerpolitico.mx\/index.php?rest_route=\/wp\/v2\/posts\/37969\/revisions"}],"wp:featuredmedia":[{"embeddable":true,"href":"https:\/\/quehacerpolitico.mx\/index.php?rest_route=\/"}],"wp:attachment":[{"href":"https:\/\/quehacerpolitico.mx\/index.php?rest_route=%2Fwp%2Fv2%2Fmedia&parent=37969"}],"wp:term":[{"taxonomy":"category","embeddable":true,"href":"https:\/\/quehacerpolitico.mx\/index.php?rest_route=%2Fwp%2Fv2%2Fcategories&post=37969"},{"taxonomy":"post_tag","embeddable":true,"href":"https:\/\/quehacerpolitico.mx\/index.php?rest_route=%2Fwp%2Fv2%2Ftags&post=37969"}],"curies":[{"name":"wp","href":"https:\/\/api.w.org\/{rel}","templated":true}]}}