{"id":37941,"date":"2019-09-10T14:33:38","date_gmt":"2019-09-10T14:33:38","guid":{"rendered":"http:\/\/quehacerpolitico.mx\/alcaldias-abren-dos-albergues-para-evacuados-por-incendio-en-tepito\/"},"modified":"2019-09-10T14:33:38","modified_gmt":"2019-09-10T14:33:38","slug":"alcaldias-abren-dos-albergues-para-evacuados-por-incendio-en-tepito","status":"publish","type":"post","link":"https:\/\/quehacerpolitico.mx\/?p=37941","title":{"rendered":"Alcald\u00edas\/\/\/Abren dos albergues para evacuados por incendio en Tepito"},"content":{"rendered":"<p>Abren dos albergues para evacuados por incendio en Tepito<\/p>\n<p>Por Redacci\u00f3n QP<\/p>\n<p>Autoridades capitalinas habilitaron dos albergues para las personas evacuadas por el incendio que se registr\u00f3 la noche del lunes en una bodega de una tienda 3 B ubicada en Constancia y Toltecas, al norte de la colonia Morelos ubicada en la alcald\u00eda Cuauht\u00e9moc.<\/p>\n<p>La titular de la Secretar\u00eda de Gesti\u00f3n Integran de Riesgos y Protecci\u00f3n Civil de la Ciudad de M\u00e9xico, Myriam Urz\u00faa Venegas, se\u00f1al\u00f3 que esta medida se tom\u00f3 para salvaguardar la integridad f\u00edsica de los habitantes de la zona cercana al incendio.<\/p>\n<p>En un comunicado agreg\u00f3 que en el lugar trabajaron m\u00e1s de 180 elementos de cuerpos de emergencia y de seguridad para controlar el fuego que inici\u00f3 a las 21:00 horas en la tienda de la colonia Morelos, donde no se reportan v\u00edctimas.<\/p>\n<p class=\"s9\"><span class=\"s10\"><span class=\"bumpedFont15\">A las 10:30 horas el incendio ya estaba controlado al 80 por ciento, de acuerdo con informaci\u00f3n del Heorico Cuerpo de Bomberos, continuan en la parte central de inmueble donde colaps\u00f3 un parte del techo, lugar donde inici\u00f3 el evento.<\/span><\/span><\/p>\n<p class=\"s9\"><span class=\"s10\"><span class=\"bumpedFont15\">J\u00f3venes jugando con cohetes, es la posible causa por la que inci\u00f3 el incendio, no existe certeza, sin embrago la Procuradur\u00eda abrir\u00e1 investigaciones necesarias para deslidar responsabilidades. <\/span><\/span><\/p>\n<p class=\"s9\"><span class=\"s10\"><span class=\"bumpedFont15\">No se reportan lesionados, ni v\u00edctimas.<\/span><\/span><\/p>\n<p class=\"s9\"><span class=\"s10\"><span class=\"bumpedFont15\">Fueron mil 500 personas evacuadas de las unidades aleda\u00f1as, principalmente del \u201cHormiguero\u201d.<\/span><\/span><\/p>\n<p>En tanto, el alcalde de Cuauht\u00e9moc, N\u00e9stor N\u00fa\u00f1ez L\u00f3pez, inform\u00f3 que los albergues se encuentran en los deportivos Maracan\u00e1 y Morelos del barrio de Tepito.<\/p>\n<p>Agreg\u00f3 que las personas que fueron evacuadas est\u00e1n a resguardo del personas de la Secretar\u00eda de Seguridad Ciudadana.<\/p>\n<p>Indic\u00f3 que los elementos policiacos tambi\u00e9n mantienen acordonadas dos cuadras a la redonda del inmueble siniestrado, a fin de minimizar los riesgos.<\/p>\n","protected":false},"excerpt":{"rendered":"<p>Abren dos albergues para evacuados por incendio en Tepito<br \/>\nPor Redacci\u00f3n QP<\/p>\n","protected":false},"author":2,"featured_media":37940,"comment_status":"open","ping_status":"open","sticky":false,"template":"","format":"standard","meta":{"_monsterinsights_skip_tracking":false,"_monsterinsights_sitenote_active":false,"_monsterinsights_sitenote_note":"","_monsterinsights_sitenote_category":0,"footnotes":""},"categories":[55],"tags":[],"class_list":["post-37941","post","type-post","status-publish","format-standard","has-post-thumbnail","hentry","category-cdmx"],"yoast_head":"<!-- This site is optimized with the Yoast SEO plugin v27.3 - https:\/\/yoast.com\/product\/yoast-seo-wordpress\/ -->\n<title>Alcald\u00edas\/\/\/Abren dos albergues para evacuados por incendio en Tepito -<\/title>\n<meta name=\"robots\" content=\"index, follow, max-snippet:-1, max-image-preview:large, max-video-preview:-1\" \/>\n<link rel=\"canonical\" href=\"https:\/\/quehacerpolitico.mx\/?p=37941\" \/>\n<meta property=\"og:locale\" content=\"es_MX\" \/>\n<meta property=\"og:type\" content=\"article\" \/>\n<meta property=\"og:title\" content=\"Alcald\u00edas\/\/\/Abren dos albergues para evacuados por incendio en Tepito -\" \/>\n<meta property=\"og:description\" content=\"Abren dos albergues para evacuados por incendio en Tepito Por Redacci\u00f3n QP\" \/>\n<meta property=\"og:url\" content=\"https:\/\/quehacerpolitico.mx\/?p=37941\" \/>\n<meta property=\"article:published_time\" content=\"2019-09-10T14:33:38+00:00\" \/>\n<meta name=\"author\" content=\"Redacci\u00f3n QP\" \/>\n<meta name=\"twitter:card\" content=\"summary_large_image\" \/>\n<meta name=\"twitter:label1\" content=\"Escrito por\" \/>\n\t<meta name=\"twitter:data1\" content=\"Redacci\u00f3n QP\" \/>\n\t<meta name=\"twitter:label2\" content=\"Tiempo de lectura\" \/>\n\t<meta name=\"twitter:data2\" content=\"2 minutos\" \/>\n<script type=\"application\/ld+json\" class=\"yoast-schema-graph\">{\"@context\":\"https:\\\/\\\/schema.org\",\"@graph\":[{\"@type\":\"Article\",\"@id\":\"https:\\\/\\\/quehacerpolitico.mx\\\/?p=37941#article\",\"isPartOf\":{\"@id\":\"https:\\\/\\\/quehacerpolitico.mx\\\/?p=37941\"},\"author\":{\"name\":\"Redacci\u00f3n QP\",\"@id\":\"https:\\\/\\\/quehacerpolitico.mx\\\/#\\\/schema\\\/person\\\/496d8ad2d1d3f8036101dca7ee39e585\"},\"headline\":\"Alcald\u00edas\\\/\\\/\\\/Abren dos albergues para evacuados por incendio en Tepito\",\"datePublished\":\"2019-09-10T14:33:38+00:00\",\"mainEntityOfPage\":{\"@id\":\"https:\\\/\\\/quehacerpolitico.mx\\\/?p=37941\"},\"wordCount\":317,\"commentCount\":0,\"image\":{\"@id\":\"https:\\\/\\\/quehacerpolitico.mx\\\/?p=37941#primaryimage\"},\"thumbnailUrl\":\"\",\"articleSection\":[\"CDMX\"],\"inLanguage\":\"es\",\"potentialAction\":[{\"@type\":\"CommentAction\",\"name\":\"Comment\",\"target\":[\"https:\\\/\\\/quehacerpolitico.mx\\\/?p=37941#respond\"]}]},{\"@type\":\"WebPage\",\"@id\":\"https:\\\/\\\/quehacerpolitico.mx\\\/?p=37941\",\"url\":\"https:\\\/\\\/quehacerpolitico.mx\\\/?p=37941\",\"name\":\"Alcald\u00edas\\\/\\\/\\\/Abren dos albergues para evacuados por incendio en Tepito -\",\"isPartOf\":{\"@id\":\"https:\\\/\\\/quehacerpolitico.mx\\\/#website\"},\"primaryImageOfPage\":{\"@id\":\"https:\\\/\\\/quehacerpolitico.mx\\\/?p=37941#primaryimage\"},\"image\":{\"@id\":\"https:\\\/\\\/quehacerpolitico.mx\\\/?p=37941#primaryimage\"},\"thumbnailUrl\":\"\",\"datePublished\":\"2019-09-10T14:33:38+00:00\",\"author\":{\"@id\":\"https:\\\/\\\/quehacerpolitico.mx\\\/#\\\/schema\\\/person\\\/496d8ad2d1d3f8036101dca7ee39e585\"},\"breadcrumb\":{\"@id\":\"https:\\\/\\\/quehacerpolitico.mx\\\/?p=37941#breadcrumb\"},\"inLanguage\":\"es\",\"potentialAction\":[{\"@type\":\"ReadAction\",\"target\":[\"https:\\\/\\\/quehacerpolitico.mx\\\/?p=37941\"]}]},{\"@type\":\"ImageObject\",\"inLanguage\":\"es\",\"@id\":\"https:\\\/\\\/quehacerpolitico.mx\\\/?p=37941#primaryimage\",\"url\":\"\",\"contentUrl\":\"\"},{\"@type\":\"BreadcrumbList\",\"@id\":\"https:\\\/\\\/quehacerpolitico.mx\\\/?p=37941#breadcrumb\",\"itemListElement\":[{\"@type\":\"ListItem\",\"position\":1,\"name\":\"Inicio\",\"item\":\"https:\\\/\\\/quehacerpolitico.mx\\\/\"},{\"@type\":\"ListItem\",\"position\":2,\"name\":\"Alcald\u00edas\\\/\\\/\\\/Abren dos albergues para evacuados por incendio en Tepito\"}]},{\"@type\":\"WebSite\",\"@id\":\"https:\\\/\\\/quehacerpolitico.mx\\\/#website\",\"url\":\"https:\\\/\\\/quehacerpolitico.mx\\\/\",\"name\":\"\",\"description\":\"\",\"potentialAction\":[{\"@type\":\"SearchAction\",\"target\":{\"@type\":\"EntryPoint\",\"urlTemplate\":\"https:\\\/\\\/quehacerpolitico.mx\\\/?s={search_term_string}\"},\"query-input\":{\"@type\":\"PropertyValueSpecification\",\"valueRequired\":true,\"valueName\":\"search_term_string\"}}],\"inLanguage\":\"es\"},{\"@type\":\"Person\",\"@id\":\"https:\\\/\\\/quehacerpolitico.mx\\\/#\\\/schema\\\/person\\\/496d8ad2d1d3f8036101dca7ee39e585\",\"name\":\"Redacci\u00f3n QP\",\"image\":{\"@type\":\"ImageObject\",\"inLanguage\":\"es\",\"@id\":\"https:\\\/\\\/secure.gravatar.com\\\/avatar\\\/c7164ed6fdec453195284ad24a5ae5b6e1eed2b848477fa2a4787ba9adf39a41?s=96&d=mm&r=g\",\"url\":\"https:\\\/\\\/secure.gravatar.com\\\/avatar\\\/c7164ed6fdec453195284ad24a5ae5b6e1eed2b848477fa2a4787ba9adf39a41?s=96&d=mm&r=g\",\"contentUrl\":\"https:\\\/\\\/secure.gravatar.com\\\/avatar\\\/c7164ed6fdec453195284ad24a5ae5b6e1eed2b848477fa2a4787ba9adf39a41?s=96&d=mm&r=g\",\"caption\":\"Redacci\u00f3n QP\"},\"url\":\"https:\\\/\\\/quehacerpolitico.mx\\\/?author=2\"}]}<\/script>\n<!-- \/ Yoast SEO plugin. -->","yoast_head_json":{"title":"Alcald\u00edas\/\/\/Abren dos albergues para evacuados por incendio en Tepito -","robots":{"index":"index","follow":"follow","max-snippet":"max-snippet:-1","max-image-preview":"max-image-preview:large","max-video-preview":"max-video-preview:-1"},"canonical":"https:\/\/quehacerpolitico.mx\/?p=37941","og_locale":"es_MX","og_type":"article","og_title":"Alcald\u00edas\/\/\/Abren dos albergues para evacuados por incendio en Tepito -","og_description":"Abren dos albergues para evacuados por incendio en Tepito Por Redacci\u00f3n QP","og_url":"https:\/\/quehacerpolitico.mx\/?p=37941","article_published_time":"2019-09-10T14:33:38+00:00","author":"Redacci\u00f3n QP","twitter_card":"summary_large_image","twitter_misc":{"Escrito por":"Redacci\u00f3n QP","Tiempo de lectura":"2 minutos"},"schema":{"@context":"https:\/\/schema.org","@graph":[{"@type":"Article","@id":"https:\/\/quehacerpolitico.mx\/?p=37941#article","isPartOf":{"@id":"https:\/\/quehacerpolitico.mx\/?p=37941"},"author":{"name":"Redacci\u00f3n QP","@id":"https:\/\/quehacerpolitico.mx\/#\/schema\/person\/496d8ad2d1d3f8036101dca7ee39e585"},"headline":"Alcald\u00edas\/\/\/Abren dos albergues para evacuados por incendio en Tepito","datePublished":"2019-09-10T14:33:38+00:00","mainEntityOfPage":{"@id":"https:\/\/quehacerpolitico.mx\/?p=37941"},"wordCount":317,"commentCount":0,"image":{"@id":"https:\/\/quehacerpolitico.mx\/?p=37941#primaryimage"},"thumbnailUrl":"","articleSection":["CDMX"],"inLanguage":"es","potentialAction":[{"@type":"CommentAction","name":"Comment","target":["https:\/\/quehacerpolitico.mx\/?p=37941#respond"]}]},{"@type":"WebPage","@id":"https:\/\/quehacerpolitico.mx\/?p=37941","url":"https:\/\/quehacerpolitico.mx\/?p=37941","name":"Alcald\u00edas\/\/\/Abren dos albergues para evacuados por incendio en Tepito -","isPartOf":{"@id":"https:\/\/quehacerpolitico.mx\/#website"},"primaryImageOfPage":{"@id":"https:\/\/quehacerpolitico.mx\/?p=37941#primaryimage"},"image":{"@id":"https:\/\/quehacerpolitico.mx\/?p=37941#primaryimage"},"thumbnailUrl":"","datePublished":"2019-09-10T14:33:38+00:00","author":{"@id":"https:\/\/quehacerpolitico.mx\/#\/schema\/person\/496d8ad2d1d3f8036101dca7ee39e585"},"breadcrumb":{"@id":"https:\/\/quehacerpolitico.mx\/?p=37941#breadcrumb"},"inLanguage":"es","potentialAction":[{"@type":"ReadAction","target":["https:\/\/quehacerpolitico.mx\/?p=37941"]}]},{"@type":"ImageObject","inLanguage":"es","@id":"https:\/\/quehacerpolitico.mx\/?p=37941#primaryimage","url":"","contentUrl":""},{"@type":"BreadcrumbList","@id":"https:\/\/quehacerpolitico.mx\/?p=37941#breadcrumb","itemListElement":[{"@type":"ListItem","position":1,"name":"Inicio","item":"https:\/\/quehacerpolitico.mx\/"},{"@type":"ListItem","position":2,"name":"Alcald\u00edas\/\/\/Abren dos albergues para evacuados por incendio en Tepito"}]},{"@type":"WebSite","@id":"https:\/\/quehacerpolitico.mx\/#website","url":"https:\/\/quehacerpolitico.mx\/","name":"","description":"","potentialAction":[{"@type":"SearchAction","target":{"@type":"EntryPoint","urlTemplate":"https:\/\/quehacerpolitico.mx\/?s={search_term_string}"},"query-input":{"@type":"PropertyValueSpecification","valueRequired":true,"valueName":"search_term_string"}}],"inLanguage":"es"},{"@type":"Person","@id":"https:\/\/quehacerpolitico.mx\/#\/schema\/person\/496d8ad2d1d3f8036101dca7ee39e585","name":"Redacci\u00f3n QP","image":{"@type":"ImageObject","inLanguage":"es","@id":"https:\/\/secure.gravatar.com\/avatar\/c7164ed6fdec453195284ad24a5ae5b6e1eed2b848477fa2a4787ba9adf39a41?s=96&d=mm&r=g","url":"https:\/\/secure.gravatar.com\/avatar\/c7164ed6fdec453195284ad24a5ae5b6e1eed2b848477fa2a4787ba9adf39a41?s=96&d=mm&r=g","contentUrl":"https:\/\/secure.gravatar.com\/avatar\/c7164ed6fdec453195284ad24a5ae5b6e1eed2b848477fa2a4787ba9adf39a41?s=96&d=mm&r=g","caption":"Redacci\u00f3n QP"},"url":"https:\/\/quehacerpolitico.mx\/?author=2"}]}},"featured_image_urls":{"full":"","thumbnail":"","medium":"","medium_large":"","large":"","1536x1536":"","2048x2048":"","covernews-featured":"","covernews-medium":""},"author_info":{"display_name":"Redacci\u00f3n QP","author_link":"https:\/\/quehacerpolitico.mx\/?author=2"},"category_info":"<a href=\"https:\/\/quehacerpolitico.mx\/?cat=55\" rel=\"category\">CDMX<\/a>","tag_info":"CDMX","comment_count":"0","_links":{"self":[{"href":"https:\/\/quehacerpolitico.mx\/index.php?rest_route=\/wp\/v2\/posts\/37941","targetHints":{"allow":["GET"]}}],"collection":[{"href":"https:\/\/quehacerpolitico.mx\/index.php?rest_route=\/wp\/v2\/posts"}],"about":[{"href":"https:\/\/quehacerpolitico.mx\/index.php?rest_route=\/wp\/v2\/types\/post"}],"author":[{"embeddable":true,"href":"https:\/\/quehacerpolitico.mx\/index.php?rest_route=\/wp\/v2\/users\/2"}],"replies":[{"embeddable":true,"href":"https:\/\/quehacerpolitico.mx\/index.php?rest_route=%2Fwp%2Fv2%2Fcomments&post=37941"}],"version-history":[{"count":0,"href":"https:\/\/quehacerpolitico.mx\/index.php?rest_route=\/wp\/v2\/posts\/37941\/revisions"}],"wp:featuredmedia":[{"embeddable":true,"href":"https:\/\/quehacerpolitico.mx\/index.php?rest_route=\/"}],"wp:attachment":[{"href":"https:\/\/quehacerpolitico.mx\/index.php?rest_route=%2Fwp%2Fv2%2Fmedia&parent=37941"}],"wp:term":[{"taxonomy":"category","embeddable":true,"href":"https:\/\/quehacerpolitico.mx\/index.php?rest_route=%2Fwp%2Fv2%2Fcategories&post=37941"},{"taxonomy":"post_tag","embeddable":true,"href":"https:\/\/quehacerpolitico.mx\/index.php?rest_route=%2Fwp%2Fv2%2Ftags&post=37941"}],"curies":[{"name":"wp","href":"https:\/\/api.w.org\/{rel}","templated":true}]}}