{"id":37850,"date":"2019-09-09T14:59:30","date_gmt":"2019-09-09T14:59:30","guid":{"rendered":"http:\/\/quehacerpolitico.mx\/paquete-economico-2020-mantiene-compromiso-de-no-incrementar-impuestos\/"},"modified":"2019-09-09T14:59:30","modified_gmt":"2019-09-09T14:59:30","slug":"paquete-economico-2020-mantiene-compromiso-de-no-incrementar-impuestos","status":"publish","type":"post","link":"https:\/\/quehacerpolitico.mx\/?p=37850","title":{"rendered":"Paquete econ\u00f3mico 2020 mantiene compromiso de no incrementar impuestos"},"content":{"rendered":"<p>Paquete econ\u00f3mico 2020 mantiene compromiso de no incrementar impuestos<\/p>\n<p>Por Redacci\u00f3n QP<\/p>\n<p>El Paquete Econ\u00f3mico para el Ejercicio Fiscal 2020 mantiene el compromiso de no incrementar impuestos y fortalecer la recaudaci\u00f3n fiscal, inform\u00f3 hoy el secretario de Hacienda y Cr\u00e9dito P\u00fablico, Arturo Herrera Guti\u00e9rrez.<\/p>\n<p>Adem\u00e1s, tiene como principios b\u00e1sicos contribuir a la estabilidad macro y otorgar certidumbre econ\u00f3mica, as\u00ed como garantizar disciplina fiscal y sostenibilidad de la deuda, explic\u00f3 en la conferencia de prensa matutina en Palacio Nacional.<\/p>\n<p>Herrera dijo que el paquete, que contempla recursos por 6.1 billones de pesos, tambi\u00e9n privilegia la austeridad republicana, la eficiencia en la ejecuci\u00f3n del gasto, el fortalecimiento de la recaudaci\u00f3n y el combate a la evasi\u00f3n fiscal.<\/p>\n<p>El titular de Hacienda destac\u00f3 que los objetivos del paquete econ\u00f3mico, entregado el domingo a la C\u00e1mara de Diputados, son el bienestar social, la generaci\u00f3n de empleo y desarrollo para todos los mexicanos, as\u00ed como la seguridad, paz social y reactivaci\u00f3n de Pemex.<\/p>\n<p>Explic\u00f3 que en 2004, Pemex produc\u00eda 3.4 billones de barriles por d\u00eda, mientras que a finales de 2018 s\u00f3lo se ten\u00edan alrededor de 1.6 millones de barriles diarios, es decir, casi la mitad.<\/p>\n<p>Para la aprobaci\u00f3n de este Paquete Econ\u00f3mico, se realiza la entrega de Pre Criterios al Congreso el 1 de abril de cada a\u00f1o, posteriormente la Estructura Program\u00e1tica a los Diputados, el 30 de junio de cada a\u00f1o; luego de la entrega del Paquete Econ\u00f3mico a la C\u00e1mara de Diputados, esta tiene hasta el 20 de octubre para aprobar la Ley de Ingresos de la Federaci\u00f3n.<\/p>\n<p>Detall\u00f3 que en ese momento la aprobaci\u00f3n se env\u00eda al Senado y \u00e9ste tiene hasta el 31 de octubre para aprobar, una vez que ambas aprueben se toma a consideraci\u00f3n el Proyecto de Egresos de la Federaci\u00f3n con fecha l\u00edmite el 15 de noviembre pr\u00f3ximo.<\/p>\n<p>Los elementos tomados en cuenta para la construcci\u00f3n del Paquete Econ\u00f3mico fueron los supuestos macroecon\u00f3micos con un super\u00e1vit primario de 0.7 por ciento del Producto Interno Bruto (PIB).<\/p>\n<p>As\u00ed como la inflaci\u00f3n, precio del petr\u00f3leo y producci\u00f3n del petr\u00f3leo, tipo de cambio, y tasa de inter\u00e9s, agreg\u00f3.<\/p>\n<p>Para 2020, el gobierno de M\u00e9xico ratifica su compromiso con la disciplina y la prudencia de la pol\u00edtica fiscal, lo que permitir\u00e1 mantener la estabilidad macroecon\u00f3mica del pa\u00eds y fomentar el desarrollo econ\u00f3mico en beneficio de toda la poblaci\u00f3n, dijo.<\/p>\n<p>En cuanto a los lineamientos para la Ley de Ingresos, coment\u00f3 que se mantiene el compromiso de no crear impuestos o subir las tasas, se fortalece la recaudaci\u00f3n en combate a la evasi\u00f3n, se dar\u00e1n facilidades administrativas que generar\u00e1n incentivos para los que paguen impuestos, con un estimado de 6.1 billones de pesos.<\/p>\n<p>Finalmente, Herrera mencion\u00f3 que el Presupuesto se debe entender respondiendo a las preguntas \u00bfen qu\u00e9 se gasta?, \u00bfqui\u00e9n gasta?, \u00bfpara qu\u00e9 se gasta? Y \u00bfc\u00f3mo se clasifica el presupuesto?, todo esto a trav\u00e9s de un presupuesto realista que buscar\u00e1 su ejecuci\u00f3n oportuna en un contexto de desaceleraci\u00f3n global.<\/p>\n<blockquote class=\"twitter-tweet\" data-width=\"550\" data-dnt=\"true\">\n<p lang=\"es\" dir=\"ltr\">El crecimiento econ\u00f3mico solo tiene sentido como medio para lograr el bienestar de la poblaci\u00f3n. Conferencia de prensa. <a href=\"https:\/\/t.co\/c6eGXPQruY\">https:\/\/t.co\/c6eGXPQruY<\/a><\/p>\n<p>&mdash; Andr\u00e9s Manuel (@lopezobrador_) <a href=\"https:\/\/twitter.com\/lopezobrador_\/status\/1171035573919764480?ref_src=twsrc%5Etfw\">September 9, 2019<\/a><\/p><\/blockquote>\n<p><script async src=\"https:\/\/platform.twitter.com\/widgets.js\" charset=\"utf-8\"><\/script><\/p>\n<p>Con Informaci\u00f3n de NTX\u00a0<\/p>\n","protected":false},"excerpt":{"rendered":"<p>Paquete econ\u00f3mico 2020 mantiene compromiso de no incrementar impuestos<br \/>\nPor Redacci\u00f3n QP<\/p>\n","protected":false},"author":2,"featured_media":37849,"comment_status":"open","ping_status":"open","sticky":false,"template":"","format":"standard","meta":{"_monsterinsights_skip_tracking":false,"_monsterinsights_sitenote_active":false,"_monsterinsights_sitenote_note":"","_monsterinsights_sitenote_category":0,"footnotes":""},"categories":[56],"tags":[],"class_list":["post-37850","post","type-post","status-publish","format-standard","has-post-thumbnail","hentry","category-economia"],"yoast_head":"<!-- This site is optimized with the Yoast SEO plugin v27.3 - https:\/\/yoast.com\/product\/yoast-seo-wordpress\/ -->\n<title>Paquete econ\u00f3mico 2020 mantiene compromiso de no incrementar impuestos -<\/title>\n<meta name=\"robots\" content=\"index, follow, max-snippet:-1, max-image-preview:large, max-video-preview:-1\" \/>\n<link rel=\"canonical\" href=\"https:\/\/quehacerpolitico.mx\/?p=37850\" \/>\n<meta property=\"og:locale\" content=\"es_MX\" \/>\n<meta property=\"og:type\" content=\"article\" \/>\n<meta property=\"og:title\" content=\"Paquete econ\u00f3mico 2020 mantiene compromiso de no incrementar impuestos -\" \/>\n<meta property=\"og:description\" content=\"Paquete econ\u00f3mico 2020 mantiene compromiso de no incrementar impuestos Por Redacci\u00f3n QP\" \/>\n<meta property=\"og:url\" content=\"https:\/\/quehacerpolitico.mx\/?p=37850\" \/>\n<meta property=\"article:published_time\" content=\"2019-09-09T14:59:30+00:00\" \/>\n<meta name=\"author\" content=\"Redacci\u00f3n QP\" \/>\n<meta name=\"twitter:card\" content=\"summary_large_image\" \/>\n<meta name=\"twitter:label1\" content=\"Escrito por\" \/>\n\t<meta name=\"twitter:data1\" content=\"Redacci\u00f3n QP\" \/>\n\t<meta name=\"twitter:label2\" content=\"Tiempo de lectura\" \/>\n\t<meta name=\"twitter:data2\" content=\"3 minutos\" \/>\n<script type=\"application\/ld+json\" class=\"yoast-schema-graph\">{\"@context\":\"https:\\\/\\\/schema.org\",\"@graph\":[{\"@type\":\"Article\",\"@id\":\"https:\\\/\\\/quehacerpolitico.mx\\\/?p=37850#article\",\"isPartOf\":{\"@id\":\"https:\\\/\\\/quehacerpolitico.mx\\\/?p=37850\"},\"author\":{\"name\":\"Redacci\u00f3n QP\",\"@id\":\"https:\\\/\\\/quehacerpolitico.mx\\\/#\\\/schema\\\/person\\\/496d8ad2d1d3f8036101dca7ee39e585\"},\"headline\":\"Paquete econ\u00f3mico 2020 mantiene compromiso de no incrementar impuestos\",\"datePublished\":\"2019-09-09T14:59:30+00:00\",\"mainEntityOfPage\":{\"@id\":\"https:\\\/\\\/quehacerpolitico.mx\\\/?p=37850\"},\"wordCount\":554,\"commentCount\":0,\"image\":{\"@id\":\"https:\\\/\\\/quehacerpolitico.mx\\\/?p=37850#primaryimage\"},\"thumbnailUrl\":\"\",\"articleSection\":[\"Econom\u00eda\"],\"inLanguage\":\"es\",\"potentialAction\":[{\"@type\":\"CommentAction\",\"name\":\"Comment\",\"target\":[\"https:\\\/\\\/quehacerpolitico.mx\\\/?p=37850#respond\"]}]},{\"@type\":\"WebPage\",\"@id\":\"https:\\\/\\\/quehacerpolitico.mx\\\/?p=37850\",\"url\":\"https:\\\/\\\/quehacerpolitico.mx\\\/?p=37850\",\"name\":\"Paquete econ\u00f3mico 2020 mantiene compromiso de no incrementar impuestos -\",\"isPartOf\":{\"@id\":\"https:\\\/\\\/quehacerpolitico.mx\\\/#website\"},\"primaryImageOfPage\":{\"@id\":\"https:\\\/\\\/quehacerpolitico.mx\\\/?p=37850#primaryimage\"},\"image\":{\"@id\":\"https:\\\/\\\/quehacerpolitico.mx\\\/?p=37850#primaryimage\"},\"thumbnailUrl\":\"\",\"datePublished\":\"2019-09-09T14:59:30+00:00\",\"author\":{\"@id\":\"https:\\\/\\\/quehacerpolitico.mx\\\/#\\\/schema\\\/person\\\/496d8ad2d1d3f8036101dca7ee39e585\"},\"breadcrumb\":{\"@id\":\"https:\\\/\\\/quehacerpolitico.mx\\\/?p=37850#breadcrumb\"},\"inLanguage\":\"es\",\"potentialAction\":[{\"@type\":\"ReadAction\",\"target\":[\"https:\\\/\\\/quehacerpolitico.mx\\\/?p=37850\"]}]},{\"@type\":\"ImageObject\",\"inLanguage\":\"es\",\"@id\":\"https:\\\/\\\/quehacerpolitico.mx\\\/?p=37850#primaryimage\",\"url\":\"\",\"contentUrl\":\"\"},{\"@type\":\"BreadcrumbList\",\"@id\":\"https:\\\/\\\/quehacerpolitico.mx\\\/?p=37850#breadcrumb\",\"itemListElement\":[{\"@type\":\"ListItem\",\"position\":1,\"name\":\"Inicio\",\"item\":\"https:\\\/\\\/quehacerpolitico.mx\\\/\"},{\"@type\":\"ListItem\",\"position\":2,\"name\":\"Paquete econ\u00f3mico 2020 mantiene compromiso de no incrementar impuestos\"}]},{\"@type\":\"WebSite\",\"@id\":\"https:\\\/\\\/quehacerpolitico.mx\\\/#website\",\"url\":\"https:\\\/\\\/quehacerpolitico.mx\\\/\",\"name\":\"\",\"description\":\"\",\"potentialAction\":[{\"@type\":\"SearchAction\",\"target\":{\"@type\":\"EntryPoint\",\"urlTemplate\":\"https:\\\/\\\/quehacerpolitico.mx\\\/?s={search_term_string}\"},\"query-input\":{\"@type\":\"PropertyValueSpecification\",\"valueRequired\":true,\"valueName\":\"search_term_string\"}}],\"inLanguage\":\"es\"},{\"@type\":\"Person\",\"@id\":\"https:\\\/\\\/quehacerpolitico.mx\\\/#\\\/schema\\\/person\\\/496d8ad2d1d3f8036101dca7ee39e585\",\"name\":\"Redacci\u00f3n QP\",\"image\":{\"@type\":\"ImageObject\",\"inLanguage\":\"es\",\"@id\":\"https:\\\/\\\/secure.gravatar.com\\\/avatar\\\/c7164ed6fdec453195284ad24a5ae5b6e1eed2b848477fa2a4787ba9adf39a41?s=96&d=mm&r=g\",\"url\":\"https:\\\/\\\/secure.gravatar.com\\\/avatar\\\/c7164ed6fdec453195284ad24a5ae5b6e1eed2b848477fa2a4787ba9adf39a41?s=96&d=mm&r=g\",\"contentUrl\":\"https:\\\/\\\/secure.gravatar.com\\\/avatar\\\/c7164ed6fdec453195284ad24a5ae5b6e1eed2b848477fa2a4787ba9adf39a41?s=96&d=mm&r=g\",\"caption\":\"Redacci\u00f3n QP\"},\"url\":\"https:\\\/\\\/quehacerpolitico.mx\\\/?author=2\"}]}<\/script>\n<!-- \/ Yoast SEO plugin. -->","yoast_head_json":{"title":"Paquete econ\u00f3mico 2020 mantiene compromiso de no incrementar impuestos -","robots":{"index":"index","follow":"follow","max-snippet":"max-snippet:-1","max-image-preview":"max-image-preview:large","max-video-preview":"max-video-preview:-1"},"canonical":"https:\/\/quehacerpolitico.mx\/?p=37850","og_locale":"es_MX","og_type":"article","og_title":"Paquete econ\u00f3mico 2020 mantiene compromiso de no incrementar impuestos -","og_description":"Paquete econ\u00f3mico 2020 mantiene compromiso de no incrementar impuestos Por Redacci\u00f3n QP","og_url":"https:\/\/quehacerpolitico.mx\/?p=37850","article_published_time":"2019-09-09T14:59:30+00:00","author":"Redacci\u00f3n QP","twitter_card":"summary_large_image","twitter_misc":{"Escrito por":"Redacci\u00f3n QP","Tiempo de lectura":"3 minutos"},"schema":{"@context":"https:\/\/schema.org","@graph":[{"@type":"Article","@id":"https:\/\/quehacerpolitico.mx\/?p=37850#article","isPartOf":{"@id":"https:\/\/quehacerpolitico.mx\/?p=37850"},"author":{"name":"Redacci\u00f3n QP","@id":"https:\/\/quehacerpolitico.mx\/#\/schema\/person\/496d8ad2d1d3f8036101dca7ee39e585"},"headline":"Paquete econ\u00f3mico 2020 mantiene compromiso de no incrementar impuestos","datePublished":"2019-09-09T14:59:30+00:00","mainEntityOfPage":{"@id":"https:\/\/quehacerpolitico.mx\/?p=37850"},"wordCount":554,"commentCount":0,"image":{"@id":"https:\/\/quehacerpolitico.mx\/?p=37850#primaryimage"},"thumbnailUrl":"","articleSection":["Econom\u00eda"],"inLanguage":"es","potentialAction":[{"@type":"CommentAction","name":"Comment","target":["https:\/\/quehacerpolitico.mx\/?p=37850#respond"]}]},{"@type":"WebPage","@id":"https:\/\/quehacerpolitico.mx\/?p=37850","url":"https:\/\/quehacerpolitico.mx\/?p=37850","name":"Paquete econ\u00f3mico 2020 mantiene compromiso de no incrementar impuestos -","isPartOf":{"@id":"https:\/\/quehacerpolitico.mx\/#website"},"primaryImageOfPage":{"@id":"https:\/\/quehacerpolitico.mx\/?p=37850#primaryimage"},"image":{"@id":"https:\/\/quehacerpolitico.mx\/?p=37850#primaryimage"},"thumbnailUrl":"","datePublished":"2019-09-09T14:59:30+00:00","author":{"@id":"https:\/\/quehacerpolitico.mx\/#\/schema\/person\/496d8ad2d1d3f8036101dca7ee39e585"},"breadcrumb":{"@id":"https:\/\/quehacerpolitico.mx\/?p=37850#breadcrumb"},"inLanguage":"es","potentialAction":[{"@type":"ReadAction","target":["https:\/\/quehacerpolitico.mx\/?p=37850"]}]},{"@type":"ImageObject","inLanguage":"es","@id":"https:\/\/quehacerpolitico.mx\/?p=37850#primaryimage","url":"","contentUrl":""},{"@type":"BreadcrumbList","@id":"https:\/\/quehacerpolitico.mx\/?p=37850#breadcrumb","itemListElement":[{"@type":"ListItem","position":1,"name":"Inicio","item":"https:\/\/quehacerpolitico.mx\/"},{"@type":"ListItem","position":2,"name":"Paquete econ\u00f3mico 2020 mantiene compromiso de no incrementar impuestos"}]},{"@type":"WebSite","@id":"https:\/\/quehacerpolitico.mx\/#website","url":"https:\/\/quehacerpolitico.mx\/","name":"","description":"","potentialAction":[{"@type":"SearchAction","target":{"@type":"EntryPoint","urlTemplate":"https:\/\/quehacerpolitico.mx\/?s={search_term_string}"},"query-input":{"@type":"PropertyValueSpecification","valueRequired":true,"valueName":"search_term_string"}}],"inLanguage":"es"},{"@type":"Person","@id":"https:\/\/quehacerpolitico.mx\/#\/schema\/person\/496d8ad2d1d3f8036101dca7ee39e585","name":"Redacci\u00f3n QP","image":{"@type":"ImageObject","inLanguage":"es","@id":"https:\/\/secure.gravatar.com\/avatar\/c7164ed6fdec453195284ad24a5ae5b6e1eed2b848477fa2a4787ba9adf39a41?s=96&d=mm&r=g","url":"https:\/\/secure.gravatar.com\/avatar\/c7164ed6fdec453195284ad24a5ae5b6e1eed2b848477fa2a4787ba9adf39a41?s=96&d=mm&r=g","contentUrl":"https:\/\/secure.gravatar.com\/avatar\/c7164ed6fdec453195284ad24a5ae5b6e1eed2b848477fa2a4787ba9adf39a41?s=96&d=mm&r=g","caption":"Redacci\u00f3n QP"},"url":"https:\/\/quehacerpolitico.mx\/?author=2"}]}},"featured_image_urls":{"full":"","thumbnail":"","medium":"","medium_large":"","large":"","1536x1536":"","2048x2048":"","covernews-featured":"","covernews-medium":""},"author_info":{"display_name":"Redacci\u00f3n QP","author_link":"https:\/\/quehacerpolitico.mx\/?author=2"},"category_info":"<a href=\"https:\/\/quehacerpolitico.mx\/?cat=56\" rel=\"category\">Econom\u00eda<\/a>","tag_info":"Econom\u00eda","comment_count":"0","_links":{"self":[{"href":"https:\/\/quehacerpolitico.mx\/index.php?rest_route=\/wp\/v2\/posts\/37850","targetHints":{"allow":["GET"]}}],"collection":[{"href":"https:\/\/quehacerpolitico.mx\/index.php?rest_route=\/wp\/v2\/posts"}],"about":[{"href":"https:\/\/quehacerpolitico.mx\/index.php?rest_route=\/wp\/v2\/types\/post"}],"author":[{"embeddable":true,"href":"https:\/\/quehacerpolitico.mx\/index.php?rest_route=\/wp\/v2\/users\/2"}],"replies":[{"embeddable":true,"href":"https:\/\/quehacerpolitico.mx\/index.php?rest_route=%2Fwp%2Fv2%2Fcomments&post=37850"}],"version-history":[{"count":0,"href":"https:\/\/quehacerpolitico.mx\/index.php?rest_route=\/wp\/v2\/posts\/37850\/revisions"}],"wp:featuredmedia":[{"embeddable":true,"href":"https:\/\/quehacerpolitico.mx\/index.php?rest_route=\/"}],"wp:attachment":[{"href":"https:\/\/quehacerpolitico.mx\/index.php?rest_route=%2Fwp%2Fv2%2Fmedia&parent=37850"}],"wp:term":[{"taxonomy":"category","embeddable":true,"href":"https:\/\/quehacerpolitico.mx\/index.php?rest_route=%2Fwp%2Fv2%2Fcategories&post=37850"},{"taxonomy":"post_tag","embeddable":true,"href":"https:\/\/quehacerpolitico.mx\/index.php?rest_route=%2Fwp%2Fv2%2Ftags&post=37850"}],"curies":[{"name":"wp","href":"https:\/\/api.w.org\/{rel}","templated":true}]}}