{"id":37847,"date":"2019-09-09T14:52:00","date_gmt":"2019-09-09T14:52:00","guid":{"rendered":"http:\/\/quehacerpolitico.mx\/buscan-desaparecidos-tras-lluvias-que-dejaron-dos-muertos-en-tlajomulco\/"},"modified":"2019-09-09T14:52:00","modified_gmt":"2019-09-09T14:52:00","slug":"buscan-desaparecidos-tras-lluvias-que-dejaron-dos-muertos-en-tlajomulco","status":"publish","type":"post","link":"https:\/\/quehacerpolitico.mx\/?p=37847","title":{"rendered":"Buscan desaparecidos tras lluvias que dejaron dos muertos en Tlajomulco"},"content":{"rendered":"<p>Buscan desaparecidos tras lluvias que dejaron dos muertos en Tlajomulco<\/p>\n<p>Por Redacci\u00f3n QP<\/p>\n<p>Autoridades contin\u00faan labores de apoyo y b\u00fasqueda, tras las lluvias de anoche en la zona metropolitana de Guadalajara, que causaron la muerte de dos mujeres al ser arrastradas por la corriente de un arroyo en Tlajomulco, mientras que tres personas m\u00e1s est\u00e1n desaparecidas.<\/p>\n<p>El titular de la Unidad de Protecci\u00f3n Civil Jalisco, V\u00edctor Hugo Rold\u00e1n, se\u00f1al\u00f3 que a causa de la crecida del arroyo &#8220;La Culebra&#8221;, en la zona de Bosques de Santa Anita, en Tlajomulco, se confirm\u00f3 el deceso de dos personas y tres desaparecidas, que se encontraban \u00b4jeepeando\u00b4 en el cauce cuando fueron arrastradas por la corriente.<\/p>\n<p>Expuso que binomios caninos realizan una b\u00fasqueda en dos de los veh\u00edculos arrastrados hasta la zona del arroyo Colorado, unos cuatro kil\u00f3metros aguas abajo del punto del incidente, donde con maquinaria se remueven escombros para intentar localizar a los desaparecidos.<\/p>\n<p>Por su parte, el gobierno de Tlajomulco indic\u00f3 que las mujeres perdieron la vida luego de ser llevadas por la corriente hasta el canal de El Terr\u00f3n, en la comunidad de San Agust\u00edn, donde adem\u00e1s quedaron atrapados tres veh\u00edculos que bajaban del Bosque La Primavera en ese momento.<\/p>\n<p>Explic\u00f3 que dependencias de ese municipio, estatales y federales contin\u00faan con los trabajos de limpieza y desazolve en el \u00e1rea del canal mencionado, que se vio afectada por la fuerte lluvia del domingo, que dej\u00f3 tambi\u00e9n basura, ramas y lodo.<\/p>\n<p>En tanto, vecinos de la zona, compartieron en un video el rescate de una ni\u00f1a que, al parecer, fue arrastrada por la corriente junto con su padre en el Fraccionamiento Bosque Real, en el mismo municipio.<\/p>\n<p>El alcalde Salvador Zamora confirm\u00f3 tambi\u00e9n la muerte de dos personas que realizaban actividades de aventura en el arroyo \u201cLa Culebra\u201d, y se\u00f1al\u00f3 que \u201cseguimos en la b\u00fasqueda de tres m\u00e1s que est\u00e1n desaparecidas\u201d.<\/p>\n<p>Tras lamentar el fallecimiento de ambas personas, hacia las 23:00 horas, inform\u00f3 que a partir de ese momento qued\u00f3 restringido el acceso al Bosque La Primavera por el arroyo, y pidi\u00f3 a la poblaci\u00f3n evitar realizar actividades en afluentes.<\/p>\n<p>Los habitantes de la zona metropolitana de Guadalajara consideran que el crecimiento de las corrientes de r\u00edos y arroyos se debe a la urbanizaci\u00f3n del Bosque La Primavera.<\/p>\n<p>Con Informaci\u00f3n de NTX\u00a0<\/p>\n","protected":false},"excerpt":{"rendered":"<p>Buscan desaparecidos tras lluvias que dejaron dos muertos en Tlajomulco<br \/>\nPor Redacci\u00f3n QP<\/p>\n","protected":false},"author":2,"featured_media":37846,"comment_status":"open","ping_status":"open","sticky":false,"template":"","format":"standard","meta":{"_monsterinsights_skip_tracking":false,"_monsterinsights_sitenote_active":false,"_monsterinsights_sitenote_note":"","_monsterinsights_sitenote_category":0,"footnotes":""},"categories":[2],"tags":[],"class_list":["post-37847","post","type-post","status-publish","format-standard","has-post-thumbnail","hentry","category-noticias"],"yoast_head":"<!-- This site is optimized with the Yoast SEO plugin v27.3 - https:\/\/yoast.com\/product\/yoast-seo-wordpress\/ -->\n<title>Buscan desaparecidos tras lluvias que dejaron dos muertos en Tlajomulco -<\/title>\n<meta name=\"robots\" content=\"index, follow, max-snippet:-1, max-image-preview:large, max-video-preview:-1\" \/>\n<link rel=\"canonical\" href=\"https:\/\/quehacerpolitico.mx\/?p=37847\" \/>\n<meta property=\"og:locale\" content=\"es_MX\" \/>\n<meta property=\"og:type\" content=\"article\" \/>\n<meta property=\"og:title\" content=\"Buscan desaparecidos tras lluvias que dejaron dos muertos en Tlajomulco -\" \/>\n<meta property=\"og:description\" content=\"Buscan desaparecidos tras lluvias que dejaron dos muertos en Tlajomulco Por Redacci\u00f3n QP\" \/>\n<meta property=\"og:url\" content=\"https:\/\/quehacerpolitico.mx\/?p=37847\" \/>\n<meta property=\"article:published_time\" content=\"2019-09-09T14:52:00+00:00\" \/>\n<meta name=\"author\" content=\"Redacci\u00f3n QP\" \/>\n<meta name=\"twitter:card\" content=\"summary_large_image\" \/>\n<meta name=\"twitter:label1\" content=\"Escrito por\" \/>\n\t<meta name=\"twitter:data1\" content=\"Redacci\u00f3n QP\" \/>\n\t<meta name=\"twitter:label2\" content=\"Tiempo de lectura\" \/>\n\t<meta name=\"twitter:data2\" content=\"2 minutos\" \/>\n<script type=\"application\/ld+json\" class=\"yoast-schema-graph\">{\"@context\":\"https:\\\/\\\/schema.org\",\"@graph\":[{\"@type\":\"Article\",\"@id\":\"https:\\\/\\\/quehacerpolitico.mx\\\/?p=37847#article\",\"isPartOf\":{\"@id\":\"https:\\\/\\\/quehacerpolitico.mx\\\/?p=37847\"},\"author\":{\"name\":\"Redacci\u00f3n QP\",\"@id\":\"https:\\\/\\\/quehacerpolitico.mx\\\/#\\\/schema\\\/person\\\/496d8ad2d1d3f8036101dca7ee39e585\"},\"headline\":\"Buscan desaparecidos tras lluvias que dejaron dos muertos en Tlajomulco\",\"datePublished\":\"2019-09-09T14:52:00+00:00\",\"mainEntityOfPage\":{\"@id\":\"https:\\\/\\\/quehacerpolitico.mx\\\/?p=37847\"},\"wordCount\":418,\"commentCount\":0,\"image\":{\"@id\":\"https:\\\/\\\/quehacerpolitico.mx\\\/?p=37847#primaryimage\"},\"thumbnailUrl\":\"\",\"articleSection\":[\"Noticias\"],\"inLanguage\":\"es\",\"potentialAction\":[{\"@type\":\"CommentAction\",\"name\":\"Comment\",\"target\":[\"https:\\\/\\\/quehacerpolitico.mx\\\/?p=37847#respond\"]}]},{\"@type\":\"WebPage\",\"@id\":\"https:\\\/\\\/quehacerpolitico.mx\\\/?p=37847\",\"url\":\"https:\\\/\\\/quehacerpolitico.mx\\\/?p=37847\",\"name\":\"Buscan desaparecidos tras lluvias que dejaron dos muertos en Tlajomulco -\",\"isPartOf\":{\"@id\":\"https:\\\/\\\/quehacerpolitico.mx\\\/#website\"},\"primaryImageOfPage\":{\"@id\":\"https:\\\/\\\/quehacerpolitico.mx\\\/?p=37847#primaryimage\"},\"image\":{\"@id\":\"https:\\\/\\\/quehacerpolitico.mx\\\/?p=37847#primaryimage\"},\"thumbnailUrl\":\"\",\"datePublished\":\"2019-09-09T14:52:00+00:00\",\"author\":{\"@id\":\"https:\\\/\\\/quehacerpolitico.mx\\\/#\\\/schema\\\/person\\\/496d8ad2d1d3f8036101dca7ee39e585\"},\"breadcrumb\":{\"@id\":\"https:\\\/\\\/quehacerpolitico.mx\\\/?p=37847#breadcrumb\"},\"inLanguage\":\"es\",\"potentialAction\":[{\"@type\":\"ReadAction\",\"target\":[\"https:\\\/\\\/quehacerpolitico.mx\\\/?p=37847\"]}]},{\"@type\":\"ImageObject\",\"inLanguage\":\"es\",\"@id\":\"https:\\\/\\\/quehacerpolitico.mx\\\/?p=37847#primaryimage\",\"url\":\"\",\"contentUrl\":\"\"},{\"@type\":\"BreadcrumbList\",\"@id\":\"https:\\\/\\\/quehacerpolitico.mx\\\/?p=37847#breadcrumb\",\"itemListElement\":[{\"@type\":\"ListItem\",\"position\":1,\"name\":\"Inicio\",\"item\":\"https:\\\/\\\/quehacerpolitico.mx\\\/\"},{\"@type\":\"ListItem\",\"position\":2,\"name\":\"Buscan desaparecidos tras lluvias que dejaron dos muertos en Tlajomulco\"}]},{\"@type\":\"WebSite\",\"@id\":\"https:\\\/\\\/quehacerpolitico.mx\\\/#website\",\"url\":\"https:\\\/\\\/quehacerpolitico.mx\\\/\",\"name\":\"\",\"description\":\"\",\"potentialAction\":[{\"@type\":\"SearchAction\",\"target\":{\"@type\":\"EntryPoint\",\"urlTemplate\":\"https:\\\/\\\/quehacerpolitico.mx\\\/?s={search_term_string}\"},\"query-input\":{\"@type\":\"PropertyValueSpecification\",\"valueRequired\":true,\"valueName\":\"search_term_string\"}}],\"inLanguage\":\"es\"},{\"@type\":\"Person\",\"@id\":\"https:\\\/\\\/quehacerpolitico.mx\\\/#\\\/schema\\\/person\\\/496d8ad2d1d3f8036101dca7ee39e585\",\"name\":\"Redacci\u00f3n QP\",\"image\":{\"@type\":\"ImageObject\",\"inLanguage\":\"es\",\"@id\":\"https:\\\/\\\/secure.gravatar.com\\\/avatar\\\/c7164ed6fdec453195284ad24a5ae5b6e1eed2b848477fa2a4787ba9adf39a41?s=96&d=mm&r=g\",\"url\":\"https:\\\/\\\/secure.gravatar.com\\\/avatar\\\/c7164ed6fdec453195284ad24a5ae5b6e1eed2b848477fa2a4787ba9adf39a41?s=96&d=mm&r=g\",\"contentUrl\":\"https:\\\/\\\/secure.gravatar.com\\\/avatar\\\/c7164ed6fdec453195284ad24a5ae5b6e1eed2b848477fa2a4787ba9adf39a41?s=96&d=mm&r=g\",\"caption\":\"Redacci\u00f3n QP\"},\"url\":\"https:\\\/\\\/quehacerpolitico.mx\\\/?author=2\"}]}<\/script>\n<!-- \/ Yoast SEO plugin. -->","yoast_head_json":{"title":"Buscan desaparecidos tras lluvias que dejaron dos muertos en Tlajomulco -","robots":{"index":"index","follow":"follow","max-snippet":"max-snippet:-1","max-image-preview":"max-image-preview:large","max-video-preview":"max-video-preview:-1"},"canonical":"https:\/\/quehacerpolitico.mx\/?p=37847","og_locale":"es_MX","og_type":"article","og_title":"Buscan desaparecidos tras lluvias que dejaron dos muertos en Tlajomulco -","og_description":"Buscan desaparecidos tras lluvias que dejaron dos muertos en Tlajomulco Por Redacci\u00f3n QP","og_url":"https:\/\/quehacerpolitico.mx\/?p=37847","article_published_time":"2019-09-09T14:52:00+00:00","author":"Redacci\u00f3n QP","twitter_card":"summary_large_image","twitter_misc":{"Escrito por":"Redacci\u00f3n QP","Tiempo de lectura":"2 minutos"},"schema":{"@context":"https:\/\/schema.org","@graph":[{"@type":"Article","@id":"https:\/\/quehacerpolitico.mx\/?p=37847#article","isPartOf":{"@id":"https:\/\/quehacerpolitico.mx\/?p=37847"},"author":{"name":"Redacci\u00f3n QP","@id":"https:\/\/quehacerpolitico.mx\/#\/schema\/person\/496d8ad2d1d3f8036101dca7ee39e585"},"headline":"Buscan desaparecidos tras lluvias que dejaron dos muertos en Tlajomulco","datePublished":"2019-09-09T14:52:00+00:00","mainEntityOfPage":{"@id":"https:\/\/quehacerpolitico.mx\/?p=37847"},"wordCount":418,"commentCount":0,"image":{"@id":"https:\/\/quehacerpolitico.mx\/?p=37847#primaryimage"},"thumbnailUrl":"","articleSection":["Noticias"],"inLanguage":"es","potentialAction":[{"@type":"CommentAction","name":"Comment","target":["https:\/\/quehacerpolitico.mx\/?p=37847#respond"]}]},{"@type":"WebPage","@id":"https:\/\/quehacerpolitico.mx\/?p=37847","url":"https:\/\/quehacerpolitico.mx\/?p=37847","name":"Buscan desaparecidos tras lluvias que dejaron dos muertos en Tlajomulco -","isPartOf":{"@id":"https:\/\/quehacerpolitico.mx\/#website"},"primaryImageOfPage":{"@id":"https:\/\/quehacerpolitico.mx\/?p=37847#primaryimage"},"image":{"@id":"https:\/\/quehacerpolitico.mx\/?p=37847#primaryimage"},"thumbnailUrl":"","datePublished":"2019-09-09T14:52:00+00:00","author":{"@id":"https:\/\/quehacerpolitico.mx\/#\/schema\/person\/496d8ad2d1d3f8036101dca7ee39e585"},"breadcrumb":{"@id":"https:\/\/quehacerpolitico.mx\/?p=37847#breadcrumb"},"inLanguage":"es","potentialAction":[{"@type":"ReadAction","target":["https:\/\/quehacerpolitico.mx\/?p=37847"]}]},{"@type":"ImageObject","inLanguage":"es","@id":"https:\/\/quehacerpolitico.mx\/?p=37847#primaryimage","url":"","contentUrl":""},{"@type":"BreadcrumbList","@id":"https:\/\/quehacerpolitico.mx\/?p=37847#breadcrumb","itemListElement":[{"@type":"ListItem","position":1,"name":"Inicio","item":"https:\/\/quehacerpolitico.mx\/"},{"@type":"ListItem","position":2,"name":"Buscan desaparecidos tras lluvias que dejaron dos muertos en Tlajomulco"}]},{"@type":"WebSite","@id":"https:\/\/quehacerpolitico.mx\/#website","url":"https:\/\/quehacerpolitico.mx\/","name":"","description":"","potentialAction":[{"@type":"SearchAction","target":{"@type":"EntryPoint","urlTemplate":"https:\/\/quehacerpolitico.mx\/?s={search_term_string}"},"query-input":{"@type":"PropertyValueSpecification","valueRequired":true,"valueName":"search_term_string"}}],"inLanguage":"es"},{"@type":"Person","@id":"https:\/\/quehacerpolitico.mx\/#\/schema\/person\/496d8ad2d1d3f8036101dca7ee39e585","name":"Redacci\u00f3n QP","image":{"@type":"ImageObject","inLanguage":"es","@id":"https:\/\/secure.gravatar.com\/avatar\/c7164ed6fdec453195284ad24a5ae5b6e1eed2b848477fa2a4787ba9adf39a41?s=96&d=mm&r=g","url":"https:\/\/secure.gravatar.com\/avatar\/c7164ed6fdec453195284ad24a5ae5b6e1eed2b848477fa2a4787ba9adf39a41?s=96&d=mm&r=g","contentUrl":"https:\/\/secure.gravatar.com\/avatar\/c7164ed6fdec453195284ad24a5ae5b6e1eed2b848477fa2a4787ba9adf39a41?s=96&d=mm&r=g","caption":"Redacci\u00f3n QP"},"url":"https:\/\/quehacerpolitico.mx\/?author=2"}]}},"featured_image_urls":{"full":"","thumbnail":"","medium":"","medium_large":"","large":"","1536x1536":"","2048x2048":"","covernews-featured":"","covernews-medium":""},"author_info":{"display_name":"Redacci\u00f3n QP","author_link":"https:\/\/quehacerpolitico.mx\/?author=2"},"category_info":"<a href=\"https:\/\/quehacerpolitico.mx\/?cat=2\" rel=\"category\">Noticias<\/a>","tag_info":"Noticias","comment_count":"0","_links":{"self":[{"href":"https:\/\/quehacerpolitico.mx\/index.php?rest_route=\/wp\/v2\/posts\/37847","targetHints":{"allow":["GET"]}}],"collection":[{"href":"https:\/\/quehacerpolitico.mx\/index.php?rest_route=\/wp\/v2\/posts"}],"about":[{"href":"https:\/\/quehacerpolitico.mx\/index.php?rest_route=\/wp\/v2\/types\/post"}],"author":[{"embeddable":true,"href":"https:\/\/quehacerpolitico.mx\/index.php?rest_route=\/wp\/v2\/users\/2"}],"replies":[{"embeddable":true,"href":"https:\/\/quehacerpolitico.mx\/index.php?rest_route=%2Fwp%2Fv2%2Fcomments&post=37847"}],"version-history":[{"count":0,"href":"https:\/\/quehacerpolitico.mx\/index.php?rest_route=\/wp\/v2\/posts\/37847\/revisions"}],"wp:featuredmedia":[{"embeddable":true,"href":"https:\/\/quehacerpolitico.mx\/index.php?rest_route=\/"}],"wp:attachment":[{"href":"https:\/\/quehacerpolitico.mx\/index.php?rest_route=%2Fwp%2Fv2%2Fmedia&parent=37847"}],"wp:term":[{"taxonomy":"category","embeddable":true,"href":"https:\/\/quehacerpolitico.mx\/index.php?rest_route=%2Fwp%2Fv2%2Fcategories&post=37847"},{"taxonomy":"post_tag","embeddable":true,"href":"https:\/\/quehacerpolitico.mx\/index.php?rest_route=%2Fwp%2Fv2%2Ftags&post=37847"}],"curies":[{"name":"wp","href":"https:\/\/api.w.org\/{rel}","templated":true}]}}